{"id":81361,"date":"2014-04-11T06:32:51","date_gmt":"2014-04-11T05:32:51","guid":{"rendered":"http:\/\/www.visit-ulcinj.com\/blog\/?p=81361"},"modified":"2014-04-11T21:31:10","modified_gmt":"2014-04-11T20:31:10","slug":"ardita-rama-sfalet-mungesa-e-bashkepunimit-shqiptaret-e-mal-te-zi","status":"publish","type":"post","link":"https:\/\/www.visit-ulcinj.com\/blog\/2014\/04\/11\/ardita-rama-sfalet-mungesa-e-bashkepunimit-shqiptaret-e-mal-te-zi\/","title":{"rendered":"Ardita Rama: S&#8217;falet mungesa e bashk\u00ebpunimit me shqiptar\u00ebt e Mal t\u00eb Zi"},"content":{"rendered":"<div><strong><a href=\"http:\/\/www.visit-ulcinj.com\/blog\/wp-content\/uploads\/2014\/04\/Ekspozite-Shtypi-shqiptar-ne-Malin-e-Zi-Tirane.jpg\"><img loading=\"lazy\" class=\"alignleft  wp-image-81362\" alt=\"Ekspozite - Shtypi shqiptar ne Malin e Zi-Tirane\" src=\"http:\/\/www.visit-ulcinj.com\/blog\/wp-content\/uploads\/2014\/04\/Ekspozite-Shtypi-shqiptar-ne-Malin-e-Zi-Tirane.jpg\" width=\"508\" height=\"360\" \/><\/a>Nga Dhurata Hamzai<\/strong><\/div>\n<div><\/div>\n<div>\n<div id=\"stcpDiv\"><strong>TIRANE<\/strong>&#8211; \u201cShqiptar\u00ebt e Malit t\u00eb Zi jetojn\u00eb n\u00eb shtete t\u00eb ndryshme, por kan\u00eb nj\u00eb shtet shpirt\u00ebror, tradit\u00ebn e p\u00ebrbashk\u00ebt e t\u00eb st\u00ebrlasht\u00eb, gjuh\u00ebn e p\u00ebrbashk\u00ebt e t\u00eb st\u00ebrlasht\u00eb\u201d, thot\u00eb Emil Lafe. Po si kan\u00eb mbijetuar ata me traditat, gjuh\u00ebn dhe zakonet e tyre m\u00eb t\u00eb lashta ilire. P\u00ebr k\u00ebt\u00eb \u00ebsht\u00eb hedhur drit\u00eb dje p\u00ebrmes nj\u00eb aktiviteti q\u00eb ka zhvilluar Biblioteka\u00a0Komb\u00ebtare dhe\u00a0Akademia e\u00a0Shkencave n\u00eb Tiran\u00eb.<br \/>\n<a href=\"http:\/\/www.visit-ulcinj.com\/blog\/wp-content\/uploads\/2014\/04\/Ekspozite-Shtypi-shqiptar-ne-Malin-e-Zi-Tirane-1.jpg\"><img loading=\"lazy\" class=\"alignleft  wp-image-81363\" alt=\"Ekspozite - Shtypi shqiptar ne Malin e Zi-Tirane-1\" src=\"http:\/\/www.visit-ulcinj.com\/blog\/wp-content\/uploads\/2014\/04\/Ekspozite-Shtypi-shqiptar-ne-Malin-e-Zi-Tirane-1.jpg\" width=\"508\" height=\"360\" \/><\/a>\u00cbsht\u00eb zhvilluar veprimtaria promovuese p\u00ebr revistat kulturore-shkencore: \u201dDija\u201d,\u201dLemba\u201d,\u201dGjon Buzuku\u201d dhe \u201dMal\u00ebsia\u201d. \u00a0Dje n\u00eb takim mor\u00ebn pjes\u00eb profesor Gani Karamanaga, drejtuesja e Bibliotek\u00ebs Ardita\u00a0Rama,<\/p>\n<div id=\"stcpDiv\">botuesit Hajro Ulqinaku, Gazmend \u00c7itaku, Sim\u00eb Dobreci, Ali Salaj dhe Nik Gashaj. Sipas drejtueses s\u00eb bibliotek\u00ebs s\u00eb Ulqinit, Ardita Rama, ky ka qen\u00eb bashk\u00ebpunim \u201cpadrejt\u00ebsisht\u201d i munguar. Drejtuesja e Bibliotek\u00ebs s\u00eb Ulqinit p\u00ebr her\u00eb t\u00eb par\u00eb vjen zyrtarisht p\u00ebr t\u00eb krijuar kontaktet me Shqip\u00ebrin\u00eb.Drejtori i bibliotek\u00ebs Komb\u00ebtare Tiran\u00eb, Aurel Plasari u shpreh se ky takim i par\u00eb \u00ebsht\u00eb nj\u00eb takim njohje dhe diskutimi p\u00ebr koleksionet e botimeve t\u00eb shqiptar\u00ebve t\u00eb Malit t\u00eb Zi me t\u00eb cilat do t\u00eb vijoj\u00eb t\u00eb plot\u00ebsohet edhe biblioteka komb\u00ebtare. Me ardhjen e tyre n\u00eb Tiran\u00eb u mund\u00ebsua edhe nj\u00eb ekspozit\u00eb me koleksionet e shtypit t\u00eb Malit t\u00eb Zi n\u00eb nj\u00eb nga sallat e Bibliotek\u00ebs Komb\u00ebtare n\u00eb Tiran\u00eb. Nd\u00ebrkoh\u00eb, profesor Emil Lafe si p\u00ebrfaq\u00ebsues i Akademis\u00eb s\u00eb Shkencave t\u00eb Shqip\u00ebris\u00eb ka qen\u00eb nj\u00eb nd\u00ebrmjet\u00ebs mes koleg\u00ebve dhe punonj\u00ebsve t\u00eb shtypit p\u00ebr t\u00eb krijuar lidhjet e nj\u00eb bashk\u00ebpunimi kulturor dhe shkencor me shqiptar\u00ebt e Malit t\u00eb Zi. Nd\u00ebrkoh\u00eb, drejtuesja e Bibliotek\u00ebs s\u00eb Ulqinit Ardita Rama rr\u00ebfen barrierat q\u00eb jan\u00eb krijuar gjat\u00eb dekadave p\u00ebr arsye t\u00eb ndryshme, dhe \u201cfatkeq\u00ebsisht pa ndonj\u00eb shkak\u201d gjat\u00eb 20 vjet\u00ebve t\u00eb fundit p\u00ebr kontaktet kulturore me \u201ctok\u00ebm am\u00eb\u201d, si\u00e7 e quan ajo Shqip\u00ebrin\u00eb.<br \/>\n<a href=\"http:\/\/www.visit-ulcinj.com\/blog\/wp-content\/uploads\/2014\/04\/Ekspozite-Shtypi-shqiptar-ne-Malin-e-Zi-Tirane-7.jpg\"><img loading=\"lazy\" class=\"alignleft  wp-image-81368\" alt=\"Ekspozite - Shtypi shqiptar ne Malin e Zi-Tirane-7\" src=\"http:\/\/www.visit-ulcinj.com\/blog\/wp-content\/uploads\/2014\/04\/Ekspozite-Shtypi-shqiptar-ne-Malin-e-Zi-Tirane-7.jpg\" width=\"508\" height=\"360\" \/><\/a><br \/>\n<strong>Zonja Ardita, ju p\u00ebrmend\u00ebt se ka nj\u00eb munges\u00eb bashk\u00ebpunimi institucional mes shqiptar\u00ebve t\u00eb Malit Zi dhe Shqip\u00ebris\u00eb. Pse ka ndodhur kjo? <\/strong><br \/>\n-\u00cbsht\u00eb hera e par\u00eb q\u00eb un\u00eb vij n\u00eb nj\u00eb bashk\u00ebpunim zyrtar me Shqip\u00ebrin\u00eb. P\u00ebrgjigjen e munges\u00ebs ndoshta duhet ta k\u00ebrkoni tjet\u00ebrkund jo te ne. Un\u00eb disa her\u00eb kam b\u00ebr\u00eb p\u00ebrpjekje q\u00eb t\u00eb gjejm\u00eb rrug\u00eb bashk\u00ebpunimi n\u00eb mes t\u00eb bibliotek\u00ebs publike t\u00eb Ulqinit dhe Bibliotek\u00ebs Komb\u00ebtare t\u00eb Shqip\u00ebris\u00eb. Atje jemi e vetmja bibliotek\u00eb shqipe n\u00eb Malin e zi dhe kemi shum\u00eb nevoj\u00eb p\u00ebr nj\u00eb p\u00ebrkrahje t\u00eb shtetit am\u00eb. Kemi pasur bashk\u00ebpunim shum\u00eb t\u00eb mir\u00eb me bibliotekat n\u00eb Kosov\u00eb, nd\u00ebrsa bashk\u00ebpunimin me bibliotekat n\u00eb Shqip\u00ebri, posa\u00e7\u00ebrisht me Bibliotek\u00ebn Komb\u00ebtare ne duhet ta kemi m\u00eb intensive.<strong>Pse pik\u00ebrisht profesor Emil Lafe ka ndihmuar p\u00ebr k\u00ebt\u00eb bashk\u00ebpunim. Cilat jan\u00eb lidhjet e tij me Ulqinin?<\/strong><br \/>\n-Profesor Emil Lafe \u00ebsht\u00eb mik shum\u00eb i dashur yni dhe shpesh e kemi pasur mysafir n\u00eb bibliotek\u00ebn ton\u00eb dhe ai e pa t\u00eb udh\u00ebs se n\u00eb k\u00ebt\u00eb prezantim t\u00eb shtypit n\u00eb Mal t\u00eb Zi t\u00eb jem edhe un\u00eb si p\u00ebrfaq\u00ebsuese e bibliotek\u00ebs s\u00eb qytetit t\u00eb Ulqinit p\u00ebr \u00e7ka un\u00eb e fal\u00ebnderoj sepse mendoj q\u00eb nuk e di sesi do t\u00eb ndodhte ky takim apo kjo veprimtari po t\u00eb mos ishte profesor Emil Lafe.<\/p>\n<\/div>\n<div><a href=\"http:\/\/www.visit-ulcinj.com\/blog\/wp-content\/uploads\/2014\/04\/Ekspozite-Shtypi-shqiptar-ne-Malin-e-Zi-Tirane-2.jpg\"><img loading=\"lazy\" class=\"alignleft  wp-image-81364\" alt=\"Ekspozite - Shtypi shqiptar ne Malin e Zi-Tirane-2\" src=\"http:\/\/www.visit-ulcinj.com\/blog\/wp-content\/uploads\/2014\/04\/Ekspozite-Shtypi-shqiptar-ne-Malin-e-Zi-Tirane-2.jpg\" width=\"508\" height=\"600\" \/><\/a><strong>Mendoni se studiuesit e Kosov\u00ebs kan\u00eb gjetur pasuri studimore aty q\u00eb kan\u00eb bashk\u00ebpunuar?<\/strong><br \/>\n-P\u00ebrve\u00e7 k\u00ebsaj shkaqet jan\u00eb edhe historike. Shqiptar\u00ebt q\u00eb jetojn\u00eb n\u00eb Malin e Zi jan\u00eb m\u00eb ngusht\u00eb t\u00eb lidhur me kosovar\u00ebt, sepse vet historia ishte\u00a0 till\u00eb q\u00eb mund\u00ebsit\u00eb e komunikimit ishin t\u00eb pakta me shtetin am\u00eb. Kjo nuk do t\u00eb thot\u00eb se kan\u00eb kaluar vite e vite kur u hap\u00ebn kufijt\u00eb se \u00ebsht\u00eb shum\u00eb e pafalshme q\u00eb gjat\u00eb 20 vjet\u00ebve nuk u mund\u00ebsua m\u00eb tep\u00ebr ky bashk\u00ebpunim\u00a0 pas r\u00ebnies s\u00eb diktatur\u00ebs. Megjithat\u00eb un\u00eb shpresoj se gjith\u00eb shqiptar\u00ebt q\u00eb jetojn\u00eb jasht\u00eb shtetit am\u00eb do t\u00eb din\u00eb t\u00eb bashkohen&#8230;<strong>\u00c7far\u00eb di ti p\u00ebr sakrificat me t\u00eb cilat \u00ebsht\u00eb ruajtur kultura dhe gjuha shqipe tek shqiptaret e Malit t\u00eb Zi? <\/strong><br \/>\n-Sakrificat jan\u00eb t\u00eb m\u00ebdha dhe nuk ka qen\u00eb e leht\u00eb t\u00eb ruhet kultura dhe gjuha n\u00eb nj\u00eb shtet ku ne p\u00ebrfaq\u00ebsojm\u00eb pakic\u00ebn, por ne mund t\u00eb themi se gjithmon\u00eb kemi pasur njer\u00ebz t\u00eb cil\u00ebt kan\u00eb flijuar jet\u00ebn e tyre p\u00ebr ruajtjen e trash\u00ebgimis\u00eb kulturore dhe duhet t\u00eb theksoj se fatmir\u00ebsisht, biblioteka Ulqinit si e vetmja e k\u00ebtij lloji me qend\u00ebr e shqiptar\u00ebve q\u00eb sot jetojn\u00eb n\u00eb Malin e Zi arrin t\u00eb ket\u00eb num\u00ebr t\u00eb madh materialesh.<br \/>\n<a href=\"http:\/\/www.visit-ulcinj.com\/blog\/wp-content\/uploads\/2014\/04\/Ekspozite-Shtypi-shqiptar-ne-Malin-e-Zi-Tirane-3.jpg\"><img loading=\"lazy\" class=\"alignleft  wp-image-81365\" alt=\"Ekspozite - Shtypi shqiptar ne Malin e Zi-Tirane-3\" src=\"http:\/\/www.visit-ulcinj.com\/blog\/wp-content\/uploads\/2014\/04\/Ekspozite-Shtypi-shqiptar-ne-Malin-e-Zi-Tirane-3.jpg\" width=\"508\" height=\"360\" \/><\/a><br \/>\n<strong>Cila \u00ebsht\u00eb historia e Bibliotek\u00ebs s\u00eb Ulqinit?<\/strong><br \/>\n-Biblioteka u themelua n\u00eb vitin 1884. K\u00ebshtu shkruhet, por n\u00eb fakt un\u00eb n\u00eb disa burime kam gjetur se biblioteka u themelua n\u00eb 1881. Kjo \u00ebsht\u00eb nj\u00eb nga bibliotekat e para \u00eb rajon. N\u00eb at\u00eb koh\u00eb u themelua si nj\u00eb sall\u00eb leximi, por m\u00eb von\u00eb dal\u00ebngadal\u00eb u shnd\u00ebrrua n\u00eb bibliotek\u00eb t\u00eb mir\u00ebfillt\u00eb dhe duhet t\u00eb them se koh\u00ebt e fundit has\u00ebm n\u00eb v\u00ebshtir\u00ebsi t\u00eb shumta dhe kemi munges\u00eb t\u00eb librit n\u00eb gjuh\u00ebn shqipe. Dhe ne nuk kemi m\u00ebnyr\u00eb tjet\u00ebr p\u00ebrpos bashk\u00ebpunimit me individ\u00eb, me shoqata q\u00eb ta p\u00ebrmbushin at\u00eb me nj\u00eb num\u00ebr t\u00eb konsideruesh\u00ebm me botime shqipe.<\/p>\n<p><strong>Q\u00eb prej kur filloi sistemimi i literatur\u00ebs shqiptare n\u00eb k\u00ebt\u00eb bibliotek\u00eb?<\/strong><br \/>\n-Duhet t\u2019u them q\u00eb prej t\u00ebrmetit\u00a0 t\u00eb vitit 1979 nj\u00eb pjes\u00eb e madhe e fondit t\u00eb bibliotek\u00ebs \u00ebsht\u00eb shkat\u00ebrruar. Po ashtu ajo humbi shum\u00eb nga fondi i saj gjat\u00eb Luft\u00ebs II Bot\u00ebrore. Shum\u00eb pak material \u00ebsht\u00eb ruajtur gjat\u00eb Luft\u00ebs II. Ajo q\u00eb sot kemi i takon periudh\u00ebs s\u00eb pasluft\u00ebs.<br \/>\n<a href=\"http:\/\/www.visit-ulcinj.com\/blog\/wp-content\/uploads\/2014\/04\/Ekspozite-Shtypi-shqiptar-ne-Malin-e-Zi-Tirane-4.jpg\"><img loading=\"lazy\" class=\"alignleft  wp-image-81366\" alt=\"Ekspozite - Shtypi shqiptar ne Malin e Zi-Tirane-4\" src=\"http:\/\/www.visit-ulcinj.com\/blog\/wp-content\/uploads\/2014\/04\/Ekspozite-Shtypi-shqiptar-ne-Malin-e-Zi-Tirane-4.jpg\" width=\"508\" height=\"360\" \/><\/a><br \/>\n<strong>A ka pasur edhe zhdukje t\u00eb q\u00ebllimshme t\u00eb literatur\u00ebs shqipe n\u00eb k\u00ebt\u00eb bibliotek\u00eb gjat\u00eb viteve 60?<\/strong><br \/>\n-Natyrisht q\u00eb pas vitit \u201867 \u00ebsht\u00eb filluar q\u00eb sistematikisht t\u00eb blihen librat n\u00eb gjuh\u00ebn shqipe. Para \u201867-\u00ebs e besoni apo jo vet\u00ebm 110 libra figuronin n\u00eb bibliotek\u00ebn e gjuh\u00ebn shqipe n\u00eb Ulqin n\u00eb nj\u00eb qytet ku 98 p\u00ebr qind jan\u00eb shqiptar\u00eb.<\/p>\n<\/div>\n<div><a href=\"http:\/\/www.visit-ulcinj.com\/blog\/wp-content\/uploads\/2014\/04\/Ekspozite-Shtypi-shqiptar-ne-Malin-e-Zi-Tirane-5.jpg\"><img loading=\"lazy\" class=\"alignleft  wp-image-81367\" alt=\"Ekspozite - Shtypi shqiptar ne Malin e Zi-Tirane-5\" src=\"http:\/\/www.visit-ulcinj.com\/blog\/wp-content\/uploads\/2014\/04\/Ekspozite-Shtypi-shqiptar-ne-Malin-e-Zi-Tirane-5.jpg\" width=\"508\" height=\"360\" \/><\/a><strong>Sa vite keni q\u00eb punoni n\u00eb k\u00ebt\u00eb bibliotek\u00eb?<\/strong><br \/>\nKam 16-17 vjet q\u00eb punoj aty. Un\u00eb jam profesoresh\u00eb e gjuh\u00ebs gjermane, por librin e kam pasion. N\u00ebna ime ishte bibliotekarja e par\u00eb q\u00eb ka punuar n\u00eb Ulqin n\u00eb vitin 1975 dhe fal saj u arrit q\u00eb biblioteka e Ulqinit t\u00eb jet\u00eb m\u00eb e mira n\u00eb rajon dhe t\u00eb pasurohet me materiale n\u00eb gjuh\u00ebn shqipe.<strong>Cila \u00ebsht\u00eb origjina juaj?<\/strong><br \/>\nJam shqiptare e Malit t\u00eb Zi. Babai im Mehmet Bardhi \u00ebsht\u00eb profesor i gjuh\u00ebs shqipe dhe kryetar i Lidhjes Demokratike n\u00eb Mal t\u00eb zi. Ai \u00ebsht\u00eb nd\u00ebr t\u00eb par\u00ebt q\u00eb luftoi p\u00ebr t\u00eb drejtat e shqiptar\u00ebve. N\u00ebna ime \u00ebsht\u00eb bij\u00eb nga Prishtina, un kam lindur e jetoj n\u00eb Ulqin, nd\u00ebrsa baban\u00eb e kam nga Kraja dhe studimet i kam kryer n\u00eb Prishtin\u00eb.<\/p>\n<\/div>\n<div><strong>Shqiptarja.com <\/strong><\/div>\n<div><a href=\"https:\/\/www.facebook.com\/fdobreci\/media_set?set=a.672151536180679.1073741859.100001575150867&amp;type=1\" target=\"_blank\"><strong>Me shum\u00eb Foto Fisnik S. Dobreci Facebook<\/strong><\/a><\/div>\n<\/div>\n<\/div>\n","protected":false},"excerpt":{"rendered":"<p>Nga Dhurata Hamzai TIRANE&#8211; \u201cShqiptar\u00ebt e Malit t\u00eb Zi jetojn\u00eb n\u00eb shtete t\u00eb ndryshme, por kan\u00eb nj\u00eb shtet shpirt\u00ebror, tradit\u00ebn e p\u00ebrbashk\u00ebt e t\u00eb st\u00ebrlasht\u00eb, gjuh\u00ebn e p\u00ebrbashk\u00ebt e t\u00eb st\u00ebrlasht\u00eb\u201d, thot\u00eb Emil Lafe. Po si kan\u00eb mbijetuar ata me traditat, gjuh\u00ebn dhe zakonet e tyre m\u00eb t\u00eb lashta ilire. P\u00ebr k\u00ebt\u00eb \u00ebsht\u00eb hedhur drit\u00eb [&hellip;]<\/p>\n","protected":false},"author":1,"featured_media":0,"comment_status":"closed","ping_status":"closed","sticky":false,"template":"","format":"standard","meta":{"spay_email":"","jetpack_publicize_message":"","jetpack_is_tweetstorm":false,"jetpack_publicize_feature_enabled":true},"categories":[5,1],"tags":[],"jetpack_publicize_connections":[],"yoast_head":"<!-- This site is optimized with the Yoast SEO plugin v19.1 - https:\/\/yoast.com\/wordpress\/plugins\/seo\/ -->\n<title>Ardita Rama: S&#039;falet mungesa e bashk\u00ebpunimit me shqiptar\u00ebt e Mal t\u00eb Zi - Lajme nga Ulqini<\/title>\n<meta name=\"description\" content=\"Nga Dhurata Hamzai TIRANE- \u201cShqiptar\u00ebt e Malit t\u00eb Zi jetojn\u00eb n\u00eb shtete t\u00eb ndryshme, por kan\u00eb nj\u00eb shtet shpirt\u00ebror, tradit\u00ebn e p\u00ebrbashk\u00ebt e t\u00eb st\u00ebrlasht\u00eb,\" \/>\n<meta name=\"robots\" content=\"index, follow, max-snippet:-1, max-image-preview:large, max-video-preview:-1\" \/>\n<link rel=\"canonical\" href=\"https:\/\/www.visit-ulcinj.com\/blog\/2014\/04\/11\/ardita-rama-sfalet-mungesa-e-bashkepunimit-shqiptaret-e-mal-te-zi\/\" \/>\n<meta property=\"og:locale\" content=\"en_US\" \/>\n<meta property=\"og:type\" content=\"article\" \/>\n<meta property=\"og:title\" content=\"Ardita Rama: S&#039;falet mungesa e bashk\u00ebpunimit me shqiptar\u00ebt e Mal t\u00eb Zi - Lajme nga Ulqini\" \/>\n<meta property=\"og:description\" content=\"Nga Dhurata Hamzai TIRANE- \u201cShqiptar\u00ebt e Malit t\u00eb Zi jetojn\u00eb n\u00eb shtete t\u00eb ndryshme, por kan\u00eb nj\u00eb shtet shpirt\u00ebror, tradit\u00ebn e p\u00ebrbashk\u00ebt e t\u00eb st\u00ebrlasht\u00eb,\" \/>\n<meta property=\"og:url\" content=\"https:\/\/www.visit-ulcinj.com\/blog\/2014\/04\/11\/ardita-rama-sfalet-mungesa-e-bashkepunimit-shqiptaret-e-mal-te-zi\/\" \/>\n<meta property=\"og:site_name\" content=\"Lajme nga Ulqini\" \/>\n<meta property=\"article:published_time\" content=\"2014-04-11T05:32:51+00:00\" \/>\n<meta property=\"article:modified_time\" content=\"2014-04-11T20:31:10+00:00\" \/>\n<meta property=\"og:image\" content=\"http:\/\/www.visit-ulcinj.com\/blog\/wp-content\/uploads\/2014\/04\/Ekspozite-Shtypi-shqiptar-ne-Malin-e-Zi-Tirane.jpg\" \/>\n<meta name=\"twitter:label1\" content=\"Written by\" \/>\n\t<meta name=\"twitter:data1\" content=\"ulqini\" \/>\n\t<meta name=\"twitter:label2\" content=\"Est. reading time\" \/>\n\t<meta name=\"twitter:data2\" content=\"6 minutes\" \/>\n<script type=\"application\/ld+json\" class=\"yoast-schema-graph\">{\"@context\":\"https:\/\/schema.org\",\"@graph\":[{\"@type\":\"WebSite\",\"@id\":\"https:\/\/www.visit-ulcinj.com\/blog\/#website\",\"url\":\"https:\/\/www.visit-ulcinj.com\/blog\/\",\"name\":\"Lajme nga Ulqini\",\"description\":\"Lajme,Vijesti,Ulqini,Ulqin,Crna Gora,Mali i Zi\",\"potentialAction\":[{\"@type\":\"SearchAction\",\"target\":{\"@type\":\"EntryPoint\",\"urlTemplate\":\"https:\/\/www.visit-ulcinj.com\/blog\/?s={search_term_string}\"},\"query-input\":\"required name=search_term_string\"}],\"inLanguage\":\"en-US\"},{\"@type\":\"ImageObject\",\"inLanguage\":\"en-US\",\"@id\":\"https:\/\/www.visit-ulcinj.com\/blog\/2014\/04\/11\/ardita-rama-sfalet-mungesa-e-bashkepunimit-shqiptaret-e-mal-te-zi\/#primaryimage\",\"url\":\"https:\/\/www.visit-ulcinj.com\/blog\/wp-content\/uploads\/2014\/04\/Ekspozite-Shtypi-shqiptar-ne-Malin-e-Zi-Tirane.jpg\",\"contentUrl\":\"https:\/\/www.visit-ulcinj.com\/blog\/wp-content\/uploads\/2014\/04\/Ekspozite-Shtypi-shqiptar-ne-Malin-e-Zi-Tirane.jpg\",\"width\":960,\"height\":640},{\"@type\":\"WebPage\",\"@id\":\"https:\/\/www.visit-ulcinj.com\/blog\/2014\/04\/11\/ardita-rama-sfalet-mungesa-e-bashkepunimit-shqiptaret-e-mal-te-zi\/#webpage\",\"url\":\"https:\/\/www.visit-ulcinj.com\/blog\/2014\/04\/11\/ardita-rama-sfalet-mungesa-e-bashkepunimit-shqiptaret-e-mal-te-zi\/\",\"name\":\"Ardita Rama: S'falet mungesa e bashk\u00ebpunimit me shqiptar\u00ebt e Mal t\u00eb Zi - Lajme nga Ulqini\",\"isPartOf\":{\"@id\":\"https:\/\/www.visit-ulcinj.com\/blog\/#website\"},\"primaryImageOfPage\":{\"@id\":\"https:\/\/www.visit-ulcinj.com\/blog\/2014\/04\/11\/ardita-rama-sfalet-mungesa-e-bashkepunimit-shqiptaret-e-mal-te-zi\/#primaryimage\"},\"datePublished\":\"2014-04-11T05:32:51+00:00\",\"dateModified\":\"2014-04-11T20:31:10+00:00\",\"author\":{\"@id\":\"https:\/\/www.visit-ulcinj.com\/blog\/#\/schema\/person\/dcab619c614d3038751c63bc2aadc06d\"},\"description\":\"Nga Dhurata Hamzai TIRANE- \u201cShqiptar\u00ebt e Malit t\u00eb Zi jetojn\u00eb n\u00eb shtete t\u00eb ndryshme, por kan\u00eb nj\u00eb shtet shpirt\u00ebror, tradit\u00ebn e p\u00ebrbashk\u00ebt e t\u00eb st\u00ebrlasht\u00eb,\",\"breadcrumb\":{\"@id\":\"https:\/\/www.visit-ulcinj.com\/blog\/2014\/04\/11\/ardita-rama-sfalet-mungesa-e-bashkepunimit-shqiptaret-e-mal-te-zi\/#breadcrumb\"},\"inLanguage\":\"en-US\",\"potentialAction\":[{\"@type\":\"ReadAction\",\"target\":[\"https:\/\/www.visit-ulcinj.com\/blog\/2014\/04\/11\/ardita-rama-sfalet-mungesa-e-bashkepunimit-shqiptaret-e-mal-te-zi\/\"]}]},{\"@type\":\"BreadcrumbList\",\"@id\":\"https:\/\/www.visit-ulcinj.com\/blog\/2014\/04\/11\/ardita-rama-sfalet-mungesa-e-bashkepunimit-shqiptaret-e-mal-te-zi\/#breadcrumb\",\"itemListElement\":[{\"@type\":\"ListItem\",\"position\":1,\"name\":\"Ardita Rama: S&#8217;falet mungesa e bashk\u00ebpunimit me shqiptar\u00ebt e Mal t\u00eb Zi\"}]},{\"@type\":\"Person\",\"@id\":\"https:\/\/www.visit-ulcinj.com\/blog\/#\/schema\/person\/dcab619c614d3038751c63bc2aadc06d\",\"name\":\"ulqini\",\"sameAs\":[\"http:\/\/www.visit-ulcinj.com\"],\"url\":\"https:\/\/www.visit-ulcinj.com\/blog\/author\/admin\/\"}]}<\/script>\n<!-- \/ Yoast SEO plugin. -->","yoast_head_json":{"title":"Ardita Rama: S'falet mungesa e bashk\u00ebpunimit me shqiptar\u00ebt e Mal t\u00eb Zi - Lajme nga Ulqini","description":"Nga Dhurata Hamzai TIRANE- \u201cShqiptar\u00ebt e Malit t\u00eb Zi jetojn\u00eb n\u00eb shtete t\u00eb ndryshme, por kan\u00eb nj\u00eb shtet shpirt\u00ebror, tradit\u00ebn e p\u00ebrbashk\u00ebt e t\u00eb st\u00ebrlasht\u00eb,","robots":{"index":"index","follow":"follow","max-snippet":"max-snippet:-1","max-image-preview":"max-image-preview:large","max-video-preview":"max-video-preview:-1"},"canonical":"https:\/\/www.visit-ulcinj.com\/blog\/2014\/04\/11\/ardita-rama-sfalet-mungesa-e-bashkepunimit-shqiptaret-e-mal-te-zi\/","og_locale":"en_US","og_type":"article","og_title":"Ardita Rama: S'falet mungesa e bashk\u00ebpunimit me shqiptar\u00ebt e Mal t\u00eb Zi - Lajme nga Ulqini","og_description":"Nga Dhurata Hamzai TIRANE- \u201cShqiptar\u00ebt e Malit t\u00eb Zi jetojn\u00eb n\u00eb shtete t\u00eb ndryshme, por kan\u00eb nj\u00eb shtet shpirt\u00ebror, tradit\u00ebn e p\u00ebrbashk\u00ebt e t\u00eb st\u00ebrlasht\u00eb,","og_url":"https:\/\/www.visit-ulcinj.com\/blog\/2014\/04\/11\/ardita-rama-sfalet-mungesa-e-bashkepunimit-shqiptaret-e-mal-te-zi\/","og_site_name":"Lajme nga Ulqini","article_published_time":"2014-04-11T05:32:51+00:00","article_modified_time":"2014-04-11T20:31:10+00:00","og_image":[{"url":"http:\/\/www.visit-ulcinj.com\/blog\/wp-content\/uploads\/2014\/04\/Ekspozite-Shtypi-shqiptar-ne-Malin-e-Zi-Tirane.jpg"}],"twitter_misc":{"Written by":"ulqini","Est. reading time":"6 minutes"},"schema":{"@context":"https:\/\/schema.org","@graph":[{"@type":"WebSite","@id":"https:\/\/www.visit-ulcinj.com\/blog\/#website","url":"https:\/\/www.visit-ulcinj.com\/blog\/","name":"Lajme nga Ulqini","description":"Lajme,Vijesti,Ulqini,Ulqin,Crna Gora,Mali i Zi","potentialAction":[{"@type":"SearchAction","target":{"@type":"EntryPoint","urlTemplate":"https:\/\/www.visit-ulcinj.com\/blog\/?s={search_term_string}"},"query-input":"required name=search_term_string"}],"inLanguage":"en-US"},{"@type":"ImageObject","inLanguage":"en-US","@id":"https:\/\/www.visit-ulcinj.com\/blog\/2014\/04\/11\/ardita-rama-sfalet-mungesa-e-bashkepunimit-shqiptaret-e-mal-te-zi\/#primaryimage","url":"https:\/\/www.visit-ulcinj.com\/blog\/wp-content\/uploads\/2014\/04\/Ekspozite-Shtypi-shqiptar-ne-Malin-e-Zi-Tirane.jpg","contentUrl":"https:\/\/www.visit-ulcinj.com\/blog\/wp-content\/uploads\/2014\/04\/Ekspozite-Shtypi-shqiptar-ne-Malin-e-Zi-Tirane.jpg","width":960,"height":640},{"@type":"WebPage","@id":"https:\/\/www.visit-ulcinj.com\/blog\/2014\/04\/11\/ardita-rama-sfalet-mungesa-e-bashkepunimit-shqiptaret-e-mal-te-zi\/#webpage","url":"https:\/\/www.visit-ulcinj.com\/blog\/2014\/04\/11\/ardita-rama-sfalet-mungesa-e-bashkepunimit-shqiptaret-e-mal-te-zi\/","name":"Ardita Rama: S'falet mungesa e bashk\u00ebpunimit me shqiptar\u00ebt e Mal t\u00eb Zi - Lajme nga Ulqini","isPartOf":{"@id":"https:\/\/www.visit-ulcinj.com\/blog\/#website"},"primaryImageOfPage":{"@id":"https:\/\/www.visit-ulcinj.com\/blog\/2014\/04\/11\/ardita-rama-sfalet-mungesa-e-bashkepunimit-shqiptaret-e-mal-te-zi\/#primaryimage"},"datePublished":"2014-04-11T05:32:51+00:00","dateModified":"2014-04-11T20:31:10+00:00","author":{"@id":"https:\/\/www.visit-ulcinj.com\/blog\/#\/schema\/person\/dcab619c614d3038751c63bc2aadc06d"},"description":"Nga Dhurata Hamzai TIRANE- \u201cShqiptar\u00ebt e Malit t\u00eb Zi jetojn\u00eb n\u00eb shtete t\u00eb ndryshme, por kan\u00eb nj\u00eb shtet shpirt\u00ebror, tradit\u00ebn e p\u00ebrbashk\u00ebt e t\u00eb st\u00ebrlasht\u00eb,","breadcrumb":{"@id":"https:\/\/www.visit-ulcinj.com\/blog\/2014\/04\/11\/ardita-rama-sfalet-mungesa-e-bashkepunimit-shqiptaret-e-mal-te-zi\/#breadcrumb"},"inLanguage":"en-US","potentialAction":[{"@type":"ReadAction","target":["https:\/\/www.visit-ulcinj.com\/blog\/2014\/04\/11\/ardita-rama-sfalet-mungesa-e-bashkepunimit-shqiptaret-e-mal-te-zi\/"]}]},{"@type":"BreadcrumbList","@id":"https:\/\/www.visit-ulcinj.com\/blog\/2014\/04\/11\/ardita-rama-sfalet-mungesa-e-bashkepunimit-shqiptaret-e-mal-te-zi\/#breadcrumb","itemListElement":[{"@type":"ListItem","position":1,"name":"Ardita Rama: S&#8217;falet mungesa e bashk\u00ebpunimit me shqiptar\u00ebt e Mal t\u00eb Zi"}]},{"@type":"Person","@id":"https:\/\/www.visit-ulcinj.com\/blog\/#\/schema\/person\/dcab619c614d3038751c63bc2aadc06d","name":"ulqini","sameAs":["http:\/\/www.visit-ulcinj.com"],"url":"https:\/\/www.visit-ulcinj.com\/blog\/author\/admin\/"}]}},"jetpack_featured_media_url":"","jetpack_sharing_enabled":true,"jetpack_shortlink":"https:\/\/wp.me\/pe6lTn-lah","_links":{"self":[{"href":"https:\/\/www.visit-ulcinj.com\/blog\/wp-json\/wp\/v2\/posts\/81361"}],"collection":[{"href":"https:\/\/www.visit-ulcinj.com\/blog\/wp-json\/wp\/v2\/posts"}],"about":[{"href":"https:\/\/www.visit-ulcinj.com\/blog\/wp-json\/wp\/v2\/types\/post"}],"author":[{"embeddable":true,"href":"https:\/\/www.visit-ulcinj.com\/blog\/wp-json\/wp\/v2\/users\/1"}],"replies":[{"embeddable":true,"href":"https:\/\/www.visit-ulcinj.com\/blog\/wp-json\/wp\/v2\/comments?post=81361"}],"version-history":[{"count":3,"href":"https:\/\/www.visit-ulcinj.com\/blog\/wp-json\/wp\/v2\/posts\/81361\/revisions"}],"predecessor-version":[{"id":81408,"href":"https:\/\/www.visit-ulcinj.com\/blog\/wp-json\/wp\/v2\/posts\/81361\/revisions\/81408"}],"wp:attachment":[{"href":"https:\/\/www.visit-ulcinj.com\/blog\/wp-json\/wp\/v2\/media?parent=81361"}],"wp:term":[{"taxonomy":"category","embeddable":true,"href":"https:\/\/www.visit-ulcinj.com\/blog\/wp-json\/wp\/v2\/categories?post=81361"},{"taxonomy":"post_tag","embeddable":true,"href":"https:\/\/www.visit-ulcinj.com\/blog\/wp-json\/wp\/v2\/tags?post=81361"}],"curies":[{"name":"wp","href":"https:\/\/api.w.org\/{rel}","templated":true}]}}