{"id":81370,"date":"2014-04-11T07:27:45","date_gmt":"2014-04-11T06:27:45","guid":{"rendered":"http:\/\/www.visit-ulcinj.com\/blog\/?p=81370"},"modified":"2014-04-11T07:30:54","modified_gmt":"2014-04-11T06:30:54","slug":"shqiptaret-e-malit-te-zi-ndihen-te-diskriminuar","status":"publish","type":"post","link":"https:\/\/www.visit-ulcinj.com\/blog\/2014\/04\/11\/shqiptaret-e-malit-te-zi-ndihen-te-diskriminuar\/","title":{"rendered":"Shqiptar\u00ebt e Malit t\u00eb Zi ndihen t\u00eb diskriminuar"},"content":{"rendered":"<p><a href=\"http:\/\/www.visit-ulcinj.com\/blog\/wp-content\/uploads\/2014\/04\/Shqiptar\u00ebt-e-Malit-t\u00eb-Zi.jpg\"><img loading=\"lazy\" class=\"alignleft size-full wp-image-81371\" alt=\"Shqiptar\u00ebt e Malit t\u00eb Zi\" src=\"http:\/\/www.visit-ulcinj.com\/blog\/wp-content\/uploads\/2014\/04\/Shqiptar\u00ebt-e-Malit-t\u00eb-Zi.jpg\" width=\"508\" height=\"423\" srcset=\"https:\/\/www.visit-ulcinj.com\/blog\/wp-content\/uploads\/2014\/04\/Shqiptar\u00ebt-e-Malit-t\u00eb-Zi.jpg 508w, https:\/\/www.visit-ulcinj.com\/blog\/wp-content\/uploads\/2014\/04\/Shqiptar\u00ebt-e-Malit-t\u00eb-Zi-300x249.jpg 300w\" sizes=\"(max-width: 508px) 100vw, 508px\" \/><\/a>Shqiptar\u00ebt q\u00eb jetojn\u00eb n\u00eb Mal t\u00eb Zi, ndih\u00ebn t\u00eb diskriminuar nga pushteti malazez. Ata theksojn\u00eb se jetojn\u00eb n\u00eb gjendje t\u00eb mjerueshme, pa t\u00eb drejta t\u00eb plota, q\u00eb i takojn\u00eb nj\u00eb komuniteti dhe pa p\u00ebrkrahje nga shteti. Si pasoj\u00eb e k\u00ebsaj, ata kan\u00eb protestuar n\u00eb Mal t\u00eb Zi dhe Uashington p\u00ebr t`i k\u00ebrkuar t\u00eb drejtat e tyre.<\/p>\n<table border=\"0\" cellspacing=\"0\" cellpadding=\"0\">\n<tbody>\n<tr>\n<td align=\"left\" valign=\"middle\" height=\"20\"><b>Pajazit Krasniqi <\/b><\/td>\n<\/tr>\n<tr>\n<td height=\"15\"><\/td>\n<\/tr>\n<\/tbody>\n<\/table>\n<p>Mohimi i t\u00eb drejtave t\u00eb shqiptar\u00ebve nga pushteti i Malit t\u00eb Zi, po b\u00ebn\u00eb q\u00eb nj\u00eb pjes\u00eb e Mal\u00ebsis\u00eb s\u00eb Madhe dhe atyre vendeve q\u00eb jetojn\u00eb shqiptar\u00ebt, t\u00eb boshatisen n\u00eb t\u00ebr\u00ebsi. K\u00ebshtu konstaton Vasil Camaj, aktivist nga Mal\u00ebsia e Madhe. Sipas tij, shqiptar\u00ebt q\u00eb jetojn\u00eb n\u00eb shtetin malazez, jan\u00eb t\u00eb diskriminuar dhe gjendja e tyre politike, ekonomike e sociale, po vjen duke u r\u00ebnduar dita dit\u00ebs.<\/p>\n<p>\u201cGjendja e shqiptar\u00ebve n\u00eb Mal t\u00eb Zi \u00ebsht\u00eb e mjerueshme p\u00ebr vet faktin se atje po vazhdohet politika asimiluese n\u00eb vazhdim\u00ebsi. Arsimimi pothuajse ka vet\u00ebm n\u00eb nivelin e shkollave fillore dhe at\u00eb t\u00eb mesme, edhe pse jan\u00eb degraduar dhe \u00e7do dit\u00eb b\u00ebhet presion q\u00eb edhe ajo t\u00eb shkat\u00ebrrohet\u201d<\/p>\n<p>N\u00eb kund\u00ebrshtim t\u00eb politik\u00ebs aktuale t\u00eb qeveris\u00eb malazeze dhe n\u00eb k\u00ebrkim t\u00eb drejtave t\u00eb tyre, k\u00ebto jan\u00eb organizuar edhe protesta, n\u00eb Mal t\u00eb Zi si dhe n\u00eb Uashington. Anton Lulgjuraj, organizator i protest\u00ebs, i tha Radio Kosov\u00ebs se protestat do t\u00eb vazhdojn\u00eb deri n\u00eb realizimin e t\u00eb drejtave t\u00eb tyre nga shteti malazez.<\/p>\n<p>\u201cGjith\u00e7ka q\u00eb kemi b\u00ebr\u00eb p\u00ebr t\u00eb mir\u00ebn e atij vendi, nuk kemi mundur t`i realizojm\u00eb ashtu si\u00e7 duhet me qeverin\u00eb e Malit t\u00eb Zi. E tani nuk na ka mbet asgj\u00eb tjet\u00ebr vet\u00ebm q\u00eb t`i radikalizojm\u00eb, brenda parimeve t\u00eb demokracis\u00eb, \u00e7\u00ebshtjen ton\u00eb, e si me protesta. Madje rrezikon t\u00eb kalohet edhe n\u00eb form\u00ebn m\u00eb ekstreme t\u00eb mundshme e q\u00eb \u00ebsht\u00eb greva e uris\u00eb\u201d.<\/p>\n<p>Sipas Lulgjurajt, shqiptar\u00ebt q\u00eb jetojn\u00eb n\u00eb at\u00eb shtet, i cili pretendon t\u00eb jet\u00eb familje e Bashkimit Evropian, mund t\u00eb mendojn\u00eb p\u00ebr nj\u00eb t\u00eb ardhme m\u00eb t\u00eb mir\u00eb vet\u00ebm n\u00ebse vjen deri te ndryshimi i pushtetit, funksionimi i parlamentarizmit dhe demokracis\u00eb parlamentare n\u00eb Mal t\u00eb Zi.<\/p>\n<p><strong>RTK<\/strong><\/p>\n<p>&nbsp;<\/p>\n","protected":false},"excerpt":{"rendered":"<p>Shqiptar\u00ebt q\u00eb jetojn\u00eb n\u00eb Mal t\u00eb Zi, ndih\u00ebn t\u00eb diskriminuar nga pushteti malazez. Ata theksojn\u00eb se jetojn\u00eb n\u00eb gjendje t\u00eb mjerueshme, pa t\u00eb drejta t\u00eb plota, q\u00eb i takojn\u00eb nj\u00eb komuniteti dhe pa p\u00ebrkrahje nga shteti. Si pasoj\u00eb e k\u00ebsaj, ata kan\u00eb protestuar n\u00eb Mal t\u00eb Zi dhe Uashington p\u00ebr t`i k\u00ebrkuar t\u00eb drejtat e [&hellip;]<\/p>\n","protected":false},"author":1,"featured_media":0,"comment_status":"closed","ping_status":"closed","sticky":false,"template":"","format":"standard","meta":{"spay_email":"","jetpack_publicize_message":"","jetpack_is_tweetstorm":false,"jetpack_publicize_feature_enabled":true},"categories":[14],"tags":[],"jetpack_publicize_connections":[],"yoast_head":"<!-- This site is optimized with the Yoast SEO plugin v19.1 - https:\/\/yoast.com\/wordpress\/plugins\/seo\/ -->\n<title>Shqiptar\u00ebt e Malit t\u00eb Zi ndihen t\u00eb diskriminuar - Lajme nga Ulqini<\/title>\n<meta name=\"description\" content=\"Shqiptar\u00ebt q\u00eb jetojn\u00eb n\u00eb Mal t\u00eb Zi, ndih\u00ebn t\u00eb diskriminuar nga pushteti malazez. Ata theksojn\u00eb se jetojn\u00eb n\u00eb gjendje t\u00eb mjerueshme, pa t\u00eb drejta t\u00eb plota,\" \/>\n<meta name=\"robots\" content=\"index, follow, max-snippet:-1, max-image-preview:large, max-video-preview:-1\" \/>\n<link rel=\"canonical\" href=\"https:\/\/www.visit-ulcinj.com\/blog\/2014\/04\/11\/shqiptaret-e-malit-te-zi-ndihen-te-diskriminuar\/\" \/>\n<meta property=\"og:locale\" content=\"en_US\" \/>\n<meta property=\"og:type\" content=\"article\" \/>\n<meta property=\"og:title\" content=\"Shqiptar\u00ebt e Malit t\u00eb Zi ndihen t\u00eb diskriminuar - Lajme nga Ulqini\" \/>\n<meta property=\"og:description\" content=\"Shqiptar\u00ebt q\u00eb jetojn\u00eb n\u00eb Mal t\u00eb Zi, ndih\u00ebn t\u00eb diskriminuar nga pushteti malazez. Ata theksojn\u00eb se jetojn\u00eb n\u00eb gjendje t\u00eb mjerueshme, pa t\u00eb drejta t\u00eb plota,\" \/>\n<meta property=\"og:url\" content=\"https:\/\/www.visit-ulcinj.com\/blog\/2014\/04\/11\/shqiptaret-e-malit-te-zi-ndihen-te-diskriminuar\/\" \/>\n<meta property=\"og:site_name\" content=\"Lajme nga Ulqini\" \/>\n<meta property=\"article:published_time\" content=\"2014-04-11T06:27:45+00:00\" \/>\n<meta property=\"article:modified_time\" content=\"2014-04-11T06:30:54+00:00\" \/>\n<meta name=\"twitter:label1\" content=\"Written by\" \/>\n\t<meta name=\"twitter:data1\" content=\"ulqini\" \/>\n\t<meta name=\"twitter:label2\" content=\"Est. reading time\" \/>\n\t<meta name=\"twitter:data2\" content=\"2 minutes\" \/>\n<script type=\"application\/ld+json\" class=\"yoast-schema-graph\">{\"@context\":\"https:\/\/schema.org\",\"@graph\":[{\"@type\":\"WebSite\",\"@id\":\"https:\/\/www.visit-ulcinj.com\/blog\/#website\",\"url\":\"https:\/\/www.visit-ulcinj.com\/blog\/\",\"name\":\"Lajme nga Ulqini\",\"description\":\"Lajme,Vijesti,Ulqini,Ulqin,Crna Gora,Mali i Zi\",\"potentialAction\":[{\"@type\":\"SearchAction\",\"target\":{\"@type\":\"EntryPoint\",\"urlTemplate\":\"https:\/\/www.visit-ulcinj.com\/blog\/?s={search_term_string}\"},\"query-input\":\"required name=search_term_string\"}],\"inLanguage\":\"en-US\"},{\"@type\":\"WebPage\",\"@id\":\"https:\/\/www.visit-ulcinj.com\/blog\/2014\/04\/11\/shqiptaret-e-malit-te-zi-ndihen-te-diskriminuar\/#webpage\",\"url\":\"https:\/\/www.visit-ulcinj.com\/blog\/2014\/04\/11\/shqiptaret-e-malit-te-zi-ndihen-te-diskriminuar\/\",\"name\":\"Shqiptar\u00ebt e Malit t\u00eb Zi ndihen t\u00eb diskriminuar - Lajme nga Ulqini\",\"isPartOf\":{\"@id\":\"https:\/\/www.visit-ulcinj.com\/blog\/#website\"},\"datePublished\":\"2014-04-11T06:27:45+00:00\",\"dateModified\":\"2014-04-11T06:30:54+00:00\",\"author\":{\"@id\":\"https:\/\/www.visit-ulcinj.com\/blog\/#\/schema\/person\/dcab619c614d3038751c63bc2aadc06d\"},\"description\":\"Shqiptar\u00ebt q\u00eb jetojn\u00eb n\u00eb Mal t\u00eb Zi, ndih\u00ebn t\u00eb diskriminuar nga pushteti malazez. Ata theksojn\u00eb se jetojn\u00eb n\u00eb gjendje t\u00eb mjerueshme, pa t\u00eb drejta t\u00eb plota,\",\"breadcrumb\":{\"@id\":\"https:\/\/www.visit-ulcinj.com\/blog\/2014\/04\/11\/shqiptaret-e-malit-te-zi-ndihen-te-diskriminuar\/#breadcrumb\"},\"inLanguage\":\"en-US\",\"potentialAction\":[{\"@type\":\"ReadAction\",\"target\":[\"https:\/\/www.visit-ulcinj.com\/blog\/2014\/04\/11\/shqiptaret-e-malit-te-zi-ndihen-te-diskriminuar\/\"]}]},{\"@type\":\"BreadcrumbList\",\"@id\":\"https:\/\/www.visit-ulcinj.com\/blog\/2014\/04\/11\/shqiptaret-e-malit-te-zi-ndihen-te-diskriminuar\/#breadcrumb\",\"itemListElement\":[{\"@type\":\"ListItem\",\"position\":1,\"name\":\"Shqiptar\u00ebt e Malit t\u00eb Zi ndihen t\u00eb diskriminuar\"}]},{\"@type\":\"Person\",\"@id\":\"https:\/\/www.visit-ulcinj.com\/blog\/#\/schema\/person\/dcab619c614d3038751c63bc2aadc06d\",\"name\":\"ulqini\",\"sameAs\":[\"http:\/\/www.visit-ulcinj.com\"],\"url\":\"https:\/\/www.visit-ulcinj.com\/blog\/author\/admin\/\"}]}<\/script>\n<!-- \/ Yoast SEO plugin. -->","yoast_head_json":{"title":"Shqiptar\u00ebt e Malit t\u00eb Zi ndihen t\u00eb diskriminuar - Lajme nga Ulqini","description":"Shqiptar\u00ebt q\u00eb jetojn\u00eb n\u00eb Mal t\u00eb Zi, ndih\u00ebn t\u00eb diskriminuar nga pushteti malazez. Ata theksojn\u00eb se jetojn\u00eb n\u00eb gjendje t\u00eb mjerueshme, pa t\u00eb drejta t\u00eb plota,","robots":{"index":"index","follow":"follow","max-snippet":"max-snippet:-1","max-image-preview":"max-image-preview:large","max-video-preview":"max-video-preview:-1"},"canonical":"https:\/\/www.visit-ulcinj.com\/blog\/2014\/04\/11\/shqiptaret-e-malit-te-zi-ndihen-te-diskriminuar\/","og_locale":"en_US","og_type":"article","og_title":"Shqiptar\u00ebt e Malit t\u00eb Zi ndihen t\u00eb diskriminuar - Lajme nga Ulqini","og_description":"Shqiptar\u00ebt q\u00eb jetojn\u00eb n\u00eb Mal t\u00eb Zi, ndih\u00ebn t\u00eb diskriminuar nga pushteti malazez. Ata theksojn\u00eb se jetojn\u00eb n\u00eb gjendje t\u00eb mjerueshme, pa t\u00eb drejta t\u00eb plota,","og_url":"https:\/\/www.visit-ulcinj.com\/blog\/2014\/04\/11\/shqiptaret-e-malit-te-zi-ndihen-te-diskriminuar\/","og_site_name":"Lajme nga Ulqini","article_published_time":"2014-04-11T06:27:45+00:00","article_modified_time":"2014-04-11T06:30:54+00:00","twitter_misc":{"Written by":"ulqini","Est. reading time":"2 minutes"},"schema":{"@context":"https:\/\/schema.org","@graph":[{"@type":"WebSite","@id":"https:\/\/www.visit-ulcinj.com\/blog\/#website","url":"https:\/\/www.visit-ulcinj.com\/blog\/","name":"Lajme nga Ulqini","description":"Lajme,Vijesti,Ulqini,Ulqin,Crna Gora,Mali i Zi","potentialAction":[{"@type":"SearchAction","target":{"@type":"EntryPoint","urlTemplate":"https:\/\/www.visit-ulcinj.com\/blog\/?s={search_term_string}"},"query-input":"required name=search_term_string"}],"inLanguage":"en-US"},{"@type":"WebPage","@id":"https:\/\/www.visit-ulcinj.com\/blog\/2014\/04\/11\/shqiptaret-e-malit-te-zi-ndihen-te-diskriminuar\/#webpage","url":"https:\/\/www.visit-ulcinj.com\/blog\/2014\/04\/11\/shqiptaret-e-malit-te-zi-ndihen-te-diskriminuar\/","name":"Shqiptar\u00ebt e Malit t\u00eb Zi ndihen t\u00eb diskriminuar - Lajme nga Ulqini","isPartOf":{"@id":"https:\/\/www.visit-ulcinj.com\/blog\/#website"},"datePublished":"2014-04-11T06:27:45+00:00","dateModified":"2014-04-11T06:30:54+00:00","author":{"@id":"https:\/\/www.visit-ulcinj.com\/blog\/#\/schema\/person\/dcab619c614d3038751c63bc2aadc06d"},"description":"Shqiptar\u00ebt q\u00eb jetojn\u00eb n\u00eb Mal t\u00eb Zi, ndih\u00ebn t\u00eb diskriminuar nga pushteti malazez. Ata theksojn\u00eb se jetojn\u00eb n\u00eb gjendje t\u00eb mjerueshme, pa t\u00eb drejta t\u00eb plota,","breadcrumb":{"@id":"https:\/\/www.visit-ulcinj.com\/blog\/2014\/04\/11\/shqiptaret-e-malit-te-zi-ndihen-te-diskriminuar\/#breadcrumb"},"inLanguage":"en-US","potentialAction":[{"@type":"ReadAction","target":["https:\/\/www.visit-ulcinj.com\/blog\/2014\/04\/11\/shqiptaret-e-malit-te-zi-ndihen-te-diskriminuar\/"]}]},{"@type":"BreadcrumbList","@id":"https:\/\/www.visit-ulcinj.com\/blog\/2014\/04\/11\/shqiptaret-e-malit-te-zi-ndihen-te-diskriminuar\/#breadcrumb","itemListElement":[{"@type":"ListItem","position":1,"name":"Shqiptar\u00ebt e Malit t\u00eb Zi ndihen t\u00eb diskriminuar"}]},{"@type":"Person","@id":"https:\/\/www.visit-ulcinj.com\/blog\/#\/schema\/person\/dcab619c614d3038751c63bc2aadc06d","name":"ulqini","sameAs":["http:\/\/www.visit-ulcinj.com"],"url":"https:\/\/www.visit-ulcinj.com\/blog\/author\/admin\/"}]}},"jetpack_featured_media_url":"","jetpack_sharing_enabled":true,"jetpack_shortlink":"https:\/\/wp.me\/pe6lTn-laq","_links":{"self":[{"href":"https:\/\/www.visit-ulcinj.com\/blog\/wp-json\/wp\/v2\/posts\/81370"}],"collection":[{"href":"https:\/\/www.visit-ulcinj.com\/blog\/wp-json\/wp\/v2\/posts"}],"about":[{"href":"https:\/\/www.visit-ulcinj.com\/blog\/wp-json\/wp\/v2\/types\/post"}],"author":[{"embeddable":true,"href":"https:\/\/www.visit-ulcinj.com\/blog\/wp-json\/wp\/v2\/users\/1"}],"replies":[{"embeddable":true,"href":"https:\/\/www.visit-ulcinj.com\/blog\/wp-json\/wp\/v2\/comments?post=81370"}],"version-history":[{"count":3,"href":"https:\/\/www.visit-ulcinj.com\/blog\/wp-json\/wp\/v2\/posts\/81370\/revisions"}],"predecessor-version":[{"id":81374,"href":"https:\/\/www.visit-ulcinj.com\/blog\/wp-json\/wp\/v2\/posts\/81370\/revisions\/81374"}],"wp:attachment":[{"href":"https:\/\/www.visit-ulcinj.com\/blog\/wp-json\/wp\/v2\/media?parent=81370"}],"wp:term":[{"taxonomy":"category","embeddable":true,"href":"https:\/\/www.visit-ulcinj.com\/blog\/wp-json\/wp\/v2\/categories?post=81370"},{"taxonomy":"post_tag","embeddable":true,"href":"https:\/\/www.visit-ulcinj.com\/blog\/wp-json\/wp\/v2\/tags?post=81370"}],"curies":[{"name":"wp","href":"https:\/\/api.w.org\/{rel}","templated":true}]}}