{"id":81387,"date":"2014-04-11T20:10:58","date_gmt":"2014-04-11T19:10:58","guid":{"rendered":"http:\/\/www.visit-ulcinj.com\/blog\/?p=81387"},"modified":"2014-04-11T20:10:58","modified_gmt":"2014-04-11T19:10:58","slug":"zakup-solane-samo-ponuda-sindikata-radnika-solane","status":"publish","type":"post","link":"https:\/\/www.visit-ulcinj.com\/blog\/2014\/04\/11\/zakup-solane-samo-ponuda-sindikata-radnika-solane\/","title":{"rendered":"Zakup Solane, samo ponuda Sindikata radnika Solane"},"content":{"rendered":"<p><strong><a href=\"http:\/\/www.visit-ulcinj.com\/blog\/wp-content\/uploads\/2014\/03\/solana-Ulcinj_For-Rent.jpg\"><img loading=\"lazy\" class=\"alignleft  wp-image-81086\" alt=\"solana-Ulcinj_For-Rent\" src=\"http:\/\/www.visit-ulcinj.com\/blog\/wp-content\/uploads\/2014\/03\/solana-Ulcinj_For-Rent.jpg\" width=\"508\" height=\"360\" \/><\/a>Za jednogodi\u0161nji zakup Solane, do sada stigla samo ponuda Sindikata radnika Solane <\/strong><\/p>\n<p>Predsjednik Sindikata ulcinjske Solane Marko Miranovi\u0107 kazao je <em>Portalu Analitika<\/em> da je Sindikat poslao punudu za jednogodi\u0161nji zakup Solane.<\/p>\n<p>Ste\u010dajni upravnik ulcinjskog preduze\u0107a u ste\u010daju Ognjen Jovovi\u0107, kazao je <em>Portal Analitika<\/em> da je do danas stigla samo jedna ponuda, naravno, ne preciziraju\u0107i \u010dija, pa se jasno da zaklju\u010diti da je interesovanje za zakup, prema oglasu objavljenom prije dvije sedmice, pokazao upravo Sindikat.<\/p>\n<p>\u201eMi smo \u017eivotno zainteresovani za to i predali smo u Privredni sud ponudu prije nekoliko dana. Ako dobijemo, ra\u010dunamo da \u0107emo imati podr\u0161ku i op\u0161tine i dr\u017eave\u201c, ka\u017ee Miranovi\u0107.<\/p>\n<p>On, kao i Jovovi\u0107, ipak ostavljaju mogu\u0107nost da neka ponuda stigne i sjutra, budu\u0107i da je va\u017ean termin slanja ponude, koja mo\u017ee nositi po\u0161tanski pe\u010dat do danas u 15 sati.<\/p>\n<p>Jovovi\u0107 je kazao da \u0107e otvaranje ponuda biti u Privrednom sudu u Podgorici naredne srijede.<\/p>\n<p>Predsjednik Sindikata ulcinjske solane, na pitanje \u010dime su garantovali svoju ponudu, odgovara da je to dug prema radnicima Solane za neispla\u0107ene plate i doprinose od 2009. godine, koji iznosi oko 1,8 miliona eura.<\/p>\n<p>\u201eNa lageru je jo\u0161 oko 4,5 hiljade tona neobra\u0111ene soli ostale od pro\u0161logodi\u0161nje berbe. \u00a0Ra\u010dunamo da to obradimo i prodamo. Tu se, nakon obrade i pakovanja, mo\u017ee prihodovati oko \u00a0400 hiljada eura\u201c, kazao je Miranovi\u0107, zaklju\u010duju\u0107i:<\/p>\n<p>\u201eMi smo iz moralnih razloga \u017eeljeli da konkuri\u0161emo, a kako \u0107e se to zavr\u0161iti, da li \u0107emo dobiti zakup, to \u0107e se tek vidjeti\u201c.<\/p>\n<p><strong>Izvor: Portal Analitika<\/strong><\/p>\n","protected":false},"excerpt":{"rendered":"<p>Za jednogodi\u0161nji zakup Solane, do sada stigla samo ponuda Sindikata radnika Solane Predsjednik Sindikata ulcinjske Solane Marko Miranovi\u0107 kazao je Portalu Analitika da je Sindikat poslao punudu za jednogodi\u0161nji zakup Solane. Ste\u010dajni upravnik ulcinjskog preduze\u0107a u ste\u010daju Ognjen Jovovi\u0107, kazao je Portal Analitika da je do danas stigla samo jedna ponuda, naravno, ne preciziraju\u0107i \u010dija, [&hellip;]<\/p>\n","protected":false},"author":1,"featured_media":0,"comment_status":"closed","ping_status":"closed","sticky":false,"template":"","format":"standard","meta":{"spay_email":"","jetpack_publicize_message":"","jetpack_is_tweetstorm":false,"jetpack_publicize_feature_enabled":true},"categories":[8337],"tags":[],"jetpack_publicize_connections":[],"yoast_head":"<!-- This site is optimized with the Yoast SEO plugin v19.1 - https:\/\/yoast.com\/wordpress\/plugins\/seo\/ -->\n<title>Zakup Solane, samo ponuda Sindikata radnika Solane - Lajme nga Ulqini<\/title>\n<meta name=\"description\" content=\"Za jednogodi\u0161nji zakup Solane, do sada stigla samo ponuda Sindikata radnika Solane Predsjednik Sindikata ulcinjske Solane Marko Miranovi\u0107 kazao je Portalu\" \/>\n<meta name=\"robots\" content=\"index, follow, max-snippet:-1, max-image-preview:large, max-video-preview:-1\" \/>\n<link rel=\"canonical\" href=\"https:\/\/www.visit-ulcinj.com\/blog\/2014\/04\/11\/zakup-solane-samo-ponuda-sindikata-radnika-solane\/\" \/>\n<meta property=\"og:locale\" content=\"en_US\" \/>\n<meta property=\"og:type\" content=\"article\" \/>\n<meta property=\"og:title\" content=\"Zakup Solane, samo ponuda Sindikata radnika Solane - Lajme nga Ulqini\" \/>\n<meta property=\"og:description\" content=\"Za jednogodi\u0161nji zakup Solane, do sada stigla samo ponuda Sindikata radnika Solane Predsjednik Sindikata ulcinjske Solane Marko Miranovi\u0107 kazao je Portalu\" \/>\n<meta property=\"og:url\" content=\"https:\/\/www.visit-ulcinj.com\/blog\/2014\/04\/11\/zakup-solane-samo-ponuda-sindikata-radnika-solane\/\" \/>\n<meta property=\"og:site_name\" content=\"Lajme nga Ulqini\" \/>\n<meta property=\"article:published_time\" content=\"2014-04-11T19:10:58+00:00\" \/>\n<meta property=\"og:image\" content=\"http:\/\/www.visit-ulcinj.com\/blog\/wp-content\/uploads\/2014\/03\/solana-Ulcinj_For-Rent.jpg\" \/>\n<meta name=\"twitter:label1\" content=\"Written by\" \/>\n\t<meta name=\"twitter:data1\" content=\"ulqini\" \/>\n\t<meta name=\"twitter:label2\" content=\"Est. reading time\" \/>\n\t<meta name=\"twitter:data2\" content=\"1 minute\" \/>\n<script type=\"application\/ld+json\" class=\"yoast-schema-graph\">{\"@context\":\"https:\/\/schema.org\",\"@graph\":[{\"@type\":\"WebSite\",\"@id\":\"https:\/\/www.visit-ulcinj.com\/blog\/#website\",\"url\":\"https:\/\/www.visit-ulcinj.com\/blog\/\",\"name\":\"Lajme nga Ulqini\",\"description\":\"Lajme,Vijesti,Ulqini,Ulqin,Crna Gora,Mali i Zi\",\"potentialAction\":[{\"@type\":\"SearchAction\",\"target\":{\"@type\":\"EntryPoint\",\"urlTemplate\":\"https:\/\/www.visit-ulcinj.com\/blog\/?s={search_term_string}\"},\"query-input\":\"required name=search_term_string\"}],\"inLanguage\":\"en-US\"},{\"@type\":\"ImageObject\",\"inLanguage\":\"en-US\",\"@id\":\"https:\/\/www.visit-ulcinj.com\/blog\/2014\/04\/11\/zakup-solane-samo-ponuda-sindikata-radnika-solane\/#primaryimage\",\"url\":\"https:\/\/www.visit-ulcinj.com\/blog\/wp-content\/uploads\/2014\/03\/solana-Ulcinj_For-Rent.jpg\",\"contentUrl\":\"https:\/\/www.visit-ulcinj.com\/blog\/wp-content\/uploads\/2014\/03\/solana-Ulcinj_For-Rent.jpg\",\"width\":1064,\"height\":633},{\"@type\":\"WebPage\",\"@id\":\"https:\/\/www.visit-ulcinj.com\/blog\/2014\/04\/11\/zakup-solane-samo-ponuda-sindikata-radnika-solane\/#webpage\",\"url\":\"https:\/\/www.visit-ulcinj.com\/blog\/2014\/04\/11\/zakup-solane-samo-ponuda-sindikata-radnika-solane\/\",\"name\":\"Zakup Solane, samo ponuda Sindikata radnika Solane - Lajme nga Ulqini\",\"isPartOf\":{\"@id\":\"https:\/\/www.visit-ulcinj.com\/blog\/#website\"},\"primaryImageOfPage\":{\"@id\":\"https:\/\/www.visit-ulcinj.com\/blog\/2014\/04\/11\/zakup-solane-samo-ponuda-sindikata-radnika-solane\/#primaryimage\"},\"datePublished\":\"2014-04-11T19:10:58+00:00\",\"dateModified\":\"2014-04-11T19:10:58+00:00\",\"author\":{\"@id\":\"https:\/\/www.visit-ulcinj.com\/blog\/#\/schema\/person\/dcab619c614d3038751c63bc2aadc06d\"},\"description\":\"Za jednogodi\u0161nji zakup Solane, do sada stigla samo ponuda Sindikata radnika Solane Predsjednik Sindikata ulcinjske Solane Marko Miranovi\u0107 kazao je Portalu\",\"breadcrumb\":{\"@id\":\"https:\/\/www.visit-ulcinj.com\/blog\/2014\/04\/11\/zakup-solane-samo-ponuda-sindikata-radnika-solane\/#breadcrumb\"},\"inLanguage\":\"en-US\",\"potentialAction\":[{\"@type\":\"ReadAction\",\"target\":[\"https:\/\/www.visit-ulcinj.com\/blog\/2014\/04\/11\/zakup-solane-samo-ponuda-sindikata-radnika-solane\/\"]}]},{\"@type\":\"BreadcrumbList\",\"@id\":\"https:\/\/www.visit-ulcinj.com\/blog\/2014\/04\/11\/zakup-solane-samo-ponuda-sindikata-radnika-solane\/#breadcrumb\",\"itemListElement\":[{\"@type\":\"ListItem\",\"position\":1,\"name\":\"Zakup Solane, samo ponuda Sindikata radnika Solane\"}]},{\"@type\":\"Person\",\"@id\":\"https:\/\/www.visit-ulcinj.com\/blog\/#\/schema\/person\/dcab619c614d3038751c63bc2aadc06d\",\"name\":\"ulqini\",\"sameAs\":[\"http:\/\/www.visit-ulcinj.com\"],\"url\":\"https:\/\/www.visit-ulcinj.com\/blog\/author\/admin\/\"}]}<\/script>\n<!-- \/ Yoast SEO plugin. -->","yoast_head_json":{"title":"Zakup Solane, samo ponuda Sindikata radnika Solane - Lajme nga Ulqini","description":"Za jednogodi\u0161nji zakup Solane, do sada stigla samo ponuda Sindikata radnika Solane Predsjednik Sindikata ulcinjske Solane Marko Miranovi\u0107 kazao je Portalu","robots":{"index":"index","follow":"follow","max-snippet":"max-snippet:-1","max-image-preview":"max-image-preview:large","max-video-preview":"max-video-preview:-1"},"canonical":"https:\/\/www.visit-ulcinj.com\/blog\/2014\/04\/11\/zakup-solane-samo-ponuda-sindikata-radnika-solane\/","og_locale":"en_US","og_type":"article","og_title":"Zakup Solane, samo ponuda Sindikata radnika Solane - Lajme nga Ulqini","og_description":"Za jednogodi\u0161nji zakup Solane, do sada stigla samo ponuda Sindikata radnika Solane Predsjednik Sindikata ulcinjske Solane Marko Miranovi\u0107 kazao je Portalu","og_url":"https:\/\/www.visit-ulcinj.com\/blog\/2014\/04\/11\/zakup-solane-samo-ponuda-sindikata-radnika-solane\/","og_site_name":"Lajme nga Ulqini","article_published_time":"2014-04-11T19:10:58+00:00","og_image":[{"url":"http:\/\/www.visit-ulcinj.com\/blog\/wp-content\/uploads\/2014\/03\/solana-Ulcinj_For-Rent.jpg"}],"twitter_misc":{"Written by":"ulqini","Est. reading time":"1 minute"},"schema":{"@context":"https:\/\/schema.org","@graph":[{"@type":"WebSite","@id":"https:\/\/www.visit-ulcinj.com\/blog\/#website","url":"https:\/\/www.visit-ulcinj.com\/blog\/","name":"Lajme nga Ulqini","description":"Lajme,Vijesti,Ulqini,Ulqin,Crna Gora,Mali i Zi","potentialAction":[{"@type":"SearchAction","target":{"@type":"EntryPoint","urlTemplate":"https:\/\/www.visit-ulcinj.com\/blog\/?s={search_term_string}"},"query-input":"required name=search_term_string"}],"inLanguage":"en-US"},{"@type":"ImageObject","inLanguage":"en-US","@id":"https:\/\/www.visit-ulcinj.com\/blog\/2014\/04\/11\/zakup-solane-samo-ponuda-sindikata-radnika-solane\/#primaryimage","url":"https:\/\/www.visit-ulcinj.com\/blog\/wp-content\/uploads\/2014\/03\/solana-Ulcinj_For-Rent.jpg","contentUrl":"https:\/\/www.visit-ulcinj.com\/blog\/wp-content\/uploads\/2014\/03\/solana-Ulcinj_For-Rent.jpg","width":1064,"height":633},{"@type":"WebPage","@id":"https:\/\/www.visit-ulcinj.com\/blog\/2014\/04\/11\/zakup-solane-samo-ponuda-sindikata-radnika-solane\/#webpage","url":"https:\/\/www.visit-ulcinj.com\/blog\/2014\/04\/11\/zakup-solane-samo-ponuda-sindikata-radnika-solane\/","name":"Zakup Solane, samo ponuda Sindikata radnika Solane - Lajme nga Ulqini","isPartOf":{"@id":"https:\/\/www.visit-ulcinj.com\/blog\/#website"},"primaryImageOfPage":{"@id":"https:\/\/www.visit-ulcinj.com\/blog\/2014\/04\/11\/zakup-solane-samo-ponuda-sindikata-radnika-solane\/#primaryimage"},"datePublished":"2014-04-11T19:10:58+00:00","dateModified":"2014-04-11T19:10:58+00:00","author":{"@id":"https:\/\/www.visit-ulcinj.com\/blog\/#\/schema\/person\/dcab619c614d3038751c63bc2aadc06d"},"description":"Za jednogodi\u0161nji zakup Solane, do sada stigla samo ponuda Sindikata radnika Solane Predsjednik Sindikata ulcinjske Solane Marko Miranovi\u0107 kazao je Portalu","breadcrumb":{"@id":"https:\/\/www.visit-ulcinj.com\/blog\/2014\/04\/11\/zakup-solane-samo-ponuda-sindikata-radnika-solane\/#breadcrumb"},"inLanguage":"en-US","potentialAction":[{"@type":"ReadAction","target":["https:\/\/www.visit-ulcinj.com\/blog\/2014\/04\/11\/zakup-solane-samo-ponuda-sindikata-radnika-solane\/"]}]},{"@type":"BreadcrumbList","@id":"https:\/\/www.visit-ulcinj.com\/blog\/2014\/04\/11\/zakup-solane-samo-ponuda-sindikata-radnika-solane\/#breadcrumb","itemListElement":[{"@type":"ListItem","position":1,"name":"Zakup Solane, samo ponuda Sindikata radnika Solane"}]},{"@type":"Person","@id":"https:\/\/www.visit-ulcinj.com\/blog\/#\/schema\/person\/dcab619c614d3038751c63bc2aadc06d","name":"ulqini","sameAs":["http:\/\/www.visit-ulcinj.com"],"url":"https:\/\/www.visit-ulcinj.com\/blog\/author\/admin\/"}]}},"jetpack_featured_media_url":"","jetpack_sharing_enabled":true,"jetpack_shortlink":"https:\/\/wp.me\/pe6lTn-laH","_links":{"self":[{"href":"https:\/\/www.visit-ulcinj.com\/blog\/wp-json\/wp\/v2\/posts\/81387"}],"collection":[{"href":"https:\/\/www.visit-ulcinj.com\/blog\/wp-json\/wp\/v2\/posts"}],"about":[{"href":"https:\/\/www.visit-ulcinj.com\/blog\/wp-json\/wp\/v2\/types\/post"}],"author":[{"embeddable":true,"href":"https:\/\/www.visit-ulcinj.com\/blog\/wp-json\/wp\/v2\/users\/1"}],"replies":[{"embeddable":true,"href":"https:\/\/www.visit-ulcinj.com\/blog\/wp-json\/wp\/v2\/comments?post=81387"}],"version-history":[{"count":1,"href":"https:\/\/www.visit-ulcinj.com\/blog\/wp-json\/wp\/v2\/posts\/81387\/revisions"}],"predecessor-version":[{"id":81388,"href":"https:\/\/www.visit-ulcinj.com\/blog\/wp-json\/wp\/v2\/posts\/81387\/revisions\/81388"}],"wp:attachment":[{"href":"https:\/\/www.visit-ulcinj.com\/blog\/wp-json\/wp\/v2\/media?parent=81387"}],"wp:term":[{"taxonomy":"category","embeddable":true,"href":"https:\/\/www.visit-ulcinj.com\/blog\/wp-json\/wp\/v2\/categories?post=81387"},{"taxonomy":"post_tag","embeddable":true,"href":"https:\/\/www.visit-ulcinj.com\/blog\/wp-json\/wp\/v2\/tags?post=81387"}],"curies":[{"name":"wp","href":"https:\/\/api.w.org\/{rel}","templated":true}]}}