{"id":81391,"date":"2014-04-11T20:34:12","date_gmt":"2014-04-11T19:34:12","guid":{"rendered":"http:\/\/www.visit-ulcinj.com\/blog\/?p=81391"},"modified":"2014-04-11T20:36:23","modified_gmt":"2014-04-11T19:36:23","slug":"mali-zi-shqiperi-takim-per-menaxhimin-e-ujerave-nderkufitare","status":"publish","type":"post","link":"https:\/\/www.visit-ulcinj.com\/blog\/2014\/04\/11\/mali-zi-shqiperi-takim-per-menaxhimin-e-ujerave-nderkufitare\/","title":{"rendered":"Mali i Zi &#8211; Shqip\u00ebri, takim p\u00ebr menaxhimin e uj\u00ebrave nd\u00ebrkufitare"},"content":{"rendered":"<p><a href=\"http:\/\/www.visit-ulcinj.com\/blog\/wp-content\/uploads\/2014\/04\/1.jpg\"><img loading=\"lazy\" class=\"alignleft  wp-image-81392\" alt=\"1\" src=\"http:\/\/www.visit-ulcinj.com\/blog\/wp-content\/uploads\/2014\/04\/1.jpg\" width=\"508\" height=\"360\" srcset=\"https:\/\/www.visit-ulcinj.com\/blog\/wp-content\/uploads\/2014\/04\/1.jpg 520w, https:\/\/www.visit-ulcinj.com\/blog\/wp-content\/uploads\/2014\/04\/1-300x213.jpg 300w\" sizes=\"(max-width: 508px) 100vw, 508px\" \/><\/a><br \/>\nN\u00eb Podgoric\u00eb t\u00eb Malit t\u00eb Zi, u mbajt sot takimi i Komisioneve Nd\u00ebrshtet\u00ebrore t\u00eb Republik\u00ebs s\u00eb Shqip\u00ebris\u00eb dhe Malit t\u00eb Zi, t\u00eb ngritur nga ministrit\u00eb p\u00ebrgjegj\u00ebse p\u00ebr administrimin e uj\u00ebrave, n\u00eb lidhje me \u201cRealizimin e masave p\u00ebr rregullimin e regjimit ujor t\u00eb liqenit t\u00eb Shkodr\u00ebs dhe t\u00eb lumit Buna\u201d. Komisioni Nd\u00ebrshtet\u00ebror operon n\u00eb zbatim t\u00eb Memorandumit t\u00eb Mir\u00ebkuptimit t\u00eb dat\u00ebs 14.12.2010, me fokus menaxhimin e uj\u00ebrave nd\u00ebrkufitare q\u00eb ndajn\u00eb dy shtetet fqinje.<\/p>\n<p>Komisioni nd\u00ebrsht\u00ebror nga pala shqiptare kryesohej nga zv. Ministrja e Mjedisit Znj. Djana Bejko, e cila n\u00eb fjal\u00ebn e saj vuri theksin n\u00eb masat e marra nga qeveria Shqiptare p\u00ebr rregullimin e regjimit t\u00eb uj\u00ebrave sip\u00ebrfaq\u00ebsore Liqeni i Shkodr\u00ebs \u2013 Lumi Buna. Rregullimi i regjimit ujor, mbajtja e kuotave t\u00eb p\u00ebrcaktuara mes dy shteteve fqinje dhe menaxhimi me efikasitet i burimeve t\u00eb p\u00ebrbashk\u00ebta ujore ishin kryefjala e k\u00ebj takimi.<\/p><\/div>\n<div>Gjat\u00eb fjal\u00ebs s\u00eb saj, Znj. Bejko u p\u00ebrq\u00ebndrua n\u00eb situat\u00ebn aktuale t\u00eb kuotave ujore n\u00eb argjinaturat e lumit Buna si dhe si dhe rakordimin e kuotave me pal\u00ebn malazeze p\u00ebrcaktuar n\u00eb Memorandumin e Mir\u00ebkuptimit mes dy shteteve fqinje.<\/p>\n<p>Implementimi i aktiviteteve p\u00ebr faz\u00ebn e m\u00ebtejshme, si dhe mbi programi i veprimtarive n\u00eb kuad\u00ebr t\u00eb Memorandumit t\u00eb Mir\u00ebkuptimit ishin n\u00eb qend\u00ebr t\u00eb diskutimit t\u00eb Zv. Ministres s\u00eb Mjedisit e cila garantoi, mb\u00ebshtetjen dhe angazhimin e plot\u00eb t\u00eb pal\u00ebs shqiptare p\u00ebr realizimin me sukses t\u00eb hapave t\u00eb mbetura, mb\u00ebshtetur n\u00eb k\u00ebt\u00eb Memorandum mir\u00ebkuptimi dypal\u00ebsh.<\/p>\n<p><strong>Gazeta Shqip<\/strong><\/p>\n","protected":false},"excerpt":{"rendered":"<p>N\u00eb Podgoric\u00eb t\u00eb Malit t\u00eb Zi, u mbajt sot takimi i Komisioneve Nd\u00ebrshtet\u00ebrore t\u00eb Republik\u00ebs s\u00eb Shqip\u00ebris\u00eb dhe Malit t\u00eb Zi, t\u00eb ngritur nga ministrit\u00eb p\u00ebrgjegj\u00ebse p\u00ebr administrimin e uj\u00ebrave, n\u00eb lidhje me \u201cRealizimin e masave p\u00ebr rregullimin e regjimit ujor t\u00eb liqenit t\u00eb Shkodr\u00ebs dhe t\u00eb lumit Buna\u201d. Komisioni Nd\u00ebrshtet\u00ebror operon n\u00eb zbatim t\u00eb [&hellip;]<\/p>\n","protected":false},"author":1,"featured_media":0,"comment_status":"closed","ping_status":"closed","sticky":false,"template":"","format":"standard","meta":{"spay_email":"","jetpack_publicize_message":"","jetpack_is_tweetstorm":false,"jetpack_publicize_feature_enabled":true},"categories":[10],"tags":[],"jetpack_publicize_connections":[],"yoast_head":"<!-- This site is optimized with the Yoast SEO plugin v19.1 - https:\/\/yoast.com\/wordpress\/plugins\/seo\/ -->\n<title>Mali i Zi - Shqip\u00ebri, takim p\u00ebr menaxhimin e uj\u00ebrave nd\u00ebrkufitare - Lajme nga Ulqini<\/title>\n<meta name=\"description\" content=\"N\u00eb Podgoric\u00eb t\u00eb Malit t\u00eb Zi, u mbajt sot takimi i Komisioneve Nd\u00ebrshtet\u00ebrore t\u00eb Republik\u00ebs s\u00eb Shqip\u00ebris\u00eb dhe Malit t\u00eb Zi, t\u00eb ngritur nga ministrit\u00eb\" \/>\n<meta name=\"robots\" content=\"index, follow, max-snippet:-1, max-image-preview:large, max-video-preview:-1\" \/>\n<link rel=\"canonical\" href=\"https:\/\/www.visit-ulcinj.com\/blog\/2014\/04\/11\/mali-zi-shqiperi-takim-per-menaxhimin-e-ujerave-nderkufitare\/\" \/>\n<meta property=\"og:locale\" content=\"en_US\" \/>\n<meta property=\"og:type\" content=\"article\" \/>\n<meta property=\"og:title\" content=\"Mali i Zi - Shqip\u00ebri, takim p\u00ebr menaxhimin e uj\u00ebrave nd\u00ebrkufitare - Lajme nga Ulqini\" \/>\n<meta property=\"og:description\" content=\"N\u00eb Podgoric\u00eb t\u00eb Malit t\u00eb Zi, u mbajt sot takimi i Komisioneve Nd\u00ebrshtet\u00ebrore t\u00eb Republik\u00ebs s\u00eb Shqip\u00ebris\u00eb dhe Malit t\u00eb Zi, t\u00eb ngritur nga ministrit\u00eb\" \/>\n<meta property=\"og:url\" content=\"https:\/\/www.visit-ulcinj.com\/blog\/2014\/04\/11\/mali-zi-shqiperi-takim-per-menaxhimin-e-ujerave-nderkufitare\/\" \/>\n<meta property=\"og:site_name\" content=\"Lajme nga Ulqini\" \/>\n<meta property=\"article:published_time\" content=\"2014-04-11T19:34:12+00:00\" \/>\n<meta property=\"article:modified_time\" content=\"2014-04-11T19:36:23+00:00\" \/>\n<meta property=\"og:image\" content=\"http:\/\/www.visit-ulcinj.com\/blog\/wp-content\/uploads\/2014\/04\/1.jpg\" \/>\n<meta name=\"twitter:label1\" content=\"Written by\" \/>\n\t<meta name=\"twitter:data1\" content=\"ulqini\" \/>\n\t<meta name=\"twitter:label2\" content=\"Est. reading time\" \/>\n\t<meta name=\"twitter:data2\" content=\"1 minute\" \/>\n<script type=\"application\/ld+json\" class=\"yoast-schema-graph\">{\"@context\":\"https:\/\/schema.org\",\"@graph\":[{\"@type\":\"WebSite\",\"@id\":\"https:\/\/www.visit-ulcinj.com\/blog\/#website\",\"url\":\"https:\/\/www.visit-ulcinj.com\/blog\/\",\"name\":\"Lajme nga Ulqini\",\"description\":\"Lajme,Vijesti,Ulqini,Ulqin,Crna Gora,Mali i Zi\",\"potentialAction\":[{\"@type\":\"SearchAction\",\"target\":{\"@type\":\"EntryPoint\",\"urlTemplate\":\"https:\/\/www.visit-ulcinj.com\/blog\/?s={search_term_string}\"},\"query-input\":\"required name=search_term_string\"}],\"inLanguage\":\"en-US\"},{\"@type\":\"ImageObject\",\"inLanguage\":\"en-US\",\"@id\":\"https:\/\/www.visit-ulcinj.com\/blog\/2014\/04\/11\/mali-zi-shqiperi-takim-per-menaxhimin-e-ujerave-nderkufitare\/#primaryimage\",\"url\":\"https:\/\/www.visit-ulcinj.com\/blog\/wp-content\/uploads\/2014\/04\/1.jpg\",\"contentUrl\":\"https:\/\/www.visit-ulcinj.com\/blog\/wp-content\/uploads\/2014\/04\/1.jpg\",\"width\":520,\"height\":370},{\"@type\":\"WebPage\",\"@id\":\"https:\/\/www.visit-ulcinj.com\/blog\/2014\/04\/11\/mali-zi-shqiperi-takim-per-menaxhimin-e-ujerave-nderkufitare\/#webpage\",\"url\":\"https:\/\/www.visit-ulcinj.com\/blog\/2014\/04\/11\/mali-zi-shqiperi-takim-per-menaxhimin-e-ujerave-nderkufitare\/\",\"name\":\"Mali i Zi - Shqip\u00ebri, takim p\u00ebr menaxhimin e uj\u00ebrave nd\u00ebrkufitare - Lajme nga Ulqini\",\"isPartOf\":{\"@id\":\"https:\/\/www.visit-ulcinj.com\/blog\/#website\"},\"primaryImageOfPage\":{\"@id\":\"https:\/\/www.visit-ulcinj.com\/blog\/2014\/04\/11\/mali-zi-shqiperi-takim-per-menaxhimin-e-ujerave-nderkufitare\/#primaryimage\"},\"datePublished\":\"2014-04-11T19:34:12+00:00\",\"dateModified\":\"2014-04-11T19:36:23+00:00\",\"author\":{\"@id\":\"https:\/\/www.visit-ulcinj.com\/blog\/#\/schema\/person\/dcab619c614d3038751c63bc2aadc06d\"},\"description\":\"N\u00eb Podgoric\u00eb t\u00eb Malit t\u00eb Zi, u mbajt sot takimi i Komisioneve Nd\u00ebrshtet\u00ebrore t\u00eb Republik\u00ebs s\u00eb Shqip\u00ebris\u00eb dhe Malit t\u00eb Zi, t\u00eb ngritur nga ministrit\u00eb\",\"breadcrumb\":{\"@id\":\"https:\/\/www.visit-ulcinj.com\/blog\/2014\/04\/11\/mali-zi-shqiperi-takim-per-menaxhimin-e-ujerave-nderkufitare\/#breadcrumb\"},\"inLanguage\":\"en-US\",\"potentialAction\":[{\"@type\":\"ReadAction\",\"target\":[\"https:\/\/www.visit-ulcinj.com\/blog\/2014\/04\/11\/mali-zi-shqiperi-takim-per-menaxhimin-e-ujerave-nderkufitare\/\"]}]},{\"@type\":\"BreadcrumbList\",\"@id\":\"https:\/\/www.visit-ulcinj.com\/blog\/2014\/04\/11\/mali-zi-shqiperi-takim-per-menaxhimin-e-ujerave-nderkufitare\/#breadcrumb\",\"itemListElement\":[{\"@type\":\"ListItem\",\"position\":1,\"name\":\"Mali i Zi &#8211; Shqip\u00ebri, takim p\u00ebr menaxhimin e uj\u00ebrave nd\u00ebrkufitare\"}]},{\"@type\":\"Person\",\"@id\":\"https:\/\/www.visit-ulcinj.com\/blog\/#\/schema\/person\/dcab619c614d3038751c63bc2aadc06d\",\"name\":\"ulqini\",\"sameAs\":[\"http:\/\/www.visit-ulcinj.com\"],\"url\":\"https:\/\/www.visit-ulcinj.com\/blog\/author\/admin\/\"}]}<\/script>\n<!-- \/ Yoast SEO plugin. -->","yoast_head_json":{"title":"Mali i Zi - Shqip\u00ebri, takim p\u00ebr menaxhimin e uj\u00ebrave nd\u00ebrkufitare - Lajme nga Ulqini","description":"N\u00eb Podgoric\u00eb t\u00eb Malit t\u00eb Zi, u mbajt sot takimi i Komisioneve Nd\u00ebrshtet\u00ebrore t\u00eb Republik\u00ebs s\u00eb Shqip\u00ebris\u00eb dhe Malit t\u00eb Zi, t\u00eb ngritur nga ministrit\u00eb","robots":{"index":"index","follow":"follow","max-snippet":"max-snippet:-1","max-image-preview":"max-image-preview:large","max-video-preview":"max-video-preview:-1"},"canonical":"https:\/\/www.visit-ulcinj.com\/blog\/2014\/04\/11\/mali-zi-shqiperi-takim-per-menaxhimin-e-ujerave-nderkufitare\/","og_locale":"en_US","og_type":"article","og_title":"Mali i Zi - Shqip\u00ebri, takim p\u00ebr menaxhimin e uj\u00ebrave nd\u00ebrkufitare - Lajme nga Ulqini","og_description":"N\u00eb Podgoric\u00eb t\u00eb Malit t\u00eb Zi, u mbajt sot takimi i Komisioneve Nd\u00ebrshtet\u00ebrore t\u00eb Republik\u00ebs s\u00eb Shqip\u00ebris\u00eb dhe Malit t\u00eb Zi, t\u00eb ngritur nga ministrit\u00eb","og_url":"https:\/\/www.visit-ulcinj.com\/blog\/2014\/04\/11\/mali-zi-shqiperi-takim-per-menaxhimin-e-ujerave-nderkufitare\/","og_site_name":"Lajme nga Ulqini","article_published_time":"2014-04-11T19:34:12+00:00","article_modified_time":"2014-04-11T19:36:23+00:00","og_image":[{"url":"http:\/\/www.visit-ulcinj.com\/blog\/wp-content\/uploads\/2014\/04\/1.jpg"}],"twitter_misc":{"Written by":"ulqini","Est. reading time":"1 minute"},"schema":{"@context":"https:\/\/schema.org","@graph":[{"@type":"WebSite","@id":"https:\/\/www.visit-ulcinj.com\/blog\/#website","url":"https:\/\/www.visit-ulcinj.com\/blog\/","name":"Lajme nga Ulqini","description":"Lajme,Vijesti,Ulqini,Ulqin,Crna Gora,Mali i Zi","potentialAction":[{"@type":"SearchAction","target":{"@type":"EntryPoint","urlTemplate":"https:\/\/www.visit-ulcinj.com\/blog\/?s={search_term_string}"},"query-input":"required name=search_term_string"}],"inLanguage":"en-US"},{"@type":"ImageObject","inLanguage":"en-US","@id":"https:\/\/www.visit-ulcinj.com\/blog\/2014\/04\/11\/mali-zi-shqiperi-takim-per-menaxhimin-e-ujerave-nderkufitare\/#primaryimage","url":"https:\/\/www.visit-ulcinj.com\/blog\/wp-content\/uploads\/2014\/04\/1.jpg","contentUrl":"https:\/\/www.visit-ulcinj.com\/blog\/wp-content\/uploads\/2014\/04\/1.jpg","width":520,"height":370},{"@type":"WebPage","@id":"https:\/\/www.visit-ulcinj.com\/blog\/2014\/04\/11\/mali-zi-shqiperi-takim-per-menaxhimin-e-ujerave-nderkufitare\/#webpage","url":"https:\/\/www.visit-ulcinj.com\/blog\/2014\/04\/11\/mali-zi-shqiperi-takim-per-menaxhimin-e-ujerave-nderkufitare\/","name":"Mali i Zi - Shqip\u00ebri, takim p\u00ebr menaxhimin e uj\u00ebrave nd\u00ebrkufitare - Lajme nga Ulqini","isPartOf":{"@id":"https:\/\/www.visit-ulcinj.com\/blog\/#website"},"primaryImageOfPage":{"@id":"https:\/\/www.visit-ulcinj.com\/blog\/2014\/04\/11\/mali-zi-shqiperi-takim-per-menaxhimin-e-ujerave-nderkufitare\/#primaryimage"},"datePublished":"2014-04-11T19:34:12+00:00","dateModified":"2014-04-11T19:36:23+00:00","author":{"@id":"https:\/\/www.visit-ulcinj.com\/blog\/#\/schema\/person\/dcab619c614d3038751c63bc2aadc06d"},"description":"N\u00eb Podgoric\u00eb t\u00eb Malit t\u00eb Zi, u mbajt sot takimi i Komisioneve Nd\u00ebrshtet\u00ebrore t\u00eb Republik\u00ebs s\u00eb Shqip\u00ebris\u00eb dhe Malit t\u00eb Zi, t\u00eb ngritur nga ministrit\u00eb","breadcrumb":{"@id":"https:\/\/www.visit-ulcinj.com\/blog\/2014\/04\/11\/mali-zi-shqiperi-takim-per-menaxhimin-e-ujerave-nderkufitare\/#breadcrumb"},"inLanguage":"en-US","potentialAction":[{"@type":"ReadAction","target":["https:\/\/www.visit-ulcinj.com\/blog\/2014\/04\/11\/mali-zi-shqiperi-takim-per-menaxhimin-e-ujerave-nderkufitare\/"]}]},{"@type":"BreadcrumbList","@id":"https:\/\/www.visit-ulcinj.com\/blog\/2014\/04\/11\/mali-zi-shqiperi-takim-per-menaxhimin-e-ujerave-nderkufitare\/#breadcrumb","itemListElement":[{"@type":"ListItem","position":1,"name":"Mali i Zi &#8211; Shqip\u00ebri, takim p\u00ebr menaxhimin e uj\u00ebrave nd\u00ebrkufitare"}]},{"@type":"Person","@id":"https:\/\/www.visit-ulcinj.com\/blog\/#\/schema\/person\/dcab619c614d3038751c63bc2aadc06d","name":"ulqini","sameAs":["http:\/\/www.visit-ulcinj.com"],"url":"https:\/\/www.visit-ulcinj.com\/blog\/author\/admin\/"}]}},"jetpack_featured_media_url":"","jetpack_sharing_enabled":true,"jetpack_shortlink":"https:\/\/wp.me\/pe6lTn-laL","_links":{"self":[{"href":"https:\/\/www.visit-ulcinj.com\/blog\/wp-json\/wp\/v2\/posts\/81391"}],"collection":[{"href":"https:\/\/www.visit-ulcinj.com\/blog\/wp-json\/wp\/v2\/posts"}],"about":[{"href":"https:\/\/www.visit-ulcinj.com\/blog\/wp-json\/wp\/v2\/types\/post"}],"author":[{"embeddable":true,"href":"https:\/\/www.visit-ulcinj.com\/blog\/wp-json\/wp\/v2\/users\/1"}],"replies":[{"embeddable":true,"href":"https:\/\/www.visit-ulcinj.com\/blog\/wp-json\/wp\/v2\/comments?post=81391"}],"version-history":[{"count":4,"href":"https:\/\/www.visit-ulcinj.com\/blog\/wp-json\/wp\/v2\/posts\/81391\/revisions"}],"predecessor-version":[{"id":81397,"href":"https:\/\/www.visit-ulcinj.com\/blog\/wp-json\/wp\/v2\/posts\/81391\/revisions\/81397"}],"wp:attachment":[{"href":"https:\/\/www.visit-ulcinj.com\/blog\/wp-json\/wp\/v2\/media?parent=81391"}],"wp:term":[{"taxonomy":"category","embeddable":true,"href":"https:\/\/www.visit-ulcinj.com\/blog\/wp-json\/wp\/v2\/categories?post=81391"},{"taxonomy":"post_tag","embeddable":true,"href":"https:\/\/www.visit-ulcinj.com\/blog\/wp-json\/wp\/v2\/tags?post=81391"}],"curies":[{"name":"wp","href":"https:\/\/api.w.org\/{rel}","templated":true}]}}