{"id":81425,"date":"2014-04-12T18:07:21","date_gmt":"2014-04-12T17:07:21","guid":{"rendered":"http:\/\/www.visit-ulcinj.com\/blog\/?p=81425"},"modified":"2014-04-12T18:09:38","modified_gmt":"2014-04-12T17:09:38","slug":"czarnogora-zostala-doceniona-przez-thomas-cook-group","status":"publish","type":"post","link":"https:\/\/www.visit-ulcinj.com\/blog\/2014\/04\/12\/czarnogora-zostala-doceniona-przez-thomas-cook-group\/","title":{"rendered":"Czarnog\u00f3ra zosta\u0142a doceniona przez Thomas Cook Group"},"content":{"rendered":"<p><a href=\"http:\/\/www.visit-ulcinj.com\/blog\/wp-content\/uploads\/2014\/04\/Czarnogora-Turystyka.jpg\"><img loading=\"lazy\" class=\"alignleft  wp-image-81427\" alt=\"Czarnogora-Turystyka\" src=\"http:\/\/www.visit-ulcinj.com\/blog\/wp-content\/uploads\/2014\/04\/Czarnogora-Turystyka.jpg\" width=\"508\" height=\"360\" \/><\/a>Thomas Cook, wiod\u0105ca brytyjska firma organizuj\u0105ca wycieczki i wczasy \u00a0przyzna\u0142a Czarnog\u00f3rze br\u0105zow\u0105 plakietk\u0119 \u201eDestination of Excellence\u201d za rok 2014, za ponadprzeci\u0119tny wk\u0142ad w rozw\u00f3j zr\u00f3wnowa\u017conej turystyki, poinformowa\u0142a Czarnog\u00f3rska Organizacja Turystyczna (NTO).<\/p>\n<p>Firma Thomas Cook jest oddana odpowiedzialnemu spo\u0142ecznie prowadzeniu biznesu, zr\u00f3wnowa\u017conemu rozwojowi i ochronie \u015brodowiska naturalnego, a program \u201eDestination of Excellence\u201d, zosta\u0142 zainaugurowany w maju 2012 r. jako obszar do prowadzenia dzia\u0142alno\u015bci zgodnie z zasadami zr\u00f3wnowa\u017conego rozwoju. Program przewiduje trzy rodzaje wyr\u00f3\u017cnie\u0144 \u2013 br\u0105zowe, srebrne i z\u0142ote. Do dzi\u015b 25 miejsc mo\u017ce poszczyci\u0107 si\u0119 zdobyciem br\u0105zowej plakietki, jest mi\u0119dzy nimi tak\u017ce Czarnog\u00f3ra \u2013 zaznaczono w o\u015bwiadczeniu NTO.<\/p>\n<p>Wyr\u00f3\u017cnienie zosta\u0142o przyznane na podstawie bada\u0144 przeprowadzonych w ci\u0105gu ubieg\u0142ego roku, we wsp\u00f3\u0142pracy biura Alfa Tours z Budvy i przedstawiciela Thomas Cook w Czarnog\u00f3rze. Obserwacje wykaza\u0142y, \u017ce Czarnog\u00f3ra osi\u0105gn\u0119\u0142a wyznaczniki zr\u00f3wnowa\u017conego rozwoju turystyki wymagane programem \u201eDestination of Excellence\u201d.<\/p>\n<p>Br\u0105zowa plakietka pokazuje, \u017ce Czarnog\u00f3ra rozwija polityk\u0119 zr\u00f3wnowa\u017conego rozwoju i z sukcesem zmniejsza wp\u0142yw turystyki na \u015brodowiska naturalne.<\/p>\n<p>Thomas Cook Group jest jednym z najbardziej znanych i najstarszych na \u015bwiecie biur podr\u00f3\u017cy. Zosta\u0142o za\u0142o\u017cone w 1841 r. w Londynie, a dzisiaj ma przedstawicielstwa w 17 krajach i zatrudnia ponad 27 tys. os\u00f3b. Ka\u017cdego roku 23 mln ludzi korzysta z ich pomocy przy organizacji swoich wakacyjnych wyjazd\u00f3w.<\/p>\n<p>W Czarnog\u00f3rze firma Thomas Cook jest obecna od 1998 r., kiedy nawi\u0105zano owocn\u0105 wsp\u00f3\u0142prac\u0119 z biurem Alfa Tours z Budvy, co przyczynia si\u0119 do promowania Czarnog\u00f3ry jako atrakcyjnego celu turystycznego na arenie mi\u0119dzynarodowej \u2013 napisano w o\u015bwiadczeniu NTO.<\/p>\n<p><strong>\u0179r\u00f3d\u0142o: <a href=\"http:\/\/www.vijesti.me\/vijesti\/thomas-cook-dodijelio-bronzanu-plaketu-crnoj-gori-clanak-194671\" target=\"_blank\">vijesti.me, balkanistyka.org<\/a><\/strong><\/p>\n","protected":false},"excerpt":{"rendered":"<p>Thomas Cook, wiod\u0105ca brytyjska firma organizuj\u0105ca wycieczki i wczasy \u00a0przyzna\u0142a Czarnog\u00f3rze br\u0105zow\u0105 plakietk\u0119 \u201eDestination of Excellence\u201d za rok 2014, za ponadprzeci\u0119tny wk\u0142ad w rozw\u00f3j zr\u00f3wnowa\u017conej turystyki, poinformowa\u0142a Czarnog\u00f3rska Organizacja Turystyczna (NTO). Firma Thomas Cook jest oddana odpowiedzialnemu spo\u0142ecznie prowadzeniu biznesu, zr\u00f3wnowa\u017conemu rozwojowi i ochronie \u015brodowiska naturalnego, a program \u201eDestination of Excellence\u201d, zosta\u0142 zainaugurowany w maju [&hellip;]<\/p>\n","protected":false},"author":1,"featured_media":0,"comment_status":"closed","ping_status":"closed","sticky":false,"template":"","format":"standard","meta":{"spay_email":"","jetpack_publicize_message":"","jetpack_is_tweetstorm":false,"jetpack_publicize_feature_enabled":true},"categories":[6950],"tags":[],"jetpack_publicize_connections":[],"yoast_head":"<!-- This site is optimized with the Yoast SEO plugin v19.1 - https:\/\/yoast.com\/wordpress\/plugins\/seo\/ -->\n<title>Czarnog\u00f3ra zosta\u0142a doceniona przez Thomas Cook Group - Lajme nga Ulqini<\/title>\n<meta name=\"description\" content=\"Thomas Cook, wiod\u0105ca brytyjska firma organizuj\u0105ca wycieczki i wczasy \u00a0przyzna\u0142a Czarnog\u00f3rze br\u0105zow\u0105 plakietk\u0119 \u201eDestination of Excellence\u201d za rok 2014, za\" \/>\n<meta name=\"robots\" content=\"index, follow, max-snippet:-1, max-image-preview:large, max-video-preview:-1\" \/>\n<link rel=\"canonical\" href=\"https:\/\/www.visit-ulcinj.com\/blog\/2014\/04\/12\/czarnogora-zostala-doceniona-przez-thomas-cook-group\/\" \/>\n<meta property=\"og:locale\" content=\"en_US\" \/>\n<meta property=\"og:type\" content=\"article\" \/>\n<meta property=\"og:title\" content=\"Czarnog\u00f3ra zosta\u0142a doceniona przez Thomas Cook Group - Lajme nga Ulqini\" \/>\n<meta property=\"og:description\" content=\"Thomas Cook, wiod\u0105ca brytyjska firma organizuj\u0105ca wycieczki i wczasy \u00a0przyzna\u0142a Czarnog\u00f3rze br\u0105zow\u0105 plakietk\u0119 \u201eDestination of Excellence\u201d za rok 2014, za\" \/>\n<meta property=\"og:url\" content=\"https:\/\/www.visit-ulcinj.com\/blog\/2014\/04\/12\/czarnogora-zostala-doceniona-przez-thomas-cook-group\/\" \/>\n<meta property=\"og:site_name\" content=\"Lajme nga Ulqini\" \/>\n<meta property=\"article:published_time\" content=\"2014-04-12T17:07:21+00:00\" \/>\n<meta property=\"article:modified_time\" content=\"2014-04-12T17:09:38+00:00\" \/>\n<meta property=\"og:image\" content=\"http:\/\/www.visit-ulcinj.com\/blog\/wp-content\/uploads\/2014\/04\/Czarnogora-Turystyka.jpg\" \/>\n<meta name=\"twitter:label1\" content=\"Written by\" \/>\n\t<meta name=\"twitter:data1\" content=\"ulqini\" \/>\n\t<meta name=\"twitter:label2\" content=\"Est. reading time\" \/>\n\t<meta name=\"twitter:data2\" content=\"1 minute\" \/>\n<script type=\"application\/ld+json\" class=\"yoast-schema-graph\">{\"@context\":\"https:\/\/schema.org\",\"@graph\":[{\"@type\":\"WebSite\",\"@id\":\"https:\/\/www.visit-ulcinj.com\/blog\/#website\",\"url\":\"https:\/\/www.visit-ulcinj.com\/blog\/\",\"name\":\"Lajme nga Ulqini\",\"description\":\"Lajme,Vijesti,Ulqini,Ulqin,Crna Gora,Mali i Zi\",\"potentialAction\":[{\"@type\":\"SearchAction\",\"target\":{\"@type\":\"EntryPoint\",\"urlTemplate\":\"https:\/\/www.visit-ulcinj.com\/blog\/?s={search_term_string}\"},\"query-input\":\"required name=search_term_string\"}],\"inLanguage\":\"en-US\"},{\"@type\":\"ImageObject\",\"inLanguage\":\"en-US\",\"@id\":\"https:\/\/www.visit-ulcinj.com\/blog\/2014\/04\/12\/czarnogora-zostala-doceniona-przez-thomas-cook-group\/#primaryimage\",\"url\":\"https:\/\/www.visit-ulcinj.com\/blog\/wp-content\/uploads\/2014\/04\/Czarnogora-Turystyka.jpg\",\"contentUrl\":\"https:\/\/www.visit-ulcinj.com\/blog\/wp-content\/uploads\/2014\/04\/Czarnogora-Turystyka.jpg\",\"width\":630,\"height\":399},{\"@type\":\"WebPage\",\"@id\":\"https:\/\/www.visit-ulcinj.com\/blog\/2014\/04\/12\/czarnogora-zostala-doceniona-przez-thomas-cook-group\/#webpage\",\"url\":\"https:\/\/www.visit-ulcinj.com\/blog\/2014\/04\/12\/czarnogora-zostala-doceniona-przez-thomas-cook-group\/\",\"name\":\"Czarnog\u00f3ra zosta\u0142a doceniona przez Thomas Cook Group - Lajme nga Ulqini\",\"isPartOf\":{\"@id\":\"https:\/\/www.visit-ulcinj.com\/blog\/#website\"},\"primaryImageOfPage\":{\"@id\":\"https:\/\/www.visit-ulcinj.com\/blog\/2014\/04\/12\/czarnogora-zostala-doceniona-przez-thomas-cook-group\/#primaryimage\"},\"datePublished\":\"2014-04-12T17:07:21+00:00\",\"dateModified\":\"2014-04-12T17:09:38+00:00\",\"author\":{\"@id\":\"https:\/\/www.visit-ulcinj.com\/blog\/#\/schema\/person\/dcab619c614d3038751c63bc2aadc06d\"},\"description\":\"Thomas Cook, wiod\u0105ca brytyjska firma organizuj\u0105ca wycieczki i wczasy \u00a0przyzna\u0142a Czarnog\u00f3rze br\u0105zow\u0105 plakietk\u0119 \u201eDestination of Excellence\u201d za rok 2014, za\",\"breadcrumb\":{\"@id\":\"https:\/\/www.visit-ulcinj.com\/blog\/2014\/04\/12\/czarnogora-zostala-doceniona-przez-thomas-cook-group\/#breadcrumb\"},\"inLanguage\":\"en-US\",\"potentialAction\":[{\"@type\":\"ReadAction\",\"target\":[\"https:\/\/www.visit-ulcinj.com\/blog\/2014\/04\/12\/czarnogora-zostala-doceniona-przez-thomas-cook-group\/\"]}]},{\"@type\":\"BreadcrumbList\",\"@id\":\"https:\/\/www.visit-ulcinj.com\/blog\/2014\/04\/12\/czarnogora-zostala-doceniona-przez-thomas-cook-group\/#breadcrumb\",\"itemListElement\":[{\"@type\":\"ListItem\",\"position\":1,\"name\":\"Czarnog\u00f3ra zosta\u0142a doceniona przez Thomas Cook Group\"}]},{\"@type\":\"Person\",\"@id\":\"https:\/\/www.visit-ulcinj.com\/blog\/#\/schema\/person\/dcab619c614d3038751c63bc2aadc06d\",\"name\":\"ulqini\",\"sameAs\":[\"http:\/\/www.visit-ulcinj.com\"],\"url\":\"https:\/\/www.visit-ulcinj.com\/blog\/author\/admin\/\"}]}<\/script>\n<!-- \/ Yoast SEO plugin. -->","yoast_head_json":{"title":"Czarnog\u00f3ra zosta\u0142a doceniona przez Thomas Cook Group - Lajme nga Ulqini","description":"Thomas Cook, wiod\u0105ca brytyjska firma organizuj\u0105ca wycieczki i wczasy \u00a0przyzna\u0142a Czarnog\u00f3rze br\u0105zow\u0105 plakietk\u0119 \u201eDestination of Excellence\u201d za rok 2014, za","robots":{"index":"index","follow":"follow","max-snippet":"max-snippet:-1","max-image-preview":"max-image-preview:large","max-video-preview":"max-video-preview:-1"},"canonical":"https:\/\/www.visit-ulcinj.com\/blog\/2014\/04\/12\/czarnogora-zostala-doceniona-przez-thomas-cook-group\/","og_locale":"en_US","og_type":"article","og_title":"Czarnog\u00f3ra zosta\u0142a doceniona przez Thomas Cook Group - Lajme nga Ulqini","og_description":"Thomas Cook, wiod\u0105ca brytyjska firma organizuj\u0105ca wycieczki i wczasy \u00a0przyzna\u0142a Czarnog\u00f3rze br\u0105zow\u0105 plakietk\u0119 \u201eDestination of Excellence\u201d za rok 2014, za","og_url":"https:\/\/www.visit-ulcinj.com\/blog\/2014\/04\/12\/czarnogora-zostala-doceniona-przez-thomas-cook-group\/","og_site_name":"Lajme nga Ulqini","article_published_time":"2014-04-12T17:07:21+00:00","article_modified_time":"2014-04-12T17:09:38+00:00","og_image":[{"url":"http:\/\/www.visit-ulcinj.com\/blog\/wp-content\/uploads\/2014\/04\/Czarnogora-Turystyka.jpg"}],"twitter_misc":{"Written by":"ulqini","Est. reading time":"1 minute"},"schema":{"@context":"https:\/\/schema.org","@graph":[{"@type":"WebSite","@id":"https:\/\/www.visit-ulcinj.com\/blog\/#website","url":"https:\/\/www.visit-ulcinj.com\/blog\/","name":"Lajme nga Ulqini","description":"Lajme,Vijesti,Ulqini,Ulqin,Crna Gora,Mali i Zi","potentialAction":[{"@type":"SearchAction","target":{"@type":"EntryPoint","urlTemplate":"https:\/\/www.visit-ulcinj.com\/blog\/?s={search_term_string}"},"query-input":"required name=search_term_string"}],"inLanguage":"en-US"},{"@type":"ImageObject","inLanguage":"en-US","@id":"https:\/\/www.visit-ulcinj.com\/blog\/2014\/04\/12\/czarnogora-zostala-doceniona-przez-thomas-cook-group\/#primaryimage","url":"https:\/\/www.visit-ulcinj.com\/blog\/wp-content\/uploads\/2014\/04\/Czarnogora-Turystyka.jpg","contentUrl":"https:\/\/www.visit-ulcinj.com\/blog\/wp-content\/uploads\/2014\/04\/Czarnogora-Turystyka.jpg","width":630,"height":399},{"@type":"WebPage","@id":"https:\/\/www.visit-ulcinj.com\/blog\/2014\/04\/12\/czarnogora-zostala-doceniona-przez-thomas-cook-group\/#webpage","url":"https:\/\/www.visit-ulcinj.com\/blog\/2014\/04\/12\/czarnogora-zostala-doceniona-przez-thomas-cook-group\/","name":"Czarnog\u00f3ra zosta\u0142a doceniona przez Thomas Cook Group - Lajme nga Ulqini","isPartOf":{"@id":"https:\/\/www.visit-ulcinj.com\/blog\/#website"},"primaryImageOfPage":{"@id":"https:\/\/www.visit-ulcinj.com\/blog\/2014\/04\/12\/czarnogora-zostala-doceniona-przez-thomas-cook-group\/#primaryimage"},"datePublished":"2014-04-12T17:07:21+00:00","dateModified":"2014-04-12T17:09:38+00:00","author":{"@id":"https:\/\/www.visit-ulcinj.com\/blog\/#\/schema\/person\/dcab619c614d3038751c63bc2aadc06d"},"description":"Thomas Cook, wiod\u0105ca brytyjska firma organizuj\u0105ca wycieczki i wczasy \u00a0przyzna\u0142a Czarnog\u00f3rze br\u0105zow\u0105 plakietk\u0119 \u201eDestination of Excellence\u201d za rok 2014, za","breadcrumb":{"@id":"https:\/\/www.visit-ulcinj.com\/blog\/2014\/04\/12\/czarnogora-zostala-doceniona-przez-thomas-cook-group\/#breadcrumb"},"inLanguage":"en-US","potentialAction":[{"@type":"ReadAction","target":["https:\/\/www.visit-ulcinj.com\/blog\/2014\/04\/12\/czarnogora-zostala-doceniona-przez-thomas-cook-group\/"]}]},{"@type":"BreadcrumbList","@id":"https:\/\/www.visit-ulcinj.com\/blog\/2014\/04\/12\/czarnogora-zostala-doceniona-przez-thomas-cook-group\/#breadcrumb","itemListElement":[{"@type":"ListItem","position":1,"name":"Czarnog\u00f3ra zosta\u0142a doceniona przez Thomas Cook Group"}]},{"@type":"Person","@id":"https:\/\/www.visit-ulcinj.com\/blog\/#\/schema\/person\/dcab619c614d3038751c63bc2aadc06d","name":"ulqini","sameAs":["http:\/\/www.visit-ulcinj.com"],"url":"https:\/\/www.visit-ulcinj.com\/blog\/author\/admin\/"}]}},"jetpack_featured_media_url":"","jetpack_sharing_enabled":true,"jetpack_shortlink":"https:\/\/wp.me\/pe6lTn-lbj","_links":{"self":[{"href":"https:\/\/www.visit-ulcinj.com\/blog\/wp-json\/wp\/v2\/posts\/81425"}],"collection":[{"href":"https:\/\/www.visit-ulcinj.com\/blog\/wp-json\/wp\/v2\/posts"}],"about":[{"href":"https:\/\/www.visit-ulcinj.com\/blog\/wp-json\/wp\/v2\/types\/post"}],"author":[{"embeddable":true,"href":"https:\/\/www.visit-ulcinj.com\/blog\/wp-json\/wp\/v2\/users\/1"}],"replies":[{"embeddable":true,"href":"https:\/\/www.visit-ulcinj.com\/blog\/wp-json\/wp\/v2\/comments?post=81425"}],"version-history":[{"count":2,"href":"https:\/\/www.visit-ulcinj.com\/blog\/wp-json\/wp\/v2\/posts\/81425\/revisions"}],"predecessor-version":[{"id":81429,"href":"https:\/\/www.visit-ulcinj.com\/blog\/wp-json\/wp\/v2\/posts\/81425\/revisions\/81429"}],"wp:attachment":[{"href":"https:\/\/www.visit-ulcinj.com\/blog\/wp-json\/wp\/v2\/media?parent=81425"}],"wp:term":[{"taxonomy":"category","embeddable":true,"href":"https:\/\/www.visit-ulcinj.com\/blog\/wp-json\/wp\/v2\/categories?post=81425"},{"taxonomy":"post_tag","embeddable":true,"href":"https:\/\/www.visit-ulcinj.com\/blog\/wp-json\/wp\/v2\/tags?post=81425"}],"curies":[{"name":"wp","href":"https:\/\/api.w.org\/{rel}","templated":true}]}}