{"id":81445,"date":"2014-04-13T08:35:27","date_gmt":"2014-04-13T07:35:27","guid":{"rendered":"http:\/\/www.visit-ulcinj.com\/blog\/?p=81445"},"modified":"2014-04-14T14:56:41","modified_gmt":"2014-04-14T13:56:41","slug":"perfundon-fest-edicioni-vii-lojnave-popullore-ne-oblik-shkoder-foto","status":"publish","type":"post","link":"https:\/\/www.visit-ulcinj.com\/blog\/2014\/04\/13\/perfundon-fest-edicioni-vii-lojnave-popullore-ne-oblik-shkoder-foto\/","title":{"rendered":"P\u00ebrfundon Fest edicioni i VII  Lojnave Popullore n\u00eb Oblik &#8211; Shkod\u00ebr + Foto"},"content":{"rendered":"<p><strong><a href=\"http:\/\/www.visit-ulcinj.com\/blog\/wp-content\/uploads\/2014\/04\/Fest-edicioni-i-VII-Lojnave-Popullore-Oblik-Shkod\u00ebr-.jpg\"><img loading=\"lazy\" class=\"alignleft  wp-image-81446\" alt=\"Fest edicioni i VII  Lojnave Popullore-Oblik - Shkod\u00ebr-\" src=\"http:\/\/www.visit-ulcinj.com\/blog\/wp-content\/uploads\/2014\/04\/Fest-edicioni-i-VII-Lojnave-Popullore-Oblik-Shkod\u00ebr-.jpg\" width=\"508\" height=\"360\" \/><\/a>Sot 12 prill 2014 n\u00eb Oblik\u00eb Ana Malit \u2013 Shkod\u00ebr u mbajten\u00a0 \u201c Lojrat popullore fest\u201d edicioni i 7-t\u00eb, i organizuar nga organizata THE DOOR Albania.<\/strong><\/p>\n<p>N\u00eb k\u00ebt\u00eb eveniment kulturor\u00eb ishim t\u00eb ftuar dhe ne,\u00a0 OJQ \u201cBiznis Klub Ana Malit\u201d\u00a0 ku n\u00eb garat e futbollit n\u00eb finalen Zus 0:2 Oblik\u00eb ku dor\u00ebzimin e kup\u00ebs p\u00ebr ekipin fitues, n\u00eb shenj\u00eb respekti e b\u00ebri z. Kabil Kurti, kryetari i BKA-s\u00eb, t\u00eb ashtuquajtur kupa pranverore \u201cAldin\u201d.<\/p>\n<p>N\u00eb kuad\u00ebr t\u00eb BKA-s\u00eb tashm\u00eb dihet q\u00eb \u00ebsht\u00eb dhe SHA \u201cTradita\u201d, ku mor\u00ebn pjes\u00eb n\u00eb gar\u00eb me vallet foklorike tradicionale.<\/p>\n<p><a href=\"http:\/\/www.visit-ulcinj.com\/blog\/wp-content\/uploads\/2014\/04\/Fest-edicioni-i-VII-Lojnave-Popullore-Oblik-Shkod\u00ebr-1.jpg\"><img loading=\"lazy\" class=\"alignleft  wp-image-81447\" alt=\"Fest edicioni i VII  Lojnave Popullore-Oblik - Shkod\u00ebr-1\" src=\"http:\/\/www.visit-ulcinj.com\/blog\/wp-content\/uploads\/2014\/04\/Fest-edicioni-i-VII-Lojnave-Popullore-Oblik-Shkod\u00ebr-1.jpg\" width=\"508\" height=\"360\" \/><\/a><\/p>\n<p>N\u00eb lojrat popullore fest ku p\u00ebr her\u00eb t\u00eb par\u00eb n\u00eb Amfiteatrin Natyror\u00eb n\u00eb Fermen Ekosociale \u2013 Oblik\u00eb u mbajt\u00ebn shum\u00eb gara n\u00eb lojra t\u00eb ndryshme tradicionale ku\u00a0 nuk mungoi edhe pjes\u00ebmarrja e madhe e shoq\u00ebrive artistike kulturore nga rrethet tjera, \u00a0nga Kosova mor\u00ebn pjes\u00eb shoq\u00ebria e t\u00eb rinjve\u00a0 nga qyteti i Ka\u00e7anikut, nga rrethet tjera t\u00eb Shqip\u00ebris\u00eb si: Rubiku, Vlora, Daj\u00e7i, Berdica, Vau Dejes, Komuniteti Egjiptian dhe disa shkolla me performancat e tyre etj.<\/p>\n<p>Si vendase mori pjes\u00eb SHA \u201cAna Malit\u201d pjesa e Shkodr\u00ebs dhe Ana e Malit pjesa e Ulqinit e p\u00ebrfaq\u00ebsuar nga SHA Tradita ku prezantimi u b\u00eb n\u00eb nj\u00eb umbrell\u00eb i te dy pjes\u00ebve t\u00eb An\u00ebs s\u00eb Malit i ashtuquajtur \u201cAna e Malit e Bashkuar\u201d.<\/p>\n<p><a href=\"http:\/\/www.visit-ulcinj.com\/blog\/wp-content\/uploads\/2014\/04\/Fest-edicioni-i-VII-Lojnave-Popullore-Oblik-Shkod\u00ebr-2.jpg\"><img loading=\"lazy\" class=\"alignleft  wp-image-81448\" alt=\"Fest edicioni i VII  Lojnave Popullore-Oblik - Shkod\u00ebr-2\" src=\"http:\/\/www.visit-ulcinj.com\/blog\/wp-content\/uploads\/2014\/04\/Fest-edicioni-i-VII-Lojnave-Popullore-Oblik-Shkod\u00ebr-2.jpg\" width=\"508\" height=\"360\" \/><\/a><\/p>\n<p>SHA \u201cTradita \u201d si p\u00ebrfaq\u00ebsuese e An\u00ebs s\u00eb Malit t\u00eb Komun\u00ebs s\u00eb Ulqinit u korurzuar me 2 \u00e7mime nga juria e Fest Loj\u00ebs:<\/p>\n<p>P\u00ebr vall\u00ebn me motive folklorike \u201cRituali i ceremonis\u00eb s\u00eb dasm\u00ebs\u201d SHA Tradita Ana Malit \u2013 Ulqin mori \u00e7mimin e II (dyt\u00eb),\u00a0\u00a0\u00a0\u00a0\u00a0\u00a0\u00a0\u00a0\u00a0\u00a0\u00a0\u00a0\u00a0 dhe<\/p>\n<p>P\u00ebr trupen m\u00eb t\u00eb mir\u00eb, vendi I (par\u00eb),\u00a0 i jepet shoq\u00ebris\u00eb \u201cAna Malit e Bashkuar\u201d ku jan\u00eb ndar\u00eb dy diploma me t\u00eb nj\u00ebjtin \u00e7mim p\u00ebr SHA \u201cTradita\u201d Ana Malit Ulqin dhe SHA \u201cAna Malit\u201d Shkod\u00ebr.<\/p>\n<p>&nbsp;<\/p>\n<p><strong>Administratorja BKA-s\u00eb<\/strong><\/p>\n<p><strong>Senada Hoxha<\/strong><\/p>\n\n\t\t<style type=\"text\/css\">\n\t\t\t#gallery-1 {\n\t\t\t\tmargin: auto;\n\t\t\t}\n\t\t\t#gallery-1 .gallery-item {\n\t\t\t\tfloat: left;\n\t\t\t\tmargin-top: 10px;\n\t\t\t\ttext-align: center;\n\t\t\t\twidth: 33%;\n\t\t\t}\n\t\t\t#gallery-1 img {\n\t\t\t\tborder: 2px solid #cfcfcf;\n\t\t\t}\n\t\t\t#gallery-1 .gallery-caption {\n\t\t\t\tmargin-left: 0;\n\t\t\t}\n\t\t\t\/* see gallery_shortcode() in wp-includes\/media.php *\/\n\t\t<\/style>\n\t\t<div id='gallery-1' class='gallery galleryid-81445 gallery-columns-3 gallery-size-thumbnail'><dl class='gallery-item'>\n\t\t\t<dt class='gallery-icon landscape'>\n\t\t\t\t<a href='https:\/\/www.visit-ulcinj.com\/blog\/2014\/04\/13\/perfundon-fest-edicioni-vii-lojnave-popullore-ne-oblik-shkoder-foto\/fest-edicioni-i-vii-lojnave-popullore-oblik-shkoder-15\/'><img width=\"150\" height=\"150\" src=\"https:\/\/www.visit-ulcinj.com\/blog\/wp-content\/uploads\/2014\/04\/Fest-edicioni-i-VII-Lojnave-Popullore-Oblik-Shkod\u00ebr-15-150x150.jpg\" class=\"attachment-thumbnail size-thumbnail\" alt=\"\" loading=\"lazy\" \/><\/a>\n\t\t\t<\/dt><\/dl><dl class='gallery-item'>\n\t\t\t<dt class='gallery-icon landscape'>\n\t\t\t\t<a href='https:\/\/www.visit-ulcinj.com\/blog\/2014\/04\/13\/perfundon-fest-edicioni-vii-lojnave-popullore-ne-oblik-shkoder-foto\/fest-edicioni-i-vii-lojnave-popullore-oblik-shkoder-14\/'><img width=\"150\" height=\"150\" src=\"https:\/\/www.visit-ulcinj.com\/blog\/wp-content\/uploads\/2014\/04\/Fest-edicioni-i-VII-Lojnave-Popullore-Oblik-Shkod\u00ebr-14-150x150.jpg\" class=\"attachment-thumbnail size-thumbnail\" alt=\"\" loading=\"lazy\" \/><\/a>\n\t\t\t<\/dt><\/dl><dl class='gallery-item'>\n\t\t\t<dt class='gallery-icon landscape'>\n\t\t\t\t<a href='https:\/\/www.visit-ulcinj.com\/blog\/2014\/04\/13\/perfundon-fest-edicioni-vii-lojnave-popullore-ne-oblik-shkoder-foto\/fest-edicioni-i-vii-lojnave-popullore-oblik-shkoder-10\/'><img width=\"150\" height=\"150\" src=\"https:\/\/www.visit-ulcinj.com\/blog\/wp-content\/uploads\/2014\/04\/Fest-edicioni-i-VII-Lojnave-Popullore-Oblik-Shkod\u00ebr-10-150x150.jpg\" class=\"attachment-thumbnail size-thumbnail\" alt=\"\" loading=\"lazy\" \/><\/a>\n\t\t\t<\/dt><\/dl><br style=\"clear: both\" \/><dl class='gallery-item'>\n\t\t\t<dt class='gallery-icon landscape'>\n\t\t\t\t<a href='https:\/\/www.visit-ulcinj.com\/blog\/2014\/04\/13\/perfundon-fest-edicioni-vii-lojnave-popullore-ne-oblik-shkoder-foto\/fest-edicioni-i-vii-lojnave-popullore-oblik-shkoder-9\/'><img width=\"150\" height=\"150\" src=\"https:\/\/www.visit-ulcinj.com\/blog\/wp-content\/uploads\/2014\/04\/Fest-edicioni-i-VII-Lojnave-Popullore-Oblik-Shkod\u00ebr-9-150x150.jpg\" class=\"attachment-thumbnail size-thumbnail\" alt=\"\" loading=\"lazy\" \/><\/a>\n\t\t\t<\/dt><\/dl><dl class='gallery-item'>\n\t\t\t<dt class='gallery-icon landscape'>\n\t\t\t\t<a href='https:\/\/www.visit-ulcinj.com\/blog\/2014\/04\/13\/perfundon-fest-edicioni-vii-lojnave-popullore-ne-oblik-shkoder-foto\/fest-edicioni-i-vii-lojnave-popullore-oblik-shkoder-8\/'><img width=\"150\" height=\"150\" src=\"https:\/\/www.visit-ulcinj.com\/blog\/wp-content\/uploads\/2014\/04\/Fest-edicioni-i-VII-Lojnave-Popullore-Oblik-Shkod\u00ebr-8-150x150.jpg\" class=\"attachment-thumbnail size-thumbnail\" alt=\"\" loading=\"lazy\" \/><\/a>\n\t\t\t<\/dt><\/dl><dl class='gallery-item'>\n\t\t\t<dt class='gallery-icon landscape'>\n\t\t\t\t<a href='https:\/\/www.visit-ulcinj.com\/blog\/2014\/04\/13\/perfundon-fest-edicioni-vii-lojnave-popullore-ne-oblik-shkoder-foto\/fest-edicioni-i-vii-lojnave-popullore-oblik-shkoder-7\/'><img width=\"150\" height=\"150\" src=\"https:\/\/www.visit-ulcinj.com\/blog\/wp-content\/uploads\/2014\/04\/Fest-edicioni-i-VII-Lojnave-Popullore-Oblik-Shkod\u00ebr-7-150x150.jpg\" class=\"attachment-thumbnail size-thumbnail\" alt=\"\" loading=\"lazy\" \/><\/a>\n\t\t\t<\/dt><\/dl><br style=\"clear: both\" \/><dl class='gallery-item'>\n\t\t\t<dt class='gallery-icon landscape'>\n\t\t\t\t<a href='https:\/\/www.visit-ulcinj.com\/blog\/2014\/04\/13\/perfundon-fest-edicioni-vii-lojnave-popullore-ne-oblik-shkoder-foto\/fest-edicioni-i-vii-lojnave-popullore-oblik-shkoder-6\/'><img width=\"150\" height=\"150\" src=\"https:\/\/www.visit-ulcinj.com\/blog\/wp-content\/uploads\/2014\/04\/Fest-edicioni-i-VII-Lojnave-Popullore-Oblik-Shkod\u00ebr-6-150x150.jpg\" class=\"attachment-thumbnail size-thumbnail\" alt=\"\" loading=\"lazy\" \/><\/a>\n\t\t\t<\/dt><\/dl><dl class='gallery-item'>\n\t\t\t<dt class='gallery-icon landscape'>\n\t\t\t\t<a href='https:\/\/www.visit-ulcinj.com\/blog\/2014\/04\/13\/perfundon-fest-edicioni-vii-lojnave-popullore-ne-oblik-shkoder-foto\/fest-edicioni-i-vii-lojnave-popullore-oblik-shkoder-5\/'><img width=\"150\" height=\"150\" src=\"https:\/\/www.visit-ulcinj.com\/blog\/wp-content\/uploads\/2014\/04\/Fest-edicioni-i-VII-Lojnave-Popullore-Oblik-Shkod\u00ebr-5-150x150.jpg\" class=\"attachment-thumbnail size-thumbnail\" alt=\"\" loading=\"lazy\" \/><\/a>\n\t\t\t<\/dt><\/dl><dl class='gallery-item'>\n\t\t\t<dt class='gallery-icon landscape'>\n\t\t\t\t<a href='https:\/\/www.visit-ulcinj.com\/blog\/2014\/04\/13\/perfundon-fest-edicioni-vii-lojnave-popullore-ne-oblik-shkoder-foto\/fest-edicioni-i-vii-lojnave-popullore-oblik-shkoder-4\/'><img width=\"150\" height=\"150\" src=\"https:\/\/www.visit-ulcinj.com\/blog\/wp-content\/uploads\/2014\/04\/Fest-edicioni-i-VII-Lojnave-Popullore-Oblik-Shkod\u00ebr-4-150x150.jpg\" class=\"attachment-thumbnail size-thumbnail\" alt=\"\" loading=\"lazy\" \/><\/a>\n\t\t\t<\/dt><\/dl><br style=\"clear: both\" \/><dl class='gallery-item'>\n\t\t\t<dt class='gallery-icon landscape'>\n\t\t\t\t<a href='https:\/\/www.visit-ulcinj.com\/blog\/2014\/04\/13\/perfundon-fest-edicioni-vii-lojnave-popullore-ne-oblik-shkoder-foto\/fest-edicioni-i-vii-lojnave-popullore-oblik-shkoder-13\/'><img width=\"150\" height=\"150\" src=\"https:\/\/www.visit-ulcinj.com\/blog\/wp-content\/uploads\/2014\/04\/Fest-edicioni-i-VII-Lojnave-Popullore-Oblik-Shkod\u00ebr-13-150x150.jpg\" class=\"attachment-thumbnail size-thumbnail\" alt=\"\" loading=\"lazy\" \/><\/a>\n\t\t\t<\/dt><\/dl><dl class='gallery-item'>\n\t\t\t<dt class='gallery-icon landscape'>\n\t\t\t\t<a href='https:\/\/www.visit-ulcinj.com\/blog\/2014\/04\/13\/perfundon-fest-edicioni-vii-lojnave-popullore-ne-oblik-shkoder-foto\/fest-edicioni-i-vii-lojnave-popullore-oblik-shkoder-12\/'><img width=\"150\" height=\"150\" src=\"https:\/\/www.visit-ulcinj.com\/blog\/wp-content\/uploads\/2014\/04\/Fest-edicioni-i-VII-Lojnave-Popullore-Oblik-Shkod\u00ebr-12-150x150.jpg\" class=\"attachment-thumbnail size-thumbnail\" alt=\"\" loading=\"lazy\" \/><\/a>\n\t\t\t<\/dt><\/dl><dl class='gallery-item'>\n\t\t\t<dt class='gallery-icon landscape'>\n\t\t\t\t<a href='https:\/\/www.visit-ulcinj.com\/blog\/2014\/04\/13\/perfundon-fest-edicioni-vii-lojnave-popullore-ne-oblik-shkoder-foto\/fest-edicioni-i-vii-lojnave-popullore-oblik-shkoder-11\/'><img width=\"150\" height=\"150\" src=\"https:\/\/www.visit-ulcinj.com\/blog\/wp-content\/uploads\/2014\/04\/Fest-edicioni-i-VII-Lojnave-Popullore-Oblik-Shkod\u00ebr-11-150x150.jpg\" class=\"attachment-thumbnail size-thumbnail\" alt=\"\" loading=\"lazy\" \/><\/a>\n\t\t\t<\/dt><\/dl><br style=\"clear: both\" \/><dl class='gallery-item'>\n\t\t\t<dt class='gallery-icon landscape'>\n\t\t\t\t<a href='https:\/\/www.visit-ulcinj.com\/blog\/2014\/04\/13\/perfundon-fest-edicioni-vii-lojnave-popullore-ne-oblik-shkoder-foto\/fest-edicioni-i-vii-lojnave-popullore-oblik-shkoder-3\/'><img width=\"150\" height=\"150\" src=\"https:\/\/www.visit-ulcinj.com\/blog\/wp-content\/uploads\/2014\/04\/Fest-edicioni-i-VII-Lojnave-Popullore-Oblik-Shkod\u00ebr-3-150x150.jpg\" class=\"attachment-thumbnail size-thumbnail\" alt=\"\" loading=\"lazy\" \/><\/a>\n\t\t\t<\/dt><\/dl><dl class='gallery-item'>\n\t\t\t<dt class='gallery-icon landscape'>\n\t\t\t\t<a href='https:\/\/www.visit-ulcinj.com\/blog\/2014\/04\/13\/perfundon-fest-edicioni-vii-lojnave-popullore-ne-oblik-shkoder-foto\/fest-edicioni-i-vii-lojnave-popullore-oblik-shkoder-2\/'><img width=\"150\" height=\"150\" src=\"https:\/\/www.visit-ulcinj.com\/blog\/wp-content\/uploads\/2014\/04\/Fest-edicioni-i-VII-Lojnave-Popullore-Oblik-Shkod\u00ebr-2-150x150.jpg\" class=\"attachment-thumbnail size-thumbnail\" alt=\"\" loading=\"lazy\" \/><\/a>\n\t\t\t<\/dt><\/dl><dl class='gallery-item'>\n\t\t\t<dt class='gallery-icon landscape'>\n\t\t\t\t<a href='https:\/\/www.visit-ulcinj.com\/blog\/2014\/04\/13\/perfundon-fest-edicioni-vii-lojnave-popullore-ne-oblik-shkoder-foto\/fest-edicioni-i-vii-lojnave-popullore-oblik-shkoder-1\/'><img width=\"150\" height=\"150\" src=\"https:\/\/www.visit-ulcinj.com\/blog\/wp-content\/uploads\/2014\/04\/Fest-edicioni-i-VII-Lojnave-Popullore-Oblik-Shkod\u00ebr-1-150x150.jpg\" class=\"attachment-thumbnail size-thumbnail\" alt=\"\" loading=\"lazy\" \/><\/a>\n\t\t\t<\/dt><\/dl><br style=\"clear: both\" \/>\n\t\t<\/div>\n\n","protected":false},"excerpt":{"rendered":"<p>Sot 12 prill 2014 n\u00eb Oblik\u00eb Ana Malit \u2013 Shkod\u00ebr u mbajten\u00a0 \u201c Lojrat popullore fest\u201d edicioni i 7-t\u00eb, i organizuar nga organizata THE DOOR Albania. N\u00eb k\u00ebt\u00eb eveniment kulturor\u00eb ishim t\u00eb ftuar dhe ne,\u00a0 OJQ \u201cBiznis Klub Ana Malit\u201d\u00a0 ku n\u00eb garat e futbollit n\u00eb finalen Zus 0:2 Oblik\u00eb ku dor\u00ebzimin e kup\u00ebs p\u00ebr [&hellip;]<\/p>\n","protected":false},"author":1,"featured_media":0,"comment_status":"closed","ping_status":"closed","sticky":false,"template":"","format":"standard","meta":{"spay_email":"","jetpack_publicize_message":"","jetpack_is_tweetstorm":false,"jetpack_publicize_feature_enabled":true},"categories":[1,11],"tags":[],"jetpack_publicize_connections":[],"yoast_head":"<!-- This site is optimized with the Yoast SEO plugin v19.1 - https:\/\/yoast.com\/wordpress\/plugins\/seo\/ -->\n<title>P\u00ebrfundon Fest edicioni i VII Lojnave Popullore n\u00eb Oblik - Shkod\u00ebr + Foto - Lajme nga Ulqini<\/title>\n<meta name=\"description\" content=\"Sot 12 prill 2014 n\u00eb Oblik\u00eb Ana Malit \u2013 Shkod\u00ebr u mbajten\u00a0 \u201c Lojrat popullore fest\u201d edicioni i 7-t\u00eb, i organizuar nga organizata THE DOOR Albania. N\u00eb k\u00ebt\u00eb\" \/>\n<meta name=\"robots\" content=\"index, follow, max-snippet:-1, max-image-preview:large, max-video-preview:-1\" \/>\n<link rel=\"canonical\" href=\"https:\/\/www.visit-ulcinj.com\/blog\/2014\/04\/13\/perfundon-fest-edicioni-vii-lojnave-popullore-ne-oblik-shkoder-foto\/\" \/>\n<meta property=\"og:locale\" content=\"en_US\" \/>\n<meta property=\"og:type\" content=\"article\" \/>\n<meta property=\"og:title\" content=\"P\u00ebrfundon Fest edicioni i VII Lojnave Popullore n\u00eb Oblik - Shkod\u00ebr + Foto - Lajme nga Ulqini\" \/>\n<meta property=\"og:description\" content=\"Sot 12 prill 2014 n\u00eb Oblik\u00eb Ana Malit \u2013 Shkod\u00ebr u mbajten\u00a0 \u201c Lojrat popullore fest\u201d edicioni i 7-t\u00eb, i organizuar nga organizata THE DOOR Albania. N\u00eb k\u00ebt\u00eb\" \/>\n<meta property=\"og:url\" content=\"https:\/\/www.visit-ulcinj.com\/blog\/2014\/04\/13\/perfundon-fest-edicioni-vii-lojnave-popullore-ne-oblik-shkoder-foto\/\" \/>\n<meta property=\"og:site_name\" content=\"Lajme nga Ulqini\" \/>\n<meta property=\"article:published_time\" content=\"2014-04-13T07:35:27+00:00\" \/>\n<meta property=\"article:modified_time\" content=\"2014-04-14T13:56:41+00:00\" \/>\n<meta property=\"og:image\" content=\"https:\/\/www.visit-ulcinj.com\/blog\/wp-content\/uploads\/2014\/04\/Fest-edicioni-i-VII-Lojnave-Popullore-Oblik-Shkod\u00ebr-15-150x150.jpg\" \/>\n<meta name=\"twitter:label1\" content=\"Written by\" \/>\n\t<meta name=\"twitter:data1\" content=\"ulqini\" \/>\n\t<meta name=\"twitter:label2\" content=\"Est. reading time\" \/>\n\t<meta name=\"twitter:data2\" content=\"2 minutes\" \/>\n<script type=\"application\/ld+json\" class=\"yoast-schema-graph\">{\"@context\":\"https:\/\/schema.org\",\"@graph\":[{\"@type\":\"WebSite\",\"@id\":\"https:\/\/www.visit-ulcinj.com\/blog\/#website\",\"url\":\"https:\/\/www.visit-ulcinj.com\/blog\/\",\"name\":\"Lajme nga Ulqini\",\"description\":\"Lajme,Vijesti,Ulqini,Ulqin,Crna Gora,Mali i Zi\",\"potentialAction\":[{\"@type\":\"SearchAction\",\"target\":{\"@type\":\"EntryPoint\",\"urlTemplate\":\"https:\/\/www.visit-ulcinj.com\/blog\/?s={search_term_string}\"},\"query-input\":\"required name=search_term_string\"}],\"inLanguage\":\"en-US\"},{\"@type\":\"WebPage\",\"@id\":\"https:\/\/www.visit-ulcinj.com\/blog\/2014\/04\/13\/perfundon-fest-edicioni-vii-lojnave-popullore-ne-oblik-shkoder-foto\/#webpage\",\"url\":\"https:\/\/www.visit-ulcinj.com\/blog\/2014\/04\/13\/perfundon-fest-edicioni-vii-lojnave-popullore-ne-oblik-shkoder-foto\/\",\"name\":\"P\u00ebrfundon Fest edicioni i VII Lojnave Popullore n\u00eb Oblik - Shkod\u00ebr + Foto - Lajme nga Ulqini\",\"isPartOf\":{\"@id\":\"https:\/\/www.visit-ulcinj.com\/blog\/#website\"},\"datePublished\":\"2014-04-13T07:35:27+00:00\",\"dateModified\":\"2014-04-14T13:56:41+00:00\",\"author\":{\"@id\":\"https:\/\/www.visit-ulcinj.com\/blog\/#\/schema\/person\/dcab619c614d3038751c63bc2aadc06d\"},\"description\":\"Sot 12 prill 2014 n\u00eb Oblik\u00eb Ana Malit \u2013 Shkod\u00ebr u mbajten\u00a0 \u201c Lojrat popullore fest\u201d edicioni i 7-t\u00eb, i organizuar nga organizata THE DOOR Albania. N\u00eb k\u00ebt\u00eb\",\"breadcrumb\":{\"@id\":\"https:\/\/www.visit-ulcinj.com\/blog\/2014\/04\/13\/perfundon-fest-edicioni-vii-lojnave-popullore-ne-oblik-shkoder-foto\/#breadcrumb\"},\"inLanguage\":\"en-US\",\"potentialAction\":[{\"@type\":\"ReadAction\",\"target\":[\"https:\/\/www.visit-ulcinj.com\/blog\/2014\/04\/13\/perfundon-fest-edicioni-vii-lojnave-popullore-ne-oblik-shkoder-foto\/\"]}]},{\"@type\":\"BreadcrumbList\",\"@id\":\"https:\/\/www.visit-ulcinj.com\/blog\/2014\/04\/13\/perfundon-fest-edicioni-vii-lojnave-popullore-ne-oblik-shkoder-foto\/#breadcrumb\",\"itemListElement\":[{\"@type\":\"ListItem\",\"position\":1,\"name\":\"P\u00ebrfundon Fest edicioni i VII Lojnave Popullore n\u00eb Oblik &#8211; Shkod\u00ebr + Foto\"}]},{\"@type\":\"Person\",\"@id\":\"https:\/\/www.visit-ulcinj.com\/blog\/#\/schema\/person\/dcab619c614d3038751c63bc2aadc06d\",\"name\":\"ulqini\",\"sameAs\":[\"http:\/\/www.visit-ulcinj.com\"],\"url\":\"https:\/\/www.visit-ulcinj.com\/blog\/author\/admin\/\"}]}<\/script>\n<!-- \/ Yoast SEO plugin. -->","yoast_head_json":{"title":"P\u00ebrfundon Fest edicioni i VII Lojnave Popullore n\u00eb Oblik - Shkod\u00ebr + Foto - Lajme nga Ulqini","description":"Sot 12 prill 2014 n\u00eb Oblik\u00eb Ana Malit \u2013 Shkod\u00ebr u mbajten\u00a0 \u201c Lojrat popullore fest\u201d edicioni i 7-t\u00eb, i organizuar nga organizata THE DOOR Albania. N\u00eb k\u00ebt\u00eb","robots":{"index":"index","follow":"follow","max-snippet":"max-snippet:-1","max-image-preview":"max-image-preview:large","max-video-preview":"max-video-preview:-1"},"canonical":"https:\/\/www.visit-ulcinj.com\/blog\/2014\/04\/13\/perfundon-fest-edicioni-vii-lojnave-popullore-ne-oblik-shkoder-foto\/","og_locale":"en_US","og_type":"article","og_title":"P\u00ebrfundon Fest edicioni i VII Lojnave Popullore n\u00eb Oblik - Shkod\u00ebr + Foto - Lajme nga Ulqini","og_description":"Sot 12 prill 2014 n\u00eb Oblik\u00eb Ana Malit \u2013 Shkod\u00ebr u mbajten\u00a0 \u201c Lojrat popullore fest\u201d edicioni i 7-t\u00eb, i organizuar nga organizata THE DOOR Albania. N\u00eb k\u00ebt\u00eb","og_url":"https:\/\/www.visit-ulcinj.com\/blog\/2014\/04\/13\/perfundon-fest-edicioni-vii-lojnave-popullore-ne-oblik-shkoder-foto\/","og_site_name":"Lajme nga Ulqini","article_published_time":"2014-04-13T07:35:27+00:00","article_modified_time":"2014-04-14T13:56:41+00:00","og_image":[{"url":"https:\/\/www.visit-ulcinj.com\/blog\/wp-content\/uploads\/2014\/04\/Fest-edicioni-i-VII-Lojnave-Popullore-Oblik-Shkod\u00ebr-15-150x150.jpg"}],"twitter_misc":{"Written by":"ulqini","Est. reading time":"2 minutes"},"schema":{"@context":"https:\/\/schema.org","@graph":[{"@type":"WebSite","@id":"https:\/\/www.visit-ulcinj.com\/blog\/#website","url":"https:\/\/www.visit-ulcinj.com\/blog\/","name":"Lajme nga Ulqini","description":"Lajme,Vijesti,Ulqini,Ulqin,Crna Gora,Mali i Zi","potentialAction":[{"@type":"SearchAction","target":{"@type":"EntryPoint","urlTemplate":"https:\/\/www.visit-ulcinj.com\/blog\/?s={search_term_string}"},"query-input":"required name=search_term_string"}],"inLanguage":"en-US"},{"@type":"WebPage","@id":"https:\/\/www.visit-ulcinj.com\/blog\/2014\/04\/13\/perfundon-fest-edicioni-vii-lojnave-popullore-ne-oblik-shkoder-foto\/#webpage","url":"https:\/\/www.visit-ulcinj.com\/blog\/2014\/04\/13\/perfundon-fest-edicioni-vii-lojnave-popullore-ne-oblik-shkoder-foto\/","name":"P\u00ebrfundon Fest edicioni i VII Lojnave Popullore n\u00eb Oblik - Shkod\u00ebr + Foto - Lajme nga Ulqini","isPartOf":{"@id":"https:\/\/www.visit-ulcinj.com\/blog\/#website"},"datePublished":"2014-04-13T07:35:27+00:00","dateModified":"2014-04-14T13:56:41+00:00","author":{"@id":"https:\/\/www.visit-ulcinj.com\/blog\/#\/schema\/person\/dcab619c614d3038751c63bc2aadc06d"},"description":"Sot 12 prill 2014 n\u00eb Oblik\u00eb Ana Malit \u2013 Shkod\u00ebr u mbajten\u00a0 \u201c Lojrat popullore fest\u201d edicioni i 7-t\u00eb, i organizuar nga organizata THE DOOR Albania. N\u00eb k\u00ebt\u00eb","breadcrumb":{"@id":"https:\/\/www.visit-ulcinj.com\/blog\/2014\/04\/13\/perfundon-fest-edicioni-vii-lojnave-popullore-ne-oblik-shkoder-foto\/#breadcrumb"},"inLanguage":"en-US","potentialAction":[{"@type":"ReadAction","target":["https:\/\/www.visit-ulcinj.com\/blog\/2014\/04\/13\/perfundon-fest-edicioni-vii-lojnave-popullore-ne-oblik-shkoder-foto\/"]}]},{"@type":"BreadcrumbList","@id":"https:\/\/www.visit-ulcinj.com\/blog\/2014\/04\/13\/perfundon-fest-edicioni-vii-lojnave-popullore-ne-oblik-shkoder-foto\/#breadcrumb","itemListElement":[{"@type":"ListItem","position":1,"name":"P\u00ebrfundon Fest edicioni i VII Lojnave Popullore n\u00eb Oblik &#8211; Shkod\u00ebr + Foto"}]},{"@type":"Person","@id":"https:\/\/www.visit-ulcinj.com\/blog\/#\/schema\/person\/dcab619c614d3038751c63bc2aadc06d","name":"ulqini","sameAs":["http:\/\/www.visit-ulcinj.com"],"url":"https:\/\/www.visit-ulcinj.com\/blog\/author\/admin\/"}]}},"jetpack_featured_media_url":"","jetpack_sharing_enabled":true,"jetpack_shortlink":"https:\/\/wp.me\/pe6lTn-lbD","_links":{"self":[{"href":"https:\/\/www.visit-ulcinj.com\/blog\/wp-json\/wp\/v2\/posts\/81445"}],"collection":[{"href":"https:\/\/www.visit-ulcinj.com\/blog\/wp-json\/wp\/v2\/posts"}],"about":[{"href":"https:\/\/www.visit-ulcinj.com\/blog\/wp-json\/wp\/v2\/types\/post"}],"author":[{"embeddable":true,"href":"https:\/\/www.visit-ulcinj.com\/blog\/wp-json\/wp\/v2\/users\/1"}],"replies":[{"embeddable":true,"href":"https:\/\/www.visit-ulcinj.com\/blog\/wp-json\/wp\/v2\/comments?post=81445"}],"version-history":[{"count":1,"href":"https:\/\/www.visit-ulcinj.com\/blog\/wp-json\/wp\/v2\/posts\/81445\/revisions"}],"predecessor-version":[{"id":81462,"href":"https:\/\/www.visit-ulcinj.com\/blog\/wp-json\/wp\/v2\/posts\/81445\/revisions\/81462"}],"wp:attachment":[{"href":"https:\/\/www.visit-ulcinj.com\/blog\/wp-json\/wp\/v2\/media?parent=81445"}],"wp:term":[{"taxonomy":"category","embeddable":true,"href":"https:\/\/www.visit-ulcinj.com\/blog\/wp-json\/wp\/v2\/categories?post=81445"},{"taxonomy":"post_tag","embeddable":true,"href":"https:\/\/www.visit-ulcinj.com\/blog\/wp-json\/wp\/v2\/tags?post=81445"}],"curies":[{"name":"wp","href":"https:\/\/api.w.org\/{rel}","templated":true}]}}