{"id":8150,"date":"2009-01-06T19:59:31","date_gmt":"2009-01-06T18:59:31","guid":{"rendered":"http:\/\/www.visit-ulcinj.com\/blog\/?p=8150"},"modified":"2009-01-06T20:02:51","modified_gmt":"2009-01-06T19:02:51","slug":"yllka-nuk-jam-shtatzene","status":"publish","type":"post","link":"https:\/\/www.visit-ulcinj.com\/blog\/2009\/01\/06\/yllka-nuk-jam-shtatzene\/","title":{"rendered":"Yllka Gashi: Nuk jam shtatz\u00ebn\u00eb"},"content":{"rendered":"<p><img loading=\"lazy\" class=\"alignleft size-full wp-image-8151\" title=\"yllka-gashi-5\" src=\"http:\/\/www.visit-ulcinj.com\/blog\/wp-content\/uploads\/2009\/01\/yllka-gashi-5.jpg\" alt=\"yllka-gashi-5\" width=\"326\" height=\"253\" \/>Aktorja kosovare Yllka Gashi ka mohuar spekulimet e mediave duke th\u00ebn\u00eb se arsyeja e martes\u00ebs s\u00eb saj me Albion Gagic\u00ebn \u00ebsht\u00eb thjesht\u00eb burim i dashuris\u00eb s\u00eb tyre, dhe jo si\u00e7 \u00ebsht\u00eb spekuluar kinse ajo \u00ebsht\u00eb martuar pasi \u00ebsht\u00eb shtatz\u00ebn\u00eb.<br \/>\nK\u00ebto komente aktorja e serialit \u201cFamilja moderne\u201d i ka b\u00ebr\u00eb gjat\u00eb nj\u00eb emisioni festiv t\u00eb KTV-s\u00eb, me \u00e7\u2019rast ka mohuar gjith\u00e7ka q\u00eb \u00ebsht\u00eb p\u00ebrfolur n\u00eb lidhje me at\u00eb se \u00ebsht\u00eb duke pritur f\u00ebmij\u00ebn e par\u00eb me, tashm\u00eb, burrin e saj, me t\u00eb cilin \u00ebsht\u00eb n\u00eb lidhje qe m\u00eb shum\u00eb se shtat\u00eb vite.<br \/>\nJam martuar nga dashuria!<br \/>\nKeshtu thote Yllka Gashi ne nje interviste dhene per emisionin festiv te &#8220;Express live&#8221; te KTVs duke mohuar mediat te cilat kane spekuluar se eshte martuar per shkak se kishte mbetur shtatzene. Yllka konfirmoi edhe nje here per shikuesit se ajo nuk eshte shtatzene! Ndersa verteton se kujtimi i saj me i mire per vitin 2008 eshte pikerisht martesa me Albian Gagicen. Ajo permend dy udhetime qe asaj i kane lene mbrese gjate vitit 2008, ajo ne Spanje dhe New York. Poashtu flet per aktivitetet e saja profesionale gjate vitit 2008 dhe planet per vitin 2009.<br \/>\n<strong>KTV<\/strong><\/p>\n<p><strong><br \/>\n<\/strong><\/p>\n<!--YouTube Error: bad URL entered-->\n","protected":false},"excerpt":{"rendered":"<p>Aktorja kosovare Yllka Gashi ka mohuar spekulimet e mediave duke th\u00ebn\u00eb se arsyeja e martes\u00ebs s\u00eb saj me Albion Gagic\u00ebn \u00ebsht\u00eb thjesht\u00eb burim i dashuris\u00eb s\u00eb tyre, dhe jo si\u00e7 \u00ebsht\u00eb spekuluar kinse ajo \u00ebsht\u00eb martuar pasi \u00ebsht\u00eb shtatz\u00ebn\u00eb. K\u00ebto komente aktorja e serialit \u201cFamilja moderne\u201d i ka b\u00ebr\u00eb gjat\u00eb nj\u00eb emisioni festiv t\u00eb KTV-s\u00eb, [&hellip;]<\/p>\n","protected":false},"author":1,"featured_media":0,"comment_status":"open","ping_status":"closed","sticky":false,"template":"","format":"standard","meta":{"spay_email":"","jetpack_publicize_message":"","jetpack_is_tweetstorm":false,"jetpack_publicize_feature_enabled":true},"categories":[1],"tags":[5596,5594,5595],"jetpack_publicize_connections":[],"yoast_head":"<!-- This site is optimized with the Yoast SEO plugin v19.1 - https:\/\/yoast.com\/wordpress\/plugins\/seo\/ -->\n<title>Yllka Gashi: Nuk jam shtatz\u00ebn\u00eb - Lajme nga Ulqini<\/title>\n<meta name=\"description\" content=\"Aktorja kosovare Yllka Gashi ka mohuar spekulimet e mediave duke th\u00ebn\u00eb se arsyeja e martes\u00ebs s\u00eb saj me Albion Gagic\u00ebn \u00ebsht\u00eb thjesht\u00eb burim i dashuris\u00eb s\u00eb\" \/>\n<meta name=\"robots\" content=\"index, follow, max-snippet:-1, max-image-preview:large, max-video-preview:-1\" \/>\n<link rel=\"canonical\" href=\"https:\/\/www.visit-ulcinj.com\/blog\/2009\/01\/06\/yllka-nuk-jam-shtatzene\/\" \/>\n<meta property=\"og:locale\" content=\"en_US\" \/>\n<meta property=\"og:type\" content=\"article\" \/>\n<meta property=\"og:title\" content=\"Yllka Gashi: Nuk jam shtatz\u00ebn\u00eb - Lajme nga Ulqini\" \/>\n<meta property=\"og:description\" content=\"Aktorja kosovare Yllka Gashi ka mohuar spekulimet e mediave duke th\u00ebn\u00eb se arsyeja e martes\u00ebs s\u00eb saj me Albion Gagic\u00ebn \u00ebsht\u00eb thjesht\u00eb burim i dashuris\u00eb s\u00eb\" \/>\n<meta property=\"og:url\" content=\"https:\/\/www.visit-ulcinj.com\/blog\/2009\/01\/06\/yllka-nuk-jam-shtatzene\/\" \/>\n<meta property=\"og:site_name\" content=\"Lajme nga Ulqini\" \/>\n<meta property=\"article:published_time\" content=\"2009-01-06T18:59:31+00:00\" \/>\n<meta property=\"article:modified_time\" content=\"2009-01-06T19:02:51+00:00\" \/>\n<meta property=\"og:image\" content=\"https:\/\/www.visit-ulcinj.com\/blog\/wp-content\/uploads\/2009\/01\/yllka-gashi-5-150x150.jpg\" \/>\n<meta name=\"twitter:label1\" content=\"Written by\" \/>\n\t<meta name=\"twitter:data1\" content=\"ulqini\" \/>\n\t<meta name=\"twitter:label2\" content=\"Est. reading time\" \/>\n\t<meta name=\"twitter:data2\" content=\"1 minute\" \/>\n<script type=\"application\/ld+json\" class=\"yoast-schema-graph\">{\"@context\":\"https:\/\/schema.org\",\"@graph\":[{\"@type\":\"WebSite\",\"@id\":\"https:\/\/www.visit-ulcinj.com\/blog\/#website\",\"url\":\"https:\/\/www.visit-ulcinj.com\/blog\/\",\"name\":\"Lajme nga Ulqini\",\"description\":\"Lajme,Vijesti,Ulqini,Ulqin,Crna Gora,Mali i Zi\",\"potentialAction\":[{\"@type\":\"SearchAction\",\"target\":{\"@type\":\"EntryPoint\",\"urlTemplate\":\"https:\/\/www.visit-ulcinj.com\/blog\/?s={search_term_string}\"},\"query-input\":\"required name=search_term_string\"}],\"inLanguage\":\"en-US\"},{\"@type\":\"ImageObject\",\"inLanguage\":\"en-US\",\"@id\":\"https:\/\/www.visit-ulcinj.com\/blog\/2009\/01\/06\/yllka-nuk-jam-shtatzene\/#primaryimage\",\"url\":\"http:\/\/www.visit-ulcinj.com\/blog\/wp-content\/uploads\/2009\/01\/yllka-gashi-5.jpg\",\"contentUrl\":\"http:\/\/www.visit-ulcinj.com\/blog\/wp-content\/uploads\/2009\/01\/yllka-gashi-5.jpg\"},{\"@type\":\"WebPage\",\"@id\":\"https:\/\/www.visit-ulcinj.com\/blog\/2009\/01\/06\/yllka-nuk-jam-shtatzene\/#webpage\",\"url\":\"https:\/\/www.visit-ulcinj.com\/blog\/2009\/01\/06\/yllka-nuk-jam-shtatzene\/\",\"name\":\"Yllka Gashi: Nuk jam shtatz\u00ebn\u00eb - Lajme nga Ulqini\",\"isPartOf\":{\"@id\":\"https:\/\/www.visit-ulcinj.com\/blog\/#website\"},\"primaryImageOfPage\":{\"@id\":\"https:\/\/www.visit-ulcinj.com\/blog\/2009\/01\/06\/yllka-nuk-jam-shtatzene\/#primaryimage\"},\"datePublished\":\"2009-01-06T18:59:31+00:00\",\"dateModified\":\"2009-01-06T19:02:51+00:00\",\"author\":{\"@id\":\"https:\/\/www.visit-ulcinj.com\/blog\/#\/schema\/person\/dcab619c614d3038751c63bc2aadc06d\"},\"description\":\"Aktorja kosovare Yllka Gashi ka mohuar spekulimet e mediave duke th\u00ebn\u00eb se arsyeja e martes\u00ebs s\u00eb saj me Albion Gagic\u00ebn \u00ebsht\u00eb thjesht\u00eb burim i dashuris\u00eb s\u00eb\",\"breadcrumb\":{\"@id\":\"https:\/\/www.visit-ulcinj.com\/blog\/2009\/01\/06\/yllka-nuk-jam-shtatzene\/#breadcrumb\"},\"inLanguage\":\"en-US\",\"potentialAction\":[{\"@type\":\"ReadAction\",\"target\":[\"https:\/\/www.visit-ulcinj.com\/blog\/2009\/01\/06\/yllka-nuk-jam-shtatzene\/\"]}]},{\"@type\":\"BreadcrumbList\",\"@id\":\"https:\/\/www.visit-ulcinj.com\/blog\/2009\/01\/06\/yllka-nuk-jam-shtatzene\/#breadcrumb\",\"itemListElement\":[{\"@type\":\"ListItem\",\"position\":1,\"name\":\"Yllka Gashi: Nuk jam shtatz\u00ebn\u00eb\"}]},{\"@type\":\"Person\",\"@id\":\"https:\/\/www.visit-ulcinj.com\/blog\/#\/schema\/person\/dcab619c614d3038751c63bc2aadc06d\",\"name\":\"ulqini\",\"sameAs\":[\"http:\/\/www.visit-ulcinj.com\"],\"url\":\"https:\/\/www.visit-ulcinj.com\/blog\/author\/admin\/\"}]}<\/script>\n<!-- \/ Yoast SEO plugin. -->","yoast_head_json":{"title":"Yllka Gashi: Nuk jam shtatz\u00ebn\u00eb - Lajme nga Ulqini","description":"Aktorja kosovare Yllka Gashi ka mohuar spekulimet e mediave duke th\u00ebn\u00eb se arsyeja e martes\u00ebs s\u00eb saj me Albion Gagic\u00ebn \u00ebsht\u00eb thjesht\u00eb burim i dashuris\u00eb s\u00eb","robots":{"index":"index","follow":"follow","max-snippet":"max-snippet:-1","max-image-preview":"max-image-preview:large","max-video-preview":"max-video-preview:-1"},"canonical":"https:\/\/www.visit-ulcinj.com\/blog\/2009\/01\/06\/yllka-nuk-jam-shtatzene\/","og_locale":"en_US","og_type":"article","og_title":"Yllka Gashi: Nuk jam shtatz\u00ebn\u00eb - Lajme nga Ulqini","og_description":"Aktorja kosovare Yllka Gashi ka mohuar spekulimet e mediave duke th\u00ebn\u00eb se arsyeja e martes\u00ebs s\u00eb saj me Albion Gagic\u00ebn \u00ebsht\u00eb thjesht\u00eb burim i dashuris\u00eb s\u00eb","og_url":"https:\/\/www.visit-ulcinj.com\/blog\/2009\/01\/06\/yllka-nuk-jam-shtatzene\/","og_site_name":"Lajme nga Ulqini","article_published_time":"2009-01-06T18:59:31+00:00","article_modified_time":"2009-01-06T19:02:51+00:00","og_image":[{"url":"https:\/\/www.visit-ulcinj.com\/blog\/wp-content\/uploads\/2009\/01\/yllka-gashi-5-150x150.jpg"}],"twitter_misc":{"Written by":"ulqini","Est. reading time":"1 minute"},"schema":{"@context":"https:\/\/schema.org","@graph":[{"@type":"WebSite","@id":"https:\/\/www.visit-ulcinj.com\/blog\/#website","url":"https:\/\/www.visit-ulcinj.com\/blog\/","name":"Lajme nga Ulqini","description":"Lajme,Vijesti,Ulqini,Ulqin,Crna Gora,Mali i Zi","potentialAction":[{"@type":"SearchAction","target":{"@type":"EntryPoint","urlTemplate":"https:\/\/www.visit-ulcinj.com\/blog\/?s={search_term_string}"},"query-input":"required name=search_term_string"}],"inLanguage":"en-US"},{"@type":"ImageObject","inLanguage":"en-US","@id":"https:\/\/www.visit-ulcinj.com\/blog\/2009\/01\/06\/yllka-nuk-jam-shtatzene\/#primaryimage","url":"http:\/\/www.visit-ulcinj.com\/blog\/wp-content\/uploads\/2009\/01\/yllka-gashi-5.jpg","contentUrl":"http:\/\/www.visit-ulcinj.com\/blog\/wp-content\/uploads\/2009\/01\/yllka-gashi-5.jpg"},{"@type":"WebPage","@id":"https:\/\/www.visit-ulcinj.com\/blog\/2009\/01\/06\/yllka-nuk-jam-shtatzene\/#webpage","url":"https:\/\/www.visit-ulcinj.com\/blog\/2009\/01\/06\/yllka-nuk-jam-shtatzene\/","name":"Yllka Gashi: Nuk jam shtatz\u00ebn\u00eb - Lajme nga Ulqini","isPartOf":{"@id":"https:\/\/www.visit-ulcinj.com\/blog\/#website"},"primaryImageOfPage":{"@id":"https:\/\/www.visit-ulcinj.com\/blog\/2009\/01\/06\/yllka-nuk-jam-shtatzene\/#primaryimage"},"datePublished":"2009-01-06T18:59:31+00:00","dateModified":"2009-01-06T19:02:51+00:00","author":{"@id":"https:\/\/www.visit-ulcinj.com\/blog\/#\/schema\/person\/dcab619c614d3038751c63bc2aadc06d"},"description":"Aktorja kosovare Yllka Gashi ka mohuar spekulimet e mediave duke th\u00ebn\u00eb se arsyeja e martes\u00ebs s\u00eb saj me Albion Gagic\u00ebn \u00ebsht\u00eb thjesht\u00eb burim i dashuris\u00eb s\u00eb","breadcrumb":{"@id":"https:\/\/www.visit-ulcinj.com\/blog\/2009\/01\/06\/yllka-nuk-jam-shtatzene\/#breadcrumb"},"inLanguage":"en-US","potentialAction":[{"@type":"ReadAction","target":["https:\/\/www.visit-ulcinj.com\/blog\/2009\/01\/06\/yllka-nuk-jam-shtatzene\/"]}]},{"@type":"BreadcrumbList","@id":"https:\/\/www.visit-ulcinj.com\/blog\/2009\/01\/06\/yllka-nuk-jam-shtatzene\/#breadcrumb","itemListElement":[{"@type":"ListItem","position":1,"name":"Yllka Gashi: Nuk jam shtatz\u00ebn\u00eb"}]},{"@type":"Person","@id":"https:\/\/www.visit-ulcinj.com\/blog\/#\/schema\/person\/dcab619c614d3038751c63bc2aadc06d","name":"ulqini","sameAs":["http:\/\/www.visit-ulcinj.com"],"url":"https:\/\/www.visit-ulcinj.com\/blog\/author\/admin\/"}]}},"jetpack_featured_media_url":"","jetpack_sharing_enabled":true,"jetpack_shortlink":"https:\/\/wp.me\/pe6lTn-27s","_links":{"self":[{"href":"https:\/\/www.visit-ulcinj.com\/blog\/wp-json\/wp\/v2\/posts\/8150"}],"collection":[{"href":"https:\/\/www.visit-ulcinj.com\/blog\/wp-json\/wp\/v2\/posts"}],"about":[{"href":"https:\/\/www.visit-ulcinj.com\/blog\/wp-json\/wp\/v2\/types\/post"}],"author":[{"embeddable":true,"href":"https:\/\/www.visit-ulcinj.com\/blog\/wp-json\/wp\/v2\/users\/1"}],"replies":[{"embeddable":true,"href":"https:\/\/www.visit-ulcinj.com\/blog\/wp-json\/wp\/v2\/comments?post=8150"}],"version-history":[{"count":0,"href":"https:\/\/www.visit-ulcinj.com\/blog\/wp-json\/wp\/v2\/posts\/8150\/revisions"}],"wp:attachment":[{"href":"https:\/\/www.visit-ulcinj.com\/blog\/wp-json\/wp\/v2\/media?parent=8150"}],"wp:term":[{"taxonomy":"category","embeddable":true,"href":"https:\/\/www.visit-ulcinj.com\/blog\/wp-json\/wp\/v2\/categories?post=8150"},{"taxonomy":"post_tag","embeddable":true,"href":"https:\/\/www.visit-ulcinj.com\/blog\/wp-json\/wp\/v2\/tags?post=8150"}],"curies":[{"name":"wp","href":"https:\/\/api.w.org\/{rel}","templated":true}]}}