{"id":81510,"date":"2014-04-14T15:20:47","date_gmt":"2014-04-14T14:20:47","guid":{"rendered":"http:\/\/www.visit-ulcinj.com\/blog\/?p=81510"},"modified":"2014-04-14T15:20:47","modified_gmt":"2014-04-14T14:20:47","slug":"nika-athua-pse-u-grabiten-arkivat-e-partive-ne-ane-te-malit","status":"publish","type":"post","link":"https:\/\/www.visit-ulcinj.com\/blog\/2014\/04\/14\/nika-athua-pse-u-grabiten-arkivat-e-partive-ne-ane-te-malit\/","title":{"rendered":"Nika: Athua  pse u grabiten arkivat e partive n\u00eb An\u00eb t\u00eb Malit..?"},"content":{"rendered":"<p><b><a href=\"http:\/\/www.visit-ulcinj.com\/blog\/wp-content\/uploads\/2014\/04\/PIC-POKET.jpg\"><img loading=\"lazy\" class=\"alignleft  wp-image-81511\" alt=\"PIC-POKET\" src=\"http:\/\/www.visit-ulcinj.com\/blog\/wp-content\/uploads\/2014\/04\/PIC-POKET.jpg\" width=\"508\" height=\"300\" \/><\/a>Shkruan Muhamet Nika:<\/b><\/p>\n<p><b><i>ATHUA\u00a0 PSE U GRABITEN ARKIVAT E PARTIVE N\u00cb AN\u00cb T\u00cb MALIT..?<\/i><\/b><\/p>\n<p><b><i>(Reagim n\u00eb nj\u00eb Shkrim t\u00eb Nik\u00eb Pal\u00eb Kol\u00ebs- ish kryetar i LD n\u00eb MZ n\u00eb An\u00eb t\u00eb Malit-Ulqin)<\/i><\/b><\/p>\n<p><strong>Para disa dit\u00ebve duke gjurmuar n\u00ebp\u00ebr do adresa internetit pash se si \u00a0Nik\u00eb Pal\u00eb Kola, n\u00eb faqen Mal\u00ebsia ORG, kish spoatuar nj\u00eb shkrim me titull bombastik \u00a0\u201cHan\u00eb buk\u00ebn e shqiptar\u00ebve, b\u00ebjn\u00eb pun\u00ebt e sllav\u00ebve\u2026\u201d,<\/strong><\/p>\n<p>ku merrte \u00a0turr \u00a0e guxim \u00a0ashtu si din ai t\u00eb baltoste gjith\u00eb \u00a0faktoteret \u00a0\u00a0\u00a0tjer\u00eb t\u00eb politik\u00ebs shqiptare, kuptohet p\u00ebrve\u00e7 vetes \u2026 sepse , \u201c\u2026Nika ishte spec\u2026\u201d<\/p>\n<p>Ai m\u00eb tej n\u00eb shkrim vazhdonte me fjal\u00ebt :\u00a0 \u201cMendoj se nd\u00ebr lider\u00eb t\u00eb partive shqipfol\u00ebse e t\u00eb udh\u00ebheq\u00ebsive t\u00eb ngushta e t\u00eb gj\u00ebra ka m\u00eb shum\u00eb shqipfol\u00ebs se shqiptar\u00eb. Me qen\u00eb shqiptar\u00eb dmth. me vepruar p\u00ebr t\u00eb mir\u00ebn e Kombit, t\u00eb familjes dhe t\u00eb vetes, pa d\u00ebmtuar t\u00eb tjer\u00ebt.<br \/>\nK\u00ebto gati nj\u00ebzet vjet\u00eb tranzicioni t\u00eb shqiptar\u00ebve n\u00ebn Malin e Zi jan\u00eb koh\u00eb e djegur, e shkuar kot sa i p\u00ebrket t\u00eb fitimit t\u00eb liris\u00eb, t\u00eb drejtave qytetare dhe komb\u00ebtare t\u00eb shqiptar\u00ebve\u2026.\u201d E m\u00eb posht\u00eb vazhdonte t\u00eb m\u00eb akuzoj\u00eb gjoja edhe mua se\u00a0 kisha n\u00ebn shkruar q\u00eb fakullteti i m\u00ebsuesis\u00eb p\u00ebr m\u00ebsues shqiptar\u00eb, \u00a0t\u00eb vij\u00eb nga Nikshiqi n\u00eb Podgoric\u00eb\u2026. Un\u00eb \u00a0mendoi\u00a0 se p\u00ebr k\u00ebt\u00eb \u00e7\u00ebshtje kam sqaruar mjaft\u00eb \u00a0opinionin , vet\u00ebm se po shtoj\u00a0\u00a0 se nuk e ka k\u00ebrkuar \u00a0kush me k\u00ebt\u00eb rast n\u00ebnshkrimin \u00a0prej nesh, \u00a0p\u00ebr at\u00eb pun\u00eb si\u00e7 e thot\u00eb ai&#8230;?!!. Mir\u00ebpo , pasi duket q\u00eb Nika paska marr\u00eb turr, k\u00ebsaj here duke e quajtur vet\u00ebn spec..?! Edhe un\u00eb po them se ashtu \u00ebsht\u00eb\u00a0 ai- \u00a0taman\u00a0 spec, por \u00a0ama jo djeg\u00ebs. Ai\u00a0\u00a0 nuk \u00a0mund t\u00eb\u00a0 djeg\u00eb &#8230;, t\u00eb pakt\u00ebn jo mua.<\/p>\n<p>\u00c7\u2019\u00ebsht\u00eb e v\u00ebrteta,\u00a0 ne n\u00eb An\u00eb t\u00eb Malit edhe si t\u00eb rinj, q\u00eb ishim deri sa \u00a0ai ish k\u00ebtu,\u00a0 kemi pasur e ka pasur \u00a0gjithnj\u00eb respekt\u00a0 t\u00eb nd\u00ebrsjell\u00eb . Madje \u00a0po them k\u00ebtu, se e \u00a0pat\u00ebm em\u00ebruar \u00a0fillimisht\u00a0 si kryetar i n\u00ebndeg\u00ebs s\u00eb An\u00ebs s\u00eb Malit t\u00eb Ld-s\u00eb, mendojm\u00eb\u00a0 n\u00eb \u00a0kuvendin themelues t\u00eb saj e m\u00eb pas edhe kryetar i deg\u00ebs, mir\u00eb po nuk mund\u00a0 t\u00eb rri pa p\u00ebrmendur disa veprime \u00a0t\u00eb habitshme deri sa \u00a0ai ushtronte k\u00ebto funksione t\u00eb cilat at\u00ebher\u00eb , por edhe sot\u00a0 t\u00eb un\u00eb krijonin nj\u00eb dilem\u00eb &#8230;Kur se pasi lexova shkrimin, ndjeva nevoj\u00ebn t\u00eb l\u00eb anash\u00a0 simpatin\u00eb e nd\u00ebrsjell\u00eb dhe po shtoj se ndjej \u00a0s\u00ebrish nevoj\u00ebn\u00a0\u00a0 t\u00eb k\u00ebrkoj\u00a0 nga ai \u00a0nj\u00eb sqarim publik rreth \u00e7\u00ebshtjeve \u00a0t\u00eb diskutueshme .<\/p>\n<p>K\u00ebt\u00eb kam t\u00eb drejt\u00eb morale ta k\u00ebrkoj e \u00a0ta d\u00ebgjoj nga ai sepse mendoj se n\u00eb k\u00ebt\u00eb situat\u00eb vlen parimi q\u00eb \u00ebsht\u00eb: kur t\u00eb nguc\u00ebsh tjetrin, \u00a0prit \u00a0t\u00eb jesh i ngucur.\u00a0 Un\u00eb nuk po them , se duhet \u00a0ta ngriti\u00a0 k\u00ebt\u00eb reagim n\u00eb nivelin\u00a0 sa t\u00eb\u00a0 them\u201c Gabove\u00a0 Nik\u00eb\u201d?!!! \u00a0Por , dua t\u00eb them \u201cE teprove Nik\u00eb\u201d. \u00a0E gjith\u00eb kjo\u00a0 t\u00eb obligon, si t\u00eb thuash\u00a0\u00a0 q\u00eb njeriu p\u00ebr pak \u00e7aste t\u00eb g\u00ebrmoj\u00eb atje ku ndoshta nuk\u00a0 m\u00eb takon e mbase dikush edhe\u00a0 nuk e pret , mir\u00ebpo \u00a0\u00e7far\u00eb t\u00eb b\u00ebsh kur t\u00eb imponohet &#8230;<\/p>\n<p>K\u00ebshtu zoti Palkola\u00a0\u00a0 \u00a0fillimisht do t\u00eb \u00a0\u00a0kishim k\u00ebrkuar\u00a0 disa sqarime:<\/p>\n<p><b><i>\u00a0E para<\/i><\/b>, kur u larguat nga kryesia e Deg\u00ebs s\u00eb LD n\u00eb MZ, p\u00ebr An\u00eb t\u00eb Malit n\u00eb m\u00ebnyr\u00eb demonstrative p\u00ebrse nuk e dor\u00ebzove, dokumentacionin e deg\u00ebs, si \u00a0p\u00ebr shembull: librin e procesverbaleve , librin e protokollit, disa xhirime filmike(kaseta) ose m\u00eb qart\u00eb\u00a0 t\u00eb gjith\u00eb arkivin e deg\u00ebs s\u00eb LD \u00a0n\u00eb Mz p\u00ebr An\u00eb t\u00eb Malit.. A je i vet\u00ebdijsh\u00ebm\u00a0 se \u00e7far\u00eb barre ke marr\u00eb p\u00ebr t\u00eb kaluar\u00ebn e organizimit politik t\u00eb asaj kohe.?!Nuk besoj q\u00eb kur kjo t\u00eb zbulohet , do t\u00eb gjend\u00ebt dikush t\u00eb te thot\u00eb p\u00ebr k\u00ebt\u00eb BRRAVO NIK\u00cb&#8230;?!!! Athua se ku do t\u00eb jet\u00eb vall\u00eb ky dokumentacion, ku e\u00a0 keni\u00a0 \u00e7uar dhe p\u00ebr se nuk e ktheni aty ku e ka vendin&#8230; A\u00a0 thua mos vall\u00eb ke \u00ebnd\u00ebrruar se\u00a0 mund ta materializosh edhe k\u00ebt\u00eb duke k\u00ebrkuar para nga LD-ja&#8230;. , ku ta dish\u00a0 ndoshta mund t\u00eb ket\u00eb qen\u00eb edhe kjo n\u00eb pyetje&#8230;.?! Mjerisht po duket se e t\u00ebrhoqe \u00a0deri diku kam\u00ebn rr\u00ebshqan\u00eb\u00a0 si thuhet k\u00ebtu n\u00eb An\u00eb t\u00eb Malit, sepse edhe sekretari tjet\u00ebr i deg\u00ebs q\u00eb t\u00eb pasoi n\u00eb deg\u00eb kur u prish\u00a0 dhe vendosi t\u00eb largohej nga partia , gjithashtu \u00a0doli se na iku me gjith\u00eb dokumentacion. &#8230;Mir\u00ebpo\u00a0 pas disa koh\u00ebve kur u qet\u00ebsua na than\u00eb , se: \u201c Ka sjell\u00eb di\u00e7ka&#8230;\u201d?!! E kjo puna jote kuptohet se nuk \u00ebsht\u00eb mir\u00eb sepse LD-ja , t\u00eb pakt\u00ebn si e p\u00ebrjetojm\u00eb ne, ishte nj\u00eb l\u00ebvizje popullore dhe askush nuk ka t\u00eb drejt\u00eb ta grabis\u00eb\u00a0 arkivin e organizimit politik n\u00eb An\u00eb t\u00eb Malit&#8230;.Po e p\u00ebrs\u00ebris , mjerisht ky veprim i juaji ishte nj\u00eb shembull i keq n\u00eb k\u00ebt\u00eb trev\u00eb q\u00eb u ndoq sipas praktik\u00ebs suaj dhe aktualisht prej partive ekzistuese n\u00eb\u00a0 An\u00eb t\u00eb Malit i bie\u00a0 q\u00eb asnj\u00ebra nuk\u00a0 e ka t\u00eb ruajtur arkivin\u00a0 e saj.<\/p>\n<p>Edhe pse nuk \u00ebsht\u00eb tem\u00eb p\u00ebr t\u00eb cil\u00ebn mund t\u00eb flitet k\u00ebtu , po shtoj p\u00ebr opinion \u00a0q\u00eb p\u00ebr shembull se komplet dokumentacioni dhe arkivi i PPD-s\u00eb , p\u00ebrfundoi n\u00eb garazh\u00eb\u00a0 t\u00eb ish kryetarit t\u00eb PPD-s\u00eb , Ali\u00a0 Rexh\u00ebs dhe pas v\u00ebrshimeve t\u00eb\u00a0 dimrit\u00a0 \u00a0ndodhi\u00a0 q\u00eb i \u00a0gjith\u00eb\u00a0 arkivi u mbulua me uj\u00eb(mbi nj\u00eb met\u00ebr), \u00a0duke \u00a0e shkat\u00ebrruar\u00a0 t\u00ebr\u00ebsisht at\u00eb me t\u00eb gjitha pajisjet\u00a0\u00a0 teknike\u00a0 dhe inventarin e zyr\u00ebs. Me q\u00eb nuk besojm\u00eb se pas shp\u00ebrnguljes suaj p\u00ebr Amerik\u00eb\u00a0 ta keni marr\u00eb edhe dokumentacionin\u00a0 me vete , uroj q\u00eb t\u00eb mos ket\u00eb p\u00ebrfunduar edhe ai n\u00eb ndonj\u00eb garazh , ku n\u00ebse nuk e ka\u00a0 hy uji me siguri kan\u00eb hy mijt\u00eb&#8230;.?!!! Te dy k\u00ebto raste bashk\u00eb me raste tjera n\u00eb An\u00eb t\u00eb Malit, mund t\u00eb jen\u00eb nj\u00eb\u00a0 veprim p\u00ebr padi penale ndaj\u00a0 jush me shok\u00eb prandaj kthejeni at\u00eb \u00a0sa nuk \u00ebsht\u00eb von\u00eb.<\/p>\n<p>Sqaroi se edhe vet\u00eb kam qen\u00eb sekretar i Lidhjes Demokratike, dhe kam pasur n\u00eb dispozicion t\u00eb gjith\u00eb arkivin e LD- s\u00eb, dhe kur jam larguar nga LD-ja , e kam dor\u00ebzuar t\u00eb gjith\u00eb dokumentacionin dhe\u00a0 as \u00a0nd\u00ebr mend nuk m\u00eb ka shkuar q\u00eb ta grabis at\u00eb&#8230;.?!!!<\/p>\n<p>E dyta pse e themi k\u00ebt\u00eb&#8230;?!<\/p>\n<p>Zoti Palkola,\u00a0 \u00e7 do koh\u00eb e ka r\u00ebnd\u00ebsin\u00eb ,ve\u00e7antin\u00eb dhe konfliktualitetin\u00a0 e vet\u00eb. Koha kur ju ishit kryetar i deg\u00ebs , p\u00ebr shembull,\u00a0 ka qen\u00eb\u00a0 koha m\u00eb\u00a0 dramatike ,\u00a0 p\u00ebr shqiptar\u00ebt n\u00eb Mal t\u00eb Zi e sidomos p\u00ebr \u00a0trev\u00ebn e An\u00ebs s\u00eb Malit, e cila ishte\u00a0 b\u00ebr\u00eb\u00a0 p\u00ebr pushtetin e at\u00ebhersh\u00ebm bastion i pa thyesh\u00ebm\u00a0 i organizimit t\u00eb shqiptar\u00ebve dhe sinonim i\u00a0 q\u00ebndres\u00ebs politike t\u00eb shqiptar\u00ebve n\u00eb Mal t\u00eb Zi.\u00a0 Le t\u00eb p\u00ebrmendim\u00a0 maltretimet ushtarako policore,\u00a0 p\u00ebr t\u00eb cilat u fol n\u00eb kryesi t\u00eb deg\u00ebs dhe u ruajt\u00ebn procese t\u00eb keq trajtimeve , un\u00eb vet\u00eb p\u00ebr disa gj\u00ebra kam mbajtur sh\u00ebnime personale\u00a0 dhe disa i kam publikuar , por kjo nuk mjafton&#8230;Ashtu si nuk mjafton ajo pik\u00ebpamja e juaj\u00a0 dhe e disa t\u00eb tjer\u00ebve , t\u00eb cil\u00ebt mendojn\u00eb\u00a0 se te di\u00e7ka e madhe n\u00eb k\u00ebto momente mund t\u00eb arrihet \u201c duke rrahur uj\u00eb n\u00eb havan e me sy n\u00eb tavan\u201d- Mendoj kryesisht\u00a0 n\u00eb injorimin e ofert\u00ebs s\u00eb amerikan\u00ebve rreth\u00a0 transferim t\u00eb fakultetit t\u00eb m\u00ebsuesis\u00eb\u00a0 nga Nikshiqi n\u00eb Podgoric\u00eb , p\u00ebr \u00e7ka\u00a0 po m\u00eb akuzoni . Andaj kujdes se mund t\u00eb lag\u00ebsh fytyr\u00ebs ?!<\/p>\n<p>Pastaj \u00a0rreth k\u00ebsaj\u00a0 kohe, kujtojm\u00eb kriz\u00ebn \u00a0e Suturmanit- mobilizimin e\u00a0 dhunsh\u00ebm , p\u00ebr t\u00eb cil\u00ebn \u00a0pun\u00eb dega jo vet\u00ebm se \u00a0ka mbajtur dokumentacion dhe procesverbal \u00a0por pat organizuar edhe nj\u00eb protest\u00eb n\u00eb se ju kujtohet dhe n\u00eb t\u00eb cil\u00ebn at\u00ebher\u00eb m\u00eb pat\u00ebt \u201crespektuar \u201c duke\u00a0 m\u00eb v\u00ebn\u00eb mua n\u00eb kryesin\u00eb e pun\u00ebs edhe pse isha vet\u00ebm nj\u00ebri nga 11 an\u00ebtar\u00ebt e kryesis\u00eb s\u00eb deg\u00ebs&#8230;..Do t\u00eb ishte me interes t\u00eb shihet\u00a0 se n\u00eb k\u00ebto momente tep\u00ebr t\u00eb v\u00ebshtir\u00eb dhe t\u00eb rrezikshme \u00a0p\u00ebr koh\u00ebn, \u00a0t\u00eb analizohet \u00a0\u00e7far\u00eb u tha dhe kush \u00a0tha, si foli dhe pse foli e \u00e7far\u00eb tha&#8230;?!!!<\/p>\n<p>Gjithashtu n\u00eb k\u00ebt\u00eb koh\u00eb, \u00a0po kujtoj se dega pat \u00a0iniciuar n\u00eb mbledhjen e vet edhe \u00e7\u00ebshtjen e mund\u00ebsis\u00eb p\u00ebr organizimin e nj\u00eb referendumi rreth Statusit Special p\u00ebr shqiptar\u00ebt n\u00eb Mal t\u00eb Zi. Le t\u00eb thuhet se mbledhja u thirr nga ju , pas presionit t\u00eb b\u00ebr\u00eb nga ne, \u00a0por pa vullnetin e kryesis\u00eb s\u00eb Lidhjes dhe ndoshta edhe t\u00eb deg\u00ebve tjera&#8230;Mir\u00eb po \u00ebsht\u00eb interesant se ju p\u00ebr \u00e7udin\u00eb\u00a0 e t\u00eb gjith\u00ebve nuk\u00a0 erdh\u00ebt n\u00eb mbledhje . A thua pat\u00ebt pun\u00eb m\u00eb t\u00eb r\u00ebnd\u00ebsishme se kjo apo ndoshta pat\u00ebt \u00a0frik\u00eb sepse kishte edhe t\u00eb till\u00eb.\u00a0 Me gjith\u00eb at\u00eb\u00a0 edhe pa juve \u00a0nuk mungoi kuorumi dhe u votua q\u00ebndrimi p\u00ebr organizimin e nj\u00eb referendumi i cili dihej se nuk mir\u00ebpritej nga shteti dhe paraqiste rrezik. Ai nuk u mbajt\u00a0 sepse nuk mund t\u00eb ket\u00eb referendume t\u00eb pjesshme.<\/p>\n<p>Andaj n\u00eb fund \u00a0ju lut\u00ebm , q\u00eb p\u00ebr gjith\u00eb k\u00ebt\u00eb do t\u00eb ishte m\u00eb mir\u00eb p\u00ebr ju q\u00eb ta ktheni\u00a0 arkivin e deg\u00ebs. \u00a0Anamal\u00ebsit\u00a0 nuk e meritonin \u00a0dhe nuk e prisnin\u00a0 k\u00ebt\u00eb gj\u00eb t\u00eb pakt\u00ebn jo nga Ju. Jam i bindur q\u00eb mbi baz\u00ebn e atij arkivi q\u00eb ju e mor\u00ebt (dhe s\u2019dihet ku e \u00e7uat)\u00a0 do t\u00eb\u00a0 mund t\u00eb b\u00ebhej nj\u00eb film i r\u00ebnd\u00ebsish\u00ebm\u00a0 dokumentar p\u00ebr koh\u00ebn<b><i>. \u00a0N\u00eb se \u00a0Ju, \u00a0v\u00ebrtet\u00eb si thon\u00eb Anamalasit n\u00eb nj\u00eb urti t\u00eb vet\u00ebn n nuk e ktheni \u00a0arkivin: \u00a0\u00a0i bie q\u00eb\u00a0 v\u00ebrtet\u00eb,\u00a0 Ju t\u00eb \u00a0jeni film i pa par\u00eb&#8230;?!!! Mos harro se deg\u00ebt tjera\u00a0 t\u00eb organizimit politik n\u00eb Mal t\u00eb Zi,\u00a0 i kan\u00eb t\u00eb ruajtura arkivet e veta dhe i mbrojn\u00eb me xhelozi&#8230;?!!!<\/i><\/b><b><i><\/i><\/b><\/p>\n<p>&nbsp;<\/p>\n<p>&nbsp;<\/p>\n<p>&nbsp;<\/p>\n","protected":false},"excerpt":{"rendered":"<p>Shkruan Muhamet Nika: ATHUA\u00a0 PSE U GRABITEN ARKIVAT E PARTIVE N\u00cb AN\u00cb T\u00cb MALIT..? (Reagim n\u00eb nj\u00eb Shkrim t\u00eb Nik\u00eb Pal\u00eb Kol\u00ebs- ish kryetar i LD n\u00eb MZ n\u00eb An\u00eb t\u00eb Malit-Ulqin) Para disa dit\u00ebve duke gjurmuar n\u00ebp\u00ebr do adresa internetit pash se si \u00a0Nik\u00eb Pal\u00eb Kola, n\u00eb faqen Mal\u00ebsia ORG, kish spoatuar nj\u00eb shkrim [&hellip;]<\/p>\n","protected":false},"author":1,"featured_media":0,"comment_status":"closed","ping_status":"closed","sticky":false,"template":"","format":"standard","meta":{"spay_email":"","jetpack_publicize_message":"","jetpack_is_tweetstorm":false,"jetpack_publicize_feature_enabled":true},"categories":[14249],"tags":[],"jetpack_publicize_connections":[],"yoast_head":"<!-- This site is optimized with the Yoast SEO plugin v19.1 - https:\/\/yoast.com\/wordpress\/plugins\/seo\/ -->\n<title>Nika: Athua pse u grabiten arkivat e partive n\u00eb An\u00eb t\u00eb Malit..? - Lajme nga Ulqini<\/title>\n<meta name=\"description\" content=\"Shkruan Muhamet Nika: ATHUA\u00a0 PSE U GRABITEN ARKIVAT E PARTIVE N\u00cb AN\u00cb T\u00cb MALIT..? (Reagim n\u00eb nj\u00eb Shkrim t\u00eb Nik\u00eb Pal\u00eb Kol\u00ebs- ish kryetar i LD n\u00eb MZ n\u00eb An\u00eb\" \/>\n<meta name=\"robots\" content=\"index, follow, max-snippet:-1, max-image-preview:large, max-video-preview:-1\" \/>\n<link rel=\"canonical\" href=\"https:\/\/www.visit-ulcinj.com\/blog\/2014\/04\/14\/nika-athua-pse-u-grabiten-arkivat-e-partive-ne-ane-te-malit\/\" \/>\n<meta property=\"og:locale\" content=\"en_US\" \/>\n<meta property=\"og:type\" content=\"article\" \/>\n<meta property=\"og:title\" content=\"Nika: Athua pse u grabiten arkivat e partive n\u00eb An\u00eb t\u00eb Malit..? - Lajme nga Ulqini\" \/>\n<meta property=\"og:description\" content=\"Shkruan Muhamet Nika: ATHUA\u00a0 PSE U GRABITEN ARKIVAT E PARTIVE N\u00cb AN\u00cb T\u00cb MALIT..? (Reagim n\u00eb nj\u00eb Shkrim t\u00eb Nik\u00eb Pal\u00eb Kol\u00ebs- ish kryetar i LD n\u00eb MZ n\u00eb An\u00eb\" \/>\n<meta property=\"og:url\" content=\"https:\/\/www.visit-ulcinj.com\/blog\/2014\/04\/14\/nika-athua-pse-u-grabiten-arkivat-e-partive-ne-ane-te-malit\/\" \/>\n<meta property=\"og:site_name\" content=\"Lajme nga Ulqini\" \/>\n<meta property=\"article:published_time\" content=\"2014-04-14T14:20:47+00:00\" \/>\n<meta property=\"og:image\" content=\"http:\/\/www.visit-ulcinj.com\/blog\/wp-content\/uploads\/2014\/04\/PIC-POKET.jpg\" \/>\n<meta name=\"twitter:label1\" content=\"Written by\" \/>\n\t<meta name=\"twitter:data1\" content=\"ulqini\" \/>\n\t<meta name=\"twitter:label2\" content=\"Est. reading time\" \/>\n\t<meta name=\"twitter:data2\" content=\"9 minutes\" \/>\n<script type=\"application\/ld+json\" class=\"yoast-schema-graph\">{\"@context\":\"https:\/\/schema.org\",\"@graph\":[{\"@type\":\"WebSite\",\"@id\":\"https:\/\/www.visit-ulcinj.com\/blog\/#website\",\"url\":\"https:\/\/www.visit-ulcinj.com\/blog\/\",\"name\":\"Lajme nga Ulqini\",\"description\":\"Lajme,Vijesti,Ulqini,Ulqin,Crna Gora,Mali i Zi\",\"potentialAction\":[{\"@type\":\"SearchAction\",\"target\":{\"@type\":\"EntryPoint\",\"urlTemplate\":\"https:\/\/www.visit-ulcinj.com\/blog\/?s={search_term_string}\"},\"query-input\":\"required name=search_term_string\"}],\"inLanguage\":\"en-US\"},{\"@type\":\"ImageObject\",\"inLanguage\":\"en-US\",\"@id\":\"https:\/\/www.visit-ulcinj.com\/blog\/2014\/04\/14\/nika-athua-pse-u-grabiten-arkivat-e-partive-ne-ane-te-malit\/#primaryimage\",\"url\":\"https:\/\/www.visit-ulcinj.com\/blog\/wp-content\/uploads\/2014\/04\/PIC-POKET.jpg\",\"contentUrl\":\"https:\/\/www.visit-ulcinj.com\/blog\/wp-content\/uploads\/2014\/04\/PIC-POKET.jpg\",\"width\":468,\"height\":264},{\"@type\":\"WebPage\",\"@id\":\"https:\/\/www.visit-ulcinj.com\/blog\/2014\/04\/14\/nika-athua-pse-u-grabiten-arkivat-e-partive-ne-ane-te-malit\/#webpage\",\"url\":\"https:\/\/www.visit-ulcinj.com\/blog\/2014\/04\/14\/nika-athua-pse-u-grabiten-arkivat-e-partive-ne-ane-te-malit\/\",\"name\":\"Nika: Athua pse u grabiten arkivat e partive n\u00eb An\u00eb t\u00eb Malit..? - Lajme nga Ulqini\",\"isPartOf\":{\"@id\":\"https:\/\/www.visit-ulcinj.com\/blog\/#website\"},\"primaryImageOfPage\":{\"@id\":\"https:\/\/www.visit-ulcinj.com\/blog\/2014\/04\/14\/nika-athua-pse-u-grabiten-arkivat-e-partive-ne-ane-te-malit\/#primaryimage\"},\"datePublished\":\"2014-04-14T14:20:47+00:00\",\"dateModified\":\"2014-04-14T14:20:47+00:00\",\"author\":{\"@id\":\"https:\/\/www.visit-ulcinj.com\/blog\/#\/schema\/person\/dcab619c614d3038751c63bc2aadc06d\"},\"description\":\"Shkruan Muhamet Nika: ATHUA\u00a0 PSE U GRABITEN ARKIVAT E PARTIVE N\u00cb AN\u00cb T\u00cb MALIT..? (Reagim n\u00eb nj\u00eb Shkrim t\u00eb Nik\u00eb Pal\u00eb Kol\u00ebs- ish kryetar i LD n\u00eb MZ n\u00eb An\u00eb\",\"breadcrumb\":{\"@id\":\"https:\/\/www.visit-ulcinj.com\/blog\/2014\/04\/14\/nika-athua-pse-u-grabiten-arkivat-e-partive-ne-ane-te-malit\/#breadcrumb\"},\"inLanguage\":\"en-US\",\"potentialAction\":[{\"@type\":\"ReadAction\",\"target\":[\"https:\/\/www.visit-ulcinj.com\/blog\/2014\/04\/14\/nika-athua-pse-u-grabiten-arkivat-e-partive-ne-ane-te-malit\/\"]}]},{\"@type\":\"BreadcrumbList\",\"@id\":\"https:\/\/www.visit-ulcinj.com\/blog\/2014\/04\/14\/nika-athua-pse-u-grabiten-arkivat-e-partive-ne-ane-te-malit\/#breadcrumb\",\"itemListElement\":[{\"@type\":\"ListItem\",\"position\":1,\"name\":\"Nika: Athua pse u grabiten arkivat e partive n\u00eb An\u00eb t\u00eb Malit..?\"}]},{\"@type\":\"Person\",\"@id\":\"https:\/\/www.visit-ulcinj.com\/blog\/#\/schema\/person\/dcab619c614d3038751c63bc2aadc06d\",\"name\":\"ulqini\",\"sameAs\":[\"http:\/\/www.visit-ulcinj.com\"],\"url\":\"https:\/\/www.visit-ulcinj.com\/blog\/author\/admin\/\"}]}<\/script>\n<!-- \/ Yoast SEO plugin. -->","yoast_head_json":{"title":"Nika: Athua pse u grabiten arkivat e partive n\u00eb An\u00eb t\u00eb Malit..? - Lajme nga Ulqini","description":"Shkruan Muhamet Nika: ATHUA\u00a0 PSE U GRABITEN ARKIVAT E PARTIVE N\u00cb AN\u00cb T\u00cb MALIT..? (Reagim n\u00eb nj\u00eb Shkrim t\u00eb Nik\u00eb Pal\u00eb Kol\u00ebs- ish kryetar i LD n\u00eb MZ n\u00eb An\u00eb","robots":{"index":"index","follow":"follow","max-snippet":"max-snippet:-1","max-image-preview":"max-image-preview:large","max-video-preview":"max-video-preview:-1"},"canonical":"https:\/\/www.visit-ulcinj.com\/blog\/2014\/04\/14\/nika-athua-pse-u-grabiten-arkivat-e-partive-ne-ane-te-malit\/","og_locale":"en_US","og_type":"article","og_title":"Nika: Athua pse u grabiten arkivat e partive n\u00eb An\u00eb t\u00eb Malit..? - Lajme nga Ulqini","og_description":"Shkruan Muhamet Nika: ATHUA\u00a0 PSE U GRABITEN ARKIVAT E PARTIVE N\u00cb AN\u00cb T\u00cb MALIT..? (Reagim n\u00eb nj\u00eb Shkrim t\u00eb Nik\u00eb Pal\u00eb Kol\u00ebs- ish kryetar i LD n\u00eb MZ n\u00eb An\u00eb","og_url":"https:\/\/www.visit-ulcinj.com\/blog\/2014\/04\/14\/nika-athua-pse-u-grabiten-arkivat-e-partive-ne-ane-te-malit\/","og_site_name":"Lajme nga Ulqini","article_published_time":"2014-04-14T14:20:47+00:00","og_image":[{"url":"http:\/\/www.visit-ulcinj.com\/blog\/wp-content\/uploads\/2014\/04\/PIC-POKET.jpg"}],"twitter_misc":{"Written by":"ulqini","Est. reading time":"9 minutes"},"schema":{"@context":"https:\/\/schema.org","@graph":[{"@type":"WebSite","@id":"https:\/\/www.visit-ulcinj.com\/blog\/#website","url":"https:\/\/www.visit-ulcinj.com\/blog\/","name":"Lajme nga Ulqini","description":"Lajme,Vijesti,Ulqini,Ulqin,Crna Gora,Mali i Zi","potentialAction":[{"@type":"SearchAction","target":{"@type":"EntryPoint","urlTemplate":"https:\/\/www.visit-ulcinj.com\/blog\/?s={search_term_string}"},"query-input":"required name=search_term_string"}],"inLanguage":"en-US"},{"@type":"ImageObject","inLanguage":"en-US","@id":"https:\/\/www.visit-ulcinj.com\/blog\/2014\/04\/14\/nika-athua-pse-u-grabiten-arkivat-e-partive-ne-ane-te-malit\/#primaryimage","url":"https:\/\/www.visit-ulcinj.com\/blog\/wp-content\/uploads\/2014\/04\/PIC-POKET.jpg","contentUrl":"https:\/\/www.visit-ulcinj.com\/blog\/wp-content\/uploads\/2014\/04\/PIC-POKET.jpg","width":468,"height":264},{"@type":"WebPage","@id":"https:\/\/www.visit-ulcinj.com\/blog\/2014\/04\/14\/nika-athua-pse-u-grabiten-arkivat-e-partive-ne-ane-te-malit\/#webpage","url":"https:\/\/www.visit-ulcinj.com\/blog\/2014\/04\/14\/nika-athua-pse-u-grabiten-arkivat-e-partive-ne-ane-te-malit\/","name":"Nika: Athua pse u grabiten arkivat e partive n\u00eb An\u00eb t\u00eb Malit..? - Lajme nga Ulqini","isPartOf":{"@id":"https:\/\/www.visit-ulcinj.com\/blog\/#website"},"primaryImageOfPage":{"@id":"https:\/\/www.visit-ulcinj.com\/blog\/2014\/04\/14\/nika-athua-pse-u-grabiten-arkivat-e-partive-ne-ane-te-malit\/#primaryimage"},"datePublished":"2014-04-14T14:20:47+00:00","dateModified":"2014-04-14T14:20:47+00:00","author":{"@id":"https:\/\/www.visit-ulcinj.com\/blog\/#\/schema\/person\/dcab619c614d3038751c63bc2aadc06d"},"description":"Shkruan Muhamet Nika: ATHUA\u00a0 PSE U GRABITEN ARKIVAT E PARTIVE N\u00cb AN\u00cb T\u00cb MALIT..? (Reagim n\u00eb nj\u00eb Shkrim t\u00eb Nik\u00eb Pal\u00eb Kol\u00ebs- ish kryetar i LD n\u00eb MZ n\u00eb An\u00eb","breadcrumb":{"@id":"https:\/\/www.visit-ulcinj.com\/blog\/2014\/04\/14\/nika-athua-pse-u-grabiten-arkivat-e-partive-ne-ane-te-malit\/#breadcrumb"},"inLanguage":"en-US","potentialAction":[{"@type":"ReadAction","target":["https:\/\/www.visit-ulcinj.com\/blog\/2014\/04\/14\/nika-athua-pse-u-grabiten-arkivat-e-partive-ne-ane-te-malit\/"]}]},{"@type":"BreadcrumbList","@id":"https:\/\/www.visit-ulcinj.com\/blog\/2014\/04\/14\/nika-athua-pse-u-grabiten-arkivat-e-partive-ne-ane-te-malit\/#breadcrumb","itemListElement":[{"@type":"ListItem","position":1,"name":"Nika: Athua pse u grabiten arkivat e partive n\u00eb An\u00eb t\u00eb Malit..?"}]},{"@type":"Person","@id":"https:\/\/www.visit-ulcinj.com\/blog\/#\/schema\/person\/dcab619c614d3038751c63bc2aadc06d","name":"ulqini","sameAs":["http:\/\/www.visit-ulcinj.com"],"url":"https:\/\/www.visit-ulcinj.com\/blog\/author\/admin\/"}]}},"jetpack_featured_media_url":"","jetpack_sharing_enabled":true,"jetpack_shortlink":"https:\/\/wp.me\/pe6lTn-lcG","_links":{"self":[{"href":"https:\/\/www.visit-ulcinj.com\/blog\/wp-json\/wp\/v2\/posts\/81510"}],"collection":[{"href":"https:\/\/www.visit-ulcinj.com\/blog\/wp-json\/wp\/v2\/posts"}],"about":[{"href":"https:\/\/www.visit-ulcinj.com\/blog\/wp-json\/wp\/v2\/types\/post"}],"author":[{"embeddable":true,"href":"https:\/\/www.visit-ulcinj.com\/blog\/wp-json\/wp\/v2\/users\/1"}],"replies":[{"embeddable":true,"href":"https:\/\/www.visit-ulcinj.com\/blog\/wp-json\/wp\/v2\/comments?post=81510"}],"version-history":[{"count":1,"href":"https:\/\/www.visit-ulcinj.com\/blog\/wp-json\/wp\/v2\/posts\/81510\/revisions"}],"predecessor-version":[{"id":81512,"href":"https:\/\/www.visit-ulcinj.com\/blog\/wp-json\/wp\/v2\/posts\/81510\/revisions\/81512"}],"wp:attachment":[{"href":"https:\/\/www.visit-ulcinj.com\/blog\/wp-json\/wp\/v2\/media?parent=81510"}],"wp:term":[{"taxonomy":"category","embeddable":true,"href":"https:\/\/www.visit-ulcinj.com\/blog\/wp-json\/wp\/v2\/categories?post=81510"},{"taxonomy":"post_tag","embeddable":true,"href":"https:\/\/www.visit-ulcinj.com\/blog\/wp-json\/wp\/v2\/tags?post=81510"}],"curies":[{"name":"wp","href":"https:\/\/api.w.org\/{rel}","templated":true}]}}