{"id":81513,"date":"2014-04-15T13:58:49","date_gmt":"2014-04-15T12:58:49","guid":{"rendered":"http:\/\/www.visit-ulcinj.com\/blog\/?p=81513"},"modified":"2014-04-15T13:58:49","modified_gmt":"2014-04-15T12:58:49","slug":"u-ulcinjskoj-rivijeri-prvi-gosti-stizu-30-aprila","status":"publish","type":"post","link":"https:\/\/www.visit-ulcinj.com\/blog\/2014\/04\/15\/u-ulcinjskoj-rivijeri-prvi-gosti-stizu-30-aprila\/","title":{"rendered":"U \u201eUlcinjskoj rivijeri\u201c prvi gosti sti\u017eu 30. aprila"},"content":{"rendered":"<p align=\"center\"><strong><a href=\"http:\/\/www.visit-ulcinj.com\/blog\/wp-content\/uploads\/2014\/04\/ulcinjska-rivijera.jpg\"><img loading=\"lazy\" class=\"alignleft  wp-image-81514\" alt=\"ulcinjska-rivijera\" src=\"http:\/\/www.visit-ulcinj.com\/blog\/wp-content\/uploads\/2014\/04\/ulcinjska-rivijera.jpg\" width=\"508\" height=\"360\" \/><\/a>Novi sadr\u017eaji a stare cijene<\/strong><\/p>\n<p>Sezona u HTP Ulcinjskoj rivijeri po\u010dinje 30. aprila otvaranjem Ade Bojane, i hotela Olympic i Bellevue na Velikoj pla\u017ei. Prvi gosti dolaze iz Njema\u010dke, Srbije i Crne Gore. Goste u hotelima Ulcinjske rivijere \u0107e do\u010dekati mnogo novih sadr\u017eaja : na Adi Bojani i u hotelu Bellevue su za ovu sezonu rekonstruisane sve sobe, restoran Barbana u novom ruhu \u0107e biti otvoren od 1. Maja, \u00a0sve sobe i objekti na Adi bi\u0107e pokriveni Wireless Internetom i bi\u0107e unapre\u0111en TV program u sobama. Najmla\u0111e \u0107emo obradovati sa 4 nove igraonice za djecu na otvorenom od kojih su tri u hotelima na Velikoj pla\u017ei i jedna na Adi&#8230; Pored ve\u0107 prepoznatljivih sadr\u017eaja na Adi Bojani kao \u0161to je jahanje konja, tenis, odbojka, kite surfing, od ovoga ljeta \u0107e gosti mo\u0107i da iznajmljuju bicikle, opremu za ribolov i da idu na organizovani kruzing oko ostrva.<\/p>\n<p>Za boravak na Adi Bojani pripremili smo posebne aran\u017emane \u2013 trodnevni aran\u017eman sa no\u0107enjem i doru\u010dkom u vrijeme prvomajskih praznika za dvije osobe je 120 eura,\u00a0 a za boravak gostiju do 5. jula: za pla\u0107enih 6 dana \u2013 sedmi dan se dobija gratis i za pla\u0107enih 10 dana dobijaju se jo\u0161 dva dana gratis. Cijene su na nivou pro\u0161logodi\u0161njih, a u predsezoni polupansion u hotelima Bellevue i Olympic je 22 odnosno 24 eura po osobi dok se na Adi kre\u0107e od 27 do 32 eura.<\/p>\n<p>Na osnovu ugovorenih poslova sa agencijama i dosada\u0161njeg bukinga, ove godine o\u010dekujemo najvi\u0161e gostiju iz \u010ce\u0161ke, Rusije, Njema\u010dke i zemalja najbli\u017eeg okru\u017eenja.<\/p>\n<p>&nbsp;<\/p>\n<p align=\"right\"><strong>HTP Ulcinjska rivijera<\/strong><\/p>\n<p align=\"right\"><!--YouTube Error: bad URL entered--><\/p>\n","protected":false},"excerpt":{"rendered":"<p>Novi sadr\u017eaji a stare cijene Sezona u HTP Ulcinjskoj rivijeri po\u010dinje 30. aprila otvaranjem Ade Bojane, i hotela Olympic i Bellevue na Velikoj pla\u017ei. Prvi gosti dolaze iz Njema\u010dke, Srbije i Crne Gore. Goste u hotelima Ulcinjske rivijere \u0107e do\u010dekati mnogo novih sadr\u017eaja : na Adi Bojani i u hotelu Bellevue su za ovu sezonu [&hellip;]<\/p>\n","protected":false},"author":1,"featured_media":0,"comment_status":"closed","ping_status":"closed","sticky":false,"template":"","format":"standard","meta":{"spay_email":"","jetpack_publicize_message":"","jetpack_is_tweetstorm":false,"jetpack_publicize_feature_enabled":true},"categories":[8337],"tags":[],"jetpack_publicize_connections":[],"yoast_head":"<!-- This site is optimized with the Yoast SEO plugin v19.1 - https:\/\/yoast.com\/wordpress\/plugins\/seo\/ -->\n<title>U \u201eUlcinjskoj rivijeri\u201c prvi gosti sti\u017eu 30. aprila - Lajme nga Ulqini<\/title>\n<meta name=\"description\" content=\"Novi sadr\u017eaji a stare cijene Sezona u HTP Ulcinjskoj rivijeri po\u010dinje 30. aprila otvaranjem Ade Bojane, i hotela Olympic i Bellevue na Velikoj pla\u017ei. Prvi\" \/>\n<meta name=\"robots\" content=\"index, follow, max-snippet:-1, max-image-preview:large, max-video-preview:-1\" \/>\n<link rel=\"canonical\" href=\"https:\/\/www.visit-ulcinj.com\/blog\/2014\/04\/15\/u-ulcinjskoj-rivijeri-prvi-gosti-stizu-30-aprila\/\" \/>\n<meta property=\"og:locale\" content=\"en_US\" \/>\n<meta property=\"og:type\" content=\"article\" \/>\n<meta property=\"og:title\" content=\"U \u201eUlcinjskoj rivijeri\u201c prvi gosti sti\u017eu 30. aprila - Lajme nga Ulqini\" \/>\n<meta property=\"og:description\" content=\"Novi sadr\u017eaji a stare cijene Sezona u HTP Ulcinjskoj rivijeri po\u010dinje 30. aprila otvaranjem Ade Bojane, i hotela Olympic i Bellevue na Velikoj pla\u017ei. Prvi\" \/>\n<meta property=\"og:url\" content=\"https:\/\/www.visit-ulcinj.com\/blog\/2014\/04\/15\/u-ulcinjskoj-rivijeri-prvi-gosti-stizu-30-aprila\/\" \/>\n<meta property=\"og:site_name\" content=\"Lajme nga Ulqini\" \/>\n<meta property=\"article:published_time\" content=\"2014-04-15T12:58:49+00:00\" \/>\n<meta property=\"og:image\" content=\"http:\/\/www.visit-ulcinj.com\/blog\/wp-content\/uploads\/2014\/04\/ulcinjska-rivijera.jpg\" \/>\n<meta name=\"twitter:label1\" content=\"Written by\" \/>\n\t<meta name=\"twitter:data1\" content=\"ulqini\" \/>\n\t<meta name=\"twitter:label2\" content=\"Est. reading time\" \/>\n\t<meta name=\"twitter:data2\" content=\"1 minute\" \/>\n<script type=\"application\/ld+json\" class=\"yoast-schema-graph\">{\"@context\":\"https:\/\/schema.org\",\"@graph\":[{\"@type\":\"WebSite\",\"@id\":\"https:\/\/www.visit-ulcinj.com\/blog\/#website\",\"url\":\"https:\/\/www.visit-ulcinj.com\/blog\/\",\"name\":\"Lajme nga Ulqini\",\"description\":\"Lajme,Vijesti,Ulqini,Ulqin,Crna Gora,Mali i Zi\",\"potentialAction\":[{\"@type\":\"SearchAction\",\"target\":{\"@type\":\"EntryPoint\",\"urlTemplate\":\"https:\/\/www.visit-ulcinj.com\/blog\/?s={search_term_string}\"},\"query-input\":\"required name=search_term_string\"}],\"inLanguage\":\"en-US\"},{\"@type\":\"ImageObject\",\"inLanguage\":\"en-US\",\"@id\":\"https:\/\/www.visit-ulcinj.com\/blog\/2014\/04\/15\/u-ulcinjskoj-rivijeri-prvi-gosti-stizu-30-aprila\/#primaryimage\",\"url\":\"https:\/\/www.visit-ulcinj.com\/blog\/wp-content\/uploads\/2014\/04\/ulcinjska-rivijera.jpg\",\"contentUrl\":\"https:\/\/www.visit-ulcinj.com\/blog\/wp-content\/uploads\/2014\/04\/ulcinjska-rivijera.jpg\",\"width\":731,\"height\":511},{\"@type\":\"WebPage\",\"@id\":\"https:\/\/www.visit-ulcinj.com\/blog\/2014\/04\/15\/u-ulcinjskoj-rivijeri-prvi-gosti-stizu-30-aprila\/#webpage\",\"url\":\"https:\/\/www.visit-ulcinj.com\/blog\/2014\/04\/15\/u-ulcinjskoj-rivijeri-prvi-gosti-stizu-30-aprila\/\",\"name\":\"U \u201eUlcinjskoj rivijeri\u201c prvi gosti sti\u017eu 30. aprila - Lajme nga Ulqini\",\"isPartOf\":{\"@id\":\"https:\/\/www.visit-ulcinj.com\/blog\/#website\"},\"primaryImageOfPage\":{\"@id\":\"https:\/\/www.visit-ulcinj.com\/blog\/2014\/04\/15\/u-ulcinjskoj-rivijeri-prvi-gosti-stizu-30-aprila\/#primaryimage\"},\"datePublished\":\"2014-04-15T12:58:49+00:00\",\"dateModified\":\"2014-04-15T12:58:49+00:00\",\"author\":{\"@id\":\"https:\/\/www.visit-ulcinj.com\/blog\/#\/schema\/person\/dcab619c614d3038751c63bc2aadc06d\"},\"description\":\"Novi sadr\u017eaji a stare cijene Sezona u HTP Ulcinjskoj rivijeri po\u010dinje 30. aprila otvaranjem Ade Bojane, i hotela Olympic i Bellevue na Velikoj pla\u017ei. Prvi\",\"breadcrumb\":{\"@id\":\"https:\/\/www.visit-ulcinj.com\/blog\/2014\/04\/15\/u-ulcinjskoj-rivijeri-prvi-gosti-stizu-30-aprila\/#breadcrumb\"},\"inLanguage\":\"en-US\",\"potentialAction\":[{\"@type\":\"ReadAction\",\"target\":[\"https:\/\/www.visit-ulcinj.com\/blog\/2014\/04\/15\/u-ulcinjskoj-rivijeri-prvi-gosti-stizu-30-aprila\/\"]}]},{\"@type\":\"BreadcrumbList\",\"@id\":\"https:\/\/www.visit-ulcinj.com\/blog\/2014\/04\/15\/u-ulcinjskoj-rivijeri-prvi-gosti-stizu-30-aprila\/#breadcrumb\",\"itemListElement\":[{\"@type\":\"ListItem\",\"position\":1,\"name\":\"U \u201eUlcinjskoj rivijeri\u201c prvi gosti sti\u017eu 30. aprila\"}]},{\"@type\":\"Person\",\"@id\":\"https:\/\/www.visit-ulcinj.com\/blog\/#\/schema\/person\/dcab619c614d3038751c63bc2aadc06d\",\"name\":\"ulqini\",\"sameAs\":[\"http:\/\/www.visit-ulcinj.com\"],\"url\":\"https:\/\/www.visit-ulcinj.com\/blog\/author\/admin\/\"}]}<\/script>\n<!-- \/ Yoast SEO plugin. -->","yoast_head_json":{"title":"U \u201eUlcinjskoj rivijeri\u201c prvi gosti sti\u017eu 30. aprila - Lajme nga Ulqini","description":"Novi sadr\u017eaji a stare cijene Sezona u HTP Ulcinjskoj rivijeri po\u010dinje 30. aprila otvaranjem Ade Bojane, i hotela Olympic i Bellevue na Velikoj pla\u017ei. Prvi","robots":{"index":"index","follow":"follow","max-snippet":"max-snippet:-1","max-image-preview":"max-image-preview:large","max-video-preview":"max-video-preview:-1"},"canonical":"https:\/\/www.visit-ulcinj.com\/blog\/2014\/04\/15\/u-ulcinjskoj-rivijeri-prvi-gosti-stizu-30-aprila\/","og_locale":"en_US","og_type":"article","og_title":"U \u201eUlcinjskoj rivijeri\u201c prvi gosti sti\u017eu 30. aprila - Lajme nga Ulqini","og_description":"Novi sadr\u017eaji a stare cijene Sezona u HTP Ulcinjskoj rivijeri po\u010dinje 30. aprila otvaranjem Ade Bojane, i hotela Olympic i Bellevue na Velikoj pla\u017ei. Prvi","og_url":"https:\/\/www.visit-ulcinj.com\/blog\/2014\/04\/15\/u-ulcinjskoj-rivijeri-prvi-gosti-stizu-30-aprila\/","og_site_name":"Lajme nga Ulqini","article_published_time":"2014-04-15T12:58:49+00:00","og_image":[{"url":"http:\/\/www.visit-ulcinj.com\/blog\/wp-content\/uploads\/2014\/04\/ulcinjska-rivijera.jpg"}],"twitter_misc":{"Written by":"ulqini","Est. reading time":"1 minute"},"schema":{"@context":"https:\/\/schema.org","@graph":[{"@type":"WebSite","@id":"https:\/\/www.visit-ulcinj.com\/blog\/#website","url":"https:\/\/www.visit-ulcinj.com\/blog\/","name":"Lajme nga Ulqini","description":"Lajme,Vijesti,Ulqini,Ulqin,Crna Gora,Mali i Zi","potentialAction":[{"@type":"SearchAction","target":{"@type":"EntryPoint","urlTemplate":"https:\/\/www.visit-ulcinj.com\/blog\/?s={search_term_string}"},"query-input":"required name=search_term_string"}],"inLanguage":"en-US"},{"@type":"ImageObject","inLanguage":"en-US","@id":"https:\/\/www.visit-ulcinj.com\/blog\/2014\/04\/15\/u-ulcinjskoj-rivijeri-prvi-gosti-stizu-30-aprila\/#primaryimage","url":"https:\/\/www.visit-ulcinj.com\/blog\/wp-content\/uploads\/2014\/04\/ulcinjska-rivijera.jpg","contentUrl":"https:\/\/www.visit-ulcinj.com\/blog\/wp-content\/uploads\/2014\/04\/ulcinjska-rivijera.jpg","width":731,"height":511},{"@type":"WebPage","@id":"https:\/\/www.visit-ulcinj.com\/blog\/2014\/04\/15\/u-ulcinjskoj-rivijeri-prvi-gosti-stizu-30-aprila\/#webpage","url":"https:\/\/www.visit-ulcinj.com\/blog\/2014\/04\/15\/u-ulcinjskoj-rivijeri-prvi-gosti-stizu-30-aprila\/","name":"U \u201eUlcinjskoj rivijeri\u201c prvi gosti sti\u017eu 30. aprila - Lajme nga Ulqini","isPartOf":{"@id":"https:\/\/www.visit-ulcinj.com\/blog\/#website"},"primaryImageOfPage":{"@id":"https:\/\/www.visit-ulcinj.com\/blog\/2014\/04\/15\/u-ulcinjskoj-rivijeri-prvi-gosti-stizu-30-aprila\/#primaryimage"},"datePublished":"2014-04-15T12:58:49+00:00","dateModified":"2014-04-15T12:58:49+00:00","author":{"@id":"https:\/\/www.visit-ulcinj.com\/blog\/#\/schema\/person\/dcab619c614d3038751c63bc2aadc06d"},"description":"Novi sadr\u017eaji a stare cijene Sezona u HTP Ulcinjskoj rivijeri po\u010dinje 30. aprila otvaranjem Ade Bojane, i hotela Olympic i Bellevue na Velikoj pla\u017ei. Prvi","breadcrumb":{"@id":"https:\/\/www.visit-ulcinj.com\/blog\/2014\/04\/15\/u-ulcinjskoj-rivijeri-prvi-gosti-stizu-30-aprila\/#breadcrumb"},"inLanguage":"en-US","potentialAction":[{"@type":"ReadAction","target":["https:\/\/www.visit-ulcinj.com\/blog\/2014\/04\/15\/u-ulcinjskoj-rivijeri-prvi-gosti-stizu-30-aprila\/"]}]},{"@type":"BreadcrumbList","@id":"https:\/\/www.visit-ulcinj.com\/blog\/2014\/04\/15\/u-ulcinjskoj-rivijeri-prvi-gosti-stizu-30-aprila\/#breadcrumb","itemListElement":[{"@type":"ListItem","position":1,"name":"U \u201eUlcinjskoj rivijeri\u201c prvi gosti sti\u017eu 30. aprila"}]},{"@type":"Person","@id":"https:\/\/www.visit-ulcinj.com\/blog\/#\/schema\/person\/dcab619c614d3038751c63bc2aadc06d","name":"ulqini","sameAs":["http:\/\/www.visit-ulcinj.com"],"url":"https:\/\/www.visit-ulcinj.com\/blog\/author\/admin\/"}]}},"jetpack_featured_media_url":"","jetpack_sharing_enabled":true,"jetpack_shortlink":"https:\/\/wp.me\/pe6lTn-lcJ","_links":{"self":[{"href":"https:\/\/www.visit-ulcinj.com\/blog\/wp-json\/wp\/v2\/posts\/81513"}],"collection":[{"href":"https:\/\/www.visit-ulcinj.com\/blog\/wp-json\/wp\/v2\/posts"}],"about":[{"href":"https:\/\/www.visit-ulcinj.com\/blog\/wp-json\/wp\/v2\/types\/post"}],"author":[{"embeddable":true,"href":"https:\/\/www.visit-ulcinj.com\/blog\/wp-json\/wp\/v2\/users\/1"}],"replies":[{"embeddable":true,"href":"https:\/\/www.visit-ulcinj.com\/blog\/wp-json\/wp\/v2\/comments?post=81513"}],"version-history":[{"count":1,"href":"https:\/\/www.visit-ulcinj.com\/blog\/wp-json\/wp\/v2\/posts\/81513\/revisions"}],"predecessor-version":[{"id":81515,"href":"https:\/\/www.visit-ulcinj.com\/blog\/wp-json\/wp\/v2\/posts\/81513\/revisions\/81515"}],"wp:attachment":[{"href":"https:\/\/www.visit-ulcinj.com\/blog\/wp-json\/wp\/v2\/media?parent=81513"}],"wp:term":[{"taxonomy":"category","embeddable":true,"href":"https:\/\/www.visit-ulcinj.com\/blog\/wp-json\/wp\/v2\/categories?post=81513"},{"taxonomy":"post_tag","embeddable":true,"href":"https:\/\/www.visit-ulcinj.com\/blog\/wp-json\/wp\/v2\/tags?post=81513"}],"curies":[{"name":"wp","href":"https:\/\/api.w.org\/{rel}","templated":true}]}}