{"id":81516,"date":"2014-04-15T14:09:22","date_gmt":"2014-04-15T13:09:22","guid":{"rendered":"http:\/\/www.visit-ulcinj.com\/blog\/?p=81516"},"modified":"2014-04-15T14:09:22","modified_gmt":"2014-04-15T13:09:22","slug":"odbor-za-ekonomiju-da-elektroprivreda-ukljuci-struju-solani","status":"publish","type":"post","link":"https:\/\/www.visit-ulcinj.com\/blog\/2014\/04\/15\/odbor-za-ekonomiju-da-elektroprivreda-ukljuci-struju-solani\/","title":{"rendered":"Odbor za ekonomiju: Da Elektroprivreda uklju\u010di struju Solani"},"content":{"rendered":"<p><em><a href=\"http:\/\/www.visit-ulcinj.com\/blog\/wp-content\/uploads\/2014\/04\/Odbor-za-ekonomiju-CRNE-GORE.jpg\"><img loading=\"lazy\" class=\"alignleft  wp-image-81517\" alt=\"Odbor za ekonomiju-CRNE-GORE\" src=\"http:\/\/www.visit-ulcinj.com\/blog\/wp-content\/uploads\/2014\/04\/Odbor-za-ekonomiju-CRNE-GORE.jpg\" width=\"508\" height=\"360\" \/><\/a>Odbor za ekonomiju predlo\u017eio je i da Vlada i Fond rada preduzmu sve neophodno u skladu sa Zakonom o radu, kako bi radnicima Solane bile ispla\u0107ene zaostale zarade i povezan radni sta\u017e<\/em><\/p>\n<p><b>PODGORICA \u2013 \u00a0<\/b><b>Skup\u0161tinski Odbor za ekonomiju, finansije i bud\u017eet jednoglasno je u ponedjeljak predlo\u017eio parlamentu da prihvati zaklju\u010dke o kontrolnom saslu\u0161anju predstavnika Vlade i ste\u010dajne uprave ulcinjske Solane ,,Bajo Sekuli\u0107\u201c.<\/b><\/p>\n<p>\u010clanovi Odbora prihvatili su zaklju\u010dke koje je, povodom kontrolnog saslu\u0161anja ministara finansija i ekonomije Radoja \u017dugi\u0107a i Vladimira Kavari\u0107a, kao i ste\u010dajnog upravnika Solane Ognjena Jovovi\u0107a, predlo\u017eio poslanik Socijalisti\u010dke narodne partije Sr\u0111an Mili\u0107.<\/p>\n<p><b>Zaklju\u010dci<\/b><\/p>\n<p>Zaklju\u010dcima je predvi\u0111eno da Elektroprivreda u najkra\u0107em mogu\u0107em roku isporu\u010di elektri\u010dnu energiju Solani, kako bi se za\u0161titila proizvodnja i dr\u017eavna imovina, uz obavezu ulcinjskog preduze\u0107a da dug prema elektroenergetskoj kompaniji isplati nakon pokretanja proizvodnog procesa.<\/p>\n<p>Mili\u0107 je naveo da do po\u010detka sjednice Odbora Solana nije dobila struju, a, kako je dodao, nevjerovatno je da EPCG, koja ima oko 202 miliona eura nenapla\u0107enih potra\u017eivanja, tra\u017ei da se uplati 20.000 eura da bi uklju\u010dila elektri\u010dnu energiju ulcinjskom preduze\u0107u.<b><br \/>\n<\/b><\/p>\n<p>&#8211; Ne znamo kako se u okviru EPCG tro\u0161i novac u ime dr\u017eave \u2013 rekao je Mili\u0107.<\/p>\n<p>Predlo\u017eeno je i da Vlada i Fond rada preduzmu sve neophodno u skladu sa Zakonom o radu, kako bi radnicima Solane bile ispla\u0107ene zaostale zarade i povezan radi sta\u017e.<\/p>\n<p>&#8211; Tra\u017eimo da Vlada i op\u0161tina Ulcinj, uz podr\u0161ku Investiciono-razvojnog fonda, sagledaju mogu\u0107nosti da se u Solani kroz poslovno-tehni\u010dku saradnju, u skladu sa konkursom koji je raspisao ste\u010dajni upravnik, obezbijede uslovi za nastavak proizvodnje \u2013 naveo je Mili\u0107.<\/p>\n<p>Odbor je predlo\u017eio Skup\u0161tini da u cilju rje\u0161avanja evidentnih problema u funkcionisanju Solane tra\u017ei da Vlada i ulcinjska op\u0161tina sagledaju mogu\u0107nost prodaje adekvatne dr\u017eavne ili op\u0161tinske imovine, kako bi se obezbijedila neophodna sredstva za nastavak primarne djelatnosti, odnosno proizvodnja soli. To, kako su naglasili \u010dlanovi Odbora, ne bi podrazumijevalo prodaju imovine Solane.<\/p>\n<p><b>Segmentacija<\/b><\/p>\n<p>Poslanik Demokratske partije socijalista Veljko Zarubica podsjetio je da je na kontrolnom saslu\u0161anju kao jedan od na\u010dina za rje\u0161avanje problema Solane predlagana segmentacija, \u010demu se protive predstavnici opozicionih partija.<\/p>\n<p>Poslanik Pozitivne Crne Gore Mladen Bojani\u0107 smatra da bi od nadle\u017enih trebalo tra\u017eiti hitno rje\u0161avanje pitanja vlasni\u0161tva u Solani, kao i da segmentacija ne bi bila dobro rje\u0161enje.<\/p>\n<p>&#8211; Protivimo se segmentaciji, jer to vodi onome \u0161to je vlasnik krenuo da radi \u2013 poru\u010dio je Bojani\u0107.<\/p>\n<p>Mili\u0107 je saop\u0161tio da zaklju\u010dcima nije predvi\u0111ena mogu\u0107nost segmentacije i da su stav po tom pitanju ve\u0107 pokazali glasaju\u0107i protiv izmjene prostornog plana za Solanu, dok je poslanik Socijaldemokratske partije Damir \u0160ehovi\u0107 poru\u010dio da je veoma va\u017eno da se zaklju\u010dci usvoje jednoglasno.<\/p>\n<p>&#8211; Mo\u017eemo da preformuli\u0161emo posljednji zaklju\u010dak i pozovemo nadle\u017ene da solidarno sagledaju sve mogu\u0107nosti da se obezbijede neophodna finansijska sredstva za nastavak proizvodnje soli \u2013 rekao je \u0160ehovi\u0107.<\/p>\n<p>Mili\u0107 je odbio predlog \u0160ehovi\u0107a jer, kako je kazao, ne \u017eeli da prihvati zaklju\u010dak koji bi nekome mogao poslu\u017eiti kao alibi.<\/p>\n<p>&#8211; Odgovornost za to ho\u0107e li biti proizvodnje u Solani \u017eelim jasno da adresiram na Vladu i op\u0161tinu Ulcinj, jer se to ne rje\u0161ava u Privrednom sudu \u2013 saop\u0161tio je Mili\u0107.<\/p>\n<p>Kontrolno saslu\u0161anje \u017dugi\u0107a, Kavari\u0107a i Jovovi\u0107a, koje je odr\u017eano 4. aprila, inicirao je Mili\u0107, s obzirom na \u010dinjenicu da 49 radnika Solane \u0161trajkuje od 21. januara zbog neispla\u0107enih zarada i nepovezanog sta\u017ea.<\/p>\n<p><strong><em>S. P.<\/em><\/strong><\/p>\n<p><strong>Izvor: POBJEDA<\/strong><\/p>\n","protected":false},"excerpt":{"rendered":"<p>Odbor za ekonomiju predlo\u017eio je i da Vlada i Fond rada preduzmu sve neophodno u skladu sa Zakonom o radu, kako bi radnicima Solane bile ispla\u0107ene zaostale zarade i povezan radni sta\u017e PODGORICA \u2013 \u00a0Skup\u0161tinski Odbor za ekonomiju, finansije i bud\u017eet jednoglasno je u ponedjeljak predlo\u017eio parlamentu da prihvati zaklju\u010dke o kontrolnom saslu\u0161anju predstavnika Vlade [&hellip;]<\/p>\n","protected":false},"author":1,"featured_media":0,"comment_status":"closed","ping_status":"closed","sticky":false,"template":"","format":"standard","meta":{"spay_email":"","jetpack_publicize_message":"","jetpack_is_tweetstorm":false,"jetpack_publicize_feature_enabled":true},"categories":[6950],"tags":[],"jetpack_publicize_connections":[],"yoast_head":"<!-- This site is optimized with the Yoast SEO plugin v19.1 - https:\/\/yoast.com\/wordpress\/plugins\/seo\/ -->\n<title>Odbor za ekonomiju: Da Elektroprivreda uklju\u010di struju Solani - Lajme nga Ulqini<\/title>\n<meta name=\"description\" content=\"Odbor za ekonomiju predlo\u017eio je i da Vlada i Fond rada preduzmu sve neophodno u skladu sa Zakonom o radu, kako bi radnicima Solane bile ispla\u0107ene zaostale\" \/>\n<meta name=\"robots\" content=\"index, follow, max-snippet:-1, max-image-preview:large, max-video-preview:-1\" \/>\n<link rel=\"canonical\" href=\"https:\/\/www.visit-ulcinj.com\/blog\/2014\/04\/15\/odbor-za-ekonomiju-da-elektroprivreda-ukljuci-struju-solani\/\" \/>\n<meta property=\"og:locale\" content=\"en_US\" \/>\n<meta property=\"og:type\" content=\"article\" \/>\n<meta property=\"og:title\" content=\"Odbor za ekonomiju: Da Elektroprivreda uklju\u010di struju Solani - Lajme nga Ulqini\" \/>\n<meta property=\"og:description\" content=\"Odbor za ekonomiju predlo\u017eio je i da Vlada i Fond rada preduzmu sve neophodno u skladu sa Zakonom o radu, kako bi radnicima Solane bile ispla\u0107ene zaostale\" \/>\n<meta property=\"og:url\" content=\"https:\/\/www.visit-ulcinj.com\/blog\/2014\/04\/15\/odbor-za-ekonomiju-da-elektroprivreda-ukljuci-struju-solani\/\" \/>\n<meta property=\"og:site_name\" content=\"Lajme nga Ulqini\" \/>\n<meta property=\"article:published_time\" content=\"2014-04-15T13:09:22+00:00\" \/>\n<meta property=\"og:image\" content=\"http:\/\/www.visit-ulcinj.com\/blog\/wp-content\/uploads\/2014\/04\/Odbor-za-ekonomiju-CRNE-GORE.jpg\" \/>\n<meta name=\"twitter:label1\" content=\"Written by\" \/>\n\t<meta name=\"twitter:data1\" content=\"ulqini\" \/>\n\t<meta name=\"twitter:label2\" content=\"Est. reading time\" \/>\n\t<meta name=\"twitter:data2\" content=\"3 minutes\" \/>\n<script type=\"application\/ld+json\" class=\"yoast-schema-graph\">{\"@context\":\"https:\/\/schema.org\",\"@graph\":[{\"@type\":\"WebSite\",\"@id\":\"https:\/\/www.visit-ulcinj.com\/blog\/#website\",\"url\":\"https:\/\/www.visit-ulcinj.com\/blog\/\",\"name\":\"Lajme nga Ulqini\",\"description\":\"Lajme,Vijesti,Ulqini,Ulqin,Crna Gora,Mali i Zi\",\"potentialAction\":[{\"@type\":\"SearchAction\",\"target\":{\"@type\":\"EntryPoint\",\"urlTemplate\":\"https:\/\/www.visit-ulcinj.com\/blog\/?s={search_term_string}\"},\"query-input\":\"required name=search_term_string\"}],\"inLanguage\":\"en-US\"},{\"@type\":\"ImageObject\",\"inLanguage\":\"en-US\",\"@id\":\"https:\/\/www.visit-ulcinj.com\/blog\/2014\/04\/15\/odbor-za-ekonomiju-da-elektroprivreda-ukljuci-struju-solani\/#primaryimage\",\"url\":\"https:\/\/www.visit-ulcinj.com\/blog\/wp-content\/uploads\/2014\/04\/Odbor-za-ekonomiju-CRNE-GORE.jpg\",\"contentUrl\":\"https:\/\/www.visit-ulcinj.com\/blog\/wp-content\/uploads\/2014\/04\/Odbor-za-ekonomiju-CRNE-GORE.jpg\",\"width\":588,\"height\":390},{\"@type\":\"WebPage\",\"@id\":\"https:\/\/www.visit-ulcinj.com\/blog\/2014\/04\/15\/odbor-za-ekonomiju-da-elektroprivreda-ukljuci-struju-solani\/#webpage\",\"url\":\"https:\/\/www.visit-ulcinj.com\/blog\/2014\/04\/15\/odbor-za-ekonomiju-da-elektroprivreda-ukljuci-struju-solani\/\",\"name\":\"Odbor za ekonomiju: Da Elektroprivreda uklju\u010di struju Solani - Lajme nga Ulqini\",\"isPartOf\":{\"@id\":\"https:\/\/www.visit-ulcinj.com\/blog\/#website\"},\"primaryImageOfPage\":{\"@id\":\"https:\/\/www.visit-ulcinj.com\/blog\/2014\/04\/15\/odbor-za-ekonomiju-da-elektroprivreda-ukljuci-struju-solani\/#primaryimage\"},\"datePublished\":\"2014-04-15T13:09:22+00:00\",\"dateModified\":\"2014-04-15T13:09:22+00:00\",\"author\":{\"@id\":\"https:\/\/www.visit-ulcinj.com\/blog\/#\/schema\/person\/dcab619c614d3038751c63bc2aadc06d\"},\"description\":\"Odbor za ekonomiju predlo\u017eio je i da Vlada i Fond rada preduzmu sve neophodno u skladu sa Zakonom o radu, kako bi radnicima Solane bile ispla\u0107ene zaostale\",\"breadcrumb\":{\"@id\":\"https:\/\/www.visit-ulcinj.com\/blog\/2014\/04\/15\/odbor-za-ekonomiju-da-elektroprivreda-ukljuci-struju-solani\/#breadcrumb\"},\"inLanguage\":\"en-US\",\"potentialAction\":[{\"@type\":\"ReadAction\",\"target\":[\"https:\/\/www.visit-ulcinj.com\/blog\/2014\/04\/15\/odbor-za-ekonomiju-da-elektroprivreda-ukljuci-struju-solani\/\"]}]},{\"@type\":\"BreadcrumbList\",\"@id\":\"https:\/\/www.visit-ulcinj.com\/blog\/2014\/04\/15\/odbor-za-ekonomiju-da-elektroprivreda-ukljuci-struju-solani\/#breadcrumb\",\"itemListElement\":[{\"@type\":\"ListItem\",\"position\":1,\"name\":\"Odbor za ekonomiju: Da Elektroprivreda uklju\u010di struju Solani\"}]},{\"@type\":\"Person\",\"@id\":\"https:\/\/www.visit-ulcinj.com\/blog\/#\/schema\/person\/dcab619c614d3038751c63bc2aadc06d\",\"name\":\"ulqini\",\"sameAs\":[\"http:\/\/www.visit-ulcinj.com\"],\"url\":\"https:\/\/www.visit-ulcinj.com\/blog\/author\/admin\/\"}]}<\/script>\n<!-- \/ Yoast SEO plugin. -->","yoast_head_json":{"title":"Odbor za ekonomiju: Da Elektroprivreda uklju\u010di struju Solani - Lajme nga Ulqini","description":"Odbor za ekonomiju predlo\u017eio je i da Vlada i Fond rada preduzmu sve neophodno u skladu sa Zakonom o radu, kako bi radnicima Solane bile ispla\u0107ene zaostale","robots":{"index":"index","follow":"follow","max-snippet":"max-snippet:-1","max-image-preview":"max-image-preview:large","max-video-preview":"max-video-preview:-1"},"canonical":"https:\/\/www.visit-ulcinj.com\/blog\/2014\/04\/15\/odbor-za-ekonomiju-da-elektroprivreda-ukljuci-struju-solani\/","og_locale":"en_US","og_type":"article","og_title":"Odbor za ekonomiju: Da Elektroprivreda uklju\u010di struju Solani - Lajme nga Ulqini","og_description":"Odbor za ekonomiju predlo\u017eio je i da Vlada i Fond rada preduzmu sve neophodno u skladu sa Zakonom o radu, kako bi radnicima Solane bile ispla\u0107ene zaostale","og_url":"https:\/\/www.visit-ulcinj.com\/blog\/2014\/04\/15\/odbor-za-ekonomiju-da-elektroprivreda-ukljuci-struju-solani\/","og_site_name":"Lajme nga Ulqini","article_published_time":"2014-04-15T13:09:22+00:00","og_image":[{"url":"http:\/\/www.visit-ulcinj.com\/blog\/wp-content\/uploads\/2014\/04\/Odbor-za-ekonomiju-CRNE-GORE.jpg"}],"twitter_misc":{"Written by":"ulqini","Est. reading time":"3 minutes"},"schema":{"@context":"https:\/\/schema.org","@graph":[{"@type":"WebSite","@id":"https:\/\/www.visit-ulcinj.com\/blog\/#website","url":"https:\/\/www.visit-ulcinj.com\/blog\/","name":"Lajme nga Ulqini","description":"Lajme,Vijesti,Ulqini,Ulqin,Crna Gora,Mali i Zi","potentialAction":[{"@type":"SearchAction","target":{"@type":"EntryPoint","urlTemplate":"https:\/\/www.visit-ulcinj.com\/blog\/?s={search_term_string}"},"query-input":"required name=search_term_string"}],"inLanguage":"en-US"},{"@type":"ImageObject","inLanguage":"en-US","@id":"https:\/\/www.visit-ulcinj.com\/blog\/2014\/04\/15\/odbor-za-ekonomiju-da-elektroprivreda-ukljuci-struju-solani\/#primaryimage","url":"https:\/\/www.visit-ulcinj.com\/blog\/wp-content\/uploads\/2014\/04\/Odbor-za-ekonomiju-CRNE-GORE.jpg","contentUrl":"https:\/\/www.visit-ulcinj.com\/blog\/wp-content\/uploads\/2014\/04\/Odbor-za-ekonomiju-CRNE-GORE.jpg","width":588,"height":390},{"@type":"WebPage","@id":"https:\/\/www.visit-ulcinj.com\/blog\/2014\/04\/15\/odbor-za-ekonomiju-da-elektroprivreda-ukljuci-struju-solani\/#webpage","url":"https:\/\/www.visit-ulcinj.com\/blog\/2014\/04\/15\/odbor-za-ekonomiju-da-elektroprivreda-ukljuci-struju-solani\/","name":"Odbor za ekonomiju: Da Elektroprivreda uklju\u010di struju Solani - Lajme nga Ulqini","isPartOf":{"@id":"https:\/\/www.visit-ulcinj.com\/blog\/#website"},"primaryImageOfPage":{"@id":"https:\/\/www.visit-ulcinj.com\/blog\/2014\/04\/15\/odbor-za-ekonomiju-da-elektroprivreda-ukljuci-struju-solani\/#primaryimage"},"datePublished":"2014-04-15T13:09:22+00:00","dateModified":"2014-04-15T13:09:22+00:00","author":{"@id":"https:\/\/www.visit-ulcinj.com\/blog\/#\/schema\/person\/dcab619c614d3038751c63bc2aadc06d"},"description":"Odbor za ekonomiju predlo\u017eio je i da Vlada i Fond rada preduzmu sve neophodno u skladu sa Zakonom o radu, kako bi radnicima Solane bile ispla\u0107ene zaostale","breadcrumb":{"@id":"https:\/\/www.visit-ulcinj.com\/blog\/2014\/04\/15\/odbor-za-ekonomiju-da-elektroprivreda-ukljuci-struju-solani\/#breadcrumb"},"inLanguage":"en-US","potentialAction":[{"@type":"ReadAction","target":["https:\/\/www.visit-ulcinj.com\/blog\/2014\/04\/15\/odbor-za-ekonomiju-da-elektroprivreda-ukljuci-struju-solani\/"]}]},{"@type":"BreadcrumbList","@id":"https:\/\/www.visit-ulcinj.com\/blog\/2014\/04\/15\/odbor-za-ekonomiju-da-elektroprivreda-ukljuci-struju-solani\/#breadcrumb","itemListElement":[{"@type":"ListItem","position":1,"name":"Odbor za ekonomiju: Da Elektroprivreda uklju\u010di struju Solani"}]},{"@type":"Person","@id":"https:\/\/www.visit-ulcinj.com\/blog\/#\/schema\/person\/dcab619c614d3038751c63bc2aadc06d","name":"ulqini","sameAs":["http:\/\/www.visit-ulcinj.com"],"url":"https:\/\/www.visit-ulcinj.com\/blog\/author\/admin\/"}]}},"jetpack_featured_media_url":"","jetpack_sharing_enabled":true,"jetpack_shortlink":"https:\/\/wp.me\/pe6lTn-lcM","_links":{"self":[{"href":"https:\/\/www.visit-ulcinj.com\/blog\/wp-json\/wp\/v2\/posts\/81516"}],"collection":[{"href":"https:\/\/www.visit-ulcinj.com\/blog\/wp-json\/wp\/v2\/posts"}],"about":[{"href":"https:\/\/www.visit-ulcinj.com\/blog\/wp-json\/wp\/v2\/types\/post"}],"author":[{"embeddable":true,"href":"https:\/\/www.visit-ulcinj.com\/blog\/wp-json\/wp\/v2\/users\/1"}],"replies":[{"embeddable":true,"href":"https:\/\/www.visit-ulcinj.com\/blog\/wp-json\/wp\/v2\/comments?post=81516"}],"version-history":[{"count":1,"href":"https:\/\/www.visit-ulcinj.com\/blog\/wp-json\/wp\/v2\/posts\/81516\/revisions"}],"predecessor-version":[{"id":81518,"href":"https:\/\/www.visit-ulcinj.com\/blog\/wp-json\/wp\/v2\/posts\/81516\/revisions\/81518"}],"wp:attachment":[{"href":"https:\/\/www.visit-ulcinj.com\/blog\/wp-json\/wp\/v2\/media?parent=81516"}],"wp:term":[{"taxonomy":"category","embeddable":true,"href":"https:\/\/www.visit-ulcinj.com\/blog\/wp-json\/wp\/v2\/categories?post=81516"},{"taxonomy":"post_tag","embeddable":true,"href":"https:\/\/www.visit-ulcinj.com\/blog\/wp-json\/wp\/v2\/tags?post=81516"}],"curies":[{"name":"wp","href":"https:\/\/api.w.org\/{rel}","templated":true}]}}