{"id":81524,"date":"2014-04-15T15:48:34","date_gmt":"2014-04-15T14:48:34","guid":{"rendered":"http:\/\/www.visit-ulcinj.com\/blog\/?p=81524"},"modified":"2014-04-15T16:11:41","modified_gmt":"2014-04-15T15:11:41","slug":"35-godina-od-15-aprilske-tragedije","status":"publish","type":"post","link":"https:\/\/www.visit-ulcinj.com\/blog\/2014\/04\/15\/35-godina-od-15-aprilske-tragedije\/","title":{"rendered":"35 godina od 15-to aprilske tragedije"},"content":{"rendered":"<p style=\"text-align: center;\"><strong> <a href=\"http:\/\/www.visit-ulcinj.com\/blog\/wp-content\/uploads\/2014\/03\/Rexhep-Lleshi.jpg\"><img loading=\"lazy\" class=\"alignleft  wp-image-80713\" alt=\"Rexhep Lleshi\" src=\"http:\/\/www.visit-ulcinj.com\/blog\/wp-content\/uploads\/2014\/03\/Rexhep-Lleshi.jpg\" width=\"133\" height=\"178\" \/><\/a>KATASTROFALNI ZEMLJOTRES<\/strong><\/p>\n<p>Nedjelja je, 15. april 1979. Lijepo prolje\u0107no jutro. Po njemu niko nije mogao da predvidi da \u0107e taj dan biti koban za regiju, da \u0107e donijeti materijalne gubitke, smrt ljudi, tragediju, da \u0107e u\u0107i u crnu hroniku, s katastrofalnim posljedicama za ovo lijepo mjesto i njegove plemenite ljude.<\/p>\n<p>Tog dana, bez ikakvog osje\u0107aja \u0161ta \u0107e se dogoditi, u rano jutro zajedno sa stri- nom Ai\u0161om, krenuli smo autom za Risan, u posjetu njenom hospitalizovanom bratu Rizi I. Selovi\u0107u. Kod \u010desme u Braj\u0161i, vidjeli smo Smajla Sumovi\u0107a i Nad\u017eiju Paljevi\u0107, oboje iz Suma. Reko\u0161e da idu u Meljine, u posjetu oboljelom Ljami. I oni su po\u0161li s nama. Pro\u0161li smo Kotor, Dobrotu bez smetnji i ne slutiv\u0161i \u0161ta \u0107e tek da uslijedi.<\/p>\n<p>Voze\u0107i u pravcu Perasta, desno od puta, primjetio sam kako se niz padinu kotrlja kamenje i pada na cestu. Pomislio sam na obi\u010dni odron i gledao kako da ga izbjegnem, ali uzalud. Padalo je ono sve vi\u0161e i potpuno blokiralo moju stranu puta.<\/p>\n<p>Bilo je 7:20 sati. Iako je moja strana ceste bila pokrivena kamenjem, ja nije- sam stao. S mnogo te\u0161ko\u0107a vozio sam po drugoj traci do ulaska u Perast. Dalje se nije moglo. Put je bio blokiran prevrnutim stubovima i kablovima. Reklo bi se da su vani svi \u017eitelji tog mjesta, odjeveni i u pid\u017eamama. Tada sam shvatio \u0161ta se dogodilo.<\/p>\n<p><a href=\"http:\/\/www.visit-ulcinj.com\/blog\/wp-content\/uploads\/2014\/04\/Nova-kuca-u-rusevinama.jpg\"><img loading=\"lazy\" class=\"alignleft  wp-image-81525\" alt=\"Nova kuca u rusevinama\" src=\"http:\/\/www.visit-ulcinj.com\/blog\/wp-content\/uploads\/2014\/04\/Nova-kuca-u-rusevinama.jpg\" width=\"508\" height=\"360\" \/><\/a><\/p>\n<p>Zemljotres, zemljotres! Bile su jedine rije\u010di koje su se \u010dule u tim trenucima. Osim spontanih drhtanja, na licima upla\u0161enih ljudi, nijesam primijetio povrede. Oni sna\u017eniji, odmah su se anga\u017eovali na uklanjanju stubova i kablova da bi prvom autu, mom fi\u0107i, omogu\u0107ili prolaz kroz njihovo naselje u tim vanrednim okolnostima.<\/p>\n<p>Krenuli smo u pravcu Risna. Put je bio pokriven kamenjem. Prvo auto koje je dolazilo iz drugog pravca bio je lokalni autobus \u201dAutoboke\u201d Kotor. Iako nijesam poznavao voza\u010da, ablendovao sam, svirao i ruku podigao da stane i pitam za put, ali on nije stao. Tek u mimoila\u017eenju sam ga prepoznao da je to voza\u010d Nikola, \u010dovjek koji je u Vladimiru, unesre\u0107io Riza, kome smo po\u0161li u posjetu. Ubije\u0111en da nas je on po- znao, shvatio sam za\u0161to autobus nije stao na moje tra\u017eenje.<\/p>\n<p>Uz velike muke u Risan smo stigli u 8 sati. Tu su iz kola iza\u0161li putnici da bi nastavili put za Meljine, a Ai\u0161a i ja smo po\u0161li u bolnicu. U dvori\u0161tu smo nai\u0161li na nevi\u0111eni prizor, koji bi i u filmu izgledao tu\u017eno. Sa ulaznih vrata \u010duo sam glas meni upu\u0107en. \u010covjek u bijelom zove, \u201du pomo\u0107!\u201d Po\u0161ao sam sa njim do IV sprata, odakle smo iznijeli vani posljednjeg pacijenta. Svi ostali bili su u dvori\u0161tu, raspore\u0111eni u dvi je grupe, nepokretni i pokretni. Tu je bio Rizo. S njim i Tahir Smajli Likovi\u0107, iz Braj\u0161e.<br \/>\nUbrzo je do\u0161ao direktor bolnice dr Filip \u0110ura\u0161kovi\u0107. Njega sam poznavao od ranije. Jedine rije\u010di koje mi je u hodu uputio bile su:<br \/>\n&#8211; Otkuda ti ovdje? i &#8211; Nemoj oti\u0107i bez pozdrava!<\/p>\n<p>Malo kasnije on je iza\u0161ao i obratio se pacijentima. Po\u010deo je da ih hrabri i sa- vjetuje \u0161ta dalje da rade. Obavjestio ih je da tu nema vi\u0161e uslova za lije\u010denje i da \u0107e se nepokretni prebaciti u bolnice u Nik\u0161i\u0107u, Trebinju i Dubrovniku, po\u0161to su ove bli- \u017enje, u Meljinama i Baru sru\u0161ene, a u Titogradu nije sigurno. Pokretinima je poru\u010dio da sa svojima po\u0111u ku\u0107i. Njegovo obavje\u0161tenje o bolnici u Baru, mnogo me je uznemi rilo, jer mi je tamo bio hospitalizovan sin Ilir. Briga mi je bila jo\u0161 ve\u0107a i zbog drugih posjetilaca za koje sam znao da su krenuli,a jo\u0161 nijesu stigli tu gdje smo mi, kod Riza.<\/p>\n<p>Po dozvoli direktora, iz bolnice sam uzeo pacijente, Riza i Tahira i kolima krenuli ku\u0107i. Kada smo iza\u0161li, vidio sam na istom mjestu Smajla i Nad\u017eiju. Reko\u0161e da nijesu mogli dalje, jer je put propao, \u0161to se i vidjelo. Vi\u0161e im nijesam mogao pomo\u0107i.<\/p>\n<p>Putem sam vozio oprezno, jer su prijetili veliki odroni. U mjestu \u017duta Greda, blizu Budve, stajao je \u010dovjek u uniformi koji je neprekidno upozoravao:<br \/>\n&#8211; Ka\u017eem vam, opasno je! Stanite! Ne prolazite! A vi \u010dinite kako ho\u0107ete.<\/p>\n<p>Na lijevoj strani vidjela se ispucala planina sa koje je jo\u0161 padalo kamenje ali ja nijesam stao. Pre\u0161li smo i tu prepreku. Reko\u0161e nam da takvih ima jo\u0161 na putu, du- gom, beskrajnom. Blizu Sutomora sru\u0161ilo se brdo i blokirana je cesta. Dva bagera sa obje strane bedema sklanjali su prepreku. Policajac s na\u0161e strane puta obavijesti nas da moramo \u010dekati oko jedan sat. U ruci je dr\u017eao tranzistor sa kojeg su se \u010duli glasovi.<br \/>\n-\u0160ta ka\u017eu na radiju, upitah ga kratko. Koje vas mjesto interesuje, odgovori on.<br \/>\n&#8211; Bolnica u Baru i Vladimir, precizirao sam.<\/p>\n<p>Primjetiv\u0161i da sam jako zainteresovan, dr\u017eavni slu\u017ebenik bez muke mi re\u010de:<br \/>\n&#8211; Hotel Agava, luka, bolnica u Baru, most na Virpazaru i Stari grad u Ulcinju su potpuno sru\u0161eni. Za sela u Vladimiru nema vijesti.<\/p>\n<p>Zahvalio sam mu na informaciji, bolje re\u0107i na pove\u0107anju brige zbog ru\u0161enja bolnice gdje mi sin le\u017ei. Kao da se i on nekako zabrinuo, pa me upita. Nijesam rekao ni\u0161ta sem \u201ddijete mi je u bolnici\u201d. \u010cim je to \u010duo, isklju\u010dio je radio i pozvao me do slu\u017ebenog auta. Tu je aktivirao tehni\u010dku vezu radi konkretne informacije o stanju u bolnici, a mene pozva: &#8211; Slu\u0161ajte sami \u0161ta ka\u017eu tamo! Uslijedio je je brzi odgovor:<br \/>\n&#8211; U bolnici Bar, nijedan pacijent nije povrije\u0111en. Svi su evakuisani, bezbjedni&#8230;<\/p>\n<p>Policajcu sam toplo zahvalio na pokazanom ljudskom gestu i olak\u0161anju. Kada su stvoreni uslovi za prolaz, nastavili smo put ka Baru i bez daljih zastoja do bolnice.<\/p>\n<p>U dvori\u0161tu bolnice zatekli smo Safiju i Kasema. Sa njima je bio sin Ilir. Vidio sam ih da su zdravi i radovao se toj \u010dinjenici. I oni su bili sretni da smo i mi dobro. Sa njima je bila i Fadila \u010cobovi\u0107, tetka hospitalizovanog sina, Ilira. Rekla nam je da je u kriti\u010dnom momentu po\u0161la u sobu kod djeteta, iznijela ga vani bez posljedica i dr\u017eala ga u naru\u010dje sve do dolaska majke i njoj ga predala.<\/p>\n<p>Brat i \u017eena poku\u0161ali su da mi objasne stanje u ku\u0107i i \u0161ire, ali ja im nijesam vjerovao. Da bi me ubijedila, Safija mi re\u010de da u dvori\u0161tu bolnice ima povrije\u0111enih i otuda. Navela je i imena onih koje je poznavala, me\u0111u njima i Saita Kasnecia iz Braj\u0161e i Pe\u0107i i poru\u010di mi da ih pozdravim. Toga dana, po drugi put sam u\u0161ao u veliko polje bijelih postelja. Bio je to tu\u017ean pogled, kao onaj u Risnu. Prolazio sam pored nepokretnih. Sve sam pozdravio, ali pa\u017enju sam zadr\u017eao na druga Saita. Iako sam pro\u0161ao pored njega, nijesam ga vidio. Na korak od sebe, \u010duo sam glas:<br \/>\n&#8211; A ti Rexhep Lleshi, prolazi\u0161 pored mene i ne obra\u0107a\u0161 mi se?&#8230;<\/p>\n<p>Njegov glas sam prepoznao i da je samo \u201dA\u201d zinuo, a ne \u0161to je govorio i druge rije\u010di. I zaista, prolazio sam pored njega i nijesam ga primijetio. Vratio se natrag za dva le\u017eaja i bez uobi\u010dajenog pozdrava mu rekao: -Zar su te helikopterom bacili ovdje?<br \/>\n&#8211; Ne dru\u017ee, znam, ovdje me je bacilo ne\u0161to drugo. Sad \u0107u da ti objasnim, ali stani i da se pozdravimo prvo, re\u010de mi to u prolazu Sait.<\/p>\n<p>Po\u0161to smo se toplo pozdravili, sjeo sam kraj njegove postelje, a on je nastavio:<br \/>\n&#8211; Ovo je prvi put da sam do\u0161ao u Braj\u0161u sino\u0107, i nijesam ti se javio. Pogazio sam besu koju sam slijedio punih 15 godina. Umjesto da, kao i uvijek, put me navede kod tebe, ja sam \u201dskrenuo\u201d. Mo\u017eda me je to dovelo ovdje gdje me sad vidi\u0161.<\/p>\n<p>Nisam htio da slu\u0161am njegovu skromnost u tim trenucima bola, ve\u0107 da ga ohrabrim, ali mi on ne da. Kao da je \u017eelio da samo on govori pa dodade:<br \/>\n&#8211; Veoma je interesantno kako si ti uvijek bio uz mene. Danas su mi rekli da nijesi kod ku\u0107e i eto, do\u0161ao si brzo da mi skine\u0161 teret. I skinuo si mi ga. Lak\u0161e mi je.<\/p>\n<p>Zatim sam napustio i tu \u201dbijelu poljanu\u201d i zajedno sa svojima nastavio put ku\u0107i.<br \/>\nStigli smo u Braj\u0161u, u dvori\u0161te ku\u0107e. Potres tla u nizu, za nas prvi na tom mje- stu, kao da je pozdravio na\u0161 dolazak. Nevjerovatno! Nova ku\u0107a u koju smo za \u0161est godina sve investirali, toliko se \u201dizopa\u010dila\u201d da, iako otvorenih vrata i prozora, ne\u0107e da nas primi da u\u0111emo unutra. Vidjelo se sve! Razaranje i samo razaranje!<\/p>\n<p>Ali i velika sre\u0107a. U tom ru\u0161enju zidova i kamena niko nije povrije\u0111en. Ni mali sin Besnik, od tri godine i ne\u0161to, koji je samo tri minuta prije kriti\u010dnog momenta, iza\u0161ao iz sobe na spratu, a \u010dija je postelja sada bila pokrivena kamenjem koje je sa zida padalo.<\/p>\n<p>Okupili smo se u ba\u0161ti, oko vatre, skuvali i popili kafu sre\u0107e u toj nesre\u0107i. Iako umorni, sjedeli smo do kasno u no\u0107 uz pri\u010du, \u201d\u0161ta se u\u010dinilo, \u0161ta \u0107e se u\u010diniti\u201d. Ni- jesmo imali gdje po\u0107i. Spavali smo u ba\u0161ti, pred ku\u0107om, na mekoj zemlji, pokriveni nebom kao jorganom. Realno, bez pretjerivanja, dobro smo spavali i do\u010dekali zoru.<br \/>\nSjutradan, rano, sam se uvjerio da u \u0161koli nema uslova za rad. Zbog toga i nije odr\u017eana nastava do kraja nedjelje. Onda, prije podne, posjetio sam najbli\u017ee unesre- \u0107ene i o\u0161te\u0107ene, a zatim sa bratom smo napravili od folije \u201dbijelu ku\u0107u\u201d u kojoj smo boravili dvije nedjelje. Zamijenili smo je velikim \u0161atorom pod koji smo kona\u010dili \u0161est mjeseci do novembra.<\/p>\n<p>U kasnim popodnevnim \u010dasovima, po\u0161ao sam u tek formirani Op\u0161tinski \u0161tab u Ulcinju. Tamo je do\u0161ao izaslanik predsjednika Tita, potpredsjednik Predsjedni\u0161tva SFRJ, drug Fadil Hod\u017ea, da izjavi sau\u010de\u0161\u0107e porodicama poginulih u ovom mjestu i da u tim okolnostima, ohrabri o\u0161te\u0107ene gra\u0111ane i besku\u0107nike.<\/p>\n<p>Drugog dana, 17. aprila, ja, predsjednik Mjesne konferencije SSRN Vladimira, zajedno s predsjednikom Savjeta i drugim strukturama Mjesne zajednice, na osnovu uputstava uzetih dan ranije u Predsjedni\u0161tvu Op\u0161tinske konferencije SSRN i Op\u0161tin- skom \u0161tabu Ulcinj, formirali smo \u0160tab MZ Vladimir, za otklanjanje posljedica kata- strofalnog zemljotresa. Sjedi\u0161te \u0161taba bilo je u dvori\u0161tu Stare \u0161kole. Formirane su radne grupe \u0161taba i isti dan obi\u0161le su reon mjesne zajednice, \u201dod ku\u0107e do ku\u0107e\u201d, kako bi \u201dsnimile\u201d nastalo stanje i uradile izvje\u0161taj. Ja sam sa grupom posjetio Selitu.<\/p>\n<p>Tu, pod \u0161atorom, do\u010dekao sam brojne zvani\u010dne posjetioce, me\u0111u njima, 17. maja, predsjednika Skup\u0161tine Republike Crne Gore, Budislava \u0160o\u0161ki\u0107a i predsjednika Republi\u010dke konferencije SSRN Crne Gore, Nenada Bu\u0107ina, sa saradnicima i funkcio- nerima op\u0161tine. Njih sam upoznao s posljedicama prirodne stihije, osnovnim potre- bama stanovnika ovog mjesta i mjerama daljeg ubla\u017eavanja i saniranja nesre\u0107e.<br \/>\n29. maja, u \u0160tab MZ Vladimir, do\u0161ao je predsjednik Republike Srbije, Du\u0161an \u010ckrebi\u0107, u dru\u0161tvu funkcionera na\u0161e republike i op\u0161tine. Ja sam i njega upoznao s posljedicama prirodne nesre\u0107e i potrebama mjesnog stanovni\u0161tva.<\/p>\n<p>&nbsp;<\/p>\n<p>&nbsp;<\/p>\n","protected":false},"excerpt":{"rendered":"<p>KATASTROFALNI ZEMLJOTRES Nedjelja je, 15. april 1979. Lijepo prolje\u0107no jutro. Po njemu niko nije mogao da predvidi da \u0107e taj dan biti koban za regiju, da \u0107e donijeti materijalne gubitke, smrt ljudi, tragediju, da \u0107e u\u0107i u crnu hroniku, s katastrofalnim posljedicama za ovo lijepo mjesto i njegove plemenite ljude. Tog dana, bez ikakvog osje\u0107aja [&hellip;]<\/p>\n","protected":false},"author":1,"featured_media":0,"comment_status":"closed","ping_status":"closed","sticky":false,"template":"","format":"standard","meta":{"spay_email":"","jetpack_publicize_message":"","jetpack_is_tweetstorm":false,"jetpack_publicize_feature_enabled":true},"categories":[6950],"tags":[],"jetpack_publicize_connections":[],"yoast_head":"<!-- This site is optimized with the Yoast SEO plugin v19.1 - https:\/\/yoast.com\/wordpress\/plugins\/seo\/ -->\n<title>35 godina od 15-to aprilske tragedije - Lajme nga Ulqini<\/title>\n<meta name=\"description\" content=\"KATASTROFALNI ZEMLJOTRES Nedjelja je, 15. april 1979. Lijepo prolje\u0107no jutro. Po njemu niko nije mogao da predvidi da \u0107e taj dan biti koban za regiju, da\" \/>\n<meta name=\"robots\" content=\"index, follow, max-snippet:-1, max-image-preview:large, max-video-preview:-1\" \/>\n<link rel=\"canonical\" href=\"https:\/\/www.visit-ulcinj.com\/blog\/2014\/04\/15\/35-godina-od-15-aprilske-tragedije\/\" \/>\n<meta property=\"og:locale\" content=\"en_US\" \/>\n<meta property=\"og:type\" content=\"article\" \/>\n<meta property=\"og:title\" content=\"35 godina od 15-to aprilske tragedije - Lajme nga Ulqini\" \/>\n<meta property=\"og:description\" content=\"KATASTROFALNI ZEMLJOTRES Nedjelja je, 15. april 1979. Lijepo prolje\u0107no jutro. Po njemu niko nije mogao da predvidi da \u0107e taj dan biti koban za regiju, da\" \/>\n<meta property=\"og:url\" content=\"https:\/\/www.visit-ulcinj.com\/blog\/2014\/04\/15\/35-godina-od-15-aprilske-tragedije\/\" \/>\n<meta property=\"og:site_name\" content=\"Lajme nga Ulqini\" \/>\n<meta property=\"article:published_time\" content=\"2014-04-15T14:48:34+00:00\" \/>\n<meta property=\"article:modified_time\" content=\"2014-04-15T15:11:41+00:00\" \/>\n<meta property=\"og:image\" content=\"http:\/\/www.visit-ulcinj.com\/blog\/wp-content\/uploads\/2014\/03\/Rexhep-Lleshi.jpg\" \/>\n<meta name=\"twitter:label1\" content=\"Written by\" \/>\n\t<meta name=\"twitter:data1\" content=\"ulqini\" \/>\n\t<meta name=\"twitter:label2\" content=\"Est. reading time\" \/>\n\t<meta name=\"twitter:data2\" content=\"10 minutes\" \/>\n<script type=\"application\/ld+json\" class=\"yoast-schema-graph\">{\"@context\":\"https:\/\/schema.org\",\"@graph\":[{\"@type\":\"WebSite\",\"@id\":\"https:\/\/www.visit-ulcinj.com\/blog\/#website\",\"url\":\"https:\/\/www.visit-ulcinj.com\/blog\/\",\"name\":\"Lajme nga Ulqini\",\"description\":\"Lajme,Vijesti,Ulqini,Ulqin,Crna Gora,Mali i Zi\",\"potentialAction\":[{\"@type\":\"SearchAction\",\"target\":{\"@type\":\"EntryPoint\",\"urlTemplate\":\"https:\/\/www.visit-ulcinj.com\/blog\/?s={search_term_string}\"},\"query-input\":\"required name=search_term_string\"}],\"inLanguage\":\"en-US\"},{\"@type\":\"ImageObject\",\"inLanguage\":\"en-US\",\"@id\":\"https:\/\/www.visit-ulcinj.com\/blog\/2014\/04\/15\/35-godina-od-15-aprilske-tragedije\/#primaryimage\",\"url\":\"https:\/\/www.visit-ulcinj.com\/blog\/wp-content\/uploads\/2014\/03\/Rexhep-Lleshi.jpg\",\"contentUrl\":\"https:\/\/www.visit-ulcinj.com\/blog\/wp-content\/uploads\/2014\/03\/Rexhep-Lleshi.jpg\",\"width\":133,\"height\":178},{\"@type\":\"WebPage\",\"@id\":\"https:\/\/www.visit-ulcinj.com\/blog\/2014\/04\/15\/35-godina-od-15-aprilske-tragedije\/#webpage\",\"url\":\"https:\/\/www.visit-ulcinj.com\/blog\/2014\/04\/15\/35-godina-od-15-aprilske-tragedije\/\",\"name\":\"35 godina od 15-to aprilske tragedije - Lajme nga Ulqini\",\"isPartOf\":{\"@id\":\"https:\/\/www.visit-ulcinj.com\/blog\/#website\"},\"primaryImageOfPage\":{\"@id\":\"https:\/\/www.visit-ulcinj.com\/blog\/2014\/04\/15\/35-godina-od-15-aprilske-tragedije\/#primaryimage\"},\"datePublished\":\"2014-04-15T14:48:34+00:00\",\"dateModified\":\"2014-04-15T15:11:41+00:00\",\"author\":{\"@id\":\"https:\/\/www.visit-ulcinj.com\/blog\/#\/schema\/person\/dcab619c614d3038751c63bc2aadc06d\"},\"description\":\"KATASTROFALNI ZEMLJOTRES Nedjelja je, 15. april 1979. Lijepo prolje\u0107no jutro. Po njemu niko nije mogao da predvidi da \u0107e taj dan biti koban za regiju, da\",\"breadcrumb\":{\"@id\":\"https:\/\/www.visit-ulcinj.com\/blog\/2014\/04\/15\/35-godina-od-15-aprilske-tragedije\/#breadcrumb\"},\"inLanguage\":\"en-US\",\"potentialAction\":[{\"@type\":\"ReadAction\",\"target\":[\"https:\/\/www.visit-ulcinj.com\/blog\/2014\/04\/15\/35-godina-od-15-aprilske-tragedije\/\"]}]},{\"@type\":\"BreadcrumbList\",\"@id\":\"https:\/\/www.visit-ulcinj.com\/blog\/2014\/04\/15\/35-godina-od-15-aprilske-tragedije\/#breadcrumb\",\"itemListElement\":[{\"@type\":\"ListItem\",\"position\":1,\"name\":\"35 godina od 15-to aprilske tragedije\"}]},{\"@type\":\"Person\",\"@id\":\"https:\/\/www.visit-ulcinj.com\/blog\/#\/schema\/person\/dcab619c614d3038751c63bc2aadc06d\",\"name\":\"ulqini\",\"sameAs\":[\"http:\/\/www.visit-ulcinj.com\"],\"url\":\"https:\/\/www.visit-ulcinj.com\/blog\/author\/admin\/\"}]}<\/script>\n<!-- \/ Yoast SEO plugin. -->","yoast_head_json":{"title":"35 godina od 15-to aprilske tragedije - Lajme nga Ulqini","description":"KATASTROFALNI ZEMLJOTRES Nedjelja je, 15. april 1979. Lijepo prolje\u0107no jutro. Po njemu niko nije mogao da predvidi da \u0107e taj dan biti koban za regiju, da","robots":{"index":"index","follow":"follow","max-snippet":"max-snippet:-1","max-image-preview":"max-image-preview:large","max-video-preview":"max-video-preview:-1"},"canonical":"https:\/\/www.visit-ulcinj.com\/blog\/2014\/04\/15\/35-godina-od-15-aprilske-tragedije\/","og_locale":"en_US","og_type":"article","og_title":"35 godina od 15-to aprilske tragedije - Lajme nga Ulqini","og_description":"KATASTROFALNI ZEMLJOTRES Nedjelja je, 15. april 1979. Lijepo prolje\u0107no jutro. Po njemu niko nije mogao da predvidi da \u0107e taj dan biti koban za regiju, da","og_url":"https:\/\/www.visit-ulcinj.com\/blog\/2014\/04\/15\/35-godina-od-15-aprilske-tragedije\/","og_site_name":"Lajme nga Ulqini","article_published_time":"2014-04-15T14:48:34+00:00","article_modified_time":"2014-04-15T15:11:41+00:00","og_image":[{"url":"http:\/\/www.visit-ulcinj.com\/blog\/wp-content\/uploads\/2014\/03\/Rexhep-Lleshi.jpg"}],"twitter_misc":{"Written by":"ulqini","Est. reading time":"10 minutes"},"schema":{"@context":"https:\/\/schema.org","@graph":[{"@type":"WebSite","@id":"https:\/\/www.visit-ulcinj.com\/blog\/#website","url":"https:\/\/www.visit-ulcinj.com\/blog\/","name":"Lajme nga Ulqini","description":"Lajme,Vijesti,Ulqini,Ulqin,Crna Gora,Mali i Zi","potentialAction":[{"@type":"SearchAction","target":{"@type":"EntryPoint","urlTemplate":"https:\/\/www.visit-ulcinj.com\/blog\/?s={search_term_string}"},"query-input":"required name=search_term_string"}],"inLanguage":"en-US"},{"@type":"ImageObject","inLanguage":"en-US","@id":"https:\/\/www.visit-ulcinj.com\/blog\/2014\/04\/15\/35-godina-od-15-aprilske-tragedije\/#primaryimage","url":"https:\/\/www.visit-ulcinj.com\/blog\/wp-content\/uploads\/2014\/03\/Rexhep-Lleshi.jpg","contentUrl":"https:\/\/www.visit-ulcinj.com\/blog\/wp-content\/uploads\/2014\/03\/Rexhep-Lleshi.jpg","width":133,"height":178},{"@type":"WebPage","@id":"https:\/\/www.visit-ulcinj.com\/blog\/2014\/04\/15\/35-godina-od-15-aprilske-tragedije\/#webpage","url":"https:\/\/www.visit-ulcinj.com\/blog\/2014\/04\/15\/35-godina-od-15-aprilske-tragedije\/","name":"35 godina od 15-to aprilske tragedije - Lajme nga Ulqini","isPartOf":{"@id":"https:\/\/www.visit-ulcinj.com\/blog\/#website"},"primaryImageOfPage":{"@id":"https:\/\/www.visit-ulcinj.com\/blog\/2014\/04\/15\/35-godina-od-15-aprilske-tragedije\/#primaryimage"},"datePublished":"2014-04-15T14:48:34+00:00","dateModified":"2014-04-15T15:11:41+00:00","author":{"@id":"https:\/\/www.visit-ulcinj.com\/blog\/#\/schema\/person\/dcab619c614d3038751c63bc2aadc06d"},"description":"KATASTROFALNI ZEMLJOTRES Nedjelja je, 15. april 1979. Lijepo prolje\u0107no jutro. Po njemu niko nije mogao da predvidi da \u0107e taj dan biti koban za regiju, da","breadcrumb":{"@id":"https:\/\/www.visit-ulcinj.com\/blog\/2014\/04\/15\/35-godina-od-15-aprilske-tragedije\/#breadcrumb"},"inLanguage":"en-US","potentialAction":[{"@type":"ReadAction","target":["https:\/\/www.visit-ulcinj.com\/blog\/2014\/04\/15\/35-godina-od-15-aprilske-tragedije\/"]}]},{"@type":"BreadcrumbList","@id":"https:\/\/www.visit-ulcinj.com\/blog\/2014\/04\/15\/35-godina-od-15-aprilske-tragedije\/#breadcrumb","itemListElement":[{"@type":"ListItem","position":1,"name":"35 godina od 15-to aprilske tragedije"}]},{"@type":"Person","@id":"https:\/\/www.visit-ulcinj.com\/blog\/#\/schema\/person\/dcab619c614d3038751c63bc2aadc06d","name":"ulqini","sameAs":["http:\/\/www.visit-ulcinj.com"],"url":"https:\/\/www.visit-ulcinj.com\/blog\/author\/admin\/"}]}},"jetpack_featured_media_url":"","jetpack_sharing_enabled":true,"jetpack_shortlink":"https:\/\/wp.me\/pe6lTn-lcU","_links":{"self":[{"href":"https:\/\/www.visit-ulcinj.com\/blog\/wp-json\/wp\/v2\/posts\/81524"}],"collection":[{"href":"https:\/\/www.visit-ulcinj.com\/blog\/wp-json\/wp\/v2\/posts"}],"about":[{"href":"https:\/\/www.visit-ulcinj.com\/blog\/wp-json\/wp\/v2\/types\/post"}],"author":[{"embeddable":true,"href":"https:\/\/www.visit-ulcinj.com\/blog\/wp-json\/wp\/v2\/users\/1"}],"replies":[{"embeddable":true,"href":"https:\/\/www.visit-ulcinj.com\/blog\/wp-json\/wp\/v2\/comments?post=81524"}],"version-history":[{"count":7,"href":"https:\/\/www.visit-ulcinj.com\/blog\/wp-json\/wp\/v2\/posts\/81524\/revisions"}],"predecessor-version":[{"id":81540,"href":"https:\/\/www.visit-ulcinj.com\/blog\/wp-json\/wp\/v2\/posts\/81524\/revisions\/81540"}],"wp:attachment":[{"href":"https:\/\/www.visit-ulcinj.com\/blog\/wp-json\/wp\/v2\/media?parent=81524"}],"wp:term":[{"taxonomy":"category","embeddable":true,"href":"https:\/\/www.visit-ulcinj.com\/blog\/wp-json\/wp\/v2\/categories?post=81524"},{"taxonomy":"post_tag","embeddable":true,"href":"https:\/\/www.visit-ulcinj.com\/blog\/wp-json\/wp\/v2\/tags?post=81524"}],"curies":[{"name":"wp","href":"https:\/\/api.w.org\/{rel}","templated":true}]}}