{"id":81556,"date":"2014-04-16T14:46:30","date_gmt":"2014-04-16T13:46:30","guid":{"rendered":"http:\/\/www.visit-ulcinj.com\/blog\/?p=81556"},"modified":"2014-04-18T14:20:10","modified_gmt":"2014-04-18T13:20:10","slug":"18-prill-hapet-panairi-punes-2014-ne-ulqin-video","status":"publish","type":"post","link":"https:\/\/www.visit-ulcinj.com\/blog\/2014\/04\/16\/18-prill-hapet-panairi-punes-2014-ne-ulqin-video\/","title":{"rendered":"M\u00eb 18 prill Hapet panairi i pun\u00ebs 2014 n\u00eb Hotel Mediteran &#8211; Ulqin"},"content":{"rendered":"<p><a href=\"http:\/\/www.visit-ulcinj.com\/blog\/wp-content\/uploads\/2014\/04\/Hapet-panairi-pun\u00ebs-Ulqin-Ulqini-Hotel-Mediteran.jpg\"><img loading=\"lazy\" class=\"alignleft  wp-image-81557\" alt=\"Hapet-panairi-pun\u00ebs-Ulqin-Ulqini-Hotel-Mediteran\" src=\"http:\/\/www.visit-ulcinj.com\/blog\/wp-content\/uploads\/2014\/04\/Hapet-panairi-pun\u00ebs-Ulqin-Ulqini-Hotel-Mediteran.jpg\" width=\"508\" height=\"600\" \/><\/a>Shumica e t\u00eb rinj\u00ebve mund t\u00eb ken\u00eb mund\u00ebsin\u00eb t\u00eb aplikojn\u00eb leht\u00ebsisht p\u00ebr vende pune. Gjat\u00eb fundjav\u00ebs dhjetra kompani q\u00eb operojn\u00eb n\u00eb fushat\u00eb ndryshme do t\u00eb marrin pjes\u00eb n\u00eb edicionin e par\u00eb t\u00eb Panairit t\u00eb Studimit dhe Pun\u00ebs. Q\u00ebllimi kryesor \u00ebsht\u00eb q\u00eb kompanit\u00eb t\u00eb ken\u00eb mund\u00ebsi q\u00eb t\u00eb intervistojn\u00eb t\u00eb rinjt\u00eb q\u00eb jan\u00eb arsimuar dhe jan\u00eb potencial i mundsh\u00ebm p\u00ebr vende t\u00eb ndryshme pune.<\/p>\n<p>Hotel Mediteran ne bashkepunim me Organizaten Turistike dhe Qendren per \u00a0Zhvillim Ekonomik Ulqin \u00a0me dat\u00ebn 18 Prill , organizojn\u00eb n\u00eb ambjentet e hotelit \u00a0\u00a0<b>\u201cPanairin e Pun\u00ebs 2014\u201d<\/b>.<\/p>\n<p>Ky panair do t\u00eb sjell\u00eb p\u00ebrball\u00eb pun\u00ebdh\u00ebn\u00ebsit (nga subjekte t\u00eb ndryshme n\u00eb Komunen e Ulqinit) dhe te gjithe punekerkuesit e tjere t\u00eb cil\u00ebt p\u00ebrb\u00ebjn\u00eb kandidat\u00eb potencial me vler\u00eb n\u00eb tregun e pun\u00ebs.<br \/>\n<a href=\"http:\/\/www.visit-ulcinj.com\/blog\/wp-content\/uploads\/2014\/04\/PANAIRI-PUNES-ULQIN-2014-HOTEL-MEDITERAN.jpg\"><img loading=\"lazy\" class=\"alignleft  wp-image-81565\" alt=\"PANAIRI -PUNES-ULQIN 2014-HOTEL-MEDITERAN\" src=\"http:\/\/www.visit-ulcinj.com\/blog\/wp-content\/uploads\/2014\/04\/PANAIRI-PUNES-ULQIN-2014-HOTEL-MEDITERAN.jpg\" width=\"508\" height=\"360\" \/><\/a><\/p>\n<p>Panairi i pun\u00ebs cil\u00ebsohet si nj\u00eb metod\u00eb efikase pasi do t \u2018i mb\u00ebshtes\u00eb punekerkuesit\u00a0 t\u00eb shfryt\u00ebzojn\u00eb k\u00ebt\u00eb rast p\u00ebr tu njohur me vendet e lira t\u00eb pun\u00ebs, t\u00eb konkurrojn\u00eb p\u00ebr pozicionet e pun\u00ebs q\u00eb i p\u00ebrshtaten k\u00ebrkesave t\u00eb tyre.<\/p>\n<p>Gjat\u00eb panairit, pun\u00ebdh\u00ebn\u00ebsit e firmave t\u00eb ndryshme do t\u00eb intervistojn\u00eb t\u00eb gjithe \u00a0te interesuarit \u00a0p\u00ebr t\u2019u pun\u00ebsuar. P\u00ebr \u00e7do aplikant koha e\u00a0 intervistimit do t\u00eb jet\u00eb rreth 15 minuta .<\/p>\n<p>Kompanit\u00eb do t\u00eb b\u00ebjn\u00eb nj\u00eb p\u00ebrzgjedhje paraprake n\u00eb list\u00ebn e punekerkuesve q\u00eb kan\u00eb aplikuar.<\/p>\n<p>Gjat\u00eb intervistave t\u00eb shumta do t\u00eb p\u00ebrzgjidhen ato\u00a0 t\u00eb cil\u00ebt do t\u2019i p\u00ebrgjigjen m\u00eb mir\u00eb pyetjeve t\u00eb shtruara dhe ata t\u00eb cil\u00ebt do t\u00eb rezultojn\u00eb t\u00eb duhurit do t\u00eb ken\u00eb shanse p\u00ebr tu pun\u00ebsuar.<\/p>\n<p>Te gjithe te interesuarit (Kompanite dhe personat Fizik)te kontaktojne ne kete adrese :<\/p>\n<p><strong>Hotel Mediteran Ulqin<\/strong><\/p>\n<p><strong>e-mail: <a href=\"mailto:%20marketing@hotel-mediteran.com\" target=\"_blank\">marketing@hotel-mediteran.com<\/a><\/strong><\/p>\n<p><strong>tel : 030 403124\u00a0 \u00a0<\/strong><\/p>\n<!--YouTube Error: bad URL entered-->\n<p>Mbeshtetje ekskluzive : Komuna e Ulqinit , Entit per Punesim Ulqin, Televizioni Teuta , Biznis Klub Anamali, Asocioni UBA.<\/p>\n<p>Hotel Mediteran sjell ne hapesirat e Ulqinit nje prej sistemeve me te sukseshme te Shkodres , ne investimin e burimeve njerzore.<\/p>\n<p>Jeni te Mireseardhun !<\/p>\n<p><strong>Ja pra edhe programi i k\u00ebtij\u00eb manifestimi:<\/strong><\/p>\n<p><a href=\"http:\/\/www.visit-ulcinj.com\/blog\/wp-content\/uploads\/2014\/04\/programi-panairi-punes-ulqin.jpg\"><img loading=\"lazy\" class=\"alignleft  wp-image-81558\" alt=\"programi-panairi-punes-ulqin\" src=\"http:\/\/www.visit-ulcinj.com\/blog\/wp-content\/uploads\/2014\/04\/programi-panairi-punes-ulqin.jpg\" width=\"508\" height=\"600\" \/><\/a><\/p>\n","protected":false},"excerpt":{"rendered":"<p>Shumica e t\u00eb rinj\u00ebve mund t\u00eb ken\u00eb mund\u00ebsin\u00eb t\u00eb aplikojn\u00eb leht\u00ebsisht p\u00ebr vende pune. Gjat\u00eb fundjav\u00ebs dhjetra kompani q\u00eb operojn\u00eb n\u00eb fushat\u00eb ndryshme do t\u00eb marrin pjes\u00eb n\u00eb edicionin e par\u00eb t\u00eb Panairit t\u00eb Studimit dhe Pun\u00ebs. Q\u00ebllimi kryesor \u00ebsht\u00eb q\u00eb kompanit\u00eb t\u00eb ken\u00eb mund\u00ebsi q\u00eb t\u00eb intervistojn\u00eb t\u00eb rinjt\u00eb q\u00eb jan\u00eb arsimuar dhe jan\u00eb [&hellip;]<\/p>\n","protected":false},"author":1,"featured_media":0,"comment_status":"closed","ping_status":"closed","sticky":false,"template":"","format":"standard","meta":{"spay_email":"","jetpack_publicize_message":"","jetpack_is_tweetstorm":false,"jetpack_publicize_feature_enabled":true},"categories":[1,12],"tags":[],"jetpack_publicize_connections":[],"yoast_head":"<!-- This site is optimized with the Yoast SEO plugin v19.1 - https:\/\/yoast.com\/wordpress\/plugins\/seo\/ -->\n<title>M\u00eb 18 prill Hapet panairi i pun\u00ebs 2014 n\u00eb Hotel Mediteran - Ulqin - Lajme nga Ulqini<\/title>\n<meta name=\"description\" content=\"Shumica e t\u00eb rinj\u00ebve mund t\u00eb ken\u00eb mund\u00ebsin\u00eb t\u00eb aplikojn\u00eb leht\u00ebsisht p\u00ebr vende pune. Gjat\u00eb fundjav\u00ebs dhjetra kompani q\u00eb operojn\u00eb n\u00eb fushat\u00eb ndryshme do t\u00eb\" \/>\n<meta name=\"robots\" content=\"index, follow, max-snippet:-1, max-image-preview:large, max-video-preview:-1\" \/>\n<link rel=\"canonical\" href=\"https:\/\/www.visit-ulcinj.com\/blog\/2014\/04\/16\/18-prill-hapet-panairi-punes-2014-ne-ulqin-video\/\" \/>\n<meta property=\"og:locale\" content=\"en_US\" \/>\n<meta property=\"og:type\" content=\"article\" \/>\n<meta property=\"og:title\" content=\"M\u00eb 18 prill Hapet panairi i pun\u00ebs 2014 n\u00eb Hotel Mediteran - Ulqin - Lajme nga Ulqini\" \/>\n<meta property=\"og:description\" content=\"Shumica e t\u00eb rinj\u00ebve mund t\u00eb ken\u00eb mund\u00ebsin\u00eb t\u00eb aplikojn\u00eb leht\u00ebsisht p\u00ebr vende pune. Gjat\u00eb fundjav\u00ebs dhjetra kompani q\u00eb operojn\u00eb n\u00eb fushat\u00eb ndryshme do t\u00eb\" \/>\n<meta property=\"og:url\" content=\"https:\/\/www.visit-ulcinj.com\/blog\/2014\/04\/16\/18-prill-hapet-panairi-punes-2014-ne-ulqin-video\/\" \/>\n<meta property=\"og:site_name\" content=\"Lajme nga Ulqini\" \/>\n<meta property=\"article:published_time\" content=\"2014-04-16T13:46:30+00:00\" \/>\n<meta property=\"article:modified_time\" content=\"2014-04-18T13:20:10+00:00\" \/>\n<meta property=\"og:image\" content=\"http:\/\/www.visit-ulcinj.com\/blog\/wp-content\/uploads\/2014\/04\/PANAIRI-PUNES-ULQIN-2014-HOTEL-MEDITERAN.jpg\" \/>\n<meta name=\"twitter:label1\" content=\"Written by\" \/>\n\t<meta name=\"twitter:data1\" content=\"ulqini\" \/>\n\t<meta name=\"twitter:label2\" content=\"Est. reading time\" \/>\n\t<meta name=\"twitter:data2\" content=\"2 minutes\" \/>\n<script type=\"application\/ld+json\" class=\"yoast-schema-graph\">{\"@context\":\"https:\/\/schema.org\",\"@graph\":[{\"@type\":\"WebSite\",\"@id\":\"https:\/\/www.visit-ulcinj.com\/blog\/#website\",\"url\":\"https:\/\/www.visit-ulcinj.com\/blog\/\",\"name\":\"Lajme nga Ulqini\",\"description\":\"Lajme,Vijesti,Ulqini,Ulqin,Crna Gora,Mali i Zi\",\"potentialAction\":[{\"@type\":\"SearchAction\",\"target\":{\"@type\":\"EntryPoint\",\"urlTemplate\":\"https:\/\/www.visit-ulcinj.com\/blog\/?s={search_term_string}\"},\"query-input\":\"required name=search_term_string\"}],\"inLanguage\":\"en-US\"},{\"@type\":\"ImageObject\",\"inLanguage\":\"en-US\",\"@id\":\"https:\/\/www.visit-ulcinj.com\/blog\/2014\/04\/16\/18-prill-hapet-panairi-punes-2014-ne-ulqin-video\/#primaryimage\",\"url\":\"https:\/\/www.visit-ulcinj.com\/blog\/wp-content\/uploads\/2014\/04\/PANAIRI-PUNES-ULQIN-2014-HOTEL-MEDITERAN.jpg\",\"contentUrl\":\"https:\/\/www.visit-ulcinj.com\/blog\/wp-content\/uploads\/2014\/04\/PANAIRI-PUNES-ULQIN-2014-HOTEL-MEDITERAN.jpg\",\"width\":960,\"height\":720},{\"@type\":\"WebPage\",\"@id\":\"https:\/\/www.visit-ulcinj.com\/blog\/2014\/04\/16\/18-prill-hapet-panairi-punes-2014-ne-ulqin-video\/#webpage\",\"url\":\"https:\/\/www.visit-ulcinj.com\/blog\/2014\/04\/16\/18-prill-hapet-panairi-punes-2014-ne-ulqin-video\/\",\"name\":\"M\u00eb 18 prill Hapet panairi i pun\u00ebs 2014 n\u00eb Hotel Mediteran - Ulqin - Lajme nga Ulqini\",\"isPartOf\":{\"@id\":\"https:\/\/www.visit-ulcinj.com\/blog\/#website\"},\"primaryImageOfPage\":{\"@id\":\"https:\/\/www.visit-ulcinj.com\/blog\/2014\/04\/16\/18-prill-hapet-panairi-punes-2014-ne-ulqin-video\/#primaryimage\"},\"datePublished\":\"2014-04-16T13:46:30+00:00\",\"dateModified\":\"2014-04-18T13:20:10+00:00\",\"author\":{\"@id\":\"https:\/\/www.visit-ulcinj.com\/blog\/#\/schema\/person\/dcab619c614d3038751c63bc2aadc06d\"},\"description\":\"Shumica e t\u00eb rinj\u00ebve mund t\u00eb ken\u00eb mund\u00ebsin\u00eb t\u00eb aplikojn\u00eb leht\u00ebsisht p\u00ebr vende pune. Gjat\u00eb fundjav\u00ebs dhjetra kompani q\u00eb operojn\u00eb n\u00eb fushat\u00eb ndryshme do t\u00eb\",\"breadcrumb\":{\"@id\":\"https:\/\/www.visit-ulcinj.com\/blog\/2014\/04\/16\/18-prill-hapet-panairi-punes-2014-ne-ulqin-video\/#breadcrumb\"},\"inLanguage\":\"en-US\",\"potentialAction\":[{\"@type\":\"ReadAction\",\"target\":[\"https:\/\/www.visit-ulcinj.com\/blog\/2014\/04\/16\/18-prill-hapet-panairi-punes-2014-ne-ulqin-video\/\"]}]},{\"@type\":\"BreadcrumbList\",\"@id\":\"https:\/\/www.visit-ulcinj.com\/blog\/2014\/04\/16\/18-prill-hapet-panairi-punes-2014-ne-ulqin-video\/#breadcrumb\",\"itemListElement\":[{\"@type\":\"ListItem\",\"position\":1,\"name\":\"M\u00eb 18 prill Hapet panairi i pun\u00ebs 2014 n\u00eb Hotel Mediteran &#8211; Ulqin\"}]},{\"@type\":\"Person\",\"@id\":\"https:\/\/www.visit-ulcinj.com\/blog\/#\/schema\/person\/dcab619c614d3038751c63bc2aadc06d\",\"name\":\"ulqini\",\"sameAs\":[\"http:\/\/www.visit-ulcinj.com\"],\"url\":\"https:\/\/www.visit-ulcinj.com\/blog\/author\/admin\/\"}]}<\/script>\n<!-- \/ Yoast SEO plugin. -->","yoast_head_json":{"title":"M\u00eb 18 prill Hapet panairi i pun\u00ebs 2014 n\u00eb Hotel Mediteran - Ulqin - Lajme nga Ulqini","description":"Shumica e t\u00eb rinj\u00ebve mund t\u00eb ken\u00eb mund\u00ebsin\u00eb t\u00eb aplikojn\u00eb leht\u00ebsisht p\u00ebr vende pune. Gjat\u00eb fundjav\u00ebs dhjetra kompani q\u00eb operojn\u00eb n\u00eb fushat\u00eb ndryshme do t\u00eb","robots":{"index":"index","follow":"follow","max-snippet":"max-snippet:-1","max-image-preview":"max-image-preview:large","max-video-preview":"max-video-preview:-1"},"canonical":"https:\/\/www.visit-ulcinj.com\/blog\/2014\/04\/16\/18-prill-hapet-panairi-punes-2014-ne-ulqin-video\/","og_locale":"en_US","og_type":"article","og_title":"M\u00eb 18 prill Hapet panairi i pun\u00ebs 2014 n\u00eb Hotel Mediteran - Ulqin - Lajme nga Ulqini","og_description":"Shumica e t\u00eb rinj\u00ebve mund t\u00eb ken\u00eb mund\u00ebsin\u00eb t\u00eb aplikojn\u00eb leht\u00ebsisht p\u00ebr vende pune. Gjat\u00eb fundjav\u00ebs dhjetra kompani q\u00eb operojn\u00eb n\u00eb fushat\u00eb ndryshme do t\u00eb","og_url":"https:\/\/www.visit-ulcinj.com\/blog\/2014\/04\/16\/18-prill-hapet-panairi-punes-2014-ne-ulqin-video\/","og_site_name":"Lajme nga Ulqini","article_published_time":"2014-04-16T13:46:30+00:00","article_modified_time":"2014-04-18T13:20:10+00:00","og_image":[{"url":"http:\/\/www.visit-ulcinj.com\/blog\/wp-content\/uploads\/2014\/04\/PANAIRI-PUNES-ULQIN-2014-HOTEL-MEDITERAN.jpg"}],"twitter_misc":{"Written by":"ulqini","Est. reading time":"2 minutes"},"schema":{"@context":"https:\/\/schema.org","@graph":[{"@type":"WebSite","@id":"https:\/\/www.visit-ulcinj.com\/blog\/#website","url":"https:\/\/www.visit-ulcinj.com\/blog\/","name":"Lajme nga Ulqini","description":"Lajme,Vijesti,Ulqini,Ulqin,Crna Gora,Mali i Zi","potentialAction":[{"@type":"SearchAction","target":{"@type":"EntryPoint","urlTemplate":"https:\/\/www.visit-ulcinj.com\/blog\/?s={search_term_string}"},"query-input":"required name=search_term_string"}],"inLanguage":"en-US"},{"@type":"ImageObject","inLanguage":"en-US","@id":"https:\/\/www.visit-ulcinj.com\/blog\/2014\/04\/16\/18-prill-hapet-panairi-punes-2014-ne-ulqin-video\/#primaryimage","url":"https:\/\/www.visit-ulcinj.com\/blog\/wp-content\/uploads\/2014\/04\/PANAIRI-PUNES-ULQIN-2014-HOTEL-MEDITERAN.jpg","contentUrl":"https:\/\/www.visit-ulcinj.com\/blog\/wp-content\/uploads\/2014\/04\/PANAIRI-PUNES-ULQIN-2014-HOTEL-MEDITERAN.jpg","width":960,"height":720},{"@type":"WebPage","@id":"https:\/\/www.visit-ulcinj.com\/blog\/2014\/04\/16\/18-prill-hapet-panairi-punes-2014-ne-ulqin-video\/#webpage","url":"https:\/\/www.visit-ulcinj.com\/blog\/2014\/04\/16\/18-prill-hapet-panairi-punes-2014-ne-ulqin-video\/","name":"M\u00eb 18 prill Hapet panairi i pun\u00ebs 2014 n\u00eb Hotel Mediteran - Ulqin - Lajme nga Ulqini","isPartOf":{"@id":"https:\/\/www.visit-ulcinj.com\/blog\/#website"},"primaryImageOfPage":{"@id":"https:\/\/www.visit-ulcinj.com\/blog\/2014\/04\/16\/18-prill-hapet-panairi-punes-2014-ne-ulqin-video\/#primaryimage"},"datePublished":"2014-04-16T13:46:30+00:00","dateModified":"2014-04-18T13:20:10+00:00","author":{"@id":"https:\/\/www.visit-ulcinj.com\/blog\/#\/schema\/person\/dcab619c614d3038751c63bc2aadc06d"},"description":"Shumica e t\u00eb rinj\u00ebve mund t\u00eb ken\u00eb mund\u00ebsin\u00eb t\u00eb aplikojn\u00eb leht\u00ebsisht p\u00ebr vende pune. Gjat\u00eb fundjav\u00ebs dhjetra kompani q\u00eb operojn\u00eb n\u00eb fushat\u00eb ndryshme do t\u00eb","breadcrumb":{"@id":"https:\/\/www.visit-ulcinj.com\/blog\/2014\/04\/16\/18-prill-hapet-panairi-punes-2014-ne-ulqin-video\/#breadcrumb"},"inLanguage":"en-US","potentialAction":[{"@type":"ReadAction","target":["https:\/\/www.visit-ulcinj.com\/blog\/2014\/04\/16\/18-prill-hapet-panairi-punes-2014-ne-ulqin-video\/"]}]},{"@type":"BreadcrumbList","@id":"https:\/\/www.visit-ulcinj.com\/blog\/2014\/04\/16\/18-prill-hapet-panairi-punes-2014-ne-ulqin-video\/#breadcrumb","itemListElement":[{"@type":"ListItem","position":1,"name":"M\u00eb 18 prill Hapet panairi i pun\u00ebs 2014 n\u00eb Hotel Mediteran &#8211; Ulqin"}]},{"@type":"Person","@id":"https:\/\/www.visit-ulcinj.com\/blog\/#\/schema\/person\/dcab619c614d3038751c63bc2aadc06d","name":"ulqini","sameAs":["http:\/\/www.visit-ulcinj.com"],"url":"https:\/\/www.visit-ulcinj.com\/blog\/author\/admin\/"}]}},"jetpack_featured_media_url":"","jetpack_sharing_enabled":true,"jetpack_shortlink":"https:\/\/wp.me\/pe6lTn-ldq","_links":{"self":[{"href":"https:\/\/www.visit-ulcinj.com\/blog\/wp-json\/wp\/v2\/posts\/81556"}],"collection":[{"href":"https:\/\/www.visit-ulcinj.com\/blog\/wp-json\/wp\/v2\/posts"}],"about":[{"href":"https:\/\/www.visit-ulcinj.com\/blog\/wp-json\/wp\/v2\/types\/post"}],"author":[{"embeddable":true,"href":"https:\/\/www.visit-ulcinj.com\/blog\/wp-json\/wp\/v2\/users\/1"}],"replies":[{"embeddable":true,"href":"https:\/\/www.visit-ulcinj.com\/blog\/wp-json\/wp\/v2\/comments?post=81556"}],"version-history":[{"count":5,"href":"https:\/\/www.visit-ulcinj.com\/blog\/wp-json\/wp\/v2\/posts\/81556\/revisions"}],"predecessor-version":[{"id":81624,"href":"https:\/\/www.visit-ulcinj.com\/blog\/wp-json\/wp\/v2\/posts\/81556\/revisions\/81624"}],"wp:attachment":[{"href":"https:\/\/www.visit-ulcinj.com\/blog\/wp-json\/wp\/v2\/media?parent=81556"}],"wp:term":[{"taxonomy":"category","embeddable":true,"href":"https:\/\/www.visit-ulcinj.com\/blog\/wp-json\/wp\/v2\/categories?post=81556"},{"taxonomy":"post_tag","embeddable":true,"href":"https:\/\/www.visit-ulcinj.com\/blog\/wp-json\/wp\/v2\/tags?post=81556"}],"curies":[{"name":"wp","href":"https:\/\/api.w.org\/{rel}","templated":true}]}}