{"id":81576,"date":"2014-04-16T18:09:26","date_gmt":"2014-04-16T17:09:26","guid":{"rendered":"http:\/\/www.visit-ulcinj.com\/blog\/?p=81576"},"modified":"2014-04-16T18:09:26","modified_gmt":"2014-04-16T17:09:26","slug":"20-mije-euro-per-kycjen-e-energjis-elektrike-ne-kripore","status":"publish","type":"post","link":"https:\/\/www.visit-ulcinj.com\/blog\/2014\/04\/16\/20-mije-euro-per-kycjen-e-energjis-elektrike-ne-kripore\/","title":{"rendered":"20 mij\u00eb euro per ky\u00e7jen e energjis elektrike ne Kripore"},"content":{"rendered":"<p><strong><a href=\"http:\/\/www.visit-ulcinj.com\/blog\/wp-content\/uploads\/2011\/07\/Kriporja-e-Ulqinit.jpg\"><img loading=\"lazy\" class=\"alignleft  wp-image-48782\" alt=\"Kriporja e Ulqinit\" src=\"http:\/\/www.visit-ulcinj.com\/blog\/wp-content\/uploads\/2011\/07\/Kriporja-e-Ulqinit.jpg\" width=\"508\" height=\"367\" \/><\/a>Nj\u00ebz\u00ebri miratuan konkluzionet p\u00ebr Kripore<\/strong><\/p>\n<p>K\u00ebshilli kuvendor p\u00ebr ekonomi, miratoi sot nj\u00ebz\u00ebri konkluzionet lidhur me mbajtjen e m\u00ebparshme t\u00eb seanc\u00ebs d\u00ebgjimore me ministrin e financave dhe ekonomis\u00eb, Radoje Zhugis dhe Vlladimir Kavariq, mbi situat\u00ebn aktuale n\u00eb Kriporen e Ulqinit. Inicuesi i seanc\u00ebs d\u00ebgjimore S\u00ebrgjan Miliq, deklaroi se i ka d\u00ebrguar shkres\u00eb Elektroekonomis\u00eb s\u00eb Malit t\u00eb Zi duke insistuar q\u00eb Kriporja t\u2019i paguaj\u00eb 20 mij\u00eb euro n\u00eb m\u00ebnyr\u00eb q\u00eb t\u2019i ky\u00e7et energjia elektrike. K\u00ebshilli m\u00eb pas hapi edhe debatin mbi aktivitetet e mbik\u00ebqyrjes parlamentare ndaj Ligjit mbi financimin e partive politike, i cili do t\u00eb vazhdohet t\u00eb m\u00ebrkur\u00ebn.<\/p>\n<p>TVCG<\/p>\n","protected":false},"excerpt":{"rendered":"<p>Nj\u00ebz\u00ebri miratuan konkluzionet p\u00ebr Kripore K\u00ebshilli kuvendor p\u00ebr ekonomi, miratoi sot nj\u00ebz\u00ebri konkluzionet lidhur me mbajtjen e m\u00ebparshme t\u00eb seanc\u00ebs d\u00ebgjimore me ministrin e financave dhe ekonomis\u00eb, Radoje Zhugis dhe Vlladimir Kavariq, mbi situat\u00ebn aktuale n\u00eb Kriporen e Ulqinit. Inicuesi i seanc\u00ebs d\u00ebgjimore S\u00ebrgjan Miliq, deklaroi se i ka d\u00ebrguar shkres\u00eb Elektroekonomis\u00eb s\u00eb Malit t\u00eb [&hellip;]<\/p>\n","protected":false},"author":1,"featured_media":0,"comment_status":"closed","ping_status":"closed","sticky":false,"template":"","format":"standard","meta":{"spay_email":"","jetpack_publicize_message":"","jetpack_is_tweetstorm":false,"jetpack_publicize_feature_enabled":true},"categories":[11],"tags":[],"jetpack_publicize_connections":[],"yoast_head":"<!-- This site is optimized with the Yoast SEO plugin v19.1 - https:\/\/yoast.com\/wordpress\/plugins\/seo\/ -->\n<title>20 mij\u00eb euro per ky\u00e7jen e energjis elektrike ne Kripore - Lajme nga Ulqini<\/title>\n<meta name=\"description\" content=\"Nj\u00ebz\u00ebri miratuan konkluzionet p\u00ebr Kripore K\u00ebshilli kuvendor p\u00ebr ekonomi, miratoi sot nj\u00ebz\u00ebri konkluzionet lidhur me mbajtjen e m\u00ebparshme t\u00eb seanc\u00ebs\" \/>\n<meta name=\"robots\" content=\"index, follow, max-snippet:-1, max-image-preview:large, max-video-preview:-1\" \/>\n<link rel=\"canonical\" href=\"https:\/\/www.visit-ulcinj.com\/blog\/2014\/04\/16\/20-mije-euro-per-kycjen-e-energjis-elektrike-ne-kripore\/\" \/>\n<meta property=\"og:locale\" content=\"en_US\" \/>\n<meta property=\"og:type\" content=\"article\" \/>\n<meta property=\"og:title\" content=\"20 mij\u00eb euro per ky\u00e7jen e energjis elektrike ne Kripore - Lajme nga Ulqini\" \/>\n<meta property=\"og:description\" content=\"Nj\u00ebz\u00ebri miratuan konkluzionet p\u00ebr Kripore K\u00ebshilli kuvendor p\u00ebr ekonomi, miratoi sot nj\u00ebz\u00ebri konkluzionet lidhur me mbajtjen e m\u00ebparshme t\u00eb seanc\u00ebs\" \/>\n<meta property=\"og:url\" content=\"https:\/\/www.visit-ulcinj.com\/blog\/2014\/04\/16\/20-mije-euro-per-kycjen-e-energjis-elektrike-ne-kripore\/\" \/>\n<meta property=\"og:site_name\" content=\"Lajme nga Ulqini\" \/>\n<meta property=\"article:published_time\" content=\"2014-04-16T17:09:26+00:00\" \/>\n<meta property=\"og:image\" content=\"http:\/\/www.visit-ulcinj.com\/blog\/wp-content\/uploads\/2011\/07\/Kriporja-e-Ulqinit.jpg\" \/>\n<meta name=\"twitter:label1\" content=\"Written by\" \/>\n\t<meta name=\"twitter:data1\" content=\"ulqini\" \/>\n\t<meta name=\"twitter:label2\" content=\"Est. reading time\" \/>\n\t<meta name=\"twitter:data2\" content=\"1 minute\" \/>\n<script type=\"application\/ld+json\" class=\"yoast-schema-graph\">{\"@context\":\"https:\/\/schema.org\",\"@graph\":[{\"@type\":\"WebSite\",\"@id\":\"https:\/\/www.visit-ulcinj.com\/blog\/#website\",\"url\":\"https:\/\/www.visit-ulcinj.com\/blog\/\",\"name\":\"Lajme nga Ulqini\",\"description\":\"Lajme,Vijesti,Ulqini,Ulqin,Crna Gora,Mali i Zi\",\"potentialAction\":[{\"@type\":\"SearchAction\",\"target\":{\"@type\":\"EntryPoint\",\"urlTemplate\":\"https:\/\/www.visit-ulcinj.com\/blog\/?s={search_term_string}\"},\"query-input\":\"required name=search_term_string\"}],\"inLanguage\":\"en-US\"},{\"@type\":\"ImageObject\",\"inLanguage\":\"en-US\",\"@id\":\"https:\/\/www.visit-ulcinj.com\/blog\/2014\/04\/16\/20-mije-euro-per-kycjen-e-energjis-elektrike-ne-kripore\/#primaryimage\",\"url\":\"https:\/\/www.visit-ulcinj.com\/blog\/wp-content\/uploads\/2011\/07\/Kriporja-e-Ulqinit.jpg\",\"contentUrl\":\"https:\/\/www.visit-ulcinj.com\/blog\/wp-content\/uploads\/2011\/07\/Kriporja-e-Ulqinit.jpg\",\"width\":\"629\",\"height\":\"367\"},{\"@type\":\"WebPage\",\"@id\":\"https:\/\/www.visit-ulcinj.com\/blog\/2014\/04\/16\/20-mije-euro-per-kycjen-e-energjis-elektrike-ne-kripore\/#webpage\",\"url\":\"https:\/\/www.visit-ulcinj.com\/blog\/2014\/04\/16\/20-mije-euro-per-kycjen-e-energjis-elektrike-ne-kripore\/\",\"name\":\"20 mij\u00eb euro per ky\u00e7jen e energjis elektrike ne Kripore - Lajme nga Ulqini\",\"isPartOf\":{\"@id\":\"https:\/\/www.visit-ulcinj.com\/blog\/#website\"},\"primaryImageOfPage\":{\"@id\":\"https:\/\/www.visit-ulcinj.com\/blog\/2014\/04\/16\/20-mije-euro-per-kycjen-e-energjis-elektrike-ne-kripore\/#primaryimage\"},\"datePublished\":\"2014-04-16T17:09:26+00:00\",\"dateModified\":\"2014-04-16T17:09:26+00:00\",\"author\":{\"@id\":\"https:\/\/www.visit-ulcinj.com\/blog\/#\/schema\/person\/dcab619c614d3038751c63bc2aadc06d\"},\"description\":\"Nj\u00ebz\u00ebri miratuan konkluzionet p\u00ebr Kripore K\u00ebshilli kuvendor p\u00ebr ekonomi, miratoi sot nj\u00ebz\u00ebri konkluzionet lidhur me mbajtjen e m\u00ebparshme t\u00eb seanc\u00ebs\",\"breadcrumb\":{\"@id\":\"https:\/\/www.visit-ulcinj.com\/blog\/2014\/04\/16\/20-mije-euro-per-kycjen-e-energjis-elektrike-ne-kripore\/#breadcrumb\"},\"inLanguage\":\"en-US\",\"potentialAction\":[{\"@type\":\"ReadAction\",\"target\":[\"https:\/\/www.visit-ulcinj.com\/blog\/2014\/04\/16\/20-mije-euro-per-kycjen-e-energjis-elektrike-ne-kripore\/\"]}]},{\"@type\":\"BreadcrumbList\",\"@id\":\"https:\/\/www.visit-ulcinj.com\/blog\/2014\/04\/16\/20-mije-euro-per-kycjen-e-energjis-elektrike-ne-kripore\/#breadcrumb\",\"itemListElement\":[{\"@type\":\"ListItem\",\"position\":1,\"name\":\"20 mij\u00eb euro per ky\u00e7jen e energjis elektrike ne Kripore\"}]},{\"@type\":\"Person\",\"@id\":\"https:\/\/www.visit-ulcinj.com\/blog\/#\/schema\/person\/dcab619c614d3038751c63bc2aadc06d\",\"name\":\"ulqini\",\"sameAs\":[\"http:\/\/www.visit-ulcinj.com\"],\"url\":\"https:\/\/www.visit-ulcinj.com\/blog\/author\/admin\/\"}]}<\/script>\n<!-- \/ Yoast SEO plugin. -->","yoast_head_json":{"title":"20 mij\u00eb euro per ky\u00e7jen e energjis elektrike ne Kripore - Lajme nga Ulqini","description":"Nj\u00ebz\u00ebri miratuan konkluzionet p\u00ebr Kripore K\u00ebshilli kuvendor p\u00ebr ekonomi, miratoi sot nj\u00ebz\u00ebri konkluzionet lidhur me mbajtjen e m\u00ebparshme t\u00eb seanc\u00ebs","robots":{"index":"index","follow":"follow","max-snippet":"max-snippet:-1","max-image-preview":"max-image-preview:large","max-video-preview":"max-video-preview:-1"},"canonical":"https:\/\/www.visit-ulcinj.com\/blog\/2014\/04\/16\/20-mije-euro-per-kycjen-e-energjis-elektrike-ne-kripore\/","og_locale":"en_US","og_type":"article","og_title":"20 mij\u00eb euro per ky\u00e7jen e energjis elektrike ne Kripore - Lajme nga Ulqini","og_description":"Nj\u00ebz\u00ebri miratuan konkluzionet p\u00ebr Kripore K\u00ebshilli kuvendor p\u00ebr ekonomi, miratoi sot nj\u00ebz\u00ebri konkluzionet lidhur me mbajtjen e m\u00ebparshme t\u00eb seanc\u00ebs","og_url":"https:\/\/www.visit-ulcinj.com\/blog\/2014\/04\/16\/20-mije-euro-per-kycjen-e-energjis-elektrike-ne-kripore\/","og_site_name":"Lajme nga Ulqini","article_published_time":"2014-04-16T17:09:26+00:00","og_image":[{"url":"http:\/\/www.visit-ulcinj.com\/blog\/wp-content\/uploads\/2011\/07\/Kriporja-e-Ulqinit.jpg"}],"twitter_misc":{"Written by":"ulqini","Est. reading time":"1 minute"},"schema":{"@context":"https:\/\/schema.org","@graph":[{"@type":"WebSite","@id":"https:\/\/www.visit-ulcinj.com\/blog\/#website","url":"https:\/\/www.visit-ulcinj.com\/blog\/","name":"Lajme nga Ulqini","description":"Lajme,Vijesti,Ulqini,Ulqin,Crna Gora,Mali i Zi","potentialAction":[{"@type":"SearchAction","target":{"@type":"EntryPoint","urlTemplate":"https:\/\/www.visit-ulcinj.com\/blog\/?s={search_term_string}"},"query-input":"required name=search_term_string"}],"inLanguage":"en-US"},{"@type":"ImageObject","inLanguage":"en-US","@id":"https:\/\/www.visit-ulcinj.com\/blog\/2014\/04\/16\/20-mije-euro-per-kycjen-e-energjis-elektrike-ne-kripore\/#primaryimage","url":"https:\/\/www.visit-ulcinj.com\/blog\/wp-content\/uploads\/2011\/07\/Kriporja-e-Ulqinit.jpg","contentUrl":"https:\/\/www.visit-ulcinj.com\/blog\/wp-content\/uploads\/2011\/07\/Kriporja-e-Ulqinit.jpg","width":"629","height":"367"},{"@type":"WebPage","@id":"https:\/\/www.visit-ulcinj.com\/blog\/2014\/04\/16\/20-mije-euro-per-kycjen-e-energjis-elektrike-ne-kripore\/#webpage","url":"https:\/\/www.visit-ulcinj.com\/blog\/2014\/04\/16\/20-mije-euro-per-kycjen-e-energjis-elektrike-ne-kripore\/","name":"20 mij\u00eb euro per ky\u00e7jen e energjis elektrike ne Kripore - Lajme nga Ulqini","isPartOf":{"@id":"https:\/\/www.visit-ulcinj.com\/blog\/#website"},"primaryImageOfPage":{"@id":"https:\/\/www.visit-ulcinj.com\/blog\/2014\/04\/16\/20-mije-euro-per-kycjen-e-energjis-elektrike-ne-kripore\/#primaryimage"},"datePublished":"2014-04-16T17:09:26+00:00","dateModified":"2014-04-16T17:09:26+00:00","author":{"@id":"https:\/\/www.visit-ulcinj.com\/blog\/#\/schema\/person\/dcab619c614d3038751c63bc2aadc06d"},"description":"Nj\u00ebz\u00ebri miratuan konkluzionet p\u00ebr Kripore K\u00ebshilli kuvendor p\u00ebr ekonomi, miratoi sot nj\u00ebz\u00ebri konkluzionet lidhur me mbajtjen e m\u00ebparshme t\u00eb seanc\u00ebs","breadcrumb":{"@id":"https:\/\/www.visit-ulcinj.com\/blog\/2014\/04\/16\/20-mije-euro-per-kycjen-e-energjis-elektrike-ne-kripore\/#breadcrumb"},"inLanguage":"en-US","potentialAction":[{"@type":"ReadAction","target":["https:\/\/www.visit-ulcinj.com\/blog\/2014\/04\/16\/20-mije-euro-per-kycjen-e-energjis-elektrike-ne-kripore\/"]}]},{"@type":"BreadcrumbList","@id":"https:\/\/www.visit-ulcinj.com\/blog\/2014\/04\/16\/20-mije-euro-per-kycjen-e-energjis-elektrike-ne-kripore\/#breadcrumb","itemListElement":[{"@type":"ListItem","position":1,"name":"20 mij\u00eb euro per ky\u00e7jen e energjis elektrike ne Kripore"}]},{"@type":"Person","@id":"https:\/\/www.visit-ulcinj.com\/blog\/#\/schema\/person\/dcab619c614d3038751c63bc2aadc06d","name":"ulqini","sameAs":["http:\/\/www.visit-ulcinj.com"],"url":"https:\/\/www.visit-ulcinj.com\/blog\/author\/admin\/"}]}},"jetpack_featured_media_url":"","jetpack_sharing_enabled":true,"jetpack_shortlink":"https:\/\/wp.me\/pe6lTn-ldK","_links":{"self":[{"href":"https:\/\/www.visit-ulcinj.com\/blog\/wp-json\/wp\/v2\/posts\/81576"}],"collection":[{"href":"https:\/\/www.visit-ulcinj.com\/blog\/wp-json\/wp\/v2\/posts"}],"about":[{"href":"https:\/\/www.visit-ulcinj.com\/blog\/wp-json\/wp\/v2\/types\/post"}],"author":[{"embeddable":true,"href":"https:\/\/www.visit-ulcinj.com\/blog\/wp-json\/wp\/v2\/users\/1"}],"replies":[{"embeddable":true,"href":"https:\/\/www.visit-ulcinj.com\/blog\/wp-json\/wp\/v2\/comments?post=81576"}],"version-history":[{"count":1,"href":"https:\/\/www.visit-ulcinj.com\/blog\/wp-json\/wp\/v2\/posts\/81576\/revisions"}],"predecessor-version":[{"id":81577,"href":"https:\/\/www.visit-ulcinj.com\/blog\/wp-json\/wp\/v2\/posts\/81576\/revisions\/81577"}],"wp:attachment":[{"href":"https:\/\/www.visit-ulcinj.com\/blog\/wp-json\/wp\/v2\/media?parent=81576"}],"wp:term":[{"taxonomy":"category","embeddable":true,"href":"https:\/\/www.visit-ulcinj.com\/blog\/wp-json\/wp\/v2\/categories?post=81576"},{"taxonomy":"post_tag","embeddable":true,"href":"https:\/\/www.visit-ulcinj.com\/blog\/wp-json\/wp\/v2\/tags?post=81576"}],"curies":[{"name":"wp","href":"https:\/\/api.w.org\/{rel}","templated":true}]}}