{"id":81591,"date":"2014-04-17T07:37:05","date_gmt":"2014-04-17T06:37:05","guid":{"rendered":"http:\/\/www.visit-ulcinj.com\/blog\/?p=81591"},"modified":"2014-04-17T07:40:32","modified_gmt":"2014-04-17T06:40:32","slug":"ulet-ndjeshem-numri-nxenesve-ne-ulqin","status":"publish","type":"post","link":"https:\/\/www.visit-ulcinj.com\/blog\/2014\/04\/17\/ulet-ndjeshem-numri-nxenesve-ne-ulqin\/","title":{"rendered":"Ulet ndjesh\u00ebm numri i nx\u00ebn\u00ebsve n\u00eb Ulqin"},"content":{"rendered":"<p><a href=\"http:\/\/www.visit-ulcinj.com\/blog\/wp-content\/uploads\/2014\/04\/shkolla.jpg\"><img loading=\"lazy\" class=\"alignleft  wp-image-81592\" alt=\"shkolla\" src=\"http:\/\/www.visit-ulcinj.com\/blog\/wp-content\/uploads\/2014\/04\/shkolla.jpg\" width=\"508\" height=\"312\" \/><\/a>Sipas statistikave t\u00eb p\u00ebrgjithshme n\u00eb Mal t\u00eb Zi tregojn\u00eb se p\u00ebr \u00e7do vit n\u00eb k\u00ebt\u00eb shtet ka ulje t\u00eb numrit t\u00eb nx\u00ebn\u00ebsve q\u00eb regjistrohen n\u00eb klas\u00ebn e par\u00eb. Sipas raportit t\u00eb publikuar nga Enti shtet\u00ebror\u00eb p\u00ebr statistik\u00eb \u2013 Monstat dhe t\u00eb cilin e publikon agjencia e lajmeve Ul.info, rreth 211 nx\u00ebn\u00ebs sivjet jan\u00eb regjistruar m\u00eb pak se sa viteve t\u00eb kaluara.<\/p>\n<p>Nataliteti n\u00eb Ulqin gjat\u00eb dekad\u00ebs s\u00eb fundit ka sh\u00ebnuar r\u00ebnie t\u00eb konsiderueshme, nd\u00ebrsa ekspert\u00ebt e sociologjis\u00eb parashikojn\u00eb q\u00eb gjat\u00eb dekadave t\u00eb ardhshme do t\u00eb ket\u00eb edhe m\u00eb pak lindje. Kjo r\u00ebnie e natalitetit, vjen m\u00eb shum\u00eb nga mungesa e zhvillimit ekonomik, por edhe nga vet\u00ebdijesimi dhe pun\u00ebsimi i femrave ulqinake.<\/p>\n<p>Sipas agjencis\u00eb s\u00eb lajmeve Ul.info \u00a0n\u00eb Ulqin \u00ebsht\u00eb n\u00eb r\u00ebnie numri i popullsis\u00eb dhe nataliteti tregojn\u00eb t\u00eb dh\u00ebnat e numrit t\u00eb nx\u00ebn\u00ebsve n\u00eb shkollat fillore n\u00eb disa vitet e fundit t\u00eb cilat i ka publikuar Enti shtet\u00ebror\u00eb p\u00ebr statistik\u00eb \u2013 Monstat.<\/p>\n<p>\u201cN\u00eb vitin shkollor 2012\/2013, rreth 200 mij\u00eb nx\u00ebn\u00ebs ndjekin m\u00ebsimin n\u00eb shkollat fillore n\u00eb Maqedoni, prej t\u00eb cil\u00ebve k\u00ebt\u00eb vit jan\u00eb regjistruar 20 mij\u00eb e 700 fillorist\u00eb, 780 m\u00eb pak n\u00eb krahasim me vitin paraprak, ku ishin regjistruar 21 mij\u00eb e 480 nx\u00ebn\u00ebs. E nj\u00ebjta ka ndodhur edhe n\u00eb fillim t\u00eb vitit shkollor 2011\/2012 ku n\u00eb shkollat fillore jan\u00eb evidentuar 198.856 nx\u00ebn\u00ebs, q\u00eb ishte m\u00eb pak p\u00ebr 2,7 p\u00ebr qind n\u00eb krahasim me 2010\/2011\u201d,thuhet n\u00eb raport.<\/p>\n<p>Duhet cekur se shqiptar\u00ebt n\u00eb Mal te Zi kan\u00eb natalitetin m\u00eb t\u00eb ult\u00eb ne krahasim me pjes\u00ebt tjera t\u00eb popullit shqiptar ne Ballkan.<\/p>\n<p>Numri i lindjeve n\u00eb vendin ton\u00eb ka ardhur duke u pak\u00ebsuar, dhe kjo lidhet me disa faktor\u00eb.<\/p>\n<p>Jemi t\u00eb mendit se r\u00ebnia e numrit t\u00eb lindjeve lidhet me emigracionin. Duhet t\u00eb theksojm\u00eb se nga vendi yn\u00eb i Ulqinit jan\u00eb larguar rreth 7000 shqiptar\u00eb, dhe padyshim se pjesa m\u00eb e madhe e tyre jan\u00eb t\u00eb rinj, \u00e7ka do t\u00eb thot\u00eb se \u00ebsht\u00eb mosha aktive riprodhuese.<br \/>\nNd\u00ebrkoh\u00eb r\u00ebnia e numrit t\u00eb lindjeve lidhet edhe me disa faktor\u00eb t\u00eb tjer\u00eb si\u00e7 \u00ebsht\u00eb ligji i aborteve, vendimi i nj\u00eb kategorie prind\u00ebrish p\u00ebr t\u00eb ndjekur karrier\u00ebn, por edhe varf\u00ebria ndikon n\u00eb uljen e numrit t\u00eb lindjeve.<\/p>\n","protected":false},"excerpt":{"rendered":"<p>Sipas statistikave t\u00eb p\u00ebrgjithshme n\u00eb Mal t\u00eb Zi tregojn\u00eb se p\u00ebr \u00e7do vit n\u00eb k\u00ebt\u00eb shtet ka ulje t\u00eb numrit t\u00eb nx\u00ebn\u00ebsve q\u00eb regjistrohen n\u00eb klas\u00ebn e par\u00eb. Sipas raportit t\u00eb publikuar nga Enti shtet\u00ebror\u00eb p\u00ebr statistik\u00eb \u2013 Monstat dhe t\u00eb cilin e publikon agjencia e lajmeve Ul.info, rreth 211 nx\u00ebn\u00ebs sivjet jan\u00eb regjistruar m\u00eb [&hellip;]<\/p>\n","protected":false},"author":1,"featured_media":0,"comment_status":"closed","ping_status":"closed","sticky":false,"template":"","format":"standard","meta":{"spay_email":"","jetpack_publicize_message":"","jetpack_is_tweetstorm":false,"jetpack_publicize_feature_enabled":true},"categories":[11],"tags":[],"jetpack_publicize_connections":[],"yoast_head":"<!-- This site is optimized with the Yoast SEO plugin v19.1 - https:\/\/yoast.com\/wordpress\/plugins\/seo\/ -->\n<title>Ulet ndjesh\u00ebm numri i nx\u00ebn\u00ebsve n\u00eb Ulqin - Lajme nga Ulqini<\/title>\n<meta name=\"description\" content=\"Sipas statistikave t\u00eb p\u00ebrgjithshme n\u00eb Mal t\u00eb Zi tregojn\u00eb se p\u00ebr \u00e7do vit n\u00eb k\u00ebt\u00eb shtet ka ulje t\u00eb numrit t\u00eb nx\u00ebn\u00ebsve q\u00eb regjistrohen n\u00eb klas\u00ebn e par\u00eb.\" \/>\n<meta name=\"robots\" content=\"index, follow, max-snippet:-1, max-image-preview:large, max-video-preview:-1\" \/>\n<link rel=\"canonical\" href=\"https:\/\/www.visit-ulcinj.com\/blog\/2014\/04\/17\/ulet-ndjeshem-numri-nxenesve-ne-ulqin\/\" \/>\n<meta property=\"og:locale\" content=\"en_US\" \/>\n<meta property=\"og:type\" content=\"article\" \/>\n<meta property=\"og:title\" content=\"Ulet ndjesh\u00ebm numri i nx\u00ebn\u00ebsve n\u00eb Ulqin - Lajme nga Ulqini\" \/>\n<meta property=\"og:description\" content=\"Sipas statistikave t\u00eb p\u00ebrgjithshme n\u00eb Mal t\u00eb Zi tregojn\u00eb se p\u00ebr \u00e7do vit n\u00eb k\u00ebt\u00eb shtet ka ulje t\u00eb numrit t\u00eb nx\u00ebn\u00ebsve q\u00eb regjistrohen n\u00eb klas\u00ebn e par\u00eb.\" \/>\n<meta property=\"og:url\" content=\"https:\/\/www.visit-ulcinj.com\/blog\/2014\/04\/17\/ulet-ndjeshem-numri-nxenesve-ne-ulqin\/\" \/>\n<meta property=\"og:site_name\" content=\"Lajme nga Ulqini\" \/>\n<meta property=\"article:published_time\" content=\"2014-04-17T06:37:05+00:00\" \/>\n<meta property=\"article:modified_time\" content=\"2014-04-17T06:40:32+00:00\" \/>\n<meta property=\"og:image\" content=\"http:\/\/www.visit-ulcinj.com\/blog\/wp-content\/uploads\/2014\/04\/shkolla.jpg\" \/>\n<meta name=\"twitter:label1\" content=\"Written by\" \/>\n\t<meta name=\"twitter:data1\" content=\"ulqini\" \/>\n\t<meta name=\"twitter:label2\" content=\"Est. reading time\" \/>\n\t<meta name=\"twitter:data2\" content=\"2 minutes\" \/>\n<script type=\"application\/ld+json\" class=\"yoast-schema-graph\">{\"@context\":\"https:\/\/schema.org\",\"@graph\":[{\"@type\":\"WebSite\",\"@id\":\"https:\/\/www.visit-ulcinj.com\/blog\/#website\",\"url\":\"https:\/\/www.visit-ulcinj.com\/blog\/\",\"name\":\"Lajme nga Ulqini\",\"description\":\"Lajme,Vijesti,Ulqini,Ulqin,Crna Gora,Mali i Zi\",\"potentialAction\":[{\"@type\":\"SearchAction\",\"target\":{\"@type\":\"EntryPoint\",\"urlTemplate\":\"https:\/\/www.visit-ulcinj.com\/blog\/?s={search_term_string}\"},\"query-input\":\"required name=search_term_string\"}],\"inLanguage\":\"en-US\"},{\"@type\":\"ImageObject\",\"inLanguage\":\"en-US\",\"@id\":\"https:\/\/www.visit-ulcinj.com\/blog\/2014\/04\/17\/ulet-ndjeshem-numri-nxenesve-ne-ulqin\/#primaryimage\",\"url\":\"https:\/\/www.visit-ulcinj.com\/blog\/wp-content\/uploads\/2014\/04\/shkolla.jpg\",\"contentUrl\":\"https:\/\/www.visit-ulcinj.com\/blog\/wp-content\/uploads\/2014\/04\/shkolla.jpg\",\"width\":600,\"height\":312},{\"@type\":\"WebPage\",\"@id\":\"https:\/\/www.visit-ulcinj.com\/blog\/2014\/04\/17\/ulet-ndjeshem-numri-nxenesve-ne-ulqin\/#webpage\",\"url\":\"https:\/\/www.visit-ulcinj.com\/blog\/2014\/04\/17\/ulet-ndjeshem-numri-nxenesve-ne-ulqin\/\",\"name\":\"Ulet ndjesh\u00ebm numri i nx\u00ebn\u00ebsve n\u00eb Ulqin - Lajme nga Ulqini\",\"isPartOf\":{\"@id\":\"https:\/\/www.visit-ulcinj.com\/blog\/#website\"},\"primaryImageOfPage\":{\"@id\":\"https:\/\/www.visit-ulcinj.com\/blog\/2014\/04\/17\/ulet-ndjeshem-numri-nxenesve-ne-ulqin\/#primaryimage\"},\"datePublished\":\"2014-04-17T06:37:05+00:00\",\"dateModified\":\"2014-04-17T06:40:32+00:00\",\"author\":{\"@id\":\"https:\/\/www.visit-ulcinj.com\/blog\/#\/schema\/person\/dcab619c614d3038751c63bc2aadc06d\"},\"description\":\"Sipas statistikave t\u00eb p\u00ebrgjithshme n\u00eb Mal t\u00eb Zi tregojn\u00eb se p\u00ebr \u00e7do vit n\u00eb k\u00ebt\u00eb shtet ka ulje t\u00eb numrit t\u00eb nx\u00ebn\u00ebsve q\u00eb regjistrohen n\u00eb klas\u00ebn e par\u00eb.\",\"breadcrumb\":{\"@id\":\"https:\/\/www.visit-ulcinj.com\/blog\/2014\/04\/17\/ulet-ndjeshem-numri-nxenesve-ne-ulqin\/#breadcrumb\"},\"inLanguage\":\"en-US\",\"potentialAction\":[{\"@type\":\"ReadAction\",\"target\":[\"https:\/\/www.visit-ulcinj.com\/blog\/2014\/04\/17\/ulet-ndjeshem-numri-nxenesve-ne-ulqin\/\"]}]},{\"@type\":\"BreadcrumbList\",\"@id\":\"https:\/\/www.visit-ulcinj.com\/blog\/2014\/04\/17\/ulet-ndjeshem-numri-nxenesve-ne-ulqin\/#breadcrumb\",\"itemListElement\":[{\"@type\":\"ListItem\",\"position\":1,\"name\":\"Ulet ndjesh\u00ebm numri i nx\u00ebn\u00ebsve n\u00eb Ulqin\"}]},{\"@type\":\"Person\",\"@id\":\"https:\/\/www.visit-ulcinj.com\/blog\/#\/schema\/person\/dcab619c614d3038751c63bc2aadc06d\",\"name\":\"ulqini\",\"sameAs\":[\"http:\/\/www.visit-ulcinj.com\"],\"url\":\"https:\/\/www.visit-ulcinj.com\/blog\/author\/admin\/\"}]}<\/script>\n<!-- \/ Yoast SEO plugin. -->","yoast_head_json":{"title":"Ulet ndjesh\u00ebm numri i nx\u00ebn\u00ebsve n\u00eb Ulqin - Lajme nga Ulqini","description":"Sipas statistikave t\u00eb p\u00ebrgjithshme n\u00eb Mal t\u00eb Zi tregojn\u00eb se p\u00ebr \u00e7do vit n\u00eb k\u00ebt\u00eb shtet ka ulje t\u00eb numrit t\u00eb nx\u00ebn\u00ebsve q\u00eb regjistrohen n\u00eb klas\u00ebn e par\u00eb.","robots":{"index":"index","follow":"follow","max-snippet":"max-snippet:-1","max-image-preview":"max-image-preview:large","max-video-preview":"max-video-preview:-1"},"canonical":"https:\/\/www.visit-ulcinj.com\/blog\/2014\/04\/17\/ulet-ndjeshem-numri-nxenesve-ne-ulqin\/","og_locale":"en_US","og_type":"article","og_title":"Ulet ndjesh\u00ebm numri i nx\u00ebn\u00ebsve n\u00eb Ulqin - Lajme nga Ulqini","og_description":"Sipas statistikave t\u00eb p\u00ebrgjithshme n\u00eb Mal t\u00eb Zi tregojn\u00eb se p\u00ebr \u00e7do vit n\u00eb k\u00ebt\u00eb shtet ka ulje t\u00eb numrit t\u00eb nx\u00ebn\u00ebsve q\u00eb regjistrohen n\u00eb klas\u00ebn e par\u00eb.","og_url":"https:\/\/www.visit-ulcinj.com\/blog\/2014\/04\/17\/ulet-ndjeshem-numri-nxenesve-ne-ulqin\/","og_site_name":"Lajme nga Ulqini","article_published_time":"2014-04-17T06:37:05+00:00","article_modified_time":"2014-04-17T06:40:32+00:00","og_image":[{"url":"http:\/\/www.visit-ulcinj.com\/blog\/wp-content\/uploads\/2014\/04\/shkolla.jpg"}],"twitter_misc":{"Written by":"ulqini","Est. reading time":"2 minutes"},"schema":{"@context":"https:\/\/schema.org","@graph":[{"@type":"WebSite","@id":"https:\/\/www.visit-ulcinj.com\/blog\/#website","url":"https:\/\/www.visit-ulcinj.com\/blog\/","name":"Lajme nga Ulqini","description":"Lajme,Vijesti,Ulqini,Ulqin,Crna Gora,Mali i Zi","potentialAction":[{"@type":"SearchAction","target":{"@type":"EntryPoint","urlTemplate":"https:\/\/www.visit-ulcinj.com\/blog\/?s={search_term_string}"},"query-input":"required name=search_term_string"}],"inLanguage":"en-US"},{"@type":"ImageObject","inLanguage":"en-US","@id":"https:\/\/www.visit-ulcinj.com\/blog\/2014\/04\/17\/ulet-ndjeshem-numri-nxenesve-ne-ulqin\/#primaryimage","url":"https:\/\/www.visit-ulcinj.com\/blog\/wp-content\/uploads\/2014\/04\/shkolla.jpg","contentUrl":"https:\/\/www.visit-ulcinj.com\/blog\/wp-content\/uploads\/2014\/04\/shkolla.jpg","width":600,"height":312},{"@type":"WebPage","@id":"https:\/\/www.visit-ulcinj.com\/blog\/2014\/04\/17\/ulet-ndjeshem-numri-nxenesve-ne-ulqin\/#webpage","url":"https:\/\/www.visit-ulcinj.com\/blog\/2014\/04\/17\/ulet-ndjeshem-numri-nxenesve-ne-ulqin\/","name":"Ulet ndjesh\u00ebm numri i nx\u00ebn\u00ebsve n\u00eb Ulqin - Lajme nga Ulqini","isPartOf":{"@id":"https:\/\/www.visit-ulcinj.com\/blog\/#website"},"primaryImageOfPage":{"@id":"https:\/\/www.visit-ulcinj.com\/blog\/2014\/04\/17\/ulet-ndjeshem-numri-nxenesve-ne-ulqin\/#primaryimage"},"datePublished":"2014-04-17T06:37:05+00:00","dateModified":"2014-04-17T06:40:32+00:00","author":{"@id":"https:\/\/www.visit-ulcinj.com\/blog\/#\/schema\/person\/dcab619c614d3038751c63bc2aadc06d"},"description":"Sipas statistikave t\u00eb p\u00ebrgjithshme n\u00eb Mal t\u00eb Zi tregojn\u00eb se p\u00ebr \u00e7do vit n\u00eb k\u00ebt\u00eb shtet ka ulje t\u00eb numrit t\u00eb nx\u00ebn\u00ebsve q\u00eb regjistrohen n\u00eb klas\u00ebn e par\u00eb.","breadcrumb":{"@id":"https:\/\/www.visit-ulcinj.com\/blog\/2014\/04\/17\/ulet-ndjeshem-numri-nxenesve-ne-ulqin\/#breadcrumb"},"inLanguage":"en-US","potentialAction":[{"@type":"ReadAction","target":["https:\/\/www.visit-ulcinj.com\/blog\/2014\/04\/17\/ulet-ndjeshem-numri-nxenesve-ne-ulqin\/"]}]},{"@type":"BreadcrumbList","@id":"https:\/\/www.visit-ulcinj.com\/blog\/2014\/04\/17\/ulet-ndjeshem-numri-nxenesve-ne-ulqin\/#breadcrumb","itemListElement":[{"@type":"ListItem","position":1,"name":"Ulet ndjesh\u00ebm numri i nx\u00ebn\u00ebsve n\u00eb Ulqin"}]},{"@type":"Person","@id":"https:\/\/www.visit-ulcinj.com\/blog\/#\/schema\/person\/dcab619c614d3038751c63bc2aadc06d","name":"ulqini","sameAs":["http:\/\/www.visit-ulcinj.com"],"url":"https:\/\/www.visit-ulcinj.com\/blog\/author\/admin\/"}]}},"jetpack_featured_media_url":"","jetpack_sharing_enabled":true,"jetpack_shortlink":"https:\/\/wp.me\/pe6lTn-ldZ","_links":{"self":[{"href":"https:\/\/www.visit-ulcinj.com\/blog\/wp-json\/wp\/v2\/posts\/81591"}],"collection":[{"href":"https:\/\/www.visit-ulcinj.com\/blog\/wp-json\/wp\/v2\/posts"}],"about":[{"href":"https:\/\/www.visit-ulcinj.com\/blog\/wp-json\/wp\/v2\/types\/post"}],"author":[{"embeddable":true,"href":"https:\/\/www.visit-ulcinj.com\/blog\/wp-json\/wp\/v2\/users\/1"}],"replies":[{"embeddable":true,"href":"https:\/\/www.visit-ulcinj.com\/blog\/wp-json\/wp\/v2\/comments?post=81591"}],"version-history":[{"count":2,"href":"https:\/\/www.visit-ulcinj.com\/blog\/wp-json\/wp\/v2\/posts\/81591\/revisions"}],"predecessor-version":[{"id":81594,"href":"https:\/\/www.visit-ulcinj.com\/blog\/wp-json\/wp\/v2\/posts\/81591\/revisions\/81594"}],"wp:attachment":[{"href":"https:\/\/www.visit-ulcinj.com\/blog\/wp-json\/wp\/v2\/media?parent=81591"}],"wp:term":[{"taxonomy":"category","embeddable":true,"href":"https:\/\/www.visit-ulcinj.com\/blog\/wp-json\/wp\/v2\/categories?post=81591"},{"taxonomy":"post_tag","embeddable":true,"href":"https:\/\/www.visit-ulcinj.com\/blog\/wp-json\/wp\/v2\/tags?post=81591"}],"curies":[{"name":"wp","href":"https:\/\/api.w.org\/{rel}","templated":true}]}}