{"id":81595,"date":"2014-04-17T08:04:07","date_gmt":"2014-04-17T07:04:07","guid":{"rendered":"http:\/\/www.visit-ulcinj.com\/blog\/?p=81595"},"modified":"2014-04-17T22:09:29","modified_gmt":"2014-04-17T21:09:29","slug":"kosovo-albanija-za-ukidanje-granice","status":"publish","type":"post","link":"https:\/\/www.visit-ulcinj.com\/blog\/2014\/04\/17\/kosovo-albanija-za-ukidanje-granice\/","title":{"rendered":"Kosovo i Albanija za ukidanje granice"},"content":{"rendered":"<p><a href=\"http:\/\/www.visit-ulcinj.com\/blog\/wp-content\/uploads\/2014\/04\/Themelohet-Dhoma-Komb\u00ebtare-e-Tregtise-Ulqini-an\u00ebtar\u00eb.jpg\"><img loading=\"lazy\" class=\"alignleft  wp-image-81574\" alt=\"Themelohet Dhoma Komb\u00ebtare e Tregtise - Ulqini an\u00ebtar\u00eb\" src=\"http:\/\/www.visit-ulcinj.com\/blog\/wp-content\/uploads\/2014\/04\/Themelohet-Dhoma-Komb\u00ebtare-e-Tregtise-Ulqini-an\u00ebtar\u00eb.jpg\" width=\"508\" height=\"360\" \/><\/a>U znak sje\u0107anja na 15 godina od najve\u0107eg egzodusa gotovo milion Albanaca sa Kosova usljed akcija srpske policije i Vojske Savezne Republike Jugoslavije, ju\u010de je u Pri\u0161tini organizovana zajedni\u010dka sjednica vlada Kosova i Albanije, na kojoj je predlo\u017eeno ukidanje granica izme\u0111u dvije dr\u017eave.<\/p>\n<p>Zamjenik kosovskog premijera Bed\u017eet Pacoli je pored ukidanja carina zatra\u017eio i ukidanje granica koje, po njegovim rije\u010dima, prave prepreku za kretanje ljudi i robe, pi\u0161u Dnevne novine.<br \/>\n<a href=\"http:\/\/www.visit-ulcinj.com\/blog\/wp-content\/uploads\/2014\/04\/nazif-cungu-edin-Rama.jpg\"><img loading=\"lazy\" class=\"alignleft  wp-image-81622\" alt=\"nazif-cungu-edin-Rama\" src=\"http:\/\/www.visit-ulcinj.com\/blog\/wp-content\/uploads\/2014\/04\/nazif-cungu-edin-Rama.jpg\" width=\"508\" height=\"360\" \/><\/a><\/p>\n<p>&#8220;Ne mo\u017ee biti granica izme\u0111u na\u0161e dvije zemlje, posebno u ekonomskoj saradnji, koja \u0107e dovesti do nacionalnog jedinstva na\u0161e dvije dr\u017eave. Ekonomska saradnja podi\u017ee na\u0161u svijest, pobolj\u0161ava na\u0161 standard a time se ide ka stvaranju nacionalne zajednice koja \u0107e se desiti&#8221;, poru\u010dio je Pacoli, a prenosi portal Malesija Jone.<\/p>\n<p>Osim toga, Pacoli je zatra\u017eio i da se preduzme inicijativa za uskla\u0111ivanje cijena, dodav\u0161i da su slobodne ekonomske zone u \u0110akovici i Prizrenu stvorene da slu\u017ee ne samo Kosovu, nego i sjevernoj Albaniji, a samim tim i lak\u0161oj trgovini dvije dr\u017eave.<br \/>\n<a href=\"http:\/\/www.visit-ulcinj.com\/blog\/wp-content\/uploads\/2014\/04\/fatmir-Gjeka.jpg\"><img loading=\"lazy\" class=\"alignleft  wp-image-81587\" alt=\"fatmir-Gjeka\" src=\"http:\/\/www.visit-ulcinj.com\/blog\/wp-content\/uploads\/2014\/04\/fatmir-Gjeka.jpg\" width=\"508\" height=\"360\" \/><\/a><br \/>\nNa ju\u010dera\u0161njem obilje\u017eavanju egzodusa Albanaca sa Kosova bili su i albanski politi\u010dari iz Crne Gore: predsjednik i potpredsjednik Force Nazif Cungu i Genci Nimanbegu, predsjednik op\u0161tine Ulcinj Fatmir \u0110eka, nekada\u0161nji poslanici u crnogorskoj Skup\u0161tini Nikola Camaj i Vaselj Sini\u0161taj. Na obilje\u017eavanju godi\u0161njice su bili i politi\u010dki predstavnici Albanaca iz Makedonije.<\/p>\n<p><a href=\"http:\/\/www.visit-ulcinj.com\/blog\/wp-content\/uploads\/2014\/04\/Themelohet-Dhoma-Komb\u00ebtare-e-Tregtise-Ulqini-an\u00ebtar\u00eb-1.jpg\"><img loading=\"lazy\" class=\"alignleft  wp-image-81584\" alt=\"Themelohet Dhoma Komb\u00ebtare e Tregtise - Ulqini an\u00ebtar\u00eb-1\" src=\"http:\/\/www.visit-ulcinj.com\/blog\/wp-content\/uploads\/2014\/04\/Themelohet-Dhoma-Komb\u00ebtare-e-Tregtise-Ulqini-an\u00ebtar\u00eb-1.jpg\" width=\"508\" height=\"600\" \/><\/a><\/p>\n<p>Tako\u0111e, ju\u010de su ministri prosvjete Kosova i Albanije Lindita Nikole i Ram Buja dogovorili ujedinjavanje \u0161kolskih nastavnih planova i programa, te dodali da nema razloga da \u0111aci iz Pri\u0161tine i Tirane u\u010de iz razli\u010ditih knjiga.<\/p>\n<p><strong>Izvor: RTCG<\/strong><\/p>\n","protected":false},"excerpt":{"rendered":"<p>U znak sje\u0107anja na 15 godina od najve\u0107eg egzodusa gotovo milion Albanaca sa Kosova usljed akcija srpske policije i Vojske Savezne Republike Jugoslavije, ju\u010de je u Pri\u0161tini organizovana zajedni\u010dka sjednica vlada Kosova i Albanije, na kojoj je predlo\u017eeno ukidanje granica izme\u0111u dvije dr\u017eave. Zamjenik kosovskog premijera Bed\u017eet Pacoli je pored ukidanja carina zatra\u017eio i ukidanje [&hellip;]<\/p>\n","protected":false},"author":1,"featured_media":0,"comment_status":"closed","ping_status":"closed","sticky":false,"template":"","format":"standard","meta":{"spay_email":"","jetpack_publicize_message":"","jetpack_is_tweetstorm":false,"jetpack_publicize_feature_enabled":true},"categories":[8337],"tags":[],"jetpack_publicize_connections":[],"yoast_head":"<!-- This site is optimized with the Yoast SEO plugin v19.1 - https:\/\/yoast.com\/wordpress\/plugins\/seo\/ -->\n<title>Kosovo i Albanija za ukidanje granice - Lajme nga Ulqini<\/title>\n<meta name=\"description\" content=\"U znak sje\u0107anja na 15 godina od najve\u0107eg egzodusa gotovo milion Albanaca sa Kosova usljed akcija srpske policije i Vojske Savezne Republike Jugoslavije,\" \/>\n<meta name=\"robots\" content=\"index, follow, max-snippet:-1, max-image-preview:large, max-video-preview:-1\" \/>\n<link rel=\"canonical\" href=\"https:\/\/www.visit-ulcinj.com\/blog\/2014\/04\/17\/kosovo-albanija-za-ukidanje-granice\/\" \/>\n<meta property=\"og:locale\" content=\"en_US\" \/>\n<meta property=\"og:type\" content=\"article\" \/>\n<meta property=\"og:title\" content=\"Kosovo i Albanija za ukidanje granice - Lajme nga Ulqini\" \/>\n<meta property=\"og:description\" content=\"U znak sje\u0107anja na 15 godina od najve\u0107eg egzodusa gotovo milion Albanaca sa Kosova usljed akcija srpske policije i Vojske Savezne Republike Jugoslavije,\" \/>\n<meta property=\"og:url\" content=\"https:\/\/www.visit-ulcinj.com\/blog\/2014\/04\/17\/kosovo-albanija-za-ukidanje-granice\/\" \/>\n<meta property=\"og:site_name\" content=\"Lajme nga Ulqini\" \/>\n<meta property=\"article:published_time\" content=\"2014-04-17T07:04:07+00:00\" \/>\n<meta property=\"article:modified_time\" content=\"2014-04-17T21:09:29+00:00\" \/>\n<meta property=\"og:image\" content=\"http:\/\/www.visit-ulcinj.com\/blog\/wp-content\/uploads\/2014\/04\/nazif-cungu-edin-Rama.jpg\" \/>\n<meta name=\"twitter:label1\" content=\"Written by\" \/>\n\t<meta name=\"twitter:data1\" content=\"ulqini\" \/>\n\t<meta name=\"twitter:label2\" content=\"Est. reading time\" \/>\n\t<meta name=\"twitter:data2\" content=\"1 minute\" \/>\n<script type=\"application\/ld+json\" class=\"yoast-schema-graph\">{\"@context\":\"https:\/\/schema.org\",\"@graph\":[{\"@type\":\"WebSite\",\"@id\":\"https:\/\/www.visit-ulcinj.com\/blog\/#website\",\"url\":\"https:\/\/www.visit-ulcinj.com\/blog\/\",\"name\":\"Lajme nga Ulqini\",\"description\":\"Lajme,Vijesti,Ulqini,Ulqin,Crna Gora,Mali i Zi\",\"potentialAction\":[{\"@type\":\"SearchAction\",\"target\":{\"@type\":\"EntryPoint\",\"urlTemplate\":\"https:\/\/www.visit-ulcinj.com\/blog\/?s={search_term_string}\"},\"query-input\":\"required name=search_term_string\"}],\"inLanguage\":\"en-US\"},{\"@type\":\"ImageObject\",\"inLanguage\":\"en-US\",\"@id\":\"https:\/\/www.visit-ulcinj.com\/blog\/2014\/04\/17\/kosovo-albanija-za-ukidanje-granice\/#primaryimage\",\"url\":\"https:\/\/www.visit-ulcinj.com\/blog\/wp-content\/uploads\/2014\/04\/nazif-cungu-edin-Rama.jpg\",\"contentUrl\":\"https:\/\/www.visit-ulcinj.com\/blog\/wp-content\/uploads\/2014\/04\/nazif-cungu-edin-Rama.jpg\",\"width\":960,\"height\":641},{\"@type\":\"WebPage\",\"@id\":\"https:\/\/www.visit-ulcinj.com\/blog\/2014\/04\/17\/kosovo-albanija-za-ukidanje-granice\/#webpage\",\"url\":\"https:\/\/www.visit-ulcinj.com\/blog\/2014\/04\/17\/kosovo-albanija-za-ukidanje-granice\/\",\"name\":\"Kosovo i Albanija za ukidanje granice - Lajme nga Ulqini\",\"isPartOf\":{\"@id\":\"https:\/\/www.visit-ulcinj.com\/blog\/#website\"},\"primaryImageOfPage\":{\"@id\":\"https:\/\/www.visit-ulcinj.com\/blog\/2014\/04\/17\/kosovo-albanija-za-ukidanje-granice\/#primaryimage\"},\"datePublished\":\"2014-04-17T07:04:07+00:00\",\"dateModified\":\"2014-04-17T21:09:29+00:00\",\"author\":{\"@id\":\"https:\/\/www.visit-ulcinj.com\/blog\/#\/schema\/person\/dcab619c614d3038751c63bc2aadc06d\"},\"description\":\"U znak sje\u0107anja na 15 godina od najve\u0107eg egzodusa gotovo milion Albanaca sa Kosova usljed akcija srpske policije i Vojske Savezne Republike Jugoslavije,\",\"breadcrumb\":{\"@id\":\"https:\/\/www.visit-ulcinj.com\/blog\/2014\/04\/17\/kosovo-albanija-za-ukidanje-granice\/#breadcrumb\"},\"inLanguage\":\"en-US\",\"potentialAction\":[{\"@type\":\"ReadAction\",\"target\":[\"https:\/\/www.visit-ulcinj.com\/blog\/2014\/04\/17\/kosovo-albanija-za-ukidanje-granice\/\"]}]},{\"@type\":\"BreadcrumbList\",\"@id\":\"https:\/\/www.visit-ulcinj.com\/blog\/2014\/04\/17\/kosovo-albanija-za-ukidanje-granice\/#breadcrumb\",\"itemListElement\":[{\"@type\":\"ListItem\",\"position\":1,\"name\":\"Kosovo i Albanija za ukidanje granice\"}]},{\"@type\":\"Person\",\"@id\":\"https:\/\/www.visit-ulcinj.com\/blog\/#\/schema\/person\/dcab619c614d3038751c63bc2aadc06d\",\"name\":\"ulqini\",\"sameAs\":[\"http:\/\/www.visit-ulcinj.com\"],\"url\":\"https:\/\/www.visit-ulcinj.com\/blog\/author\/admin\/\"}]}<\/script>\n<!-- \/ Yoast SEO plugin. -->","yoast_head_json":{"title":"Kosovo i Albanija za ukidanje granice - Lajme nga Ulqini","description":"U znak sje\u0107anja na 15 godina od najve\u0107eg egzodusa gotovo milion Albanaca sa Kosova usljed akcija srpske policije i Vojske Savezne Republike Jugoslavije,","robots":{"index":"index","follow":"follow","max-snippet":"max-snippet:-1","max-image-preview":"max-image-preview:large","max-video-preview":"max-video-preview:-1"},"canonical":"https:\/\/www.visit-ulcinj.com\/blog\/2014\/04\/17\/kosovo-albanija-za-ukidanje-granice\/","og_locale":"en_US","og_type":"article","og_title":"Kosovo i Albanija za ukidanje granice - Lajme nga Ulqini","og_description":"U znak sje\u0107anja na 15 godina od najve\u0107eg egzodusa gotovo milion Albanaca sa Kosova usljed akcija srpske policije i Vojske Savezne Republike Jugoslavije,","og_url":"https:\/\/www.visit-ulcinj.com\/blog\/2014\/04\/17\/kosovo-albanija-za-ukidanje-granice\/","og_site_name":"Lajme nga Ulqini","article_published_time":"2014-04-17T07:04:07+00:00","article_modified_time":"2014-04-17T21:09:29+00:00","og_image":[{"url":"http:\/\/www.visit-ulcinj.com\/blog\/wp-content\/uploads\/2014\/04\/nazif-cungu-edin-Rama.jpg"}],"twitter_misc":{"Written by":"ulqini","Est. reading time":"1 minute"},"schema":{"@context":"https:\/\/schema.org","@graph":[{"@type":"WebSite","@id":"https:\/\/www.visit-ulcinj.com\/blog\/#website","url":"https:\/\/www.visit-ulcinj.com\/blog\/","name":"Lajme nga Ulqini","description":"Lajme,Vijesti,Ulqini,Ulqin,Crna Gora,Mali i Zi","potentialAction":[{"@type":"SearchAction","target":{"@type":"EntryPoint","urlTemplate":"https:\/\/www.visit-ulcinj.com\/blog\/?s={search_term_string}"},"query-input":"required name=search_term_string"}],"inLanguage":"en-US"},{"@type":"ImageObject","inLanguage":"en-US","@id":"https:\/\/www.visit-ulcinj.com\/blog\/2014\/04\/17\/kosovo-albanija-za-ukidanje-granice\/#primaryimage","url":"https:\/\/www.visit-ulcinj.com\/blog\/wp-content\/uploads\/2014\/04\/nazif-cungu-edin-Rama.jpg","contentUrl":"https:\/\/www.visit-ulcinj.com\/blog\/wp-content\/uploads\/2014\/04\/nazif-cungu-edin-Rama.jpg","width":960,"height":641},{"@type":"WebPage","@id":"https:\/\/www.visit-ulcinj.com\/blog\/2014\/04\/17\/kosovo-albanija-za-ukidanje-granice\/#webpage","url":"https:\/\/www.visit-ulcinj.com\/blog\/2014\/04\/17\/kosovo-albanija-za-ukidanje-granice\/","name":"Kosovo i Albanija za ukidanje granice - Lajme nga Ulqini","isPartOf":{"@id":"https:\/\/www.visit-ulcinj.com\/blog\/#website"},"primaryImageOfPage":{"@id":"https:\/\/www.visit-ulcinj.com\/blog\/2014\/04\/17\/kosovo-albanija-za-ukidanje-granice\/#primaryimage"},"datePublished":"2014-04-17T07:04:07+00:00","dateModified":"2014-04-17T21:09:29+00:00","author":{"@id":"https:\/\/www.visit-ulcinj.com\/blog\/#\/schema\/person\/dcab619c614d3038751c63bc2aadc06d"},"description":"U znak sje\u0107anja na 15 godina od najve\u0107eg egzodusa gotovo milion Albanaca sa Kosova usljed akcija srpske policije i Vojske Savezne Republike Jugoslavije,","breadcrumb":{"@id":"https:\/\/www.visit-ulcinj.com\/blog\/2014\/04\/17\/kosovo-albanija-za-ukidanje-granice\/#breadcrumb"},"inLanguage":"en-US","potentialAction":[{"@type":"ReadAction","target":["https:\/\/www.visit-ulcinj.com\/blog\/2014\/04\/17\/kosovo-albanija-za-ukidanje-granice\/"]}]},{"@type":"BreadcrumbList","@id":"https:\/\/www.visit-ulcinj.com\/blog\/2014\/04\/17\/kosovo-albanija-za-ukidanje-granice\/#breadcrumb","itemListElement":[{"@type":"ListItem","position":1,"name":"Kosovo i Albanija za ukidanje granice"}]},{"@type":"Person","@id":"https:\/\/www.visit-ulcinj.com\/blog\/#\/schema\/person\/dcab619c614d3038751c63bc2aadc06d","name":"ulqini","sameAs":["http:\/\/www.visit-ulcinj.com"],"url":"https:\/\/www.visit-ulcinj.com\/blog\/author\/admin\/"}]}},"jetpack_featured_media_url":"","jetpack_sharing_enabled":true,"jetpack_shortlink":"https:\/\/wp.me\/pe6lTn-le3","_links":{"self":[{"href":"https:\/\/www.visit-ulcinj.com\/blog\/wp-json\/wp\/v2\/posts\/81595"}],"collection":[{"href":"https:\/\/www.visit-ulcinj.com\/blog\/wp-json\/wp\/v2\/posts"}],"about":[{"href":"https:\/\/www.visit-ulcinj.com\/blog\/wp-json\/wp\/v2\/types\/post"}],"author":[{"embeddable":true,"href":"https:\/\/www.visit-ulcinj.com\/blog\/wp-json\/wp\/v2\/users\/1"}],"replies":[{"embeddable":true,"href":"https:\/\/www.visit-ulcinj.com\/blog\/wp-json\/wp\/v2\/comments?post=81595"}],"version-history":[{"count":2,"href":"https:\/\/www.visit-ulcinj.com\/blog\/wp-json\/wp\/v2\/posts\/81595\/revisions"}],"predecessor-version":[{"id":81623,"href":"https:\/\/www.visit-ulcinj.com\/blog\/wp-json\/wp\/v2\/posts\/81595\/revisions\/81623"}],"wp:attachment":[{"href":"https:\/\/www.visit-ulcinj.com\/blog\/wp-json\/wp\/v2\/media?parent=81595"}],"wp:term":[{"taxonomy":"category","embeddable":true,"href":"https:\/\/www.visit-ulcinj.com\/blog\/wp-json\/wp\/v2\/categories?post=81595"},{"taxonomy":"post_tag","embeddable":true,"href":"https:\/\/www.visit-ulcinj.com\/blog\/wp-json\/wp\/v2\/tags?post=81595"}],"curies":[{"name":"wp","href":"https:\/\/api.w.org\/{rel}","templated":true}]}}