{"id":81597,"date":"2014-04-17T08:14:49","date_gmt":"2014-04-17T07:14:49","guid":{"rendered":"http:\/\/www.visit-ulcinj.com\/blog\/?p=81597"},"modified":"2014-04-17T08:47:46","modified_gmt":"2014-04-17T07:47:46","slug":"daily-meal-mcdonalds-zabranjeno-da-radi-u-crnoj-gori","status":"publish","type":"post","link":"https:\/\/www.visit-ulcinj.com\/blog\/2014\/04\/17\/daily-meal-mcdonalds-zabranjeno-da-radi-u-crnoj-gori\/","title":{"rendered":"Daily Meal: McDonald&#8217;s zabranjeno da radi u Crnoj Gori"},"content":{"rendered":"<p><strong><a href=\"http:\/\/www.visit-ulcinj.com\/blog\/wp-content\/uploads\/2014\/04\/McDonalds.gif\"><img loading=\"lazy\" class=\"alignleft  wp-image-81598\" alt=\"McDonald's\" src=\"http:\/\/www.visit-ulcinj.com\/blog\/wp-content\/uploads\/2014\/04\/McDonalds.gif\" width=\"508\" height=\"360\" \/><\/a>Vlada Crne Gore: Nismo odbili McDonald&#8217;s <\/strong><\/p>\n<div id=\"sc_content_okvirSREDINA_TOPTX4\">PODGORICA &#8211; Tvrdnje objavljene u ameri\u010dkom \u010dasopisu Daily Meal da je lancu brze hrane McDonald&#8217;s navodno zabranjeno da radi u Crnoj Gori apsolutno su nezasnovane, saop\u0161teno je iz Vladinog Biroa za odnose sa javno\u0161\u0107u.<\/div>\n<div id=\"sc_content_okvirSREDINA_TOPTXOS\">\n<div id=\"sc_content_okvirSREDINA_TOPTX5\">\u0160ef Vladinog Biroa, Sr\u0111an Kusovac, kazao je agenciji Mina-business da ni jednoj kompaniji, pa ni McDonald&#8217;s-u, nije \u201ezabranjeno&#8221; da radi u Crnoj Gori.&#8221;Naprotiv. Svim stranim investitorima je u na\u0161oj zemlji garantovan jednak zakonski tretman kao i doma\u0107im investitorima. Strani investitor mo\u017ee osnovati <a id=\"xClaimOglasId-180234-1\" target=\"_blank\"><\/a>novu kompaniju, investirati ili kupiti ve\u0107 postoje\u0107u kompaniju ili investirati u dio kompanije&#8221;, rekao je Kusovac.On je na pitanje da li je kompanija McDonald&#8217;s kontaktirala Vladu u vezi sa eventualnim otvaranjem restorana odgovorio da nije rije\u010d o djelatnosti iz resora Vlade.<\/p>\n<p>Sva preduze\u0107a, kako je podsjetio, moraju biti registrovana u Centralnom registru privrednih subjekata.<\/p>\n<p>&#8220;Proces osnivanja i registracije privrednih dru\u0161tava je u Crnoj Gori krajnje jednostavan i <a id=\"xClaimOglasId-180264-3\" target=\"_blank\"><\/a>lako razumljiv u \u0161to su se uvjerili brojni strani investitori. Proces registovanja preduze\u0107a mo\u017ee biti zavr\u0161en u toku \u010detiri radna dana, a ukoliko investitor ne primi potvrdu o registraciji, smatra se automatski registrovanim&#8221;, naveo je Kusovac.<\/p>\n<p>Ove \u010dinjenice, kako je dodao, uz jednostavan poreski sistem koji nudi niz povoljnosti i veoma konkuretne glavne poreske stope u odnosu na dr\u017eave regiona ukazuje i svakom laiku, odnosno i onima koji nijesu poznavaoci djelatnosti stranih ulaganja na neosnovanost tvrdnji iznijetih Daily Mealu.<\/p>\n<p>Prema rije\u010dima Kusovca, tvrdnja o navodnoj zabrani McDonald&#8217;s-a nije za\u010du\u0111uju\u0107a s obzirom na to da je jedina referenca teksta u Daily Mealu jedan tekst objavljen 2007. godine u kojem je ta tvrdnja iznijeta, a nije naveden ni jedan izvor, akt, dokument ili bilo \u0161to \u0161to bi makar moglo li\u010diti na argument, ali se dva puta pominju kao izvor glasine.<\/p>\n<p>&#8220;\u0160tavi\u0161e, u tom tekstu u &#8216;obrazlo\u017eenju&#8217; navodne &#8216;odluke&#8217; Crne Gore da &#8216;zabrani&#8217; McDonald&#8217;s na\u0161le su se nebuloze poput &#8216;Crna Gora je (ovim) rekla ne globalizaciji&#8217; \u2013 a Crna Gora se od kako je tvrdnja iznijeta na\u0161la na \u010delu dr\u017eava regije u evropskim integracijama i pred vratima NATO-a, i Crna Gora je ovakvom navodnom odlukom &#8216;tako\u0111e napravila politi\u010dki gest u vezi sa involvirano\u0161\u0107u Sjedinjenih Ameri\u010dkih Dr\u017eava&#8217; \u2013 a od objavljivanja teksta su i Crna Gora i SAD u vi\u0161e navrata istakle i u zvani\u010dnim kominikeima i u izjavama zvani\u010dnika partnerstvo kao osnov politi\u010dkih odnosa sa SAD&#8221;, naveo je Kusovac.<\/p>\n<p><strong>Autor\/izvor: SEEbiz<\/strong><\/p>\n<p><strong>Dejli Mil: Crna Gora me\u0111u deset zemalja koje su rekle \u201cne\u201d McDonald&#8217;s-u<\/strong><\/p>\n<p><strong>R<\/strong>estorani lanca brze hrane McDonald&#8217;s rasprostranjeni su \u0161irom svijeta, ali ipak nekoliko zemalja, me\u0111u kojima i Crna Gora, odlu\u010dilo je da se usprotivi popularnom brendu i ka\u017ee ne fast food gigantu, pi\u0161e ameri\u010dki \u010dasopis Dejli Mejl (The Daily Meal), specijalizovan za hranu i pi\u0107e .<\/p>\n<p>\u00bbMo\u017eete na\u0107i McDonald&#8217;s u nekim prili\u010dno zaba\u010denim mjestima, na primjer blizu zatvora Gvantanamo na Kubi, usred pustinje Negev u Izraelu, ispod Muzeja komunizma u Pragu, pa \u010dak i unutar starog prizemljenog aviona na Novom Zelandu. Ipak, McDonald&#8217;s nije svuda, postoji odre\u0111eni broj zemalja \u0161irom svijeta, uglavnom u Africi i srednjoj Aziji, gdje &#8216;zlatni lukovi&#8217; tek treba da otvore restoran\u00ab, navodi se u tekstu pod nazivom \u201cDeset zemalja koje su zabranile McDonald&#8217;s\u201d, prenosi Mina busenes.<\/p>\n<p>Neke zemlje su, kako je obja\u0161njeno, direktno zabranile ovoj kompaniji ulazak.<\/p>\n<p>Crna Gora, na primjer, kako se navodi, rekla je \u201cne\u201d McDonald&#8217;s-u i usprotivila se globalizaciji, odnosno velikim globalnim brendovima, ne dozvoljavaju\u0107i im da dominiraju tr\u017ei\u0161tem.<\/p>\n<p>Dejli mil, specijalizovani magazin za hranu i pi\u0107e, podsje\u0107a da je prije ne\u0161to vi\u0161e od deset godina McDonald&#8217;s bio prisutan u crnogorskom glavnom gradu Podgorici tokom ljeta, sa malim mobilnim restoranom.<\/p>\n<p>\u00bbBio je popularan i posao je dobro i\u0161ao, ali ga Vlada nije htjela. Crna Gora je dugo bila otporna na velike svjetske brendove koji idu na dominaciju na tr\u017ei\u0161tu, istiskuju\u0107i male biznise\u00ab, navodi se u tekstu.<\/p>\n<p>Vlada, kako se dodaje, brine i o zdravlju svojih stanovnika, staju\u0107i na stranu lokalnih restorana, a hrana iz McDonald&#8217;s-a je previ\u0161e nezdrava i ljudi su imali &#8220;ve\u0107e brige.&#8221;<\/p>\n<p>McDonald&#8217;s-a nema trenutno ni na Islandu koji \u017eeli da otvori svoju verziju lanca brze hrane koji \u0107e koristiti lokalne proizvode i podsta\u0107i doma\u0107u industriju. U 2009. islandska valuta, kruna, pretrpjela je kolaps i sva tri McDonald&#8217;s-ova restorana u glavnom gradu Rejkjaviku morala su da se zatvore. Iako ne postoje planovi za ponovno otvaranje, vladini zvani\u010dnici ih nijesu \u017eeljeli vratiti jer radije gledaju na mogu\u0107nost postavljanju lokalne varijacije lanca.<\/p>\n<p>Neke zemlje, poput Bolivije, zatvorile su sve McDonald&#8217;s-ove restorane jer fast food lanac jednostavno nije bio isplativ.<\/p>\n<p>\u00bbNije da Bolivijci ne vole hamburgere &#8211; \u010dini se da stanovni\u0161tvu jednostavno nije prodat koncept super-brze hrane\u00ab, pi\u0161e Dejli mil.<\/p>\n<p>Sjeverna Koreja nikada nije bio fan velikih brendova, posebno ako su iz Sjedinjenih Ameri\u010dkih Dr\u017eava. Ujedinjene nacije su 2006. uvele sankcije ovoj zemlji zbog nuklearne politike, kao i lo\u0161e politike ljudskih prava. Dakle McDonald&#8217;s je zabranjen i ne mo\u017ee napraviti posao tamo.<\/p>\n<p>\u00bbTo nije zaustavilo aktuelnog lidera Kim Jong-una i ostale \u010dlanove re\u017eima, koji uz pomo\u0107 dr\u017eavnih aviona tajno dostavljaju McDonald&#8217;s-ove hamburgere u svoje domove\u00ab, tvrdi Dejli mil.<\/p>\n<p>McDonald&#8217;s-ovih restorana ima dovoljno u Ujedinjenim Arapskim Emiratima, ali ne i u Jemenu, dijelom zbog slabe ekonomije, a dijelom i zbog povremene prijetnje vjerskih militanata da \u0107e ciljati ameri\u010dke objekte na tom podru\u010dju.<\/p>\n<p>Na Bermudskim ostrvima 1999. godine McDonald&#8217;s je poku\u0161ao da izgradi &amp;&#8217;8203;&amp;&#8217;8203;prvi restoran, ali lokalno stanovni\u0161tvo ga je odbilo tako da je donesen zakon o zabrani svih fran\u0161iznih restorana u zemlji.<\/p>\n<p>Kazahstan je najve\u0107a zemlja koja je McDonald&#8217;s-u rekla ne, iako to mo\u017ee uskoro da se promijeni &#8211; lokalni mediji su objavili da je glavni trgova\u010dki centar potvrdio da \u0107e se prehrambeni div uskoro doseliti.<\/p>\n<p>U Makedoniji je McDonald&#8217;s poslovao 16 godina. Onda su \u010delnici fast food kompanije sa evropskim sjedi\u0161tem i makedonskog preduze\u0107a koje je imalo fran\u0161izu \u00bbukrstili ma\u010deve\u00ab i ugovor je bio raskinut, \u0161to je zatvorilo svih sedam restorana McDonald&#8217;s-a u zemlji, najvi\u0161e u glavnom gradu Skoplju.<\/p>\n<p>Kao i u mnogim afri\u010dkim zemljama, ekonomija Gane ne mo\u017ee biti dovoljno jaka da podr\u017ei otvaranje McDonald&#8217;s-a. Ve\u0107ina njenih gra\u0111ana nema dovoljno redovne prihode da budu kupci. Pored ovog, razlog je \u010dini se i to \u0161to Gana ne \u017eeli McDonald&#8217;s tamo. Gana je tako\u0111er poznat kao &#8220;afri\u010dka \u0160vajcarska&#8221; sa ekonomijom koja obuhvata rudarstvo, naftu, pa McDonald&#8217;s ne bi mogu doprinijeti ekonomskom razvoju. Kako ekonomija zemlje stalno raste, pojavljuju se glasine da prehrambeni div poku\u0161ava da u glavnom gradu otvori restoran, gdje su se ostale prehrambene kompanije poput KFC-a odr\u017eala tokom godina.<\/p>\n<p>Prije vi\u0161e od deset godina McDonald&#8217;s je poku\u0161ao da dobije fran\u0161izu u Zimbabveu, ali je politi\u010dka oluja dovelo do potpunog kolapsa ekonomije, a me\u0111unarodne sankcije natjerale su mnoge velike svjetske brendove, uklju\u010duju\u0107i McDonald&#8217;s, da odstupe. Zatim, 2010. godine su pregovori o otvaranju prvog restorana brze hrane nastavljeni, iako jo\u0161 nije vrijeme za to.<\/p>\n<p>\u00bbTu su i zemlje koje su, nakon \u0161to su pru\u017eale otpor McDonald&#8217;s-u kona\u010dno popustile i pustile ga. Prije dva mjeseca, Vijetnam je otvorio &amp;&#8217;8203;&amp;&#8217;8203;prvi McDonald&#8217;s restoran u glavnom gradu koji slijedi dugi niz svjetskih brandova kao \u0161to su Starbucks, Subway, Burger King i Domino pizza\u00ab, pi\u0161e Dejli mil.<\/p>\n<p><strong>Izvor: Analitika &#8211; Informativni Portal<\/strong><\/p>\n<\/div>\n<\/div>\n","protected":false},"excerpt":{"rendered":"<p>Vlada Crne Gore: Nismo odbili McDonald&#8217;s PODGORICA &#8211; Tvrdnje objavljene u ameri\u010dkom \u010dasopisu Daily Meal da je lancu brze hrane McDonald&#8217;s navodno zabranjeno da radi u Crnoj Gori apsolutno su nezasnovane, saop\u0161teno je iz Vladinog Biroa za odnose sa javno\u0161\u0107u. \u0160ef Vladinog Biroa, Sr\u0111an Kusovac, kazao je agenciji Mina-business da ni jednoj kompaniji, pa ni [&hellip;]<\/p>\n","protected":false},"author":1,"featured_media":0,"comment_status":"closed","ping_status":"closed","sticky":false,"template":"","format":"standard","meta":{"spay_email":"","jetpack_publicize_message":"","jetpack_is_tweetstorm":false,"jetpack_publicize_feature_enabled":true},"categories":[6950],"tags":[],"jetpack_publicize_connections":[],"yoast_head":"<!-- This site is optimized with the Yoast SEO plugin v19.1 - https:\/\/yoast.com\/wordpress\/plugins\/seo\/ -->\n<title>Daily Meal: McDonald&#039;s zabranjeno da radi u Crnoj Gori - Lajme nga Ulqini<\/title>\n<meta name=\"description\" content=\"Vlada Crne Gore: Nismo odbili McDonald&#039;s PODGORICA - Tvrdnje objavljene u ameri\u010dkom \u010dasopisu Daily Meal da je lancu brze hrane McDonald&#039;s navodno\" \/>\n<meta name=\"robots\" content=\"index, follow, max-snippet:-1, max-image-preview:large, max-video-preview:-1\" \/>\n<link rel=\"canonical\" href=\"https:\/\/www.visit-ulcinj.com\/blog\/2014\/04\/17\/daily-meal-mcdonalds-zabranjeno-da-radi-u-crnoj-gori\/\" \/>\n<meta property=\"og:locale\" content=\"en_US\" \/>\n<meta property=\"og:type\" content=\"article\" \/>\n<meta property=\"og:title\" content=\"Daily Meal: McDonald&#039;s zabranjeno da radi u Crnoj Gori - Lajme nga Ulqini\" \/>\n<meta property=\"og:description\" content=\"Vlada Crne Gore: Nismo odbili McDonald&#039;s PODGORICA - Tvrdnje objavljene u ameri\u010dkom \u010dasopisu Daily Meal da je lancu brze hrane McDonald&#039;s navodno\" \/>\n<meta property=\"og:url\" content=\"https:\/\/www.visit-ulcinj.com\/blog\/2014\/04\/17\/daily-meal-mcdonalds-zabranjeno-da-radi-u-crnoj-gori\/\" \/>\n<meta property=\"og:site_name\" content=\"Lajme nga Ulqini\" \/>\n<meta property=\"article:published_time\" content=\"2014-04-17T07:14:49+00:00\" \/>\n<meta property=\"article:modified_time\" content=\"2014-04-17T07:47:46+00:00\" \/>\n<meta property=\"og:image\" content=\"http:\/\/www.visit-ulcinj.com\/blog\/wp-content\/uploads\/2014\/04\/McDonalds.gif\" \/>\n<meta name=\"twitter:label1\" content=\"Written by\" \/>\n\t<meta name=\"twitter:data1\" content=\"ulqini\" \/>\n\t<meta name=\"twitter:label2\" content=\"Est. reading time\" \/>\n\t<meta name=\"twitter:data2\" content=\"6 minutes\" \/>\n<script type=\"application\/ld+json\" class=\"yoast-schema-graph\">{\"@context\":\"https:\/\/schema.org\",\"@graph\":[{\"@type\":\"WebSite\",\"@id\":\"https:\/\/www.visit-ulcinj.com\/blog\/#website\",\"url\":\"https:\/\/www.visit-ulcinj.com\/blog\/\",\"name\":\"Lajme nga Ulqini\",\"description\":\"Lajme,Vijesti,Ulqini,Ulqin,Crna Gora,Mali i Zi\",\"potentialAction\":[{\"@type\":\"SearchAction\",\"target\":{\"@type\":\"EntryPoint\",\"urlTemplate\":\"https:\/\/www.visit-ulcinj.com\/blog\/?s={search_term_string}\"},\"query-input\":\"required name=search_term_string\"}],\"inLanguage\":\"en-US\"},{\"@type\":\"ImageObject\",\"inLanguage\":\"en-US\",\"@id\":\"https:\/\/www.visit-ulcinj.com\/blog\/2014\/04\/17\/daily-meal-mcdonalds-zabranjeno-da-radi-u-crnoj-gori\/#primaryimage\",\"url\":\"http:\/\/www.visit-ulcinj.com\/blog\/wp-content\/uploads\/2014\/04\/McDonalds.gif\",\"contentUrl\":\"http:\/\/www.visit-ulcinj.com\/blog\/wp-content\/uploads\/2014\/04\/McDonalds.gif\"},{\"@type\":\"WebPage\",\"@id\":\"https:\/\/www.visit-ulcinj.com\/blog\/2014\/04\/17\/daily-meal-mcdonalds-zabranjeno-da-radi-u-crnoj-gori\/#webpage\",\"url\":\"https:\/\/www.visit-ulcinj.com\/blog\/2014\/04\/17\/daily-meal-mcdonalds-zabranjeno-da-radi-u-crnoj-gori\/\",\"name\":\"Daily Meal: McDonald's zabranjeno da radi u Crnoj Gori - Lajme nga Ulqini\",\"isPartOf\":{\"@id\":\"https:\/\/www.visit-ulcinj.com\/blog\/#website\"},\"primaryImageOfPage\":{\"@id\":\"https:\/\/www.visit-ulcinj.com\/blog\/2014\/04\/17\/daily-meal-mcdonalds-zabranjeno-da-radi-u-crnoj-gori\/#primaryimage\"},\"datePublished\":\"2014-04-17T07:14:49+00:00\",\"dateModified\":\"2014-04-17T07:47:46+00:00\",\"author\":{\"@id\":\"https:\/\/www.visit-ulcinj.com\/blog\/#\/schema\/person\/dcab619c614d3038751c63bc2aadc06d\"},\"description\":\"Vlada Crne Gore: Nismo odbili McDonald's PODGORICA - Tvrdnje objavljene u ameri\u010dkom \u010dasopisu Daily Meal da je lancu brze hrane McDonald's navodno\",\"breadcrumb\":{\"@id\":\"https:\/\/www.visit-ulcinj.com\/blog\/2014\/04\/17\/daily-meal-mcdonalds-zabranjeno-da-radi-u-crnoj-gori\/#breadcrumb\"},\"inLanguage\":\"en-US\",\"potentialAction\":[{\"@type\":\"ReadAction\",\"target\":[\"https:\/\/www.visit-ulcinj.com\/blog\/2014\/04\/17\/daily-meal-mcdonalds-zabranjeno-da-radi-u-crnoj-gori\/\"]}]},{\"@type\":\"BreadcrumbList\",\"@id\":\"https:\/\/www.visit-ulcinj.com\/blog\/2014\/04\/17\/daily-meal-mcdonalds-zabranjeno-da-radi-u-crnoj-gori\/#breadcrumb\",\"itemListElement\":[{\"@type\":\"ListItem\",\"position\":1,\"name\":\"Daily Meal: McDonald&#8217;s zabranjeno da radi u Crnoj Gori\"}]},{\"@type\":\"Person\",\"@id\":\"https:\/\/www.visit-ulcinj.com\/blog\/#\/schema\/person\/dcab619c614d3038751c63bc2aadc06d\",\"name\":\"ulqini\",\"sameAs\":[\"http:\/\/www.visit-ulcinj.com\"],\"url\":\"https:\/\/www.visit-ulcinj.com\/blog\/author\/admin\/\"}]}<\/script>\n<!-- \/ Yoast SEO plugin. -->","yoast_head_json":{"title":"Daily Meal: McDonald's zabranjeno da radi u Crnoj Gori - Lajme nga Ulqini","description":"Vlada Crne Gore: Nismo odbili McDonald's PODGORICA - Tvrdnje objavljene u ameri\u010dkom \u010dasopisu Daily Meal da je lancu brze hrane McDonald's navodno","robots":{"index":"index","follow":"follow","max-snippet":"max-snippet:-1","max-image-preview":"max-image-preview:large","max-video-preview":"max-video-preview:-1"},"canonical":"https:\/\/www.visit-ulcinj.com\/blog\/2014\/04\/17\/daily-meal-mcdonalds-zabranjeno-da-radi-u-crnoj-gori\/","og_locale":"en_US","og_type":"article","og_title":"Daily Meal: McDonald's zabranjeno da radi u Crnoj Gori - Lajme nga Ulqini","og_description":"Vlada Crne Gore: Nismo odbili McDonald's PODGORICA - Tvrdnje objavljene u ameri\u010dkom \u010dasopisu Daily Meal da je lancu brze hrane McDonald's navodno","og_url":"https:\/\/www.visit-ulcinj.com\/blog\/2014\/04\/17\/daily-meal-mcdonalds-zabranjeno-da-radi-u-crnoj-gori\/","og_site_name":"Lajme nga Ulqini","article_published_time":"2014-04-17T07:14:49+00:00","article_modified_time":"2014-04-17T07:47:46+00:00","og_image":[{"url":"http:\/\/www.visit-ulcinj.com\/blog\/wp-content\/uploads\/2014\/04\/McDonalds.gif"}],"twitter_misc":{"Written by":"ulqini","Est. reading time":"6 minutes"},"schema":{"@context":"https:\/\/schema.org","@graph":[{"@type":"WebSite","@id":"https:\/\/www.visit-ulcinj.com\/blog\/#website","url":"https:\/\/www.visit-ulcinj.com\/blog\/","name":"Lajme nga Ulqini","description":"Lajme,Vijesti,Ulqini,Ulqin,Crna Gora,Mali i Zi","potentialAction":[{"@type":"SearchAction","target":{"@type":"EntryPoint","urlTemplate":"https:\/\/www.visit-ulcinj.com\/blog\/?s={search_term_string}"},"query-input":"required name=search_term_string"}],"inLanguage":"en-US"},{"@type":"ImageObject","inLanguage":"en-US","@id":"https:\/\/www.visit-ulcinj.com\/blog\/2014\/04\/17\/daily-meal-mcdonalds-zabranjeno-da-radi-u-crnoj-gori\/#primaryimage","url":"http:\/\/www.visit-ulcinj.com\/blog\/wp-content\/uploads\/2014\/04\/McDonalds.gif","contentUrl":"http:\/\/www.visit-ulcinj.com\/blog\/wp-content\/uploads\/2014\/04\/McDonalds.gif"},{"@type":"WebPage","@id":"https:\/\/www.visit-ulcinj.com\/blog\/2014\/04\/17\/daily-meal-mcdonalds-zabranjeno-da-radi-u-crnoj-gori\/#webpage","url":"https:\/\/www.visit-ulcinj.com\/blog\/2014\/04\/17\/daily-meal-mcdonalds-zabranjeno-da-radi-u-crnoj-gori\/","name":"Daily Meal: McDonald's zabranjeno da radi u Crnoj Gori - Lajme nga Ulqini","isPartOf":{"@id":"https:\/\/www.visit-ulcinj.com\/blog\/#website"},"primaryImageOfPage":{"@id":"https:\/\/www.visit-ulcinj.com\/blog\/2014\/04\/17\/daily-meal-mcdonalds-zabranjeno-da-radi-u-crnoj-gori\/#primaryimage"},"datePublished":"2014-04-17T07:14:49+00:00","dateModified":"2014-04-17T07:47:46+00:00","author":{"@id":"https:\/\/www.visit-ulcinj.com\/blog\/#\/schema\/person\/dcab619c614d3038751c63bc2aadc06d"},"description":"Vlada Crne Gore: Nismo odbili McDonald's PODGORICA - Tvrdnje objavljene u ameri\u010dkom \u010dasopisu Daily Meal da je lancu brze hrane McDonald's navodno","breadcrumb":{"@id":"https:\/\/www.visit-ulcinj.com\/blog\/2014\/04\/17\/daily-meal-mcdonalds-zabranjeno-da-radi-u-crnoj-gori\/#breadcrumb"},"inLanguage":"en-US","potentialAction":[{"@type":"ReadAction","target":["https:\/\/www.visit-ulcinj.com\/blog\/2014\/04\/17\/daily-meal-mcdonalds-zabranjeno-da-radi-u-crnoj-gori\/"]}]},{"@type":"BreadcrumbList","@id":"https:\/\/www.visit-ulcinj.com\/blog\/2014\/04\/17\/daily-meal-mcdonalds-zabranjeno-da-radi-u-crnoj-gori\/#breadcrumb","itemListElement":[{"@type":"ListItem","position":1,"name":"Daily Meal: McDonald&#8217;s zabranjeno da radi u Crnoj Gori"}]},{"@type":"Person","@id":"https:\/\/www.visit-ulcinj.com\/blog\/#\/schema\/person\/dcab619c614d3038751c63bc2aadc06d","name":"ulqini","sameAs":["http:\/\/www.visit-ulcinj.com"],"url":"https:\/\/www.visit-ulcinj.com\/blog\/author\/admin\/"}]}},"jetpack_featured_media_url":"","jetpack_sharing_enabled":true,"jetpack_shortlink":"https:\/\/wp.me\/pe6lTn-le5","_links":{"self":[{"href":"https:\/\/www.visit-ulcinj.com\/blog\/wp-json\/wp\/v2\/posts\/81597"}],"collection":[{"href":"https:\/\/www.visit-ulcinj.com\/blog\/wp-json\/wp\/v2\/posts"}],"about":[{"href":"https:\/\/www.visit-ulcinj.com\/blog\/wp-json\/wp\/v2\/types\/post"}],"author":[{"embeddable":true,"href":"https:\/\/www.visit-ulcinj.com\/blog\/wp-json\/wp\/v2\/users\/1"}],"replies":[{"embeddable":true,"href":"https:\/\/www.visit-ulcinj.com\/blog\/wp-json\/wp\/v2\/comments?post=81597"}],"version-history":[{"count":3,"href":"https:\/\/www.visit-ulcinj.com\/blog\/wp-json\/wp\/v2\/posts\/81597\/revisions"}],"predecessor-version":[{"id":81609,"href":"https:\/\/www.visit-ulcinj.com\/blog\/wp-json\/wp\/v2\/posts\/81597\/revisions\/81609"}],"wp:attachment":[{"href":"https:\/\/www.visit-ulcinj.com\/blog\/wp-json\/wp\/v2\/media?parent=81597"}],"wp:term":[{"taxonomy":"category","embeddable":true,"href":"https:\/\/www.visit-ulcinj.com\/blog\/wp-json\/wp\/v2\/categories?post=81597"},{"taxonomy":"post_tag","embeddable":true,"href":"https:\/\/www.visit-ulcinj.com\/blog\/wp-json\/wp\/v2\/tags?post=81597"}],"curies":[{"name":"wp","href":"https:\/\/api.w.org\/{rel}","templated":true}]}}