{"id":81619,"date":"2014-04-17T14:38:34","date_gmt":"2014-04-17T13:38:34","guid":{"rendered":"http:\/\/www.visit-ulcinj.com\/blog\/?p=81619"},"modified":"2014-04-18T19:00:38","modified_gmt":"2014-04-18T18:00:38","slug":"knsh-uron-te-gjithe-besimtaret-katolike-gezuar-pashket","status":"publish","type":"post","link":"https:\/\/www.visit-ulcinj.com\/blog\/2014\/04\/17\/knsh-uron-te-gjithe-besimtaret-katolike-gezuar-pashket\/","title":{"rendered":"KNSH uron t\u00eb gjith\u00eb besimtar\u00ebt katolik\u00eb G\u00ebzuar Pashk\u00ebt"},"content":{"rendered":"<p style=\"text-align: left;\"><a href=\"http:\/\/www.visit-ulcinj.com\/blog\/wp-content\/uploads\/2011\/03\/KNSH_MZ_logo.jpg\"><img loading=\"lazy\" class=\"alignleft  wp-image-45189\" title=\"KNSH_MZ_logo\" alt=\"\" src=\"http:\/\/www.visit-ulcinj.com\/blog\/wp-content\/uploads\/2011\/03\/KNSH_MZ_logo.jpg\" width=\"318\" height=\"142\" srcset=\"https:\/\/www.visit-ulcinj.com\/blog\/wp-content\/uploads\/2011\/03\/KNSH_MZ_logo.jpg 318w, https:\/\/www.visit-ulcinj.com\/blog\/wp-content\/uploads\/2011\/03\/KNSH_MZ_logo-300x133.jpg 300w\" sizes=\"(max-width: 318px) 100vw, 318px\" \/><\/a><br \/>\n<strong>K\u00cbSHILLI KOMB\u00cbTAR I SHQIPTAR\u00cbVE N\u00cb MALIN E ZI<\/strong><\/p>\n<p><strong>NACIONALNI SAVJET ALBANACA U CRNOJ GORI<\/strong><\/p>\n<p><strong>ALBANIAN\u00a0 NATIONAL COUNCIL IN MONTENEGRO<\/strong><\/p>\n<p>Br. 39\/ 14<\/p>\n<p>Ulcinj, 17.04.2014<\/p>\n<p>&nbsp;<\/p>\n<p><a href=\"http:\/\/www.visit-ulcinj.com\/blog\/wp-content\/uploads\/2013\/03\/Gezuar-Pashk\u00ebt-KNSH-ja.jpg\"><img loading=\"lazy\" class=\"alignleft size-full wp-image-70202\" alt=\"Gezuar-Pashk\u00ebt-KNSH-ja\" src=\"http:\/\/www.visit-ulcinj.com\/blog\/wp-content\/uploads\/2013\/03\/Gezuar-Pashk\u00ebt-KNSH-ja.jpg\" width=\"372\" height=\"479\" srcset=\"https:\/\/www.visit-ulcinj.com\/blog\/wp-content\/uploads\/2013\/03\/Gezuar-Pashk\u00ebt-KNSH-ja.jpg 372w, https:\/\/www.visit-ulcinj.com\/blog\/wp-content\/uploads\/2013\/03\/Gezuar-Pashk\u00ebt-KNSH-ja-232x300.jpg 232w\" sizes=\"(max-width: 372px) 100vw, 372px\" \/><\/a>Kryetari i K\u00ebshillit Komb\u00ebtar t\u00eb Shqiptar\u00ebve n\u00eb Malin e Zi, Zt. Genci Nimanbegu uron besimtar\u00ebt katolik\u00eb p\u00ebr fest\u00ebn e Pashk\u00ebve<\/p>\n<p><strong>\u00a0<\/strong><\/p>\n<p><strong>I nderuari Arqipeshkvi i Tivarit, Imzot Zef Gashi,<\/strong><\/p>\n<p><strong>I nderuar Ipeshkvi i Kotorrit Imzot Ilija Janjiq ,<\/strong><\/p>\n<p><strong>te nderuar klerik\u00eb dhe besimtar\u00eb t\u00eb konfesionit katolik,<\/strong><\/p>\n<p>&nbsp;<\/p>\n<p>I nderuar popull shqiptar,\u00a0 d\u00ebshiroj dhe uroj q\u00eb festa e Pashk\u00ebve t\u00eb jet\u00eb fest\u00eb p\u00ebr t\u00eb gjith\u00eb ne, t\u00eb d\u00ebrgojm\u00eb mesazhe urimi, t\u00eb b\u00ebjm\u00eb vizita t\u00eb nd\u00ebrsjellta, t\u00eb respektojm\u00eb nj\u00ebri tjetrin, ashtu si\u00e7 e don \u00a0tradita shqiptare.<\/p>\n<p>Harmonia dhe toleranca nd\u00ebrfetare te shqiptar\u00ebt \u00ebsht\u00eb vler\u00eb e pa\u00e7muar e popullit ton\u00eb,\u00a0 \u00ebsht\u00eb ambasadore e kultur\u00ebs dhe virtytit ton\u00eb n\u00eb bot\u00eb, t\u00eb cil\u00ebn popuj dhe kombe t\u00eb ndryshme e shohin me k\u00ebrsh\u00ebri dhe d\u00ebshirojn\u00eb ta m\u00ebsojn\u00eb nga ne. Ne q\u00eb e kemi\u00a0 duhet ta trashigojm\u00eb n\u00eb brezat q\u00eb vijn\u00eb.<\/p>\n<p>Le t\u00eb sh\u00ebrbej kjo fest\u00eb si shenj\u00eb mirkuptimi, tolerance e unifikimi nd\u00ebrmjet shqiptar\u00ebve t\u00eb t\u00eb gjitha besimeve,<\/p>\n<p>&nbsp;<\/p>\n<p>N\u00eb emrin tim personal dhe t\u00eb Institucionit q\u00eb drejtoj, ju uroj G\u00ebzuar Pashk\u00ebt !<\/p>\n<p>Me respekt,<\/p>\n<p>&nbsp;<\/p>\n<p align=\"right\">Kryetari,<\/p>\n<p align=\"right\">Genci Nimanbegu<\/p>\n<p>&nbsp;<\/p>\n","protected":false},"excerpt":{"rendered":"<p>K\u00cbSHILLI KOMB\u00cbTAR I SHQIPTAR\u00cbVE N\u00cb MALIN E ZI NACIONALNI SAVJET ALBANACA U CRNOJ GORI ALBANIAN\u00a0 NATIONAL COUNCIL IN MONTENEGRO Br. 39\/ 14 Ulcinj, 17.04.2014 &nbsp; Kryetari i K\u00ebshillit Komb\u00ebtar t\u00eb Shqiptar\u00ebve n\u00eb Malin e Zi, Zt. Genci Nimanbegu uron besimtar\u00ebt katolik\u00eb p\u00ebr fest\u00ebn e Pashk\u00ebve \u00a0 I nderuari Arqipeshkvi i Tivarit, Imzot Zef Gashi, I [&hellip;]<\/p>\n","protected":false},"author":1,"featured_media":0,"comment_status":"closed","ping_status":"closed","sticky":false,"template":"","format":"standard","meta":{"spay_email":"","jetpack_publicize_message":"","jetpack_is_tweetstorm":false,"jetpack_publicize_feature_enabled":true},"categories":[6950],"tags":[],"jetpack_publicize_connections":[],"yoast_head":"<!-- This site is optimized with the Yoast SEO plugin v19.1 - https:\/\/yoast.com\/wordpress\/plugins\/seo\/ -->\n<title>KNSH uron t\u00eb gjith\u00eb besimtar\u00ebt katolik\u00eb G\u00ebzuar Pashk\u00ebt - Lajme nga Ulqini<\/title>\n<meta name=\"description\" content=\"K\u00cbSHILLI KOMB\u00cbTAR I SHQIPTAR\u00cbVE N\u00cb MALIN E ZI NACIONALNI SAVJET ALBANACA U CRNOJ GORI ALBANIAN\u00a0 NATIONAL COUNCIL IN MONTENEGRO Br. 39\/ 14 Ulcinj,\" \/>\n<meta name=\"robots\" content=\"index, follow, max-snippet:-1, max-image-preview:large, max-video-preview:-1\" \/>\n<link rel=\"canonical\" href=\"https:\/\/www.visit-ulcinj.com\/blog\/2014\/04\/17\/knsh-uron-te-gjithe-besimtaret-katolike-gezuar-pashket\/\" \/>\n<meta property=\"og:locale\" content=\"en_US\" \/>\n<meta property=\"og:type\" content=\"article\" \/>\n<meta property=\"og:title\" content=\"KNSH uron t\u00eb gjith\u00eb besimtar\u00ebt katolik\u00eb G\u00ebzuar Pashk\u00ebt - Lajme nga Ulqini\" \/>\n<meta property=\"og:description\" content=\"K\u00cbSHILLI KOMB\u00cbTAR I SHQIPTAR\u00cbVE N\u00cb MALIN E ZI NACIONALNI SAVJET ALBANACA U CRNOJ GORI ALBANIAN\u00a0 NATIONAL COUNCIL IN MONTENEGRO Br. 39\/ 14 Ulcinj,\" \/>\n<meta property=\"og:url\" content=\"https:\/\/www.visit-ulcinj.com\/blog\/2014\/04\/17\/knsh-uron-te-gjithe-besimtaret-katolike-gezuar-pashket\/\" \/>\n<meta property=\"og:site_name\" content=\"Lajme nga Ulqini\" \/>\n<meta property=\"article:published_time\" content=\"2014-04-17T13:38:34+00:00\" \/>\n<meta property=\"article:modified_time\" content=\"2014-04-18T18:00:38+00:00\" \/>\n<meta property=\"og:image\" content=\"http:\/\/www.visit-ulcinj.com\/blog\/wp-content\/uploads\/2011\/03\/KNSH_MZ_logo.jpg\" \/>\n<meta name=\"twitter:label1\" content=\"Written by\" \/>\n\t<meta name=\"twitter:data1\" content=\"ulqini\" \/>\n\t<meta name=\"twitter:label2\" content=\"Est. reading time\" \/>\n\t<meta name=\"twitter:data2\" content=\"1 minute\" \/>\n<script type=\"application\/ld+json\" class=\"yoast-schema-graph\">{\"@context\":\"https:\/\/schema.org\",\"@graph\":[{\"@type\":\"WebSite\",\"@id\":\"https:\/\/www.visit-ulcinj.com\/blog\/#website\",\"url\":\"https:\/\/www.visit-ulcinj.com\/blog\/\",\"name\":\"Lajme nga Ulqini\",\"description\":\"Lajme,Vijesti,Ulqini,Ulqin,Crna Gora,Mali i Zi\",\"potentialAction\":[{\"@type\":\"SearchAction\",\"target\":{\"@type\":\"EntryPoint\",\"urlTemplate\":\"https:\/\/www.visit-ulcinj.com\/blog\/?s={search_term_string}\"},\"query-input\":\"required name=search_term_string\"}],\"inLanguage\":\"en-US\"},{\"@type\":\"ImageObject\",\"inLanguage\":\"en-US\",\"@id\":\"https:\/\/www.visit-ulcinj.com\/blog\/2014\/04\/17\/knsh-uron-te-gjithe-besimtaret-katolike-gezuar-pashket\/#primaryimage\",\"url\":\"https:\/\/www.visit-ulcinj.com\/blog\/wp-content\/uploads\/2011\/03\/KNSH_MZ_logo.jpg\",\"contentUrl\":\"https:\/\/www.visit-ulcinj.com\/blog\/wp-content\/uploads\/2011\/03\/KNSH_MZ_logo.jpg\",\"width\":\"318\",\"height\":\"142\"},{\"@type\":\"WebPage\",\"@id\":\"https:\/\/www.visit-ulcinj.com\/blog\/2014\/04\/17\/knsh-uron-te-gjithe-besimtaret-katolike-gezuar-pashket\/#webpage\",\"url\":\"https:\/\/www.visit-ulcinj.com\/blog\/2014\/04\/17\/knsh-uron-te-gjithe-besimtaret-katolike-gezuar-pashket\/\",\"name\":\"KNSH uron t\u00eb gjith\u00eb besimtar\u00ebt katolik\u00eb G\u00ebzuar Pashk\u00ebt - Lajme nga Ulqini\",\"isPartOf\":{\"@id\":\"https:\/\/www.visit-ulcinj.com\/blog\/#website\"},\"primaryImageOfPage\":{\"@id\":\"https:\/\/www.visit-ulcinj.com\/blog\/2014\/04\/17\/knsh-uron-te-gjithe-besimtaret-katolike-gezuar-pashket\/#primaryimage\"},\"datePublished\":\"2014-04-17T13:38:34+00:00\",\"dateModified\":\"2014-04-18T18:00:38+00:00\",\"author\":{\"@id\":\"https:\/\/www.visit-ulcinj.com\/blog\/#\/schema\/person\/dcab619c614d3038751c63bc2aadc06d\"},\"description\":\"K\u00cbSHILLI KOMB\u00cbTAR I SHQIPTAR\u00cbVE N\u00cb MALIN E ZI NACIONALNI SAVJET ALBANACA U CRNOJ GORI ALBANIAN\u00a0 NATIONAL COUNCIL IN MONTENEGRO Br. 39\/ 14 Ulcinj,\",\"breadcrumb\":{\"@id\":\"https:\/\/www.visit-ulcinj.com\/blog\/2014\/04\/17\/knsh-uron-te-gjithe-besimtaret-katolike-gezuar-pashket\/#breadcrumb\"},\"inLanguage\":\"en-US\",\"potentialAction\":[{\"@type\":\"ReadAction\",\"target\":[\"https:\/\/www.visit-ulcinj.com\/blog\/2014\/04\/17\/knsh-uron-te-gjithe-besimtaret-katolike-gezuar-pashket\/\"]}]},{\"@type\":\"BreadcrumbList\",\"@id\":\"https:\/\/www.visit-ulcinj.com\/blog\/2014\/04\/17\/knsh-uron-te-gjithe-besimtaret-katolike-gezuar-pashket\/#breadcrumb\",\"itemListElement\":[{\"@type\":\"ListItem\",\"position\":1,\"name\":\"KNSH uron t\u00eb gjith\u00eb besimtar\u00ebt katolik\u00eb G\u00ebzuar Pashk\u00ebt\"}]},{\"@type\":\"Person\",\"@id\":\"https:\/\/www.visit-ulcinj.com\/blog\/#\/schema\/person\/dcab619c614d3038751c63bc2aadc06d\",\"name\":\"ulqini\",\"sameAs\":[\"http:\/\/www.visit-ulcinj.com\"],\"url\":\"https:\/\/www.visit-ulcinj.com\/blog\/author\/admin\/\"}]}<\/script>\n<!-- \/ Yoast SEO plugin. -->","yoast_head_json":{"title":"KNSH uron t\u00eb gjith\u00eb besimtar\u00ebt katolik\u00eb G\u00ebzuar Pashk\u00ebt - Lajme nga Ulqini","description":"K\u00cbSHILLI KOMB\u00cbTAR I SHQIPTAR\u00cbVE N\u00cb MALIN E ZI NACIONALNI SAVJET ALBANACA U CRNOJ GORI ALBANIAN\u00a0 NATIONAL COUNCIL IN MONTENEGRO Br. 39\/ 14 Ulcinj,","robots":{"index":"index","follow":"follow","max-snippet":"max-snippet:-1","max-image-preview":"max-image-preview:large","max-video-preview":"max-video-preview:-1"},"canonical":"https:\/\/www.visit-ulcinj.com\/blog\/2014\/04\/17\/knsh-uron-te-gjithe-besimtaret-katolike-gezuar-pashket\/","og_locale":"en_US","og_type":"article","og_title":"KNSH uron t\u00eb gjith\u00eb besimtar\u00ebt katolik\u00eb G\u00ebzuar Pashk\u00ebt - Lajme nga Ulqini","og_description":"K\u00cbSHILLI KOMB\u00cbTAR I SHQIPTAR\u00cbVE N\u00cb MALIN E ZI NACIONALNI SAVJET ALBANACA U CRNOJ GORI ALBANIAN\u00a0 NATIONAL COUNCIL IN MONTENEGRO Br. 39\/ 14 Ulcinj,","og_url":"https:\/\/www.visit-ulcinj.com\/blog\/2014\/04\/17\/knsh-uron-te-gjithe-besimtaret-katolike-gezuar-pashket\/","og_site_name":"Lajme nga Ulqini","article_published_time":"2014-04-17T13:38:34+00:00","article_modified_time":"2014-04-18T18:00:38+00:00","og_image":[{"url":"http:\/\/www.visit-ulcinj.com\/blog\/wp-content\/uploads\/2011\/03\/KNSH_MZ_logo.jpg"}],"twitter_misc":{"Written by":"ulqini","Est. reading time":"1 minute"},"schema":{"@context":"https:\/\/schema.org","@graph":[{"@type":"WebSite","@id":"https:\/\/www.visit-ulcinj.com\/blog\/#website","url":"https:\/\/www.visit-ulcinj.com\/blog\/","name":"Lajme nga Ulqini","description":"Lajme,Vijesti,Ulqini,Ulqin,Crna Gora,Mali i Zi","potentialAction":[{"@type":"SearchAction","target":{"@type":"EntryPoint","urlTemplate":"https:\/\/www.visit-ulcinj.com\/blog\/?s={search_term_string}"},"query-input":"required name=search_term_string"}],"inLanguage":"en-US"},{"@type":"ImageObject","inLanguage":"en-US","@id":"https:\/\/www.visit-ulcinj.com\/blog\/2014\/04\/17\/knsh-uron-te-gjithe-besimtaret-katolike-gezuar-pashket\/#primaryimage","url":"https:\/\/www.visit-ulcinj.com\/blog\/wp-content\/uploads\/2011\/03\/KNSH_MZ_logo.jpg","contentUrl":"https:\/\/www.visit-ulcinj.com\/blog\/wp-content\/uploads\/2011\/03\/KNSH_MZ_logo.jpg","width":"318","height":"142"},{"@type":"WebPage","@id":"https:\/\/www.visit-ulcinj.com\/blog\/2014\/04\/17\/knsh-uron-te-gjithe-besimtaret-katolike-gezuar-pashket\/#webpage","url":"https:\/\/www.visit-ulcinj.com\/blog\/2014\/04\/17\/knsh-uron-te-gjithe-besimtaret-katolike-gezuar-pashket\/","name":"KNSH uron t\u00eb gjith\u00eb besimtar\u00ebt katolik\u00eb G\u00ebzuar Pashk\u00ebt - Lajme nga Ulqini","isPartOf":{"@id":"https:\/\/www.visit-ulcinj.com\/blog\/#website"},"primaryImageOfPage":{"@id":"https:\/\/www.visit-ulcinj.com\/blog\/2014\/04\/17\/knsh-uron-te-gjithe-besimtaret-katolike-gezuar-pashket\/#primaryimage"},"datePublished":"2014-04-17T13:38:34+00:00","dateModified":"2014-04-18T18:00:38+00:00","author":{"@id":"https:\/\/www.visit-ulcinj.com\/blog\/#\/schema\/person\/dcab619c614d3038751c63bc2aadc06d"},"description":"K\u00cbSHILLI KOMB\u00cbTAR I SHQIPTAR\u00cbVE N\u00cb MALIN E ZI NACIONALNI SAVJET ALBANACA U CRNOJ GORI ALBANIAN\u00a0 NATIONAL COUNCIL IN MONTENEGRO Br. 39\/ 14 Ulcinj,","breadcrumb":{"@id":"https:\/\/www.visit-ulcinj.com\/blog\/2014\/04\/17\/knsh-uron-te-gjithe-besimtaret-katolike-gezuar-pashket\/#breadcrumb"},"inLanguage":"en-US","potentialAction":[{"@type":"ReadAction","target":["https:\/\/www.visit-ulcinj.com\/blog\/2014\/04\/17\/knsh-uron-te-gjithe-besimtaret-katolike-gezuar-pashket\/"]}]},{"@type":"BreadcrumbList","@id":"https:\/\/www.visit-ulcinj.com\/blog\/2014\/04\/17\/knsh-uron-te-gjithe-besimtaret-katolike-gezuar-pashket\/#breadcrumb","itemListElement":[{"@type":"ListItem","position":1,"name":"KNSH uron t\u00eb gjith\u00eb besimtar\u00ebt katolik\u00eb G\u00ebzuar Pashk\u00ebt"}]},{"@type":"Person","@id":"https:\/\/www.visit-ulcinj.com\/blog\/#\/schema\/person\/dcab619c614d3038751c63bc2aadc06d","name":"ulqini","sameAs":["http:\/\/www.visit-ulcinj.com"],"url":"https:\/\/www.visit-ulcinj.com\/blog\/author\/admin\/"}]}},"jetpack_featured_media_url":"","jetpack_sharing_enabled":true,"jetpack_shortlink":"https:\/\/wp.me\/pe6lTn-ler","_links":{"self":[{"href":"https:\/\/www.visit-ulcinj.com\/blog\/wp-json\/wp\/v2\/posts\/81619"}],"collection":[{"href":"https:\/\/www.visit-ulcinj.com\/blog\/wp-json\/wp\/v2\/posts"}],"about":[{"href":"https:\/\/www.visit-ulcinj.com\/blog\/wp-json\/wp\/v2\/types\/post"}],"author":[{"embeddable":true,"href":"https:\/\/www.visit-ulcinj.com\/blog\/wp-json\/wp\/v2\/users\/1"}],"replies":[{"embeddable":true,"href":"https:\/\/www.visit-ulcinj.com\/blog\/wp-json\/wp\/v2\/comments?post=81619"}],"version-history":[{"count":4,"href":"https:\/\/www.visit-ulcinj.com\/blog\/wp-json\/wp\/v2\/posts\/81619\/revisions"}],"predecessor-version":[{"id":81661,"href":"https:\/\/www.visit-ulcinj.com\/blog\/wp-json\/wp\/v2\/posts\/81619\/revisions\/81661"}],"wp:attachment":[{"href":"https:\/\/www.visit-ulcinj.com\/blog\/wp-json\/wp\/v2\/media?parent=81619"}],"wp:term":[{"taxonomy":"category","embeddable":true,"href":"https:\/\/www.visit-ulcinj.com\/blog\/wp-json\/wp\/v2\/categories?post=81619"},{"taxonomy":"post_tag","embeddable":true,"href":"https:\/\/www.visit-ulcinj.com\/blog\/wp-json\/wp\/v2\/tags?post=81619"}],"curies":[{"name":"wp","href":"https:\/\/api.w.org\/{rel}","templated":true}]}}