{"id":81653,"date":"2014-04-18T18:50:06","date_gmt":"2014-04-18T17:50:06","guid":{"rendered":"http:\/\/www.visit-ulcinj.com\/blog\/?p=81653"},"modified":"2014-04-18T18:50:06","modified_gmt":"2014-04-18T17:50:06","slug":"ahmeti-diplomati-pare-kosoves-ne-podgorice","status":"publish","type":"post","link":"https:\/\/www.visit-ulcinj.com\/blog\/2014\/04\/18\/ahmeti-diplomati-pare-kosoves-ne-podgorice\/","title":{"rendered":"Ahmeti, diplomati i par\u00eb i Kosov\u00ebs n\u00eb Podgoric\u00eb"},"content":{"rendered":"<p><strong><a href=\"http:\/\/www.visit-ulcinj.com\/blog\/wp-content\/uploads\/2014\/04\/Ahmeti-Luksic.jpg\"><img loading=\"lazy\" class=\"alignleft  wp-image-81634\" alt=\"Ahmeti-Luksic\" src=\"http:\/\/www.visit-ulcinj.com\/blog\/wp-content\/uploads\/2014\/04\/Ahmeti-Luksic.jpg\" width=\"508\" height=\"360\" \/><\/a>P\u00ebrfaq\u00ebsuesi i par\u00eb diplomatik i Kosov\u00ebs n\u00eb Mal t\u00eb Zi, Xhafer Ahmeti, \u00ebsht\u00eb pritur n\u00eb takim nga z\u00ebvend\u00ebskryeministri dhe ministri i Pun\u00ebve t\u00eb Jashtme dhe Integrimeve Evropiane t\u00eb k\u00ebtij shteti, Igor Lukshiq.<\/strong><\/p>\n<div>\n<p>Ahmeti e ka vler\u00ebsuar lart\u00eb momentin e ri n\u00eb marr\u00ebdh\u00ebniet nd\u00ebrmjet dy shteteve si dhe mund\u00ebsin\u00eb e bashk\u00ebpunimit t\u00eb cil\u00ebn e hap em\u00ebrimi i p\u00ebrfaq\u00ebsuesit t\u00eb p\u00ebrhersh\u00ebm t\u00eb Kosov\u00ebs n\u00eb Mal t\u00eb Zi.<\/p>\n<p>\u201cMarr\u00ebdh\u00ebniet e Malit t\u00eb Zi me Kosov\u00ebn mund t\u00eb sh\u00ebrbejn\u00eb si shembull i marr\u00ebdh\u00ebnieve t\u00eb mira fqinj\u00ebsore dhe q\u00eb me bashk\u00ebpunimin e nd\u00ebrsjell\u00ebt, por edhe me bashk\u00ebpunimin me vendet e tjera t\u00eb regjionit mund t\u00eb tregoj\u00eb se Ballkani Per\u00ebndimor po ndryshon\u201d, ka th\u00ebn\u00eb Ahmeti.<\/p>\n<p>P\u00ebr r\u00ebnd\u00ebsin\u00eb e krijimit t\u00eb marr\u00ebdh\u00ebnieve nd\u00ebrmjet dy shteteve ka folur edhe ministri Lukshiq, duke th\u00ebn\u00eb se em\u00ebrimi i p\u00ebrfaq\u00ebsuesit diplomatik t\u00eb Kosov\u00ebs do t\u2019i kontribuoj\u00eb forcimit t\u00eb bashk\u00ebpunimit dhe marr\u00ebdh\u00ebnieve nd\u00ebrmjet dy vendeve.<\/p>\n<p>Ai ka shtuar se p\u00ebrve\u00e7 marr\u00ebdh\u00ebnieve shum\u00eb t\u00eb mira n\u00eb fusha t\u00eb ndryshme, ekziston hap\u00ebsir\u00eb p\u00ebr forcimin e tyre, posa\u00e7\u00ebrisht n\u00eb fush\u00ebn e ekonomis\u00eb.<\/p>\n<p>Lukshiq po ashtu ka th\u00ebn\u00eb se \u201cfokusi i bashk\u00ebpunimit n\u00eb periudh\u00ebn e ardhshme duhet t\u00eb jet\u00eb i orientuar n\u00eb projekte t\u00eb p\u00ebrbashk\u00ebta dhe iniciativa t\u00eb t\u00eb dy shteteve\u201d.<\/p>\n<p>N\u00eb takim \u00ebsht\u00eb diskutuar edhe n\u00eb lidhje me bashk\u00ebpunimin e krijuar nd\u00ebrmjet institucioneve kosovare dhe malazeze, me \u00e7\u2019rast \u00ebsht\u00eb theksuar nevoja p\u00ebr angazhimin e dy shteteve p\u00ebr avancimin e m\u00ebtejm\u00eb dhe forcimin e marr\u00ebdh\u00ebnieve t\u00eb nd\u00ebrsjella.<\/p>\n<p><strong>\u00a9 KOHA.net\u00a0<\/strong><\/p>\n<\/div>\n","protected":false},"excerpt":{"rendered":"<p>P\u00ebrfaq\u00ebsuesi i par\u00eb diplomatik i Kosov\u00ebs n\u00eb Mal t\u00eb Zi, Xhafer Ahmeti, \u00ebsht\u00eb pritur n\u00eb takim nga z\u00ebvend\u00ebskryeministri dhe ministri i Pun\u00ebve t\u00eb Jashtme dhe Integrimeve Evropiane t\u00eb k\u00ebtij shteti, Igor Lukshiq. Ahmeti e ka vler\u00ebsuar lart\u00eb momentin e ri n\u00eb marr\u00ebdh\u00ebniet nd\u00ebrmjet dy shteteve si dhe mund\u00ebsin\u00eb e bashk\u00ebpunimit t\u00eb cil\u00ebn e hap em\u00ebrimi [&hellip;]<\/p>\n","protected":false},"author":1,"featured_media":0,"comment_status":"closed","ping_status":"closed","sticky":false,"template":"","format":"standard","meta":{"spay_email":"","jetpack_publicize_message":"","jetpack_is_tweetstorm":false,"jetpack_publicize_feature_enabled":true},"categories":[14],"tags":[],"jetpack_publicize_connections":[],"yoast_head":"<!-- This site is optimized with the Yoast SEO plugin v19.1 - https:\/\/yoast.com\/wordpress\/plugins\/seo\/ -->\n<title>Ahmeti, diplomati i par\u00eb i Kosov\u00ebs n\u00eb Podgoric\u00eb - Lajme nga Ulqini<\/title>\n<meta name=\"description\" content=\"P\u00ebrfaq\u00ebsuesi i par\u00eb diplomatik i Kosov\u00ebs n\u00eb Mal t\u00eb Zi, Xhafer Ahmeti, \u00ebsht\u00eb pritur n\u00eb takim nga z\u00ebvend\u00ebskryeministri dhe ministri i Pun\u00ebve t\u00eb Jashtme dhe\" \/>\n<meta name=\"robots\" content=\"index, follow, max-snippet:-1, max-image-preview:large, max-video-preview:-1\" \/>\n<link rel=\"canonical\" href=\"https:\/\/www.visit-ulcinj.com\/blog\/2014\/04\/18\/ahmeti-diplomati-pare-kosoves-ne-podgorice\/\" \/>\n<meta property=\"og:locale\" content=\"en_US\" \/>\n<meta property=\"og:type\" content=\"article\" \/>\n<meta property=\"og:title\" content=\"Ahmeti, diplomati i par\u00eb i Kosov\u00ebs n\u00eb Podgoric\u00eb - Lajme nga Ulqini\" \/>\n<meta property=\"og:description\" content=\"P\u00ebrfaq\u00ebsuesi i par\u00eb diplomatik i Kosov\u00ebs n\u00eb Mal t\u00eb Zi, Xhafer Ahmeti, \u00ebsht\u00eb pritur n\u00eb takim nga z\u00ebvend\u00ebskryeministri dhe ministri i Pun\u00ebve t\u00eb Jashtme dhe\" \/>\n<meta property=\"og:url\" content=\"https:\/\/www.visit-ulcinj.com\/blog\/2014\/04\/18\/ahmeti-diplomati-pare-kosoves-ne-podgorice\/\" \/>\n<meta property=\"og:site_name\" content=\"Lajme nga Ulqini\" \/>\n<meta property=\"article:published_time\" content=\"2014-04-18T17:50:06+00:00\" \/>\n<meta property=\"og:image\" content=\"http:\/\/www.visit-ulcinj.com\/blog\/wp-content\/uploads\/2014\/04\/Ahmeti-Luksic.jpg\" \/>\n<meta name=\"twitter:label1\" content=\"Written by\" \/>\n\t<meta name=\"twitter:data1\" content=\"ulqini\" \/>\n\t<meta name=\"twitter:label2\" content=\"Est. reading time\" \/>\n\t<meta name=\"twitter:data2\" content=\"2 minutes\" \/>\n<script type=\"application\/ld+json\" class=\"yoast-schema-graph\">{\"@context\":\"https:\/\/schema.org\",\"@graph\":[{\"@type\":\"WebSite\",\"@id\":\"https:\/\/www.visit-ulcinj.com\/blog\/#website\",\"url\":\"https:\/\/www.visit-ulcinj.com\/blog\/\",\"name\":\"Lajme nga Ulqini\",\"description\":\"Lajme,Vijesti,Ulqini,Ulqin,Crna Gora,Mali i Zi\",\"potentialAction\":[{\"@type\":\"SearchAction\",\"target\":{\"@type\":\"EntryPoint\",\"urlTemplate\":\"https:\/\/www.visit-ulcinj.com\/blog\/?s={search_term_string}\"},\"query-input\":\"required name=search_term_string\"}],\"inLanguage\":\"en-US\"},{\"@type\":\"ImageObject\",\"inLanguage\":\"en-US\",\"@id\":\"https:\/\/www.visit-ulcinj.com\/blog\/2014\/04\/18\/ahmeti-diplomati-pare-kosoves-ne-podgorice\/#primaryimage\",\"url\":\"https:\/\/www.visit-ulcinj.com\/blog\/wp-content\/uploads\/2014\/04\/Ahmeti-Luksic.jpg\",\"contentUrl\":\"https:\/\/www.visit-ulcinj.com\/blog\/wp-content\/uploads\/2014\/04\/Ahmeti-Luksic.jpg\",\"width\":657,\"height\":480},{\"@type\":\"WebPage\",\"@id\":\"https:\/\/www.visit-ulcinj.com\/blog\/2014\/04\/18\/ahmeti-diplomati-pare-kosoves-ne-podgorice\/#webpage\",\"url\":\"https:\/\/www.visit-ulcinj.com\/blog\/2014\/04\/18\/ahmeti-diplomati-pare-kosoves-ne-podgorice\/\",\"name\":\"Ahmeti, diplomati i par\u00eb i Kosov\u00ebs n\u00eb Podgoric\u00eb - Lajme nga Ulqini\",\"isPartOf\":{\"@id\":\"https:\/\/www.visit-ulcinj.com\/blog\/#website\"},\"primaryImageOfPage\":{\"@id\":\"https:\/\/www.visit-ulcinj.com\/blog\/2014\/04\/18\/ahmeti-diplomati-pare-kosoves-ne-podgorice\/#primaryimage\"},\"datePublished\":\"2014-04-18T17:50:06+00:00\",\"dateModified\":\"2014-04-18T17:50:06+00:00\",\"author\":{\"@id\":\"https:\/\/www.visit-ulcinj.com\/blog\/#\/schema\/person\/dcab619c614d3038751c63bc2aadc06d\"},\"description\":\"P\u00ebrfaq\u00ebsuesi i par\u00eb diplomatik i Kosov\u00ebs n\u00eb Mal t\u00eb Zi, Xhafer Ahmeti, \u00ebsht\u00eb pritur n\u00eb takim nga z\u00ebvend\u00ebskryeministri dhe ministri i Pun\u00ebve t\u00eb Jashtme dhe\",\"breadcrumb\":{\"@id\":\"https:\/\/www.visit-ulcinj.com\/blog\/2014\/04\/18\/ahmeti-diplomati-pare-kosoves-ne-podgorice\/#breadcrumb\"},\"inLanguage\":\"en-US\",\"potentialAction\":[{\"@type\":\"ReadAction\",\"target\":[\"https:\/\/www.visit-ulcinj.com\/blog\/2014\/04\/18\/ahmeti-diplomati-pare-kosoves-ne-podgorice\/\"]}]},{\"@type\":\"BreadcrumbList\",\"@id\":\"https:\/\/www.visit-ulcinj.com\/blog\/2014\/04\/18\/ahmeti-diplomati-pare-kosoves-ne-podgorice\/#breadcrumb\",\"itemListElement\":[{\"@type\":\"ListItem\",\"position\":1,\"name\":\"Ahmeti, diplomati i par\u00eb i Kosov\u00ebs n\u00eb Podgoric\u00eb\"}]},{\"@type\":\"Person\",\"@id\":\"https:\/\/www.visit-ulcinj.com\/blog\/#\/schema\/person\/dcab619c614d3038751c63bc2aadc06d\",\"name\":\"ulqini\",\"sameAs\":[\"http:\/\/www.visit-ulcinj.com\"],\"url\":\"https:\/\/www.visit-ulcinj.com\/blog\/author\/admin\/\"}]}<\/script>\n<!-- \/ Yoast SEO plugin. -->","yoast_head_json":{"title":"Ahmeti, diplomati i par\u00eb i Kosov\u00ebs n\u00eb Podgoric\u00eb - Lajme nga Ulqini","description":"P\u00ebrfaq\u00ebsuesi i par\u00eb diplomatik i Kosov\u00ebs n\u00eb Mal t\u00eb Zi, Xhafer Ahmeti, \u00ebsht\u00eb pritur n\u00eb takim nga z\u00ebvend\u00ebskryeministri dhe ministri i Pun\u00ebve t\u00eb Jashtme dhe","robots":{"index":"index","follow":"follow","max-snippet":"max-snippet:-1","max-image-preview":"max-image-preview:large","max-video-preview":"max-video-preview:-1"},"canonical":"https:\/\/www.visit-ulcinj.com\/blog\/2014\/04\/18\/ahmeti-diplomati-pare-kosoves-ne-podgorice\/","og_locale":"en_US","og_type":"article","og_title":"Ahmeti, diplomati i par\u00eb i Kosov\u00ebs n\u00eb Podgoric\u00eb - Lajme nga Ulqini","og_description":"P\u00ebrfaq\u00ebsuesi i par\u00eb diplomatik i Kosov\u00ebs n\u00eb Mal t\u00eb Zi, Xhafer Ahmeti, \u00ebsht\u00eb pritur n\u00eb takim nga z\u00ebvend\u00ebskryeministri dhe ministri i Pun\u00ebve t\u00eb Jashtme dhe","og_url":"https:\/\/www.visit-ulcinj.com\/blog\/2014\/04\/18\/ahmeti-diplomati-pare-kosoves-ne-podgorice\/","og_site_name":"Lajme nga Ulqini","article_published_time":"2014-04-18T17:50:06+00:00","og_image":[{"url":"http:\/\/www.visit-ulcinj.com\/blog\/wp-content\/uploads\/2014\/04\/Ahmeti-Luksic.jpg"}],"twitter_misc":{"Written by":"ulqini","Est. reading time":"2 minutes"},"schema":{"@context":"https:\/\/schema.org","@graph":[{"@type":"WebSite","@id":"https:\/\/www.visit-ulcinj.com\/blog\/#website","url":"https:\/\/www.visit-ulcinj.com\/blog\/","name":"Lajme nga Ulqini","description":"Lajme,Vijesti,Ulqini,Ulqin,Crna Gora,Mali i Zi","potentialAction":[{"@type":"SearchAction","target":{"@type":"EntryPoint","urlTemplate":"https:\/\/www.visit-ulcinj.com\/blog\/?s={search_term_string}"},"query-input":"required name=search_term_string"}],"inLanguage":"en-US"},{"@type":"ImageObject","inLanguage":"en-US","@id":"https:\/\/www.visit-ulcinj.com\/blog\/2014\/04\/18\/ahmeti-diplomati-pare-kosoves-ne-podgorice\/#primaryimage","url":"https:\/\/www.visit-ulcinj.com\/blog\/wp-content\/uploads\/2014\/04\/Ahmeti-Luksic.jpg","contentUrl":"https:\/\/www.visit-ulcinj.com\/blog\/wp-content\/uploads\/2014\/04\/Ahmeti-Luksic.jpg","width":657,"height":480},{"@type":"WebPage","@id":"https:\/\/www.visit-ulcinj.com\/blog\/2014\/04\/18\/ahmeti-diplomati-pare-kosoves-ne-podgorice\/#webpage","url":"https:\/\/www.visit-ulcinj.com\/blog\/2014\/04\/18\/ahmeti-diplomati-pare-kosoves-ne-podgorice\/","name":"Ahmeti, diplomati i par\u00eb i Kosov\u00ebs n\u00eb Podgoric\u00eb - Lajme nga Ulqini","isPartOf":{"@id":"https:\/\/www.visit-ulcinj.com\/blog\/#website"},"primaryImageOfPage":{"@id":"https:\/\/www.visit-ulcinj.com\/blog\/2014\/04\/18\/ahmeti-diplomati-pare-kosoves-ne-podgorice\/#primaryimage"},"datePublished":"2014-04-18T17:50:06+00:00","dateModified":"2014-04-18T17:50:06+00:00","author":{"@id":"https:\/\/www.visit-ulcinj.com\/blog\/#\/schema\/person\/dcab619c614d3038751c63bc2aadc06d"},"description":"P\u00ebrfaq\u00ebsuesi i par\u00eb diplomatik i Kosov\u00ebs n\u00eb Mal t\u00eb Zi, Xhafer Ahmeti, \u00ebsht\u00eb pritur n\u00eb takim nga z\u00ebvend\u00ebskryeministri dhe ministri i Pun\u00ebve t\u00eb Jashtme dhe","breadcrumb":{"@id":"https:\/\/www.visit-ulcinj.com\/blog\/2014\/04\/18\/ahmeti-diplomati-pare-kosoves-ne-podgorice\/#breadcrumb"},"inLanguage":"en-US","potentialAction":[{"@type":"ReadAction","target":["https:\/\/www.visit-ulcinj.com\/blog\/2014\/04\/18\/ahmeti-diplomati-pare-kosoves-ne-podgorice\/"]}]},{"@type":"BreadcrumbList","@id":"https:\/\/www.visit-ulcinj.com\/blog\/2014\/04\/18\/ahmeti-diplomati-pare-kosoves-ne-podgorice\/#breadcrumb","itemListElement":[{"@type":"ListItem","position":1,"name":"Ahmeti, diplomati i par\u00eb i Kosov\u00ebs n\u00eb Podgoric\u00eb"}]},{"@type":"Person","@id":"https:\/\/www.visit-ulcinj.com\/blog\/#\/schema\/person\/dcab619c614d3038751c63bc2aadc06d","name":"ulqini","sameAs":["http:\/\/www.visit-ulcinj.com"],"url":"https:\/\/www.visit-ulcinj.com\/blog\/author\/admin\/"}]}},"jetpack_featured_media_url":"","jetpack_sharing_enabled":true,"jetpack_shortlink":"https:\/\/wp.me\/pe6lTn-leZ","_links":{"self":[{"href":"https:\/\/www.visit-ulcinj.com\/blog\/wp-json\/wp\/v2\/posts\/81653"}],"collection":[{"href":"https:\/\/www.visit-ulcinj.com\/blog\/wp-json\/wp\/v2\/posts"}],"about":[{"href":"https:\/\/www.visit-ulcinj.com\/blog\/wp-json\/wp\/v2\/types\/post"}],"author":[{"embeddable":true,"href":"https:\/\/www.visit-ulcinj.com\/blog\/wp-json\/wp\/v2\/users\/1"}],"replies":[{"embeddable":true,"href":"https:\/\/www.visit-ulcinj.com\/blog\/wp-json\/wp\/v2\/comments?post=81653"}],"version-history":[{"count":1,"href":"https:\/\/www.visit-ulcinj.com\/blog\/wp-json\/wp\/v2\/posts\/81653\/revisions"}],"predecessor-version":[{"id":81654,"href":"https:\/\/www.visit-ulcinj.com\/blog\/wp-json\/wp\/v2\/posts\/81653\/revisions\/81654"}],"wp:attachment":[{"href":"https:\/\/www.visit-ulcinj.com\/blog\/wp-json\/wp\/v2\/media?parent=81653"}],"wp:term":[{"taxonomy":"category","embeddable":true,"href":"https:\/\/www.visit-ulcinj.com\/blog\/wp-json\/wp\/v2\/categories?post=81653"},{"taxonomy":"post_tag","embeddable":true,"href":"https:\/\/www.visit-ulcinj.com\/blog\/wp-json\/wp\/v2\/tags?post=81653"}],"curies":[{"name":"wp","href":"https:\/\/api.w.org\/{rel}","templated":true}]}}