{"id":81655,"date":"2014-04-18T18:57:41","date_gmt":"2014-04-18T17:57:41","guid":{"rendered":"http:\/\/www.visit-ulcinj.com\/blog\/?p=81655"},"modified":"2014-04-18T18:58:15","modified_gmt":"2014-04-18T17:58:15","slug":"nimanbegu-protestat-e-shqiptareve-te-malit-te-zi-te-merren-seriozisht-nga-podgorica","status":"publish","type":"post","link":"https:\/\/www.visit-ulcinj.com\/blog\/2014\/04\/18\/nimanbegu-protestat-e-shqiptareve-te-malit-te-zi-te-merren-seriozisht-nga-podgorica\/","title":{"rendered":"Nimanbegu: Protestat e shqiptar\u00ebve t\u00eb Malit t\u00eb Zi t\u00eb merren seriozisht nga Podgorica"},"content":{"rendered":"<p><strong><a href=\"http:\/\/www.visit-ulcinj.com\/blog\/wp-content\/uploads\/2014\/04\/nimanbegu.jpg\"><img loading=\"lazy\" class=\"alignleft  wp-image-81657\" alt=\"nimanbegu\" src=\"http:\/\/www.visit-ulcinj.com\/blog\/wp-content\/uploads\/2014\/04\/nimanbegu.jpg\" width=\"508\" height=\"240\" \/><\/a>Nga: <em>ERION KACORRI<\/em><\/strong><\/p>\n<p><strong>TIRANE &#8211;<\/strong> Trevat shqiptare n\u00eb Malin e Zi mbeten t\u00eb pazhvilluara, niveli i papun\u00ebsis\u00eb \u00ebsht\u00eb shum\u00eb i lart\u00eb dhe problemet e shumta ekonomike me t\u00eb cilat ballafaqohen Shqiptar\u00ebt n\u00eb Malin e Zi kan\u00eb krijuar shum\u00eb pesimiz\u00ebm n\u00eb komunitetin ton\u00eb, thekson n\u00eb nj\u00eb intervist\u00eb p\u00ebr emisionin \u2018Diplomaticus\u201d t\u00eb gazetarit Erion Ka\u00e7orri deputeti shqiptar i subjektit politik \u201cForca\u201d n\u00eb parlamentin e Malit t\u00eb Zi, Genci Nimanbegu.<\/p>\n<p>\u201cProtestat e shqiptar\u00ebve si n\u00eb Mal t\u00eb Zi ashtu edhe n\u00eb Shtetet e Bashkuara t\u00eb Amerik\u00ebs duhen marr\u00eb shum\u00eb seriozisht nga ana e autoriteteve n\u00eb Podgoric\u00eb. Ne si shqiptare, kemi disa k\u00ebrkesa politike, si\u00e7 \u00ebsht\u00eb decentralizimi i pushtetit, \u00e7\u00ebshtja e pronave etj. P\u00ebrpos faktit q\u00eb situata ekonomike \u00ebsht\u00eb p\u00ebrkeq\u00ebsuar n\u00eb trevat shqiptare, edhe situata politike \u00ebsht\u00eb tensionuar ndjesh\u00ebm. P\u00ebrkund\u00ebr k\u00ebsaj, nga ana e partis\u00eb s\u00eb kryeministrit Gjukanovi\u00e7 apo partner\u00ebve t\u00eb koalicionit, k\u00ebrkesat tona sapo nisin q\u00eb t\u00eb trajtohen, lihen pas dore. Faktori shqiptar n\u00eb k\u00ebto momente duhet t\u00eb shikoj\u00eb pozicionin e saj duke rritur presionin ndaj politik\u00ebs aktuale n\u00eb Podgoric\u00eb q\u00eb t\u00eb realizohen t\u00eb drejtat tona komb\u00ebtare\u201d shprehet deputeti Nimanbegu n\u00eb televizionin \u201cNews 24\u201d.<\/p>\n<p>Sa i p\u00ebrket p\u00ebrdorimit t\u00eb flamurit komb\u00ebtar, deputeti shqiptar n\u00eb parlamentin e Malit te Zi Genci Nimanbegu shprehet se komuniteti shqiptar do t\u00eb d\u00ebshironte q\u00eb ai t\u00eb val\u00ebvitej jo vet\u00ebm n\u00eb nd\u00ebrtesat e institucioneve komunale, por edhe pran\u00eb policis\u00eb dhe gjykatave t\u00eb cilat menaxhohen nga ana e institucionit qendror.<\/p>\n<p>Pak dite me pare nj\u00eb num\u00ebr shoqatash shqiptare n\u00eb Shtetet e Bashkuara u mblodh\u00ebn p\u00ebrpara Sht\u00ebpis\u00eb s\u00eb Bardh\u00eb p\u00ebr t\u00eb k\u00ebrkuar m\u00eb shum\u00eb t\u00eb drejta p\u00ebr shqiptar\u00ebt n\u00eb Mal t\u00eb Zi. Demonstrata u organizua me rastin e vizit\u00ebs n\u00eb Uashington t\u00eb Kryeministrit malazez Milo Gjukanovi\u00e7, p\u00ebrpara takimit t\u00eb tij n\u00eb Sht\u00ebpin\u00eb e Bardh\u00eb me N\u00ebnpresidentin Joe Biden.<\/p>\n<p>Ata than\u00eb se ishin mbledhur p\u00ebrpara Sht\u00ebpis\u00eb s\u00eb Bardh\u00eb p\u00ebr t\u00eb ngritur z\u00ebrin kund\u00ebr asaj q\u00eb ata e quajn\u00eb politik\u00eb diskriminuese t\u00eb qeveris\u00eb malazeze ndaj shqiptar\u00ebve. Protestuesit than\u00eb se shqiptar\u00ebt e Malit t\u00eb Zi duhet t\u00eb g\u00ebzojn\u00eb t\u00eb gjitha t\u00eb drejtat sipas konventave t\u00eb bot\u00ebs demokratike.<\/p>\n<p><strong>(er.nu\/BalkanWeb)<\/strong><\/p>\n<div><img loading=\"lazy\" alt=\"\" src=\"http:\/\/www.visit-ulcinj.com\/blog\/wp-content\/uploads\/2014\/04\/81c8_spacer.gif\" width=\"1\" height=\"1\" border=\"0\" \/><\/div>\n","protected":false},"excerpt":{"rendered":"<p>Nga: ERION KACORRI TIRANE &#8211; Trevat shqiptare n\u00eb Malin e Zi mbeten t\u00eb pazhvilluara, niveli i papun\u00ebsis\u00eb \u00ebsht\u00eb shum\u00eb i lart\u00eb dhe problemet e shumta ekonomike me t\u00eb cilat ballafaqohen Shqiptar\u00ebt n\u00eb Malin e Zi kan\u00eb krijuar shum\u00eb pesimiz\u00ebm n\u00eb komunitetin ton\u00eb, thekson n\u00eb nj\u00eb intervist\u00eb p\u00ebr emisionin \u2018Diplomaticus\u201d t\u00eb gazetarit Erion Ka\u00e7orri deputeti shqiptar [&hellip;]<\/p>\n","protected":false},"author":1,"featured_media":0,"comment_status":"closed","ping_status":"closed","sticky":false,"template":"","format":"standard","meta":{"spay_email":"","jetpack_publicize_message":"","jetpack_is_tweetstorm":false,"jetpack_publicize_feature_enabled":true},"categories":[6],"tags":[],"jetpack_publicize_connections":[],"yoast_head":"<!-- This site is optimized with the Yoast SEO plugin v19.1 - https:\/\/yoast.com\/wordpress\/plugins\/seo\/ -->\n<title>Nimanbegu: Protestat e shqiptar\u00ebve t\u00eb Malit t\u00eb Zi t\u00eb merren seriozisht nga Podgorica - Lajme nga Ulqini<\/title>\n<meta name=\"description\" content=\"Nga: ERION KACORRI TIRANE - Trevat shqiptare n\u00eb Malin e Zi mbeten t\u00eb pazhvilluara, niveli i papun\u00ebsis\u00eb \u00ebsht\u00eb shum\u00eb i lart\u00eb dhe problemet e shumta\" \/>\n<meta name=\"robots\" content=\"index, follow, max-snippet:-1, max-image-preview:large, max-video-preview:-1\" \/>\n<link rel=\"canonical\" href=\"https:\/\/www.visit-ulcinj.com\/blog\/2014\/04\/18\/nimanbegu-protestat-e-shqiptareve-te-malit-te-zi-te-merren-seriozisht-nga-podgorica\/\" \/>\n<meta property=\"og:locale\" content=\"en_US\" \/>\n<meta property=\"og:type\" content=\"article\" \/>\n<meta property=\"og:title\" content=\"Nimanbegu: Protestat e shqiptar\u00ebve t\u00eb Malit t\u00eb Zi t\u00eb merren seriozisht nga Podgorica - Lajme nga Ulqini\" \/>\n<meta property=\"og:description\" content=\"Nga: ERION KACORRI TIRANE - Trevat shqiptare n\u00eb Malin e Zi mbeten t\u00eb pazhvilluara, niveli i papun\u00ebsis\u00eb \u00ebsht\u00eb shum\u00eb i lart\u00eb dhe problemet e shumta\" \/>\n<meta property=\"og:url\" content=\"https:\/\/www.visit-ulcinj.com\/blog\/2014\/04\/18\/nimanbegu-protestat-e-shqiptareve-te-malit-te-zi-te-merren-seriozisht-nga-podgorica\/\" \/>\n<meta property=\"og:site_name\" content=\"Lajme nga Ulqini\" \/>\n<meta property=\"article:published_time\" content=\"2014-04-18T17:57:41+00:00\" \/>\n<meta property=\"article:modified_time\" content=\"2014-04-18T17:58:15+00:00\" \/>\n<meta property=\"og:image\" content=\"http:\/\/www.visit-ulcinj.com\/blog\/wp-content\/uploads\/2014\/04\/nimanbegu.jpg\" \/>\n<meta name=\"twitter:label1\" content=\"Written by\" \/>\n\t<meta name=\"twitter:data1\" content=\"ulqini\" \/>\n\t<meta name=\"twitter:label2\" content=\"Est. reading time\" \/>\n\t<meta name=\"twitter:data2\" content=\"2 minutes\" \/>\n<script type=\"application\/ld+json\" class=\"yoast-schema-graph\">{\"@context\":\"https:\/\/schema.org\",\"@graph\":[{\"@type\":\"WebSite\",\"@id\":\"https:\/\/www.visit-ulcinj.com\/blog\/#website\",\"url\":\"https:\/\/www.visit-ulcinj.com\/blog\/\",\"name\":\"Lajme nga Ulqini\",\"description\":\"Lajme,Vijesti,Ulqini,Ulqin,Crna Gora,Mali i Zi\",\"potentialAction\":[{\"@type\":\"SearchAction\",\"target\":{\"@type\":\"EntryPoint\",\"urlTemplate\":\"https:\/\/www.visit-ulcinj.com\/blog\/?s={search_term_string}\"},\"query-input\":\"required name=search_term_string\"}],\"inLanguage\":\"en-US\"},{\"@type\":\"ImageObject\",\"inLanguage\":\"en-US\",\"@id\":\"https:\/\/www.visit-ulcinj.com\/blog\/2014\/04\/18\/nimanbegu-protestat-e-shqiptareve-te-malit-te-zi-te-merren-seriozisht-nga-podgorica\/#primaryimage\",\"url\":\"https:\/\/www.visit-ulcinj.com\/blog\/wp-content\/uploads\/2014\/04\/nimanbegu.jpg\",\"contentUrl\":\"https:\/\/www.visit-ulcinj.com\/blog\/wp-content\/uploads\/2014\/04\/nimanbegu.jpg\",\"width\":426,\"height\":240},{\"@type\":\"WebPage\",\"@id\":\"https:\/\/www.visit-ulcinj.com\/blog\/2014\/04\/18\/nimanbegu-protestat-e-shqiptareve-te-malit-te-zi-te-merren-seriozisht-nga-podgorica\/#webpage\",\"url\":\"https:\/\/www.visit-ulcinj.com\/blog\/2014\/04\/18\/nimanbegu-protestat-e-shqiptareve-te-malit-te-zi-te-merren-seriozisht-nga-podgorica\/\",\"name\":\"Nimanbegu: Protestat e shqiptar\u00ebve t\u00eb Malit t\u00eb Zi t\u00eb merren seriozisht nga Podgorica - Lajme nga Ulqini\",\"isPartOf\":{\"@id\":\"https:\/\/www.visit-ulcinj.com\/blog\/#website\"},\"primaryImageOfPage\":{\"@id\":\"https:\/\/www.visit-ulcinj.com\/blog\/2014\/04\/18\/nimanbegu-protestat-e-shqiptareve-te-malit-te-zi-te-merren-seriozisht-nga-podgorica\/#primaryimage\"},\"datePublished\":\"2014-04-18T17:57:41+00:00\",\"dateModified\":\"2014-04-18T17:58:15+00:00\",\"author\":{\"@id\":\"https:\/\/www.visit-ulcinj.com\/blog\/#\/schema\/person\/dcab619c614d3038751c63bc2aadc06d\"},\"description\":\"Nga: ERION KACORRI TIRANE - Trevat shqiptare n\u00eb Malin e Zi mbeten t\u00eb pazhvilluara, niveli i papun\u00ebsis\u00eb \u00ebsht\u00eb shum\u00eb i lart\u00eb dhe problemet e shumta\",\"breadcrumb\":{\"@id\":\"https:\/\/www.visit-ulcinj.com\/blog\/2014\/04\/18\/nimanbegu-protestat-e-shqiptareve-te-malit-te-zi-te-merren-seriozisht-nga-podgorica\/#breadcrumb\"},\"inLanguage\":\"en-US\",\"potentialAction\":[{\"@type\":\"ReadAction\",\"target\":[\"https:\/\/www.visit-ulcinj.com\/blog\/2014\/04\/18\/nimanbegu-protestat-e-shqiptareve-te-malit-te-zi-te-merren-seriozisht-nga-podgorica\/\"]}]},{\"@type\":\"BreadcrumbList\",\"@id\":\"https:\/\/www.visit-ulcinj.com\/blog\/2014\/04\/18\/nimanbegu-protestat-e-shqiptareve-te-malit-te-zi-te-merren-seriozisht-nga-podgorica\/#breadcrumb\",\"itemListElement\":[{\"@type\":\"ListItem\",\"position\":1,\"name\":\"Nimanbegu: Protestat e shqiptar\u00ebve t\u00eb Malit t\u00eb Zi t\u00eb merren seriozisht nga Podgorica\"}]},{\"@type\":\"Person\",\"@id\":\"https:\/\/www.visit-ulcinj.com\/blog\/#\/schema\/person\/dcab619c614d3038751c63bc2aadc06d\",\"name\":\"ulqini\",\"sameAs\":[\"http:\/\/www.visit-ulcinj.com\"],\"url\":\"https:\/\/www.visit-ulcinj.com\/blog\/author\/admin\/\"}]}<\/script>\n<!-- \/ Yoast SEO plugin. -->","yoast_head_json":{"title":"Nimanbegu: Protestat e shqiptar\u00ebve t\u00eb Malit t\u00eb Zi t\u00eb merren seriozisht nga Podgorica - Lajme nga Ulqini","description":"Nga: ERION KACORRI TIRANE - Trevat shqiptare n\u00eb Malin e Zi mbeten t\u00eb pazhvilluara, niveli i papun\u00ebsis\u00eb \u00ebsht\u00eb shum\u00eb i lart\u00eb dhe problemet e shumta","robots":{"index":"index","follow":"follow","max-snippet":"max-snippet:-1","max-image-preview":"max-image-preview:large","max-video-preview":"max-video-preview:-1"},"canonical":"https:\/\/www.visit-ulcinj.com\/blog\/2014\/04\/18\/nimanbegu-protestat-e-shqiptareve-te-malit-te-zi-te-merren-seriozisht-nga-podgorica\/","og_locale":"en_US","og_type":"article","og_title":"Nimanbegu: Protestat e shqiptar\u00ebve t\u00eb Malit t\u00eb Zi t\u00eb merren seriozisht nga Podgorica - Lajme nga Ulqini","og_description":"Nga: ERION KACORRI TIRANE - Trevat shqiptare n\u00eb Malin e Zi mbeten t\u00eb pazhvilluara, niveli i papun\u00ebsis\u00eb \u00ebsht\u00eb shum\u00eb i lart\u00eb dhe problemet e shumta","og_url":"https:\/\/www.visit-ulcinj.com\/blog\/2014\/04\/18\/nimanbegu-protestat-e-shqiptareve-te-malit-te-zi-te-merren-seriozisht-nga-podgorica\/","og_site_name":"Lajme nga Ulqini","article_published_time":"2014-04-18T17:57:41+00:00","article_modified_time":"2014-04-18T17:58:15+00:00","og_image":[{"url":"http:\/\/www.visit-ulcinj.com\/blog\/wp-content\/uploads\/2014\/04\/nimanbegu.jpg"}],"twitter_misc":{"Written by":"ulqini","Est. reading time":"2 minutes"},"schema":{"@context":"https:\/\/schema.org","@graph":[{"@type":"WebSite","@id":"https:\/\/www.visit-ulcinj.com\/blog\/#website","url":"https:\/\/www.visit-ulcinj.com\/blog\/","name":"Lajme nga Ulqini","description":"Lajme,Vijesti,Ulqini,Ulqin,Crna Gora,Mali i Zi","potentialAction":[{"@type":"SearchAction","target":{"@type":"EntryPoint","urlTemplate":"https:\/\/www.visit-ulcinj.com\/blog\/?s={search_term_string}"},"query-input":"required name=search_term_string"}],"inLanguage":"en-US"},{"@type":"ImageObject","inLanguage":"en-US","@id":"https:\/\/www.visit-ulcinj.com\/blog\/2014\/04\/18\/nimanbegu-protestat-e-shqiptareve-te-malit-te-zi-te-merren-seriozisht-nga-podgorica\/#primaryimage","url":"https:\/\/www.visit-ulcinj.com\/blog\/wp-content\/uploads\/2014\/04\/nimanbegu.jpg","contentUrl":"https:\/\/www.visit-ulcinj.com\/blog\/wp-content\/uploads\/2014\/04\/nimanbegu.jpg","width":426,"height":240},{"@type":"WebPage","@id":"https:\/\/www.visit-ulcinj.com\/blog\/2014\/04\/18\/nimanbegu-protestat-e-shqiptareve-te-malit-te-zi-te-merren-seriozisht-nga-podgorica\/#webpage","url":"https:\/\/www.visit-ulcinj.com\/blog\/2014\/04\/18\/nimanbegu-protestat-e-shqiptareve-te-malit-te-zi-te-merren-seriozisht-nga-podgorica\/","name":"Nimanbegu: Protestat e shqiptar\u00ebve t\u00eb Malit t\u00eb Zi t\u00eb merren seriozisht nga Podgorica - Lajme nga Ulqini","isPartOf":{"@id":"https:\/\/www.visit-ulcinj.com\/blog\/#website"},"primaryImageOfPage":{"@id":"https:\/\/www.visit-ulcinj.com\/blog\/2014\/04\/18\/nimanbegu-protestat-e-shqiptareve-te-malit-te-zi-te-merren-seriozisht-nga-podgorica\/#primaryimage"},"datePublished":"2014-04-18T17:57:41+00:00","dateModified":"2014-04-18T17:58:15+00:00","author":{"@id":"https:\/\/www.visit-ulcinj.com\/blog\/#\/schema\/person\/dcab619c614d3038751c63bc2aadc06d"},"description":"Nga: ERION KACORRI TIRANE - Trevat shqiptare n\u00eb Malin e Zi mbeten t\u00eb pazhvilluara, niveli i papun\u00ebsis\u00eb \u00ebsht\u00eb shum\u00eb i lart\u00eb dhe problemet e shumta","breadcrumb":{"@id":"https:\/\/www.visit-ulcinj.com\/blog\/2014\/04\/18\/nimanbegu-protestat-e-shqiptareve-te-malit-te-zi-te-merren-seriozisht-nga-podgorica\/#breadcrumb"},"inLanguage":"en-US","potentialAction":[{"@type":"ReadAction","target":["https:\/\/www.visit-ulcinj.com\/blog\/2014\/04\/18\/nimanbegu-protestat-e-shqiptareve-te-malit-te-zi-te-merren-seriozisht-nga-podgorica\/"]}]},{"@type":"BreadcrumbList","@id":"https:\/\/www.visit-ulcinj.com\/blog\/2014\/04\/18\/nimanbegu-protestat-e-shqiptareve-te-malit-te-zi-te-merren-seriozisht-nga-podgorica\/#breadcrumb","itemListElement":[{"@type":"ListItem","position":1,"name":"Nimanbegu: Protestat e shqiptar\u00ebve t\u00eb Malit t\u00eb Zi t\u00eb merren seriozisht nga Podgorica"}]},{"@type":"Person","@id":"https:\/\/www.visit-ulcinj.com\/blog\/#\/schema\/person\/dcab619c614d3038751c63bc2aadc06d","name":"ulqini","sameAs":["http:\/\/www.visit-ulcinj.com"],"url":"https:\/\/www.visit-ulcinj.com\/blog\/author\/admin\/"}]}},"jetpack_featured_media_url":"","jetpack_sharing_enabled":true,"jetpack_shortlink":"https:\/\/wp.me\/pe6lTn-lf1","_links":{"self":[{"href":"https:\/\/www.visit-ulcinj.com\/blog\/wp-json\/wp\/v2\/posts\/81655"}],"collection":[{"href":"https:\/\/www.visit-ulcinj.com\/blog\/wp-json\/wp\/v2\/posts"}],"about":[{"href":"https:\/\/www.visit-ulcinj.com\/blog\/wp-json\/wp\/v2\/types\/post"}],"author":[{"embeddable":true,"href":"https:\/\/www.visit-ulcinj.com\/blog\/wp-json\/wp\/v2\/users\/1"}],"replies":[{"embeddable":true,"href":"https:\/\/www.visit-ulcinj.com\/blog\/wp-json\/wp\/v2\/comments?post=81655"}],"version-history":[{"count":2,"href":"https:\/\/www.visit-ulcinj.com\/blog\/wp-json\/wp\/v2\/posts\/81655\/revisions"}],"predecessor-version":[{"id":81660,"href":"https:\/\/www.visit-ulcinj.com\/blog\/wp-json\/wp\/v2\/posts\/81655\/revisions\/81660"}],"wp:attachment":[{"href":"https:\/\/www.visit-ulcinj.com\/blog\/wp-json\/wp\/v2\/media?parent=81655"}],"wp:term":[{"taxonomy":"category","embeddable":true,"href":"https:\/\/www.visit-ulcinj.com\/blog\/wp-json\/wp\/v2\/categories?post=81655"},{"taxonomy":"post_tag","embeddable":true,"href":"https:\/\/www.visit-ulcinj.com\/blog\/wp-json\/wp\/v2\/tags?post=81655"}],"curies":[{"name":"wp","href":"https:\/\/api.w.org\/{rel}","templated":true}]}}