{"id":81662,"date":"2014-04-18T19:11:53","date_gmt":"2014-04-18T18:11:53","guid":{"rendered":"http:\/\/www.visit-ulcinj.com\/blog\/?p=81662"},"modified":"2014-04-20T14:33:09","modified_gmt":"2014-04-20T13:33:09","slug":"pozitivna-ulcinj-cestitka-za-uskrs","status":"publish","type":"post","link":"https:\/\/www.visit-ulcinj.com\/blog\/2014\/04\/18\/pozitivna-ulcinj-cestitka-za-uskrs\/","title":{"rendered":"Pozitivna Ulcinj: \u010cESTITKA ZA USKRS"},"content":{"rendered":"<p align=\"center\"><b>\u010cESTITKA ZA USKRS<\/b><\/p>\n<p><a href=\"http:\/\/www.visit-ulcinj.com\/blog\/wp-content\/uploads\/2014\/01\/Dritan-Abazovic-Ulcinj.jpg\"><img loading=\"lazy\" class=\"alignleft  wp-image-78749\" alt=\"Dritan-Abazovic-Ulcinj\" src=\"http:\/\/www.visit-ulcinj.com\/blog\/wp-content\/uploads\/2014\/01\/Dritan-Abazovic-Ulcinj.jpg\" width=\"508\" height=\"360\" \/><\/a>Povodom najve\u0107eg hri\u0161\u0107anskog praznika Uskrsa, svim gra\u0111anima Ulcinja\u00a0 pravoslavne i katoli\u010dke vjeroisposvjesti upu\u0107ujemo najskrenije \u010destitke, uz nadu da \u0107e i ovaj praznik proslvaiti u miru i radosti, kao i da \u0107e sa porodicom, kom\u0161ijama i prijateljima u\u017eivati u prijatnoj atmosferi kako to dolikuje pravim vjernicima.<\/p>\n<p>U nadi da \u0107e Uskris makar i simboli\u010dno ozna\u010diti neki novi, bolji po\u010detak za sve gra\u0111ane Ulcinja, kao i uz \u017eelji da se ideja uskrnu\u0107a shvati u punom smilu kao pobjeda dobra nad zlom, u svoje li\u010dno ime kao i u ime OO PCG Ulcinj, primite na\u0161e srda\u010dne \u010destitke od srca.<\/p>\n<p>&nbsp;<\/p>\n<p align=\"right\"><strong>Predsjenik OO PCG<\/strong><\/p>\n<p align=\"right\"><strong>mr Dritan Abazovic<\/strong><\/p>\n","protected":false},"excerpt":{"rendered":"<p>\u010cESTITKA ZA USKRS Povodom najve\u0107eg hri\u0161\u0107anskog praznika Uskrsa, svim gra\u0111anima Ulcinja\u00a0 pravoslavne i katoli\u010dke vjeroisposvjesti upu\u0107ujemo najskrenije \u010destitke, uz nadu da \u0107e i ovaj praznik proslvaiti u miru i radosti, kao i da \u0107e sa porodicom, kom\u0161ijama i prijateljima u\u017eivati u prijatnoj atmosferi kako to dolikuje pravim vjernicima. U nadi da \u0107e Uskris makar i [&hellip;]<\/p>\n","protected":false},"author":1,"featured_media":0,"comment_status":"closed","ping_status":"closed","sticky":false,"template":"","format":"standard","meta":{"spay_email":"","jetpack_publicize_message":"","jetpack_is_tweetstorm":false,"jetpack_publicize_feature_enabled":true},"categories":[8337],"tags":[],"jetpack_publicize_connections":[],"yoast_head":"<!-- This site is optimized with the Yoast SEO plugin v19.1 - https:\/\/yoast.com\/wordpress\/plugins\/seo\/ -->\n<title>Pozitivna Ulcinj: \u010cESTITKA ZA USKRS - Lajme nga Ulqini<\/title>\n<meta name=\"description\" content=\"\u010cESTITKA ZA USKRS Povodom najve\u0107eg hri\u0161\u0107anskog praznika Uskrsa, svim gra\u0111anima Ulcinja\u00a0 pravoslavne i katoli\u010dke vjeroisposvjesti upu\u0107ujemo najskrenije\" \/>\n<meta name=\"robots\" content=\"index, follow, max-snippet:-1, max-image-preview:large, max-video-preview:-1\" \/>\n<link rel=\"canonical\" href=\"https:\/\/www.visit-ulcinj.com\/blog\/2014\/04\/18\/pozitivna-ulcinj-cestitka-za-uskrs\/\" \/>\n<meta property=\"og:locale\" content=\"en_US\" \/>\n<meta property=\"og:type\" content=\"article\" \/>\n<meta property=\"og:title\" content=\"Pozitivna Ulcinj: \u010cESTITKA ZA USKRS - Lajme nga Ulqini\" \/>\n<meta property=\"og:description\" content=\"\u010cESTITKA ZA USKRS Povodom najve\u0107eg hri\u0161\u0107anskog praznika Uskrsa, svim gra\u0111anima Ulcinja\u00a0 pravoslavne i katoli\u010dke vjeroisposvjesti upu\u0107ujemo najskrenije\" \/>\n<meta property=\"og:url\" content=\"https:\/\/www.visit-ulcinj.com\/blog\/2014\/04\/18\/pozitivna-ulcinj-cestitka-za-uskrs\/\" \/>\n<meta property=\"og:site_name\" content=\"Lajme nga Ulqini\" \/>\n<meta property=\"article:published_time\" content=\"2014-04-18T18:11:53+00:00\" \/>\n<meta property=\"article:modified_time\" content=\"2014-04-20T13:33:09+00:00\" \/>\n<meta property=\"og:image\" content=\"http:\/\/www.visit-ulcinj.com\/blog\/wp-content\/uploads\/2014\/01\/Dritan-Abazovic-Ulcinj.jpg\" \/>\n<meta name=\"twitter:label1\" content=\"Written by\" \/>\n\t<meta name=\"twitter:data1\" content=\"ulqini\" \/>\n\t<meta name=\"twitter:label2\" content=\"Est. reading time\" \/>\n\t<meta name=\"twitter:data2\" content=\"1 minute\" \/>\n<script type=\"application\/ld+json\" class=\"yoast-schema-graph\">{\"@context\":\"https:\/\/schema.org\",\"@graph\":[{\"@type\":\"WebSite\",\"@id\":\"https:\/\/www.visit-ulcinj.com\/blog\/#website\",\"url\":\"https:\/\/www.visit-ulcinj.com\/blog\/\",\"name\":\"Lajme nga Ulqini\",\"description\":\"Lajme,Vijesti,Ulqini,Ulqin,Crna Gora,Mali i Zi\",\"potentialAction\":[{\"@type\":\"SearchAction\",\"target\":{\"@type\":\"EntryPoint\",\"urlTemplate\":\"https:\/\/www.visit-ulcinj.com\/blog\/?s={search_term_string}\"},\"query-input\":\"required name=search_term_string\"}],\"inLanguage\":\"en-US\"},{\"@type\":\"ImageObject\",\"inLanguage\":\"en-US\",\"@id\":\"https:\/\/www.visit-ulcinj.com\/blog\/2014\/04\/18\/pozitivna-ulcinj-cestitka-za-uskrs\/#primaryimage\",\"url\":\"https:\/\/www.visit-ulcinj.com\/blog\/wp-content\/uploads\/2014\/01\/Dritan-Abazovic-Ulcinj.jpg\",\"contentUrl\":\"https:\/\/www.visit-ulcinj.com\/blog\/wp-content\/uploads\/2014\/01\/Dritan-Abazovic-Ulcinj.jpg\",\"width\":1024,\"height\":471},{\"@type\":\"WebPage\",\"@id\":\"https:\/\/www.visit-ulcinj.com\/blog\/2014\/04\/18\/pozitivna-ulcinj-cestitka-za-uskrs\/#webpage\",\"url\":\"https:\/\/www.visit-ulcinj.com\/blog\/2014\/04\/18\/pozitivna-ulcinj-cestitka-za-uskrs\/\",\"name\":\"Pozitivna Ulcinj: \u010cESTITKA ZA USKRS - Lajme nga Ulqini\",\"isPartOf\":{\"@id\":\"https:\/\/www.visit-ulcinj.com\/blog\/#website\"},\"primaryImageOfPage\":{\"@id\":\"https:\/\/www.visit-ulcinj.com\/blog\/2014\/04\/18\/pozitivna-ulcinj-cestitka-za-uskrs\/#primaryimage\"},\"datePublished\":\"2014-04-18T18:11:53+00:00\",\"dateModified\":\"2014-04-20T13:33:09+00:00\",\"author\":{\"@id\":\"https:\/\/www.visit-ulcinj.com\/blog\/#\/schema\/person\/dcab619c614d3038751c63bc2aadc06d\"},\"description\":\"\u010cESTITKA ZA USKRS Povodom najve\u0107eg hri\u0161\u0107anskog praznika Uskrsa, svim gra\u0111anima Ulcinja\u00a0 pravoslavne i katoli\u010dke vjeroisposvjesti upu\u0107ujemo najskrenije\",\"breadcrumb\":{\"@id\":\"https:\/\/www.visit-ulcinj.com\/blog\/2014\/04\/18\/pozitivna-ulcinj-cestitka-za-uskrs\/#breadcrumb\"},\"inLanguage\":\"en-US\",\"potentialAction\":[{\"@type\":\"ReadAction\",\"target\":[\"https:\/\/www.visit-ulcinj.com\/blog\/2014\/04\/18\/pozitivna-ulcinj-cestitka-za-uskrs\/\"]}]},{\"@type\":\"BreadcrumbList\",\"@id\":\"https:\/\/www.visit-ulcinj.com\/blog\/2014\/04\/18\/pozitivna-ulcinj-cestitka-za-uskrs\/#breadcrumb\",\"itemListElement\":[{\"@type\":\"ListItem\",\"position\":1,\"name\":\"Pozitivna Ulcinj: \u010cESTITKA ZA USKRS\"}]},{\"@type\":\"Person\",\"@id\":\"https:\/\/www.visit-ulcinj.com\/blog\/#\/schema\/person\/dcab619c614d3038751c63bc2aadc06d\",\"name\":\"ulqini\",\"sameAs\":[\"http:\/\/www.visit-ulcinj.com\"],\"url\":\"https:\/\/www.visit-ulcinj.com\/blog\/author\/admin\/\"}]}<\/script>\n<!-- \/ Yoast SEO plugin. -->","yoast_head_json":{"title":"Pozitivna Ulcinj: \u010cESTITKA ZA USKRS - Lajme nga Ulqini","description":"\u010cESTITKA ZA USKRS Povodom najve\u0107eg hri\u0161\u0107anskog praznika Uskrsa, svim gra\u0111anima Ulcinja\u00a0 pravoslavne i katoli\u010dke vjeroisposvjesti upu\u0107ujemo najskrenije","robots":{"index":"index","follow":"follow","max-snippet":"max-snippet:-1","max-image-preview":"max-image-preview:large","max-video-preview":"max-video-preview:-1"},"canonical":"https:\/\/www.visit-ulcinj.com\/blog\/2014\/04\/18\/pozitivna-ulcinj-cestitka-za-uskrs\/","og_locale":"en_US","og_type":"article","og_title":"Pozitivna Ulcinj: \u010cESTITKA ZA USKRS - Lajme nga Ulqini","og_description":"\u010cESTITKA ZA USKRS Povodom najve\u0107eg hri\u0161\u0107anskog praznika Uskrsa, svim gra\u0111anima Ulcinja\u00a0 pravoslavne i katoli\u010dke vjeroisposvjesti upu\u0107ujemo najskrenije","og_url":"https:\/\/www.visit-ulcinj.com\/blog\/2014\/04\/18\/pozitivna-ulcinj-cestitka-za-uskrs\/","og_site_name":"Lajme nga Ulqini","article_published_time":"2014-04-18T18:11:53+00:00","article_modified_time":"2014-04-20T13:33:09+00:00","og_image":[{"url":"http:\/\/www.visit-ulcinj.com\/blog\/wp-content\/uploads\/2014\/01\/Dritan-Abazovic-Ulcinj.jpg"}],"twitter_misc":{"Written by":"ulqini","Est. reading time":"1 minute"},"schema":{"@context":"https:\/\/schema.org","@graph":[{"@type":"WebSite","@id":"https:\/\/www.visit-ulcinj.com\/blog\/#website","url":"https:\/\/www.visit-ulcinj.com\/blog\/","name":"Lajme nga Ulqini","description":"Lajme,Vijesti,Ulqini,Ulqin,Crna Gora,Mali i Zi","potentialAction":[{"@type":"SearchAction","target":{"@type":"EntryPoint","urlTemplate":"https:\/\/www.visit-ulcinj.com\/blog\/?s={search_term_string}"},"query-input":"required name=search_term_string"}],"inLanguage":"en-US"},{"@type":"ImageObject","inLanguage":"en-US","@id":"https:\/\/www.visit-ulcinj.com\/blog\/2014\/04\/18\/pozitivna-ulcinj-cestitka-za-uskrs\/#primaryimage","url":"https:\/\/www.visit-ulcinj.com\/blog\/wp-content\/uploads\/2014\/01\/Dritan-Abazovic-Ulcinj.jpg","contentUrl":"https:\/\/www.visit-ulcinj.com\/blog\/wp-content\/uploads\/2014\/01\/Dritan-Abazovic-Ulcinj.jpg","width":1024,"height":471},{"@type":"WebPage","@id":"https:\/\/www.visit-ulcinj.com\/blog\/2014\/04\/18\/pozitivna-ulcinj-cestitka-za-uskrs\/#webpage","url":"https:\/\/www.visit-ulcinj.com\/blog\/2014\/04\/18\/pozitivna-ulcinj-cestitka-za-uskrs\/","name":"Pozitivna Ulcinj: \u010cESTITKA ZA USKRS - Lajme nga Ulqini","isPartOf":{"@id":"https:\/\/www.visit-ulcinj.com\/blog\/#website"},"primaryImageOfPage":{"@id":"https:\/\/www.visit-ulcinj.com\/blog\/2014\/04\/18\/pozitivna-ulcinj-cestitka-za-uskrs\/#primaryimage"},"datePublished":"2014-04-18T18:11:53+00:00","dateModified":"2014-04-20T13:33:09+00:00","author":{"@id":"https:\/\/www.visit-ulcinj.com\/blog\/#\/schema\/person\/dcab619c614d3038751c63bc2aadc06d"},"description":"\u010cESTITKA ZA USKRS Povodom najve\u0107eg hri\u0161\u0107anskog praznika Uskrsa, svim gra\u0111anima Ulcinja\u00a0 pravoslavne i katoli\u010dke vjeroisposvjesti upu\u0107ujemo najskrenije","breadcrumb":{"@id":"https:\/\/www.visit-ulcinj.com\/blog\/2014\/04\/18\/pozitivna-ulcinj-cestitka-za-uskrs\/#breadcrumb"},"inLanguage":"en-US","potentialAction":[{"@type":"ReadAction","target":["https:\/\/www.visit-ulcinj.com\/blog\/2014\/04\/18\/pozitivna-ulcinj-cestitka-za-uskrs\/"]}]},{"@type":"BreadcrumbList","@id":"https:\/\/www.visit-ulcinj.com\/blog\/2014\/04\/18\/pozitivna-ulcinj-cestitka-za-uskrs\/#breadcrumb","itemListElement":[{"@type":"ListItem","position":1,"name":"Pozitivna Ulcinj: \u010cESTITKA ZA USKRS"}]},{"@type":"Person","@id":"https:\/\/www.visit-ulcinj.com\/blog\/#\/schema\/person\/dcab619c614d3038751c63bc2aadc06d","name":"ulqini","sameAs":["http:\/\/www.visit-ulcinj.com"],"url":"https:\/\/www.visit-ulcinj.com\/blog\/author\/admin\/"}]}},"jetpack_featured_media_url":"","jetpack_sharing_enabled":true,"jetpack_shortlink":"https:\/\/wp.me\/pe6lTn-lf8","_links":{"self":[{"href":"https:\/\/www.visit-ulcinj.com\/blog\/wp-json\/wp\/v2\/posts\/81662"}],"collection":[{"href":"https:\/\/www.visit-ulcinj.com\/blog\/wp-json\/wp\/v2\/posts"}],"about":[{"href":"https:\/\/www.visit-ulcinj.com\/blog\/wp-json\/wp\/v2\/types\/post"}],"author":[{"embeddable":true,"href":"https:\/\/www.visit-ulcinj.com\/blog\/wp-json\/wp\/v2\/users\/1"}],"replies":[{"embeddable":true,"href":"https:\/\/www.visit-ulcinj.com\/blog\/wp-json\/wp\/v2\/comments?post=81662"}],"version-history":[{"count":1,"href":"https:\/\/www.visit-ulcinj.com\/blog\/wp-json\/wp\/v2\/posts\/81662\/revisions"}],"predecessor-version":[{"id":81663,"href":"https:\/\/www.visit-ulcinj.com\/blog\/wp-json\/wp\/v2\/posts\/81662\/revisions\/81663"}],"wp:attachment":[{"href":"https:\/\/www.visit-ulcinj.com\/blog\/wp-json\/wp\/v2\/media?parent=81662"}],"wp:term":[{"taxonomy":"category","embeddable":true,"href":"https:\/\/www.visit-ulcinj.com\/blog\/wp-json\/wp\/v2\/categories?post=81662"},{"taxonomy":"post_tag","embeddable":true,"href":"https:\/\/www.visit-ulcinj.com\/blog\/wp-json\/wp\/v2\/tags?post=81662"}],"curies":[{"name":"wp","href":"https:\/\/api.w.org\/{rel}","templated":true}]}}