{"id":81689,"date":"2014-04-19T18:14:51","date_gmt":"2014-04-19T17:14:51","guid":{"rendered":"http:\/\/www.visit-ulcinj.com\/blog\/?p=81689"},"modified":"2014-04-19T19:23:10","modified_gmt":"2014-04-19T18:23:10","slug":"ulqini-ne-hall-mbeturinat-video-tv-teuta","status":"publish","type":"post","link":"https:\/\/www.visit-ulcinj.com\/blog\/2014\/04\/19\/ulqini-ne-hall-mbeturinat-video-tv-teuta\/","title":{"rendered":"Ulqini n\u00eb hall me mbeturinat &#8211; Video TV Teuta"},"content":{"rendered":"<p><a href=\"http:\/\/www.visit-ulcinj.com\/blog\/wp-content\/uploads\/2014\/04\/DEPONIJA.jpg\"><img loading=\"lazy\" class=\"alignleft  wp-image-81684\" alt=\"DEPONIJA\" src=\"http:\/\/www.visit-ulcinj.com\/blog\/wp-content\/uploads\/2014\/04\/DEPONIJA.jpg\" width=\"508\" height=\"360\" \/><\/a>TV Teuta k\u00ebto dit\u00eb b\u00ebri nj\u00eb reportazhe mbi deponin\u00eb e eg\u00ebr q\u00eb \u00ebsht\u00eb shum\u00eb alarmante n\u00eb komun\u00ebn e Ulqinit.<br \/>\nSi duket qytetit t\u00eb Ulqinit nuk i shkon pa nj\u00eb deponi t\u00eb eg\u00ebr gjat\u00eb.<br \/>\nSituata \u00ebsht\u00eb thuajse e nj\u00ebjt\u00eb si edhe para disa viteve kur ky qytet si dhe fshatrat p\u00ebr rreth sikurse Bratica, Mali i bardhe, rruga q\u00eb \u00e7on\u00eb p\u00ebr n\u00eb Kru\u00e7, apo rruga p\u00ebr gjirin e Valdanosit sikurse edhe deponit e egra n\u00eb plazhin e madh\u00eb, port milen\u00eb deri n\u00eb ishullin e lumit Buna jan t\u00eb rrezikuar nga s\u00ebmundjet e ndryshme nga sasia e madhe e hedhurinave e grumbulluara.<br \/>\nGjat\u00eb grumbullimit t\u00eb hedhurinave dhe mos transportit t\u00eb tyre, por edhe n\u00ebse transportohen, ai vend b\u00ebhet \u00e7erdhe e insekteve t\u00eb ndryshme, shpez\u00ebve t\u00eb cil\u00ebt m\u00eb pas e p\u00ebrhapin ndonj\u00eb epidemi. Ai vend \u00a0\u00ebsht\u00eb potencial p\u00ebr epidemi t\u00eb ndryshme prandaj dislokimi i saj do t\u00eb ishte zgjidhja m\u00eb e mir\u00eb.<\/p>\n<p><strong>Video Tv Teuta \u2013 Suzana Ganic<\/strong><\/p>\n<!--YouTube Error: bad URL entered-->\n","protected":false},"excerpt":{"rendered":"<p>TV Teuta k\u00ebto dit\u00eb b\u00ebri nj\u00eb reportazhe mbi deponin\u00eb e eg\u00ebr q\u00eb \u00ebsht\u00eb shum\u00eb alarmante n\u00eb komun\u00ebn e Ulqinit. Si duket qytetit t\u00eb Ulqinit nuk i shkon pa nj\u00eb deponi t\u00eb eg\u00ebr gjat\u00eb. Situata \u00ebsht\u00eb thuajse e nj\u00ebjt\u00eb si edhe para disa viteve kur ky qytet si dhe fshatrat p\u00ebr rreth sikurse Bratica, Mali i [&hellip;]<\/p>\n","protected":false},"author":1,"featured_media":0,"comment_status":"closed","ping_status":"closed","sticky":false,"template":"","format":"standard","meta":{"spay_email":"","jetpack_publicize_message":"","jetpack_is_tweetstorm":false,"jetpack_publicize_feature_enabled":true},"categories":[11],"tags":[],"jetpack_publicize_connections":[],"yoast_head":"<!-- This site is optimized with the Yoast SEO plugin v19.1 - https:\/\/yoast.com\/wordpress\/plugins\/seo\/ -->\n<title>Ulqini n\u00eb hall me mbeturinat - Video TV Teuta - Lajme nga Ulqini<\/title>\n<meta name=\"description\" content=\"TV Teuta k\u00ebto dit\u00eb b\u00ebri nj\u00eb reportazhe mbi deponin\u00eb e eg\u00ebr q\u00eb \u00ebsht\u00eb shum\u00eb alarmante n\u00eb komun\u00ebn e Ulqinit. Si duket qytetit t\u00eb Ulqinit nuk i shkon pa nj\u00eb\" \/>\n<meta name=\"robots\" content=\"index, follow, max-snippet:-1, max-image-preview:large, max-video-preview:-1\" \/>\n<link rel=\"canonical\" href=\"https:\/\/www.visit-ulcinj.com\/blog\/2014\/04\/19\/ulqini-ne-hall-mbeturinat-video-tv-teuta\/\" \/>\n<meta property=\"og:locale\" content=\"en_US\" \/>\n<meta property=\"og:type\" content=\"article\" \/>\n<meta property=\"og:title\" content=\"Ulqini n\u00eb hall me mbeturinat - Video TV Teuta - Lajme nga Ulqini\" \/>\n<meta property=\"og:description\" content=\"TV Teuta k\u00ebto dit\u00eb b\u00ebri nj\u00eb reportazhe mbi deponin\u00eb e eg\u00ebr q\u00eb \u00ebsht\u00eb shum\u00eb alarmante n\u00eb komun\u00ebn e Ulqinit. Si duket qytetit t\u00eb Ulqinit nuk i shkon pa nj\u00eb\" \/>\n<meta property=\"og:url\" content=\"https:\/\/www.visit-ulcinj.com\/blog\/2014\/04\/19\/ulqini-ne-hall-mbeturinat-video-tv-teuta\/\" \/>\n<meta property=\"og:site_name\" content=\"Lajme nga Ulqini\" \/>\n<meta property=\"article:published_time\" content=\"2014-04-19T17:14:51+00:00\" \/>\n<meta property=\"article:modified_time\" content=\"2014-04-19T18:23:10+00:00\" \/>\n<meta property=\"og:image\" content=\"http:\/\/www.visit-ulcinj.com\/blog\/wp-content\/uploads\/2014\/04\/DEPONIJA.jpg\" \/>\n<meta name=\"twitter:label1\" content=\"Written by\" \/>\n\t<meta name=\"twitter:data1\" content=\"ulqini\" \/>\n\t<meta name=\"twitter:label2\" content=\"Est. reading time\" \/>\n\t<meta name=\"twitter:data2\" content=\"1 minute\" \/>\n<script type=\"application\/ld+json\" class=\"yoast-schema-graph\">{\"@context\":\"https:\/\/schema.org\",\"@graph\":[{\"@type\":\"WebSite\",\"@id\":\"https:\/\/www.visit-ulcinj.com\/blog\/#website\",\"url\":\"https:\/\/www.visit-ulcinj.com\/blog\/\",\"name\":\"Lajme nga Ulqini\",\"description\":\"Lajme,Vijesti,Ulqini,Ulqin,Crna Gora,Mali i Zi\",\"potentialAction\":[{\"@type\":\"SearchAction\",\"target\":{\"@type\":\"EntryPoint\",\"urlTemplate\":\"https:\/\/www.visit-ulcinj.com\/blog\/?s={search_term_string}\"},\"query-input\":\"required name=search_term_string\"}],\"inLanguage\":\"en-US\"},{\"@type\":\"ImageObject\",\"inLanguage\":\"en-US\",\"@id\":\"https:\/\/www.visit-ulcinj.com\/blog\/2014\/04\/19\/ulqini-ne-hall-mbeturinat-video-tv-teuta\/#primaryimage\",\"url\":\"https:\/\/www.visit-ulcinj.com\/blog\/wp-content\/uploads\/2014\/04\/DEPONIJA.jpg\",\"contentUrl\":\"https:\/\/www.visit-ulcinj.com\/blog\/wp-content\/uploads\/2014\/04\/DEPONIJA.jpg\",\"width\":690,\"height\":400},{\"@type\":\"WebPage\",\"@id\":\"https:\/\/www.visit-ulcinj.com\/blog\/2014\/04\/19\/ulqini-ne-hall-mbeturinat-video-tv-teuta\/#webpage\",\"url\":\"https:\/\/www.visit-ulcinj.com\/blog\/2014\/04\/19\/ulqini-ne-hall-mbeturinat-video-tv-teuta\/\",\"name\":\"Ulqini n\u00eb hall me mbeturinat - Video TV Teuta - Lajme nga Ulqini\",\"isPartOf\":{\"@id\":\"https:\/\/www.visit-ulcinj.com\/blog\/#website\"},\"primaryImageOfPage\":{\"@id\":\"https:\/\/www.visit-ulcinj.com\/blog\/2014\/04\/19\/ulqini-ne-hall-mbeturinat-video-tv-teuta\/#primaryimage\"},\"datePublished\":\"2014-04-19T17:14:51+00:00\",\"dateModified\":\"2014-04-19T18:23:10+00:00\",\"author\":{\"@id\":\"https:\/\/www.visit-ulcinj.com\/blog\/#\/schema\/person\/dcab619c614d3038751c63bc2aadc06d\"},\"description\":\"TV Teuta k\u00ebto dit\u00eb b\u00ebri nj\u00eb reportazhe mbi deponin\u00eb e eg\u00ebr q\u00eb \u00ebsht\u00eb shum\u00eb alarmante n\u00eb komun\u00ebn e Ulqinit. Si duket qytetit t\u00eb Ulqinit nuk i shkon pa nj\u00eb\",\"breadcrumb\":{\"@id\":\"https:\/\/www.visit-ulcinj.com\/blog\/2014\/04\/19\/ulqini-ne-hall-mbeturinat-video-tv-teuta\/#breadcrumb\"},\"inLanguage\":\"en-US\",\"potentialAction\":[{\"@type\":\"ReadAction\",\"target\":[\"https:\/\/www.visit-ulcinj.com\/blog\/2014\/04\/19\/ulqini-ne-hall-mbeturinat-video-tv-teuta\/\"]}]},{\"@type\":\"BreadcrumbList\",\"@id\":\"https:\/\/www.visit-ulcinj.com\/blog\/2014\/04\/19\/ulqini-ne-hall-mbeturinat-video-tv-teuta\/#breadcrumb\",\"itemListElement\":[{\"@type\":\"ListItem\",\"position\":1,\"name\":\"Ulqini n\u00eb hall me mbeturinat &#8211; Video TV Teuta\"}]},{\"@type\":\"Person\",\"@id\":\"https:\/\/www.visit-ulcinj.com\/blog\/#\/schema\/person\/dcab619c614d3038751c63bc2aadc06d\",\"name\":\"ulqini\",\"sameAs\":[\"http:\/\/www.visit-ulcinj.com\"],\"url\":\"https:\/\/www.visit-ulcinj.com\/blog\/author\/admin\/\"}]}<\/script>\n<!-- \/ Yoast SEO plugin. -->","yoast_head_json":{"title":"Ulqini n\u00eb hall me mbeturinat - Video TV Teuta - Lajme nga Ulqini","description":"TV Teuta k\u00ebto dit\u00eb b\u00ebri nj\u00eb reportazhe mbi deponin\u00eb e eg\u00ebr q\u00eb \u00ebsht\u00eb shum\u00eb alarmante n\u00eb komun\u00ebn e Ulqinit. Si duket qytetit t\u00eb Ulqinit nuk i shkon pa nj\u00eb","robots":{"index":"index","follow":"follow","max-snippet":"max-snippet:-1","max-image-preview":"max-image-preview:large","max-video-preview":"max-video-preview:-1"},"canonical":"https:\/\/www.visit-ulcinj.com\/blog\/2014\/04\/19\/ulqini-ne-hall-mbeturinat-video-tv-teuta\/","og_locale":"en_US","og_type":"article","og_title":"Ulqini n\u00eb hall me mbeturinat - Video TV Teuta - Lajme nga Ulqini","og_description":"TV Teuta k\u00ebto dit\u00eb b\u00ebri nj\u00eb reportazhe mbi deponin\u00eb e eg\u00ebr q\u00eb \u00ebsht\u00eb shum\u00eb alarmante n\u00eb komun\u00ebn e Ulqinit. Si duket qytetit t\u00eb Ulqinit nuk i shkon pa nj\u00eb","og_url":"https:\/\/www.visit-ulcinj.com\/blog\/2014\/04\/19\/ulqini-ne-hall-mbeturinat-video-tv-teuta\/","og_site_name":"Lajme nga Ulqini","article_published_time":"2014-04-19T17:14:51+00:00","article_modified_time":"2014-04-19T18:23:10+00:00","og_image":[{"url":"http:\/\/www.visit-ulcinj.com\/blog\/wp-content\/uploads\/2014\/04\/DEPONIJA.jpg"}],"twitter_misc":{"Written by":"ulqini","Est. reading time":"1 minute"},"schema":{"@context":"https:\/\/schema.org","@graph":[{"@type":"WebSite","@id":"https:\/\/www.visit-ulcinj.com\/blog\/#website","url":"https:\/\/www.visit-ulcinj.com\/blog\/","name":"Lajme nga Ulqini","description":"Lajme,Vijesti,Ulqini,Ulqin,Crna Gora,Mali i Zi","potentialAction":[{"@type":"SearchAction","target":{"@type":"EntryPoint","urlTemplate":"https:\/\/www.visit-ulcinj.com\/blog\/?s={search_term_string}"},"query-input":"required name=search_term_string"}],"inLanguage":"en-US"},{"@type":"ImageObject","inLanguage":"en-US","@id":"https:\/\/www.visit-ulcinj.com\/blog\/2014\/04\/19\/ulqini-ne-hall-mbeturinat-video-tv-teuta\/#primaryimage","url":"https:\/\/www.visit-ulcinj.com\/blog\/wp-content\/uploads\/2014\/04\/DEPONIJA.jpg","contentUrl":"https:\/\/www.visit-ulcinj.com\/blog\/wp-content\/uploads\/2014\/04\/DEPONIJA.jpg","width":690,"height":400},{"@type":"WebPage","@id":"https:\/\/www.visit-ulcinj.com\/blog\/2014\/04\/19\/ulqini-ne-hall-mbeturinat-video-tv-teuta\/#webpage","url":"https:\/\/www.visit-ulcinj.com\/blog\/2014\/04\/19\/ulqini-ne-hall-mbeturinat-video-tv-teuta\/","name":"Ulqini n\u00eb hall me mbeturinat - Video TV Teuta - Lajme nga Ulqini","isPartOf":{"@id":"https:\/\/www.visit-ulcinj.com\/blog\/#website"},"primaryImageOfPage":{"@id":"https:\/\/www.visit-ulcinj.com\/blog\/2014\/04\/19\/ulqini-ne-hall-mbeturinat-video-tv-teuta\/#primaryimage"},"datePublished":"2014-04-19T17:14:51+00:00","dateModified":"2014-04-19T18:23:10+00:00","author":{"@id":"https:\/\/www.visit-ulcinj.com\/blog\/#\/schema\/person\/dcab619c614d3038751c63bc2aadc06d"},"description":"TV Teuta k\u00ebto dit\u00eb b\u00ebri nj\u00eb reportazhe mbi deponin\u00eb e eg\u00ebr q\u00eb \u00ebsht\u00eb shum\u00eb alarmante n\u00eb komun\u00ebn e Ulqinit. Si duket qytetit t\u00eb Ulqinit nuk i shkon pa nj\u00eb","breadcrumb":{"@id":"https:\/\/www.visit-ulcinj.com\/blog\/2014\/04\/19\/ulqini-ne-hall-mbeturinat-video-tv-teuta\/#breadcrumb"},"inLanguage":"en-US","potentialAction":[{"@type":"ReadAction","target":["https:\/\/www.visit-ulcinj.com\/blog\/2014\/04\/19\/ulqini-ne-hall-mbeturinat-video-tv-teuta\/"]}]},{"@type":"BreadcrumbList","@id":"https:\/\/www.visit-ulcinj.com\/blog\/2014\/04\/19\/ulqini-ne-hall-mbeturinat-video-tv-teuta\/#breadcrumb","itemListElement":[{"@type":"ListItem","position":1,"name":"Ulqini n\u00eb hall me mbeturinat &#8211; Video TV Teuta"}]},{"@type":"Person","@id":"https:\/\/www.visit-ulcinj.com\/blog\/#\/schema\/person\/dcab619c614d3038751c63bc2aadc06d","name":"ulqini","sameAs":["http:\/\/www.visit-ulcinj.com"],"url":"https:\/\/www.visit-ulcinj.com\/blog\/author\/admin\/"}]}},"jetpack_featured_media_url":"","jetpack_sharing_enabled":true,"jetpack_shortlink":"https:\/\/wp.me\/pe6lTn-lfz","_links":{"self":[{"href":"https:\/\/www.visit-ulcinj.com\/blog\/wp-json\/wp\/v2\/posts\/81689"}],"collection":[{"href":"https:\/\/www.visit-ulcinj.com\/blog\/wp-json\/wp\/v2\/posts"}],"about":[{"href":"https:\/\/www.visit-ulcinj.com\/blog\/wp-json\/wp\/v2\/types\/post"}],"author":[{"embeddable":true,"href":"https:\/\/www.visit-ulcinj.com\/blog\/wp-json\/wp\/v2\/users\/1"}],"replies":[{"embeddable":true,"href":"https:\/\/www.visit-ulcinj.com\/blog\/wp-json\/wp\/v2\/comments?post=81689"}],"version-history":[{"count":2,"href":"https:\/\/www.visit-ulcinj.com\/blog\/wp-json\/wp\/v2\/posts\/81689\/revisions"}],"predecessor-version":[{"id":81691,"href":"https:\/\/www.visit-ulcinj.com\/blog\/wp-json\/wp\/v2\/posts\/81689\/revisions\/81691"}],"wp:attachment":[{"href":"https:\/\/www.visit-ulcinj.com\/blog\/wp-json\/wp\/v2\/media?parent=81689"}],"wp:term":[{"taxonomy":"category","embeddable":true,"href":"https:\/\/www.visit-ulcinj.com\/blog\/wp-json\/wp\/v2\/categories?post=81689"},{"taxonomy":"post_tag","embeddable":true,"href":"https:\/\/www.visit-ulcinj.com\/blog\/wp-json\/wp\/v2\/tags?post=81689"}],"curies":[{"name":"wp","href":"https:\/\/api.w.org\/{rel}","templated":true}]}}