{"id":81695,"date":"2014-04-20T14:31:43","date_gmt":"2014-04-20T13:31:43","guid":{"rendered":"http:\/\/www.visit-ulcinj.com\/blog\/?p=81695"},"modified":"2014-04-20T22:14:11","modified_gmt":"2014-04-20T21:14:11","slug":"urime-per-festen-e-pashkeve-nga-partia-demokratike","status":"publish","type":"post","link":"https:\/\/www.visit-ulcinj.com\/blog\/2014\/04\/20\/urime-per-festen-e-pashkeve-nga-partia-demokratike\/","title":{"rendered":"Urime p\u00ebr Fest\u00ebn e Pashk\u00ebve nga Partia Demokratike"},"content":{"rendered":"<p><a href=\"http:\/\/www.visit-ulcinj.com\/blog\/wp-content\/uploads\/2014\/04\/Partia-Demokratike-pashket.jpg\"><img loading=\"lazy\" class=\"alignleft  wp-image-81696\" alt=\"Partia Demokratike-pashket\" src=\"http:\/\/www.visit-ulcinj.com\/blog\/wp-content\/uploads\/2014\/04\/Partia-Demokratike-pashket.jpg\" width=\"360\" height=\"244\" srcset=\"https:\/\/www.visit-ulcinj.com\/blog\/wp-content\/uploads\/2014\/04\/Partia-Demokratike-pashket.jpg 360w, https:\/\/www.visit-ulcinj.com\/blog\/wp-content\/uploads\/2014\/04\/Partia-Demokratike-pashket-300x203.jpg 300w\" sizes=\"(max-width: 360px) 100vw, 360px\" \/><\/a><strong>Te nderuar besimtar te konfesionit katolik dhe ortodoks<\/strong><\/p>\n<p>Ne emer te Partis Demokratike me rastin e festes me te madhe krishtere\u00a0 pranoni urimet me te sinqerta, duke iu uruar\u00a0 qe\u00a0 paqja, bekimi, lumturija, harmonija, falja dhe dashurija mbreterofshin nder familjet tuaja.<\/p>\n<p>Populli yn\u00eb, me gjith\u00eb sfidat p\u00ebrball\u00eb, ka arritur t\u00eb rreshtohet drejt\u00eb n\u00eb tavolin\u00ebn e qytet\u00ebrimeve t\u00eb kultivuara e t\u00eb p\u00ebrparuara, duke v\u00ebn\u00eb p\u00ebrpara vlerat e tij kulturore, njer\u00ebzore dhe nacionale.<\/p>\n<p>Andaj kjo feste le te jete festa e tolerances, mirekuptimit dhe dashurise mes shqiptareve , te te gjitha besimeve te te gjitha kulturave, traditave dhe dialogut te qytetarise.<\/p>\n<p>Me shpresen qe festa e ringjalljes na simbolizon nje fillim te ri, ajo na shp\u00ebrfaqet edhe sot, si nj\u00eb detyrim, q\u00eb t\u00eb b\u00ebjm\u00eb p\u00ebrpjekjet maksimale q\u00eb t\u00eb ringritemi fuqish\u00ebm q\u00eb bashk\u00ebrisht t\u00eb angazhohemi p\u00ebr m\u00eb shum\u00eb mir\u00ebqenie dhe zhvillim n\u00eb qytetin tone.<\/p>\n<p>&nbsp;<\/p>\n<p>Urime Pashket!<\/p>\n<p>Sherbimi per informim i PD-se!<\/p>\n","protected":false},"excerpt":{"rendered":"<p>Te nderuar besimtar te konfesionit katolik dhe ortodoks Ne emer te Partis Demokratike me rastin e festes me te madhe krishtere\u00a0 pranoni urimet me te sinqerta, duke iu uruar\u00a0 qe\u00a0 paqja, bekimi, lumturija, harmonija, falja dhe dashurija mbreterofshin nder familjet tuaja. Populli yn\u00eb, me gjith\u00eb sfidat p\u00ebrball\u00eb, ka arritur t\u00eb rreshtohet drejt\u00eb n\u00eb tavolin\u00ebn e [&hellip;]<\/p>\n","protected":false},"author":1,"featured_media":0,"comment_status":"closed","ping_status":"closed","sticky":false,"template":"","format":"standard","meta":{"spay_email":"","jetpack_publicize_message":"","jetpack_is_tweetstorm":false,"jetpack_publicize_feature_enabled":true},"categories":[6950],"tags":[],"jetpack_publicize_connections":[],"yoast_head":"<!-- This site is optimized with the Yoast SEO plugin v19.1 - https:\/\/yoast.com\/wordpress\/plugins\/seo\/ -->\n<title>Urime p\u00ebr Fest\u00ebn e Pashk\u00ebve nga Partia Demokratike - Lajme nga Ulqini<\/title>\n<meta name=\"description\" content=\"Te nderuar besimtar te konfesionit katolik dhe ortodoks Ne emer te Partis Demokratike me rastin e festes me te madhe krishtere\u00a0 pranoni urimet me te\" \/>\n<meta name=\"robots\" content=\"index, follow, max-snippet:-1, max-image-preview:large, max-video-preview:-1\" \/>\n<link rel=\"canonical\" href=\"https:\/\/www.visit-ulcinj.com\/blog\/2014\/04\/20\/urime-per-festen-e-pashkeve-nga-partia-demokratike\/\" \/>\n<meta property=\"og:locale\" content=\"en_US\" \/>\n<meta property=\"og:type\" content=\"article\" \/>\n<meta property=\"og:title\" content=\"Urime p\u00ebr Fest\u00ebn e Pashk\u00ebve nga Partia Demokratike - Lajme nga Ulqini\" \/>\n<meta property=\"og:description\" content=\"Te nderuar besimtar te konfesionit katolik dhe ortodoks Ne emer te Partis Demokratike me rastin e festes me te madhe krishtere\u00a0 pranoni urimet me te\" \/>\n<meta property=\"og:url\" content=\"https:\/\/www.visit-ulcinj.com\/blog\/2014\/04\/20\/urime-per-festen-e-pashkeve-nga-partia-demokratike\/\" \/>\n<meta property=\"og:site_name\" content=\"Lajme nga Ulqini\" \/>\n<meta property=\"article:published_time\" content=\"2014-04-20T13:31:43+00:00\" \/>\n<meta property=\"article:modified_time\" content=\"2014-04-20T21:14:11+00:00\" \/>\n<meta property=\"og:image\" content=\"http:\/\/www.visit-ulcinj.com\/blog\/wp-content\/uploads\/2014\/04\/Partia-Demokratike-pashket.jpg\" \/>\n<meta name=\"twitter:label1\" content=\"Written by\" \/>\n\t<meta name=\"twitter:data1\" content=\"ulqini\" \/>\n\t<meta name=\"twitter:label2\" content=\"Est. reading time\" \/>\n\t<meta name=\"twitter:data2\" content=\"1 minute\" \/>\n<script type=\"application\/ld+json\" class=\"yoast-schema-graph\">{\"@context\":\"https:\/\/schema.org\",\"@graph\":[{\"@type\":\"WebSite\",\"@id\":\"https:\/\/www.visit-ulcinj.com\/blog\/#website\",\"url\":\"https:\/\/www.visit-ulcinj.com\/blog\/\",\"name\":\"Lajme nga Ulqini\",\"description\":\"Lajme,Vijesti,Ulqini,Ulqin,Crna Gora,Mali i Zi\",\"potentialAction\":[{\"@type\":\"SearchAction\",\"target\":{\"@type\":\"EntryPoint\",\"urlTemplate\":\"https:\/\/www.visit-ulcinj.com\/blog\/?s={search_term_string}\"},\"query-input\":\"required name=search_term_string\"}],\"inLanguage\":\"en-US\"},{\"@type\":\"ImageObject\",\"inLanguage\":\"en-US\",\"@id\":\"https:\/\/www.visit-ulcinj.com\/blog\/2014\/04\/20\/urime-per-festen-e-pashkeve-nga-partia-demokratike\/#primaryimage\",\"url\":\"https:\/\/www.visit-ulcinj.com\/blog\/wp-content\/uploads\/2014\/04\/Partia-Demokratike-pashket.jpg\",\"contentUrl\":\"https:\/\/www.visit-ulcinj.com\/blog\/wp-content\/uploads\/2014\/04\/Partia-Demokratike-pashket.jpg\",\"width\":360,\"height\":244},{\"@type\":\"WebPage\",\"@id\":\"https:\/\/www.visit-ulcinj.com\/blog\/2014\/04\/20\/urime-per-festen-e-pashkeve-nga-partia-demokratike\/#webpage\",\"url\":\"https:\/\/www.visit-ulcinj.com\/blog\/2014\/04\/20\/urime-per-festen-e-pashkeve-nga-partia-demokratike\/\",\"name\":\"Urime p\u00ebr Fest\u00ebn e Pashk\u00ebve nga Partia Demokratike - Lajme nga Ulqini\",\"isPartOf\":{\"@id\":\"https:\/\/www.visit-ulcinj.com\/blog\/#website\"},\"primaryImageOfPage\":{\"@id\":\"https:\/\/www.visit-ulcinj.com\/blog\/2014\/04\/20\/urime-per-festen-e-pashkeve-nga-partia-demokratike\/#primaryimage\"},\"datePublished\":\"2014-04-20T13:31:43+00:00\",\"dateModified\":\"2014-04-20T21:14:11+00:00\",\"author\":{\"@id\":\"https:\/\/www.visit-ulcinj.com\/blog\/#\/schema\/person\/dcab619c614d3038751c63bc2aadc06d\"},\"description\":\"Te nderuar besimtar te konfesionit katolik dhe ortodoks Ne emer te Partis Demokratike me rastin e festes me te madhe krishtere\u00a0 pranoni urimet me te\",\"breadcrumb\":{\"@id\":\"https:\/\/www.visit-ulcinj.com\/blog\/2014\/04\/20\/urime-per-festen-e-pashkeve-nga-partia-demokratike\/#breadcrumb\"},\"inLanguage\":\"en-US\",\"potentialAction\":[{\"@type\":\"ReadAction\",\"target\":[\"https:\/\/www.visit-ulcinj.com\/blog\/2014\/04\/20\/urime-per-festen-e-pashkeve-nga-partia-demokratike\/\"]}]},{\"@type\":\"BreadcrumbList\",\"@id\":\"https:\/\/www.visit-ulcinj.com\/blog\/2014\/04\/20\/urime-per-festen-e-pashkeve-nga-partia-demokratike\/#breadcrumb\",\"itemListElement\":[{\"@type\":\"ListItem\",\"position\":1,\"name\":\"Urime p\u00ebr Fest\u00ebn e Pashk\u00ebve nga Partia Demokratike\"}]},{\"@type\":\"Person\",\"@id\":\"https:\/\/www.visit-ulcinj.com\/blog\/#\/schema\/person\/dcab619c614d3038751c63bc2aadc06d\",\"name\":\"ulqini\",\"sameAs\":[\"http:\/\/www.visit-ulcinj.com\"],\"url\":\"https:\/\/www.visit-ulcinj.com\/blog\/author\/admin\/\"}]}<\/script>\n<!-- \/ Yoast SEO plugin. -->","yoast_head_json":{"title":"Urime p\u00ebr Fest\u00ebn e Pashk\u00ebve nga Partia Demokratike - Lajme nga Ulqini","description":"Te nderuar besimtar te konfesionit katolik dhe ortodoks Ne emer te Partis Demokratike me rastin e festes me te madhe krishtere\u00a0 pranoni urimet me te","robots":{"index":"index","follow":"follow","max-snippet":"max-snippet:-1","max-image-preview":"max-image-preview:large","max-video-preview":"max-video-preview:-1"},"canonical":"https:\/\/www.visit-ulcinj.com\/blog\/2014\/04\/20\/urime-per-festen-e-pashkeve-nga-partia-demokratike\/","og_locale":"en_US","og_type":"article","og_title":"Urime p\u00ebr Fest\u00ebn e Pashk\u00ebve nga Partia Demokratike - Lajme nga Ulqini","og_description":"Te nderuar besimtar te konfesionit katolik dhe ortodoks Ne emer te Partis Demokratike me rastin e festes me te madhe krishtere\u00a0 pranoni urimet me te","og_url":"https:\/\/www.visit-ulcinj.com\/blog\/2014\/04\/20\/urime-per-festen-e-pashkeve-nga-partia-demokratike\/","og_site_name":"Lajme nga Ulqini","article_published_time":"2014-04-20T13:31:43+00:00","article_modified_time":"2014-04-20T21:14:11+00:00","og_image":[{"url":"http:\/\/www.visit-ulcinj.com\/blog\/wp-content\/uploads\/2014\/04\/Partia-Demokratike-pashket.jpg"}],"twitter_misc":{"Written by":"ulqini","Est. reading time":"1 minute"},"schema":{"@context":"https:\/\/schema.org","@graph":[{"@type":"WebSite","@id":"https:\/\/www.visit-ulcinj.com\/blog\/#website","url":"https:\/\/www.visit-ulcinj.com\/blog\/","name":"Lajme nga Ulqini","description":"Lajme,Vijesti,Ulqini,Ulqin,Crna Gora,Mali i Zi","potentialAction":[{"@type":"SearchAction","target":{"@type":"EntryPoint","urlTemplate":"https:\/\/www.visit-ulcinj.com\/blog\/?s={search_term_string}"},"query-input":"required name=search_term_string"}],"inLanguage":"en-US"},{"@type":"ImageObject","inLanguage":"en-US","@id":"https:\/\/www.visit-ulcinj.com\/blog\/2014\/04\/20\/urime-per-festen-e-pashkeve-nga-partia-demokratike\/#primaryimage","url":"https:\/\/www.visit-ulcinj.com\/blog\/wp-content\/uploads\/2014\/04\/Partia-Demokratike-pashket.jpg","contentUrl":"https:\/\/www.visit-ulcinj.com\/blog\/wp-content\/uploads\/2014\/04\/Partia-Demokratike-pashket.jpg","width":360,"height":244},{"@type":"WebPage","@id":"https:\/\/www.visit-ulcinj.com\/blog\/2014\/04\/20\/urime-per-festen-e-pashkeve-nga-partia-demokratike\/#webpage","url":"https:\/\/www.visit-ulcinj.com\/blog\/2014\/04\/20\/urime-per-festen-e-pashkeve-nga-partia-demokratike\/","name":"Urime p\u00ebr Fest\u00ebn e Pashk\u00ebve nga Partia Demokratike - Lajme nga Ulqini","isPartOf":{"@id":"https:\/\/www.visit-ulcinj.com\/blog\/#website"},"primaryImageOfPage":{"@id":"https:\/\/www.visit-ulcinj.com\/blog\/2014\/04\/20\/urime-per-festen-e-pashkeve-nga-partia-demokratike\/#primaryimage"},"datePublished":"2014-04-20T13:31:43+00:00","dateModified":"2014-04-20T21:14:11+00:00","author":{"@id":"https:\/\/www.visit-ulcinj.com\/blog\/#\/schema\/person\/dcab619c614d3038751c63bc2aadc06d"},"description":"Te nderuar besimtar te konfesionit katolik dhe ortodoks Ne emer te Partis Demokratike me rastin e festes me te madhe krishtere\u00a0 pranoni urimet me te","breadcrumb":{"@id":"https:\/\/www.visit-ulcinj.com\/blog\/2014\/04\/20\/urime-per-festen-e-pashkeve-nga-partia-demokratike\/#breadcrumb"},"inLanguage":"en-US","potentialAction":[{"@type":"ReadAction","target":["https:\/\/www.visit-ulcinj.com\/blog\/2014\/04\/20\/urime-per-festen-e-pashkeve-nga-partia-demokratike\/"]}]},{"@type":"BreadcrumbList","@id":"https:\/\/www.visit-ulcinj.com\/blog\/2014\/04\/20\/urime-per-festen-e-pashkeve-nga-partia-demokratike\/#breadcrumb","itemListElement":[{"@type":"ListItem","position":1,"name":"Urime p\u00ebr Fest\u00ebn e Pashk\u00ebve nga Partia Demokratike"}]},{"@type":"Person","@id":"https:\/\/www.visit-ulcinj.com\/blog\/#\/schema\/person\/dcab619c614d3038751c63bc2aadc06d","name":"ulqini","sameAs":["http:\/\/www.visit-ulcinj.com"],"url":"https:\/\/www.visit-ulcinj.com\/blog\/author\/admin\/"}]}},"jetpack_featured_media_url":"","jetpack_sharing_enabled":true,"jetpack_shortlink":"https:\/\/wp.me\/pe6lTn-lfF","_links":{"self":[{"href":"https:\/\/www.visit-ulcinj.com\/blog\/wp-json\/wp\/v2\/posts\/81695"}],"collection":[{"href":"https:\/\/www.visit-ulcinj.com\/blog\/wp-json\/wp\/v2\/posts"}],"about":[{"href":"https:\/\/www.visit-ulcinj.com\/blog\/wp-json\/wp\/v2\/types\/post"}],"author":[{"embeddable":true,"href":"https:\/\/www.visit-ulcinj.com\/blog\/wp-json\/wp\/v2\/users\/1"}],"replies":[{"embeddable":true,"href":"https:\/\/www.visit-ulcinj.com\/blog\/wp-json\/wp\/v2\/comments?post=81695"}],"version-history":[{"count":2,"href":"https:\/\/www.visit-ulcinj.com\/blog\/wp-json\/wp\/v2\/posts\/81695\/revisions"}],"predecessor-version":[{"id":81710,"href":"https:\/\/www.visit-ulcinj.com\/blog\/wp-json\/wp\/v2\/posts\/81695\/revisions\/81710"}],"wp:attachment":[{"href":"https:\/\/www.visit-ulcinj.com\/blog\/wp-json\/wp\/v2\/media?parent=81695"}],"wp:term":[{"taxonomy":"category","embeddable":true,"href":"https:\/\/www.visit-ulcinj.com\/blog\/wp-json\/wp\/v2\/categories?post=81695"},{"taxonomy":"post_tag","embeddable":true,"href":"https:\/\/www.visit-ulcinj.com\/blog\/wp-json\/wp\/v2\/tags?post=81695"}],"curies":[{"name":"wp","href":"https:\/\/api.w.org\/{rel}","templated":true}]}}