{"id":81698,"date":"2014-04-20T17:29:46","date_gmt":"2014-04-20T16:29:46","guid":{"rendered":"http:\/\/www.visit-ulcinj.com\/blog\/?p=81698"},"modified":"2014-04-20T17:29:46","modified_gmt":"2014-04-20T16:29:46","slug":"monarkia-shqiptare-gezuar-pashket","status":"publish","type":"post","link":"https:\/\/www.visit-ulcinj.com\/blog\/2014\/04\/20\/monarkia-shqiptare-gezuar-pashket\/","title":{"rendered":"Monarkia Shqiptare: G\u00ebzuar Pashk\u00ebt"},"content":{"rendered":"<p><a href=\"http:\/\/www.visit-ulcinj.com\/blog\/wp-content\/uploads\/2014\/04\/Monarkia-Shqiptare-Gezuar-Pashket.jpg\"><img loading=\"lazy\" class=\"alignleft  wp-image-81699\" alt=\"Monarkia-Shqiptare-Gezuar-Pashket\" src=\"http:\/\/www.visit-ulcinj.com\/blog\/wp-content\/uploads\/2014\/04\/Monarkia-Shqiptare-Gezuar-Pashket.jpg\" width=\"508\" height=\"600\" \/><\/a>T\u00eb gjith\u00eb besimtar\u00ebve ortodoks\u00eb e katolik\u00eb kudo q\u00eb ndodhen G\u00ebzuar Fest\u00ebn e Pashk\u00ebve !<br \/>\nPaqja mbret\u00ebroft\u00eb n\u00eb z\u00ebmrat tuaja, shpres\u00eb dhe besim p\u00ebr dit\u00eb m\u00eb t\u00eb bukura p\u00ebr Ju dhe mbar\u00eb kombin shqiptar. Pashk\u00ebt e tjera m\u00eb mir\u00eb t&#8217;i gjejne shqiptar\u00ebt kudo q\u00eb jan\u00eb !<br \/>\n<strong>Princ Leka<\/strong><\/p>\n","protected":false},"excerpt":{"rendered":"<p>T\u00eb gjith\u00eb besimtar\u00ebve ortodoks\u00eb e katolik\u00eb kudo q\u00eb ndodhen G\u00ebzuar Fest\u00ebn e Pashk\u00ebve ! Paqja mbret\u00ebroft\u00eb n\u00eb z\u00ebmrat tuaja, shpres\u00eb dhe besim p\u00ebr dit\u00eb m\u00eb t\u00eb bukura p\u00ebr Ju dhe mbar\u00eb kombin shqiptar. Pashk\u00ebt e tjera m\u00eb mir\u00eb t&#8217;i gjejne shqiptar\u00ebt kudo q\u00eb jan\u00eb ! Princ Leka<\/p>\n","protected":false},"author":1,"featured_media":0,"comment_status":"closed","ping_status":"closed","sticky":false,"template":"","format":"standard","meta":{"spay_email":"","jetpack_publicize_message":"","jetpack_is_tweetstorm":false,"jetpack_publicize_feature_enabled":true},"categories":[14],"tags":[],"jetpack_publicize_connections":[],"yoast_head":"<!-- This site is optimized with the Yoast SEO plugin v19.1 - https:\/\/yoast.com\/wordpress\/plugins\/seo\/ -->\n<title>Monarkia Shqiptare: G\u00ebzuar Pashk\u00ebt - Lajme nga Ulqini<\/title>\n<meta name=\"description\" content=\"T\u00eb gjith\u00eb besimtar\u00ebve ortodoks\u00eb e katolik\u00eb kudo q\u00eb ndodhen G\u00ebzuar Fest\u00ebn e Pashk\u00ebve ! Paqja mbret\u00ebroft\u00eb n\u00eb z\u00ebmrat tuaja, shpres\u00eb dhe besim p\u00ebr dit\u00eb m\u00eb t\u00eb\" \/>\n<meta name=\"robots\" content=\"index, follow, max-snippet:-1, max-image-preview:large, max-video-preview:-1\" \/>\n<link rel=\"canonical\" href=\"https:\/\/www.visit-ulcinj.com\/blog\/2014\/04\/20\/monarkia-shqiptare-gezuar-pashket\/\" \/>\n<meta property=\"og:locale\" content=\"en_US\" \/>\n<meta property=\"og:type\" content=\"article\" \/>\n<meta property=\"og:title\" content=\"Monarkia Shqiptare: G\u00ebzuar Pashk\u00ebt - Lajme nga Ulqini\" \/>\n<meta property=\"og:description\" content=\"T\u00eb gjith\u00eb besimtar\u00ebve ortodoks\u00eb e katolik\u00eb kudo q\u00eb ndodhen G\u00ebzuar Fest\u00ebn e Pashk\u00ebve ! Paqja mbret\u00ebroft\u00eb n\u00eb z\u00ebmrat tuaja, shpres\u00eb dhe besim p\u00ebr dit\u00eb m\u00eb t\u00eb\" \/>\n<meta property=\"og:url\" content=\"https:\/\/www.visit-ulcinj.com\/blog\/2014\/04\/20\/monarkia-shqiptare-gezuar-pashket\/\" \/>\n<meta property=\"og:site_name\" content=\"Lajme nga Ulqini\" \/>\n<meta property=\"article:published_time\" content=\"2014-04-20T16:29:46+00:00\" \/>\n<meta property=\"og:image\" content=\"http:\/\/www.visit-ulcinj.com\/blog\/wp-content\/uploads\/2014\/04\/Monarkia-Shqiptare-Gezuar-Pashket.jpg\" \/>\n<meta name=\"twitter:label1\" content=\"Written by\" \/>\n\t<meta name=\"twitter:data1\" content=\"ulqini\" \/>\n<script type=\"application\/ld+json\" class=\"yoast-schema-graph\">{\"@context\":\"https:\/\/schema.org\",\"@graph\":[{\"@type\":\"WebSite\",\"@id\":\"https:\/\/www.visit-ulcinj.com\/blog\/#website\",\"url\":\"https:\/\/www.visit-ulcinj.com\/blog\/\",\"name\":\"Lajme nga Ulqini\",\"description\":\"Lajme,Vijesti,Ulqini,Ulqin,Crna Gora,Mali i Zi\",\"potentialAction\":[{\"@type\":\"SearchAction\",\"target\":{\"@type\":\"EntryPoint\",\"urlTemplate\":\"https:\/\/www.visit-ulcinj.com\/blog\/?s={search_term_string}\"},\"query-input\":\"required name=search_term_string\"}],\"inLanguage\":\"en-US\"},{\"@type\":\"ImageObject\",\"inLanguage\":\"en-US\",\"@id\":\"https:\/\/www.visit-ulcinj.com\/blog\/2014\/04\/20\/monarkia-shqiptare-gezuar-pashket\/#primaryimage\",\"url\":\"https:\/\/www.visit-ulcinj.com\/blog\/wp-content\/uploads\/2014\/04\/Monarkia-Shqiptare-Gezuar-Pashket.jpg\",\"contentUrl\":\"https:\/\/www.visit-ulcinj.com\/blog\/wp-content\/uploads\/2014\/04\/Monarkia-Shqiptare-Gezuar-Pashket.jpg\",\"width\":535,\"height\":720},{\"@type\":\"WebPage\",\"@id\":\"https:\/\/www.visit-ulcinj.com\/blog\/2014\/04\/20\/monarkia-shqiptare-gezuar-pashket\/#webpage\",\"url\":\"https:\/\/www.visit-ulcinj.com\/blog\/2014\/04\/20\/monarkia-shqiptare-gezuar-pashket\/\",\"name\":\"Monarkia Shqiptare: G\u00ebzuar Pashk\u00ebt - Lajme nga Ulqini\",\"isPartOf\":{\"@id\":\"https:\/\/www.visit-ulcinj.com\/blog\/#website\"},\"primaryImageOfPage\":{\"@id\":\"https:\/\/www.visit-ulcinj.com\/blog\/2014\/04\/20\/monarkia-shqiptare-gezuar-pashket\/#primaryimage\"},\"datePublished\":\"2014-04-20T16:29:46+00:00\",\"dateModified\":\"2014-04-20T16:29:46+00:00\",\"author\":{\"@id\":\"https:\/\/www.visit-ulcinj.com\/blog\/#\/schema\/person\/dcab619c614d3038751c63bc2aadc06d\"},\"description\":\"T\u00eb gjith\u00eb besimtar\u00ebve ortodoks\u00eb e katolik\u00eb kudo q\u00eb ndodhen G\u00ebzuar Fest\u00ebn e Pashk\u00ebve ! Paqja mbret\u00ebroft\u00eb n\u00eb z\u00ebmrat tuaja, shpres\u00eb dhe besim p\u00ebr dit\u00eb m\u00eb t\u00eb\",\"breadcrumb\":{\"@id\":\"https:\/\/www.visit-ulcinj.com\/blog\/2014\/04\/20\/monarkia-shqiptare-gezuar-pashket\/#breadcrumb\"},\"inLanguage\":\"en-US\",\"potentialAction\":[{\"@type\":\"ReadAction\",\"target\":[\"https:\/\/www.visit-ulcinj.com\/blog\/2014\/04\/20\/monarkia-shqiptare-gezuar-pashket\/\"]}]},{\"@type\":\"BreadcrumbList\",\"@id\":\"https:\/\/www.visit-ulcinj.com\/blog\/2014\/04\/20\/monarkia-shqiptare-gezuar-pashket\/#breadcrumb\",\"itemListElement\":[{\"@type\":\"ListItem\",\"position\":1,\"name\":\"Monarkia Shqiptare: G\u00ebzuar Pashk\u00ebt\"}]},{\"@type\":\"Person\",\"@id\":\"https:\/\/www.visit-ulcinj.com\/blog\/#\/schema\/person\/dcab619c614d3038751c63bc2aadc06d\",\"name\":\"ulqini\",\"sameAs\":[\"http:\/\/www.visit-ulcinj.com\"],\"url\":\"https:\/\/www.visit-ulcinj.com\/blog\/author\/admin\/\"}]}<\/script>\n<!-- \/ Yoast SEO plugin. -->","yoast_head_json":{"title":"Monarkia Shqiptare: G\u00ebzuar Pashk\u00ebt - Lajme nga Ulqini","description":"T\u00eb gjith\u00eb besimtar\u00ebve ortodoks\u00eb e katolik\u00eb kudo q\u00eb ndodhen G\u00ebzuar Fest\u00ebn e Pashk\u00ebve ! Paqja mbret\u00ebroft\u00eb n\u00eb z\u00ebmrat tuaja, shpres\u00eb dhe besim p\u00ebr dit\u00eb m\u00eb t\u00eb","robots":{"index":"index","follow":"follow","max-snippet":"max-snippet:-1","max-image-preview":"max-image-preview:large","max-video-preview":"max-video-preview:-1"},"canonical":"https:\/\/www.visit-ulcinj.com\/blog\/2014\/04\/20\/monarkia-shqiptare-gezuar-pashket\/","og_locale":"en_US","og_type":"article","og_title":"Monarkia Shqiptare: G\u00ebzuar Pashk\u00ebt - Lajme nga Ulqini","og_description":"T\u00eb gjith\u00eb besimtar\u00ebve ortodoks\u00eb e katolik\u00eb kudo q\u00eb ndodhen G\u00ebzuar Fest\u00ebn e Pashk\u00ebve ! Paqja mbret\u00ebroft\u00eb n\u00eb z\u00ebmrat tuaja, shpres\u00eb dhe besim p\u00ebr dit\u00eb m\u00eb t\u00eb","og_url":"https:\/\/www.visit-ulcinj.com\/blog\/2014\/04\/20\/monarkia-shqiptare-gezuar-pashket\/","og_site_name":"Lajme nga Ulqini","article_published_time":"2014-04-20T16:29:46+00:00","og_image":[{"url":"http:\/\/www.visit-ulcinj.com\/blog\/wp-content\/uploads\/2014\/04\/Monarkia-Shqiptare-Gezuar-Pashket.jpg"}],"twitter_misc":{"Written by":"ulqini"},"schema":{"@context":"https:\/\/schema.org","@graph":[{"@type":"WebSite","@id":"https:\/\/www.visit-ulcinj.com\/blog\/#website","url":"https:\/\/www.visit-ulcinj.com\/blog\/","name":"Lajme nga Ulqini","description":"Lajme,Vijesti,Ulqini,Ulqin,Crna Gora,Mali i Zi","potentialAction":[{"@type":"SearchAction","target":{"@type":"EntryPoint","urlTemplate":"https:\/\/www.visit-ulcinj.com\/blog\/?s={search_term_string}"},"query-input":"required name=search_term_string"}],"inLanguage":"en-US"},{"@type":"ImageObject","inLanguage":"en-US","@id":"https:\/\/www.visit-ulcinj.com\/blog\/2014\/04\/20\/monarkia-shqiptare-gezuar-pashket\/#primaryimage","url":"https:\/\/www.visit-ulcinj.com\/blog\/wp-content\/uploads\/2014\/04\/Monarkia-Shqiptare-Gezuar-Pashket.jpg","contentUrl":"https:\/\/www.visit-ulcinj.com\/blog\/wp-content\/uploads\/2014\/04\/Monarkia-Shqiptare-Gezuar-Pashket.jpg","width":535,"height":720},{"@type":"WebPage","@id":"https:\/\/www.visit-ulcinj.com\/blog\/2014\/04\/20\/monarkia-shqiptare-gezuar-pashket\/#webpage","url":"https:\/\/www.visit-ulcinj.com\/blog\/2014\/04\/20\/monarkia-shqiptare-gezuar-pashket\/","name":"Monarkia Shqiptare: G\u00ebzuar Pashk\u00ebt - Lajme nga Ulqini","isPartOf":{"@id":"https:\/\/www.visit-ulcinj.com\/blog\/#website"},"primaryImageOfPage":{"@id":"https:\/\/www.visit-ulcinj.com\/blog\/2014\/04\/20\/monarkia-shqiptare-gezuar-pashket\/#primaryimage"},"datePublished":"2014-04-20T16:29:46+00:00","dateModified":"2014-04-20T16:29:46+00:00","author":{"@id":"https:\/\/www.visit-ulcinj.com\/blog\/#\/schema\/person\/dcab619c614d3038751c63bc2aadc06d"},"description":"T\u00eb gjith\u00eb besimtar\u00ebve ortodoks\u00eb e katolik\u00eb kudo q\u00eb ndodhen G\u00ebzuar Fest\u00ebn e Pashk\u00ebve ! Paqja mbret\u00ebroft\u00eb n\u00eb z\u00ebmrat tuaja, shpres\u00eb dhe besim p\u00ebr dit\u00eb m\u00eb t\u00eb","breadcrumb":{"@id":"https:\/\/www.visit-ulcinj.com\/blog\/2014\/04\/20\/monarkia-shqiptare-gezuar-pashket\/#breadcrumb"},"inLanguage":"en-US","potentialAction":[{"@type":"ReadAction","target":["https:\/\/www.visit-ulcinj.com\/blog\/2014\/04\/20\/monarkia-shqiptare-gezuar-pashket\/"]}]},{"@type":"BreadcrumbList","@id":"https:\/\/www.visit-ulcinj.com\/blog\/2014\/04\/20\/monarkia-shqiptare-gezuar-pashket\/#breadcrumb","itemListElement":[{"@type":"ListItem","position":1,"name":"Monarkia Shqiptare: G\u00ebzuar Pashk\u00ebt"}]},{"@type":"Person","@id":"https:\/\/www.visit-ulcinj.com\/blog\/#\/schema\/person\/dcab619c614d3038751c63bc2aadc06d","name":"ulqini","sameAs":["http:\/\/www.visit-ulcinj.com"],"url":"https:\/\/www.visit-ulcinj.com\/blog\/author\/admin\/"}]}},"jetpack_featured_media_url":"","jetpack_sharing_enabled":true,"jetpack_shortlink":"https:\/\/wp.me\/pe6lTn-lfI","_links":{"self":[{"href":"https:\/\/www.visit-ulcinj.com\/blog\/wp-json\/wp\/v2\/posts\/81698"}],"collection":[{"href":"https:\/\/www.visit-ulcinj.com\/blog\/wp-json\/wp\/v2\/posts"}],"about":[{"href":"https:\/\/www.visit-ulcinj.com\/blog\/wp-json\/wp\/v2\/types\/post"}],"author":[{"embeddable":true,"href":"https:\/\/www.visit-ulcinj.com\/blog\/wp-json\/wp\/v2\/users\/1"}],"replies":[{"embeddable":true,"href":"https:\/\/www.visit-ulcinj.com\/blog\/wp-json\/wp\/v2\/comments?post=81698"}],"version-history":[{"count":1,"href":"https:\/\/www.visit-ulcinj.com\/blog\/wp-json\/wp\/v2\/posts\/81698\/revisions"}],"predecessor-version":[{"id":81700,"href":"https:\/\/www.visit-ulcinj.com\/blog\/wp-json\/wp\/v2\/posts\/81698\/revisions\/81700"}],"wp:attachment":[{"href":"https:\/\/www.visit-ulcinj.com\/blog\/wp-json\/wp\/v2\/media?parent=81698"}],"wp:term":[{"taxonomy":"category","embeddable":true,"href":"https:\/\/www.visit-ulcinj.com\/blog\/wp-json\/wp\/v2\/categories?post=81698"},{"taxonomy":"post_tag","embeddable":true,"href":"https:\/\/www.visit-ulcinj.com\/blog\/wp-json\/wp\/v2\/tags?post=81698"}],"curies":[{"name":"wp","href":"https:\/\/api.w.org\/{rel}","templated":true}]}}