{"id":81702,"date":"2014-04-20T17:45:24","date_gmt":"2014-04-20T16:45:24","guid":{"rendered":"http:\/\/www.visit-ulcinj.com\/blog\/?p=81702"},"modified":"2014-04-21T13:52:25","modified_gmt":"2014-04-21T12:52:25","slug":"ekspozita-e-piktores-vahida-hasanaga-nimanbegu-ne-sarajeve-video","status":"publish","type":"post","link":"https:\/\/www.visit-ulcinj.com\/blog\/2014\/04\/20\/ekspozita-e-piktores-vahida-hasanaga-nimanbegu-ne-sarajeve-video\/","title":{"rendered":"Ekspozita e piktores Vahida Hasanaga \u2013 Nimanbegu n\u00eb Sarajev\u00eb &#8211; Video"},"content":{"rendered":"<p><strong><a href=\"http:\/\/www.visit-ulcinj.com\/blog\/wp-content\/uploads\/2014\/04\/Otvorena-izlozba-Vahide-Hasanaga-Nimanbegu-u-Sarajevu.jpg\"><img loading=\"lazy\" class=\"alignleft  wp-image-81501\" alt=\"Otvorena izlozba Vahide Hasanaga Nimanbegu u Sarajevu\" src=\"http:\/\/www.visit-ulcinj.com\/blog\/wp-content\/uploads\/2014\/04\/Otvorena-izlozba-Vahide-Hasanaga-Nimanbegu-u-Sarajevu.jpg\" width=\"508\" height=\"360\" \/><\/a>N\u00eb Galerin\u00eb \u201cBlack Box\u201d n\u00eb Sarajev\u00eb u hap ekspozita\u00a0personale e piktores Vahida Hasanaga \u2013 Nimanbegu\u00a0<\/strong><\/p>\n<p>Piktorja nga Ulqini, Vahida Hasanaga \u2013\u00a0Nimanbegu, hapi t\u00eb premten n\u00eb Galerin\u00eb\u00a0\u201cBlack Box\u201d n\u00eb Sarajev\u00eb ekspozit\u00ebn\u00a0personale, ku ajo prezantohet me 20\u00a0punime t\u00eb krijuara gjat\u00eb periudh\u00ebs\u00a02012-2014 n\u00eb teknik\u00ebn vaj n\u00eb p\u00eblhur\u00eb\u00a0dhe akrilik n\u00eb p\u00eblhur\u00eb.\u00a0Ekspozit\u00ebn e ka hapur prof. mr. Hajrudin\u00a0Zagora, i cili ka th\u00ebn\u00eb se p\u00ebrshtypja\u00a0q\u00eb krijon si v\u00ebzhgues i cili p\u00ebr t\u00eb par\u00ebn\u00a0her\u00eb ndeshet me veprat e piktores Nimanbegu,\u00a0\u00ebsht\u00eb se kemi t\u00eb b\u00ebjm\u00eb me\u00a0nj\u00eb artiste me orientim tematik dhe\u00a0sensibilitet figurativ specifik.<br \/>\n<a href=\"http:\/\/www.visit-ulcinj.com\/blog\/wp-content\/uploads\/2014\/04\/Otvorena-izlozba-Vahide-Hasanaga-Nimanbegu-u-Sarajevu-2.jpg\"><img loading=\"lazy\" class=\"alignleft  wp-image-81503\" alt=\"Otvorena izlozba Vahide Hasanaga Nimanbegu u Sarajevu-2\" src=\"http:\/\/www.visit-ulcinj.com\/blog\/wp-content\/uploads\/2014\/04\/Otvorena-izlozba-Vahide-Hasanaga-Nimanbegu-u-Sarajevu-2.jpg\" width=\"508\" height=\"315\" \/><\/a><\/p>\n<p>Ai ka th\u00ebn\u00eb se natyra njer\u00ebzore e cila\u00a0\u00ebsht\u00eb e nd\u00ebrtuar nga fije t\u00eb holla,\u00a0\u00ebsht\u00eb madh\u00ebshtore, por e gjymtuar\u00a0dhe e posht\u00ebruar. \u00a0\u201cEkspozit\u00ebn e autores e p\u00ebrjetoi si nj\u00eb\u00a0lloj rikujtimi dhe paralajm\u00ebrimi p\u00ebr\u00a0k\u00ebto deficite njer\u00ebzore dhe thirrje p\u00ebr\u00a0nevoj\u00ebn e kthimit ton\u00eb ndaj burimeve\u00a0dhe njer\u00ebzores\u201d, ka th\u00ebn\u00eb Zagora.\u00a0Sipas tij, \u201cshpirti mesdhetar i autores\u00a0freskon me koloritin e saj memorien\u00a0ton\u00eb mbi bukurit\u00eb natyrore dhe t\u00eb\u00a0njeriut, detit, qiellit t\u00eb kalt\u00ebr dhe diellit\u00a0\u2013 mir\u00ebsis\u00eb ndaj t\u00eb cil\u00ebs na obligon t\u00eb\u00a0qenit ton\u00eb njeri\u201d.<\/p>\n<p><a href=\"http:\/\/www.visit-ulcinj.com\/blog\/wp-content\/uploads\/2014\/04\/Otvorena-izlozba-Vahide-Hasanaga-Nimanbegu-u-Sarajevu-3.jpg\"><img loading=\"lazy\" class=\"alignleft  wp-image-81508\" alt=\"Otvorena izlozba Vahide Hasanaga Nimanbegu u Sarajevu-3\" src=\"http:\/\/www.visit-ulcinj.com\/blog\/wp-content\/uploads\/2014\/04\/Otvorena-izlozba-Vahide-Hasanaga-Nimanbegu-u-Sarajevu-3.jpg\" width=\"508\" height=\"360\" srcset=\"https:\/\/www.visit-ulcinj.com\/blog\/wp-content\/uploads\/2014\/04\/Otvorena-izlozba-Vahide-Hasanaga-Nimanbegu-u-Sarajevu-3.jpg 999w, https:\/\/www.visit-ulcinj.com\/blog\/wp-content\/uploads\/2014\/04\/Otvorena-izlozba-Vahide-Hasanaga-Nimanbegu-u-Sarajevu-3-300x212.jpg 300w\" sizes=\"(max-width: 508px) 100vw, 508px\" \/><\/a><\/p>\n<p>Ai e ka cil\u00ebsuar ekspozit\u00ebn e piktores\u00a0Nimanbegu si nj\u00eb freskim figurativ q\u00eb\u00a0i ofrohet popullit t\u00eb Sarajev\u00ebs, sepse\u00a0p\u00ebrb\u00ebn shmangie nga stereotipet figurative\u00a0me t\u00eb cilat takohemi shpesh.\u00a0Ekspozita e piktores Vahida Hasanaga\u00a0\u2013 Nimanbegu n\u00eb Sarajev\u00eb \u00ebsht\u00eb realizuar me mb\u00ebshtetjen e Ministris\u00eb s\u00eb\u00a0Kultur\u00ebs s\u00eb Malit t\u00eb Zi dhe Qendr\u00ebs\u00a0p\u00ebr Ruajtjen dhe Zhvillimin e Kultur\u00ebs\u00a0s\u00eb Pakicave.\u00a0Vahida Hasanaga Nimanbegu ka\u00a0mbaruar studimet p\u00ebr art n\u00eb Beograd.<\/p>\n<p><a href=\"http:\/\/www.visit-ulcinj.com\/blog\/wp-content\/uploads\/2014\/04\/Otvorena-izlozba-Vahide-Hasanaga-Nimanbegu-u-Sarajevu-1.jpg\"><img loading=\"lazy\" class=\"alignleft  wp-image-81506\" alt=\"Otvorena izlozba Vahide Hasanaga Nimanbegu u Sarajevu-1\" src=\"http:\/\/www.visit-ulcinj.com\/blog\/wp-content\/uploads\/2014\/04\/Otvorena-izlozba-Vahide-Hasanaga-Nimanbegu-u-Sarajevu-1.jpg\" width=\"508\" height=\"360\" \/><\/a><\/p>\n<p>P\u00ebrpos Ulqinit dhe Malit t\u00eb Zi, deri tani\u00a0ka pasur ekspozita personale edhe\u00a0n\u00eb SHBA, Itali, Izrael, Gjermani, Serbi\u00a0etj. \u00cbsht\u00eb laureate e disa \u00e7mimeve, si\u00a0\u00c7mimit Vjetor p\u00ebr piktur\u00eb t\u00eb Shoqat\u00ebs\u00a0s\u00eb Artist\u00ebve Figurativ\u00eb t\u00eb Malit t\u00eb Zi,\u00a0\u00c7mimit t\u00eb Sallonit t\u00eb Zemunit etj. Aktualisht\u00a0drejton shoqat\u00ebn \u201cArt Dulcinium\u201d\u00a0e cila merret me art dhe kultur\u00eb,\u00a0si dhe ka organizuar nj\u00eb s\u00ebr\u00eb kolonish\u00a0artistike.<\/p>\n<p><strong>\u00a0i.k. <\/strong><strong><br \/>\nKoha Javore<\/strong><\/p>\n<!--YouTube Error: bad URL entered-->\n<p>&nbsp;<\/p>\n","protected":false},"excerpt":{"rendered":"<p>N\u00eb Galerin\u00eb \u201cBlack Box\u201d n\u00eb Sarajev\u00eb u hap ekspozita\u00a0personale e piktores Vahida Hasanaga \u2013 Nimanbegu\u00a0 Piktorja nga Ulqini, Vahida Hasanaga \u2013\u00a0Nimanbegu, hapi t\u00eb premten n\u00eb Galerin\u00eb\u00a0\u201cBlack Box\u201d n\u00eb Sarajev\u00eb ekspozit\u00ebn\u00a0personale, ku ajo prezantohet me 20\u00a0punime t\u00eb krijuara gjat\u00eb periudh\u00ebs\u00a02012-2014 n\u00eb teknik\u00ebn vaj n\u00eb p\u00eblhur\u00eb\u00a0dhe akrilik n\u00eb p\u00eblhur\u00eb.\u00a0Ekspozit\u00ebn e ka hapur prof. mr. Hajrudin\u00a0Zagora, i cili [&hellip;]<\/p>\n","protected":false},"author":1,"featured_media":0,"comment_status":"closed","ping_status":"closed","sticky":false,"template":"","format":"standard","meta":{"spay_email":"","jetpack_publicize_message":"","jetpack_is_tweetstorm":false,"jetpack_publicize_feature_enabled":true},"categories":[1,11],"tags":[],"jetpack_publicize_connections":[],"yoast_head":"<!-- This site is optimized with the Yoast SEO plugin v19.1 - https:\/\/yoast.com\/wordpress\/plugins\/seo\/ -->\n<title>Ekspozita e piktores Vahida Hasanaga \u2013 Nimanbegu n\u00eb Sarajev\u00eb - Video - Lajme nga Ulqini<\/title>\n<meta name=\"description\" content=\"N\u00eb Galerin\u00eb \u201cBlack Box\u201d n\u00eb Sarajev\u00eb u hap ekspozita\u00a0personale e piktores Vahida Hasanaga \u2013 Nimanbegu\u00a0 Piktorja nga Ulqini, Vahida Hasanaga \u2013\u00a0Nimanbegu,\" \/>\n<meta name=\"robots\" content=\"index, follow, max-snippet:-1, max-image-preview:large, max-video-preview:-1\" \/>\n<link rel=\"canonical\" href=\"https:\/\/www.visit-ulcinj.com\/blog\/2014\/04\/20\/ekspozita-e-piktores-vahida-hasanaga-nimanbegu-ne-sarajeve-video\/\" \/>\n<meta property=\"og:locale\" content=\"en_US\" \/>\n<meta property=\"og:type\" content=\"article\" \/>\n<meta property=\"og:title\" content=\"Ekspozita e piktores Vahida Hasanaga \u2013 Nimanbegu n\u00eb Sarajev\u00eb - Video - Lajme nga Ulqini\" \/>\n<meta property=\"og:description\" content=\"N\u00eb Galerin\u00eb \u201cBlack Box\u201d n\u00eb Sarajev\u00eb u hap ekspozita\u00a0personale e piktores Vahida Hasanaga \u2013 Nimanbegu\u00a0 Piktorja nga Ulqini, Vahida Hasanaga \u2013\u00a0Nimanbegu,\" \/>\n<meta property=\"og:url\" content=\"https:\/\/www.visit-ulcinj.com\/blog\/2014\/04\/20\/ekspozita-e-piktores-vahida-hasanaga-nimanbegu-ne-sarajeve-video\/\" \/>\n<meta property=\"og:site_name\" content=\"Lajme nga Ulqini\" \/>\n<meta property=\"article:published_time\" content=\"2014-04-20T16:45:24+00:00\" \/>\n<meta property=\"article:modified_time\" content=\"2014-04-21T12:52:25+00:00\" \/>\n<meta property=\"og:image\" content=\"http:\/\/www.visit-ulcinj.com\/blog\/wp-content\/uploads\/2014\/04\/Otvorena-izlozba-Vahide-Hasanaga-Nimanbegu-u-Sarajevu.jpg\" \/>\n<meta name=\"twitter:label1\" content=\"Written by\" \/>\n\t<meta name=\"twitter:data1\" content=\"ulqini\" \/>\n\t<meta name=\"twitter:label2\" content=\"Est. reading time\" \/>\n\t<meta name=\"twitter:data2\" content=\"2 minutes\" \/>\n<script type=\"application\/ld+json\" class=\"yoast-schema-graph\">{\"@context\":\"https:\/\/schema.org\",\"@graph\":[{\"@type\":\"WebSite\",\"@id\":\"https:\/\/www.visit-ulcinj.com\/blog\/#website\",\"url\":\"https:\/\/www.visit-ulcinj.com\/blog\/\",\"name\":\"Lajme nga Ulqini\",\"description\":\"Lajme,Vijesti,Ulqini,Ulqin,Crna Gora,Mali i Zi\",\"potentialAction\":[{\"@type\":\"SearchAction\",\"target\":{\"@type\":\"EntryPoint\",\"urlTemplate\":\"https:\/\/www.visit-ulcinj.com\/blog\/?s={search_term_string}\"},\"query-input\":\"required name=search_term_string\"}],\"inLanguage\":\"en-US\"},{\"@type\":\"ImageObject\",\"inLanguage\":\"en-US\",\"@id\":\"https:\/\/www.visit-ulcinj.com\/blog\/2014\/04\/20\/ekspozita-e-piktores-vahida-hasanaga-nimanbegu-ne-sarajeve-video\/#primaryimage\",\"url\":\"https:\/\/www.visit-ulcinj.com\/blog\/wp-content\/uploads\/2014\/04\/Otvorena-izlozba-Vahide-Hasanaga-Nimanbegu-u-Sarajevu.jpg\",\"contentUrl\":\"https:\/\/www.visit-ulcinj.com\/blog\/wp-content\/uploads\/2014\/04\/Otvorena-izlozba-Vahide-Hasanaga-Nimanbegu-u-Sarajevu.jpg\",\"width\":999,\"height\":663},{\"@type\":\"WebPage\",\"@id\":\"https:\/\/www.visit-ulcinj.com\/blog\/2014\/04\/20\/ekspozita-e-piktores-vahida-hasanaga-nimanbegu-ne-sarajeve-video\/#webpage\",\"url\":\"https:\/\/www.visit-ulcinj.com\/blog\/2014\/04\/20\/ekspozita-e-piktores-vahida-hasanaga-nimanbegu-ne-sarajeve-video\/\",\"name\":\"Ekspozita e piktores Vahida Hasanaga \u2013 Nimanbegu n\u00eb Sarajev\u00eb - Video - Lajme nga Ulqini\",\"isPartOf\":{\"@id\":\"https:\/\/www.visit-ulcinj.com\/blog\/#website\"},\"primaryImageOfPage\":{\"@id\":\"https:\/\/www.visit-ulcinj.com\/blog\/2014\/04\/20\/ekspozita-e-piktores-vahida-hasanaga-nimanbegu-ne-sarajeve-video\/#primaryimage\"},\"datePublished\":\"2014-04-20T16:45:24+00:00\",\"dateModified\":\"2014-04-21T12:52:25+00:00\",\"author\":{\"@id\":\"https:\/\/www.visit-ulcinj.com\/blog\/#\/schema\/person\/dcab619c614d3038751c63bc2aadc06d\"},\"description\":\"N\u00eb Galerin\u00eb \u201cBlack Box\u201d n\u00eb Sarajev\u00eb u hap ekspozita\u00a0personale e piktores Vahida Hasanaga \u2013 Nimanbegu\u00a0 Piktorja nga Ulqini, Vahida Hasanaga \u2013\u00a0Nimanbegu,\",\"breadcrumb\":{\"@id\":\"https:\/\/www.visit-ulcinj.com\/blog\/2014\/04\/20\/ekspozita-e-piktores-vahida-hasanaga-nimanbegu-ne-sarajeve-video\/#breadcrumb\"},\"inLanguage\":\"en-US\",\"potentialAction\":[{\"@type\":\"ReadAction\",\"target\":[\"https:\/\/www.visit-ulcinj.com\/blog\/2014\/04\/20\/ekspozita-e-piktores-vahida-hasanaga-nimanbegu-ne-sarajeve-video\/\"]}]},{\"@type\":\"BreadcrumbList\",\"@id\":\"https:\/\/www.visit-ulcinj.com\/blog\/2014\/04\/20\/ekspozita-e-piktores-vahida-hasanaga-nimanbegu-ne-sarajeve-video\/#breadcrumb\",\"itemListElement\":[{\"@type\":\"ListItem\",\"position\":1,\"name\":\"Ekspozita e piktores Vahida Hasanaga \u2013 Nimanbegu n\u00eb Sarajev\u00eb &#8211; Video\"}]},{\"@type\":\"Person\",\"@id\":\"https:\/\/www.visit-ulcinj.com\/blog\/#\/schema\/person\/dcab619c614d3038751c63bc2aadc06d\",\"name\":\"ulqini\",\"sameAs\":[\"http:\/\/www.visit-ulcinj.com\"],\"url\":\"https:\/\/www.visit-ulcinj.com\/blog\/author\/admin\/\"}]}<\/script>\n<!-- \/ Yoast SEO plugin. -->","yoast_head_json":{"title":"Ekspozita e piktores Vahida Hasanaga \u2013 Nimanbegu n\u00eb Sarajev\u00eb - Video - Lajme nga Ulqini","description":"N\u00eb Galerin\u00eb \u201cBlack Box\u201d n\u00eb Sarajev\u00eb u hap ekspozita\u00a0personale e piktores Vahida Hasanaga \u2013 Nimanbegu\u00a0 Piktorja nga Ulqini, Vahida Hasanaga \u2013\u00a0Nimanbegu,","robots":{"index":"index","follow":"follow","max-snippet":"max-snippet:-1","max-image-preview":"max-image-preview:large","max-video-preview":"max-video-preview:-1"},"canonical":"https:\/\/www.visit-ulcinj.com\/blog\/2014\/04\/20\/ekspozita-e-piktores-vahida-hasanaga-nimanbegu-ne-sarajeve-video\/","og_locale":"en_US","og_type":"article","og_title":"Ekspozita e piktores Vahida Hasanaga \u2013 Nimanbegu n\u00eb Sarajev\u00eb - Video - Lajme nga Ulqini","og_description":"N\u00eb Galerin\u00eb \u201cBlack Box\u201d n\u00eb Sarajev\u00eb u hap ekspozita\u00a0personale e piktores Vahida Hasanaga \u2013 Nimanbegu\u00a0 Piktorja nga Ulqini, Vahida Hasanaga \u2013\u00a0Nimanbegu,","og_url":"https:\/\/www.visit-ulcinj.com\/blog\/2014\/04\/20\/ekspozita-e-piktores-vahida-hasanaga-nimanbegu-ne-sarajeve-video\/","og_site_name":"Lajme nga Ulqini","article_published_time":"2014-04-20T16:45:24+00:00","article_modified_time":"2014-04-21T12:52:25+00:00","og_image":[{"url":"http:\/\/www.visit-ulcinj.com\/blog\/wp-content\/uploads\/2014\/04\/Otvorena-izlozba-Vahide-Hasanaga-Nimanbegu-u-Sarajevu.jpg"}],"twitter_misc":{"Written by":"ulqini","Est. reading time":"2 minutes"},"schema":{"@context":"https:\/\/schema.org","@graph":[{"@type":"WebSite","@id":"https:\/\/www.visit-ulcinj.com\/blog\/#website","url":"https:\/\/www.visit-ulcinj.com\/blog\/","name":"Lajme nga Ulqini","description":"Lajme,Vijesti,Ulqini,Ulqin,Crna Gora,Mali i Zi","potentialAction":[{"@type":"SearchAction","target":{"@type":"EntryPoint","urlTemplate":"https:\/\/www.visit-ulcinj.com\/blog\/?s={search_term_string}"},"query-input":"required name=search_term_string"}],"inLanguage":"en-US"},{"@type":"ImageObject","inLanguage":"en-US","@id":"https:\/\/www.visit-ulcinj.com\/blog\/2014\/04\/20\/ekspozita-e-piktores-vahida-hasanaga-nimanbegu-ne-sarajeve-video\/#primaryimage","url":"https:\/\/www.visit-ulcinj.com\/blog\/wp-content\/uploads\/2014\/04\/Otvorena-izlozba-Vahide-Hasanaga-Nimanbegu-u-Sarajevu.jpg","contentUrl":"https:\/\/www.visit-ulcinj.com\/blog\/wp-content\/uploads\/2014\/04\/Otvorena-izlozba-Vahide-Hasanaga-Nimanbegu-u-Sarajevu.jpg","width":999,"height":663},{"@type":"WebPage","@id":"https:\/\/www.visit-ulcinj.com\/blog\/2014\/04\/20\/ekspozita-e-piktores-vahida-hasanaga-nimanbegu-ne-sarajeve-video\/#webpage","url":"https:\/\/www.visit-ulcinj.com\/blog\/2014\/04\/20\/ekspozita-e-piktores-vahida-hasanaga-nimanbegu-ne-sarajeve-video\/","name":"Ekspozita e piktores Vahida Hasanaga \u2013 Nimanbegu n\u00eb Sarajev\u00eb - Video - Lajme nga Ulqini","isPartOf":{"@id":"https:\/\/www.visit-ulcinj.com\/blog\/#website"},"primaryImageOfPage":{"@id":"https:\/\/www.visit-ulcinj.com\/blog\/2014\/04\/20\/ekspozita-e-piktores-vahida-hasanaga-nimanbegu-ne-sarajeve-video\/#primaryimage"},"datePublished":"2014-04-20T16:45:24+00:00","dateModified":"2014-04-21T12:52:25+00:00","author":{"@id":"https:\/\/www.visit-ulcinj.com\/blog\/#\/schema\/person\/dcab619c614d3038751c63bc2aadc06d"},"description":"N\u00eb Galerin\u00eb \u201cBlack Box\u201d n\u00eb Sarajev\u00eb u hap ekspozita\u00a0personale e piktores Vahida Hasanaga \u2013 Nimanbegu\u00a0 Piktorja nga Ulqini, Vahida Hasanaga \u2013\u00a0Nimanbegu,","breadcrumb":{"@id":"https:\/\/www.visit-ulcinj.com\/blog\/2014\/04\/20\/ekspozita-e-piktores-vahida-hasanaga-nimanbegu-ne-sarajeve-video\/#breadcrumb"},"inLanguage":"en-US","potentialAction":[{"@type":"ReadAction","target":["https:\/\/www.visit-ulcinj.com\/blog\/2014\/04\/20\/ekspozita-e-piktores-vahida-hasanaga-nimanbegu-ne-sarajeve-video\/"]}]},{"@type":"BreadcrumbList","@id":"https:\/\/www.visit-ulcinj.com\/blog\/2014\/04\/20\/ekspozita-e-piktores-vahida-hasanaga-nimanbegu-ne-sarajeve-video\/#breadcrumb","itemListElement":[{"@type":"ListItem","position":1,"name":"Ekspozita e piktores Vahida Hasanaga \u2013 Nimanbegu n\u00eb Sarajev\u00eb &#8211; Video"}]},{"@type":"Person","@id":"https:\/\/www.visit-ulcinj.com\/blog\/#\/schema\/person\/dcab619c614d3038751c63bc2aadc06d","name":"ulqini","sameAs":["http:\/\/www.visit-ulcinj.com"],"url":"https:\/\/www.visit-ulcinj.com\/blog\/author\/admin\/"}]}},"jetpack_featured_media_url":"","jetpack_sharing_enabled":true,"jetpack_shortlink":"https:\/\/wp.me\/pe6lTn-lfM","_links":{"self":[{"href":"https:\/\/www.visit-ulcinj.com\/blog\/wp-json\/wp\/v2\/posts\/81702"}],"collection":[{"href":"https:\/\/www.visit-ulcinj.com\/blog\/wp-json\/wp\/v2\/posts"}],"about":[{"href":"https:\/\/www.visit-ulcinj.com\/blog\/wp-json\/wp\/v2\/types\/post"}],"author":[{"embeddable":true,"href":"https:\/\/www.visit-ulcinj.com\/blog\/wp-json\/wp\/v2\/users\/1"}],"replies":[{"embeddable":true,"href":"https:\/\/www.visit-ulcinj.com\/blog\/wp-json\/wp\/v2\/comments?post=81702"}],"version-history":[{"count":2,"href":"https:\/\/www.visit-ulcinj.com\/blog\/wp-json\/wp\/v2\/posts\/81702\/revisions"}],"predecessor-version":[{"id":81715,"href":"https:\/\/www.visit-ulcinj.com\/blog\/wp-json\/wp\/v2\/posts\/81702\/revisions\/81715"}],"wp:attachment":[{"href":"https:\/\/www.visit-ulcinj.com\/blog\/wp-json\/wp\/v2\/media?parent=81702"}],"wp:term":[{"taxonomy":"category","embeddable":true,"href":"https:\/\/www.visit-ulcinj.com\/blog\/wp-json\/wp\/v2\/categories?post=81702"},{"taxonomy":"post_tag","embeddable":true,"href":"https:\/\/www.visit-ulcinj.com\/blog\/wp-json\/wp\/v2\/tags?post=81702"}],"curies":[{"name":"wp","href":"https:\/\/api.w.org\/{rel}","templated":true}]}}