{"id":8171,"date":"2009-01-07T19:40:41","date_gmt":"2009-01-07T18:40:41","guid":{"rendered":"http:\/\/www.visit-ulcinj.com\/blog\/?p=8171"},"modified":"2009-01-07T19:40:41","modified_gmt":"2009-01-07T18:40:41","slug":"klinsman-kerkon-lorik-canen-te-bajerni","status":"publish","type":"post","link":"https:\/\/www.visit-ulcinj.com\/blog\/2009\/01\/07\/klinsman-kerkon-lorik-canen-te-bajerni\/","title":{"rendered":"Klinsman k\u00ebrkon Lorik Can\u00ebn te Bajerni"},"content":{"rendered":"<p><strong><a title=\"LORIK CANA\" href=\"http:\/\/www.visit-ulcinj.com\/blog\/wp-content\/uploads\/2009\/01\/lorik-cana.jpg\" target=\"_blank\"><img loading=\"lazy\" class=\"alignleft size-full wp-image-8172\" title=\"lorik-cana\" src=\"http:\/\/www.visit-ulcinj.com\/blog\/wp-content\/uploads\/2009\/01\/lorik-cana.jpg\" alt=\"lorik-cana\" width=\"328\" height=\"204\" srcset=\"https:\/\/www.visit-ulcinj.com\/blog\/wp-content\/uploads\/2009\/01\/lorik-cana.jpg 1440w, https:\/\/www.visit-ulcinj.com\/blog\/wp-content\/uploads\/2009\/01\/lorik-cana-300x187.jpg 300w, https:\/\/www.visit-ulcinj.com\/blog\/wp-content\/uploads\/2009\/01\/lorik-cana-1024x640.jpg 1024w\" sizes=\"(max-width: 328px) 100vw, 328px\" \/><\/a>Bajerni i Mynihut vazhdon t\u00eb jet\u00eb i interesuar p\u00ebr Lorik Can\u00ebn.<\/strong><br \/>\nMesfushori shqiptar \u00ebsht\u00eb objektivi kryesor i kampion\u00ebve t\u00eb Gjermanis\u00eb, t\u00eb cil\u00ebt pritet t\u00eb b\u00ebjn\u00eb nj\u00eb ofert\u00eb zyrtare, nd\u00ebrsa marr\u00ebveshja besohet se do t\u00eb arrihet n\u00eb fund t\u00eb sezonit.<br \/>\nKapiteni i Olimpik Marsej\u00ebs \u00ebsht\u00eb nj\u00eb lojtar polivalent dhe karakteristikat e loj\u00ebs s\u00eb tij p\u00eblqehen shum\u00eb nga trajneri i bavarez\u00ebve, Jurgen Klinsman.<br \/>\nPor, Cana nuk \u00ebsht\u00eb i vetmi lojtar marsejez q\u00eb ndiqet nga Bajerni: n\u00ebn v\u00ebzhgim \u00ebsht\u00eb edhe mesfushori tjet\u00ebr, Karim Zani, i cili mund t\u00eb luaj\u00eb n\u00eb pozicion qendror, por edhe n\u00eb krah. P\u00ebr t\u00eb dy k\u00ebta futbollist\u00eb, Franc Bekenbauer dhe Karl-Haic Rumenige jan\u00eb t\u00eb gatsh\u00ebm t\u00eb paguajn\u00eb nj\u00eb shif\u00ebr t\u00eb p\u00ebraf\u00ebrt me 25 milion\u00eb euro.<\/p>\n<p><strong>Riberi<\/strong><\/p>\n<p>Bajerni \u00ebsht\u00eb n\u00eb k\u00ebrkim t\u00eb nj\u00eb mesfushori me tipare shkat\u00ebrruese, dhe prej koh\u00ebsh po shqyrton alternativat n\u00eb merkato. Shkak jan\u00eb b\u00ebr\u00eb refuzimet e nj\u00ebpasnj\u00ebshme t\u00eb holandezit Mark van Bomel, i cili nuk pranon t\u00eb rinovoj\u00eb kontrat\u00ebn me klubin, pasi po mendon t\u00eb kthehet t\u00eb luaj\u00eb n\u00eb vendlindje.<br \/>\nPik\u00ebrisht p\u00ebr k\u00ebt\u00eb arsye, klubi po punon q\u00eb t\u00eb p\u00ebrgatis\u00eb terrenin p\u00ebr afrimin e Lorik Can\u00ebs. 25-vje\u00e7ari u \u00ebsht\u00eb k\u00ebshilluar drejtuesve t\u00eb skuadr\u00ebs q\u00eb ka fituar 35 trofe n\u00eb Gjermani (21 tituj kampion\u00eb dhe 14 Kupa) nga Frank Riberi.<br \/>\nMiq\u00ebsia e mesfushorit shqiptar me yllin e p\u00ebrfaq\u00ebsueses franceze ka mbetur e fort\u00eb q\u00eb prej periudh\u00ebs kur ky i fundit luante n\u00eb Marsej\u00eb. Madje, n\u00eb pushim t\u00eb ndeshjes Bajern-Kotbus n\u00eb fund t\u00eb vitit 2008, Riberi vrapoi tek Ervin Skela p\u00ebr t\u2019i dh\u00ebn\u00eb fanell\u00ebn e tij, sepse kishte marr\u00eb nj\u00eb porosi nga Cana.<br \/>\nMediat gjermane u habit\u00ebn me at\u00eb episod, por m\u00eb von\u00eb u sqarua se pas nj\u00eb bisede telefonike kosovari i kishte k\u00ebrkuar shokut t\u00eb tij t\u00eb vjet\u00ebr fanell\u00ebn p\u00ebr t\u2019ia dh\u00ebn\u00eb nj\u00eb pjes\u00ebtari t\u00eb stafit t\u00eb Komb\u00ebtares kuqezi. Vet\u00ebm pak jav\u00eb m\u00eb par\u00eb Cana kishte deklaruar se pavar\u00ebsisht ofertave t\u00eb shumta n\u00eb adres\u00eb t\u00eb tij (Evertoni e Arsenali n\u00eb Angli, por edhe Roma n\u00eb kampionatin italian), destinacioni m\u00eb i mundsh\u00ebm ishte Bajerni i Mynihut.<\/p>\n<p><strong>D\u00ebmtimi<\/strong><\/p>\n<p>Nd\u00ebrkoh\u00eb q\u00eb nga merkato p\u00ebr Lorik Can\u00ebn vijn\u00eb sinjale pozitive, e nj\u00ebjta gj\u00eb nuk mund t\u00eb thuhet p\u00ebr infermierin\u00eb. Zv\/kapiteni i Komb\u00ebtares ka probleme n\u00eb gju dhe dje iu n\u00ebnshtrua radiografis\u00eb p\u00ebr t\u00eb m\u00ebsuar m\u00eb shum\u00eb rreth d\u00ebmtimit.<br \/>\nStafi mjek\u00ebsor i Olimpik Marsej\u00ebs i rekomandoi lojtarit t\u00eb pakt\u00ebn 10 dit\u00eb pushim absolut, n\u00eb m\u00ebnyr\u00eb q\u00eb situata t\u00eb mos p\u00ebrkeq\u00ebsohet. Prej k\u00ebtij l\u00ebndimi, mesfushori rrezikon t\u00eb mos luaj\u00eb n\u00eb takimin e s\u00eb shtun\u00ebs me Okserin.<br \/>\n<strong>Top Channel<\/strong><\/p>\n","protected":false},"excerpt":{"rendered":"<p>Bajerni i Mynihut vazhdon t\u00eb jet\u00eb i interesuar p\u00ebr Lorik Can\u00ebn. Mesfushori shqiptar \u00ebsht\u00eb objektivi kryesor i kampion\u00ebve t\u00eb Gjermanis\u00eb, t\u00eb cil\u00ebt pritet t\u00eb b\u00ebjn\u00eb nj\u00eb ofert\u00eb zyrtare, nd\u00ebrsa marr\u00ebveshja besohet se do t\u00eb arrihet n\u00eb fund t\u00eb sezonit. Kapiteni i Olimpik Marsej\u00ebs \u00ebsht\u00eb nj\u00eb lojtar polivalent dhe karakteristikat e loj\u00ebs s\u00eb tij p\u00eblqehen shum\u00eb [&hellip;]<\/p>\n","protected":false},"author":1,"featured_media":0,"comment_status":"open","ping_status":"closed","sticky":false,"template":"","format":"standard","meta":{"spay_email":"","jetpack_publicize_message":"","jetpack_is_tweetstorm":false,"jetpack_publicize_feature_enabled":true},"categories":[3],"tags":[4946,5597],"jetpack_publicize_connections":[],"yoast_head":"<!-- This site is optimized with the Yoast SEO plugin v19.1 - https:\/\/yoast.com\/wordpress\/plugins\/seo\/ -->\n<title>Klinsman k\u00ebrkon Lorik Can\u00ebn te Bajerni - Lajme nga Ulqini<\/title>\n<meta name=\"description\" content=\"Bajerni i Mynihut vazhdon t\u00eb jet\u00eb i interesuar p\u00ebr Lorik Can\u00ebn. Mesfushori shqiptar \u00ebsht\u00eb objektivi kryesor i kampion\u00ebve t\u00eb Gjermanis\u00eb, t\u00eb cil\u00ebt pritet t\u00eb\" \/>\n<meta name=\"robots\" content=\"index, follow, max-snippet:-1, max-image-preview:large, max-video-preview:-1\" \/>\n<link rel=\"canonical\" href=\"https:\/\/www.visit-ulcinj.com\/blog\/2009\/01\/07\/klinsman-kerkon-lorik-canen-te-bajerni\/\" \/>\n<meta property=\"og:locale\" content=\"en_US\" \/>\n<meta property=\"og:type\" content=\"article\" \/>\n<meta property=\"og:title\" content=\"Klinsman k\u00ebrkon Lorik Can\u00ebn te Bajerni - Lajme nga Ulqini\" \/>\n<meta property=\"og:description\" content=\"Bajerni i Mynihut vazhdon t\u00eb jet\u00eb i interesuar p\u00ebr Lorik Can\u00ebn. Mesfushori shqiptar \u00ebsht\u00eb objektivi kryesor i kampion\u00ebve t\u00eb Gjermanis\u00eb, t\u00eb cil\u00ebt pritet t\u00eb\" \/>\n<meta property=\"og:url\" content=\"https:\/\/www.visit-ulcinj.com\/blog\/2009\/01\/07\/klinsman-kerkon-lorik-canen-te-bajerni\/\" \/>\n<meta property=\"og:site_name\" content=\"Lajme nga Ulqini\" \/>\n<meta property=\"article:published_time\" content=\"2009-01-07T18:40:41+00:00\" \/>\n<meta property=\"og:image\" content=\"http:\/\/www.visit-ulcinj.com\/blog\/wp-content\/uploads\/2009\/01\/lorik-cana.jpg\" \/>\n<meta name=\"twitter:label1\" content=\"Written by\" \/>\n\t<meta name=\"twitter:data1\" content=\"ulqini\" \/>\n\t<meta name=\"twitter:label2\" content=\"Est. reading time\" \/>\n\t<meta name=\"twitter:data2\" content=\"2 minutes\" \/>\n<script type=\"application\/ld+json\" class=\"yoast-schema-graph\">{\"@context\":\"https:\/\/schema.org\",\"@graph\":[{\"@type\":\"WebSite\",\"@id\":\"https:\/\/www.visit-ulcinj.com\/blog\/#website\",\"url\":\"https:\/\/www.visit-ulcinj.com\/blog\/\",\"name\":\"Lajme nga Ulqini\",\"description\":\"Lajme,Vijesti,Ulqini,Ulqin,Crna Gora,Mali i Zi\",\"potentialAction\":[{\"@type\":\"SearchAction\",\"target\":{\"@type\":\"EntryPoint\",\"urlTemplate\":\"https:\/\/www.visit-ulcinj.com\/blog\/?s={search_term_string}\"},\"query-input\":\"required name=search_term_string\"}],\"inLanguage\":\"en-US\"},{\"@type\":\"ImageObject\",\"inLanguage\":\"en-US\",\"@id\":\"https:\/\/www.visit-ulcinj.com\/blog\/2009\/01\/07\/klinsman-kerkon-lorik-canen-te-bajerni\/#primaryimage\",\"url\":\"https:\/\/www.visit-ulcinj.com\/blog\/wp-content\/uploads\/2009\/01\/lorik-cana.jpg\",\"contentUrl\":\"https:\/\/www.visit-ulcinj.com\/blog\/wp-content\/uploads\/2009\/01\/lorik-cana.jpg\",\"width\":\"1440\",\"height\":\"900\"},{\"@type\":\"WebPage\",\"@id\":\"https:\/\/www.visit-ulcinj.com\/blog\/2009\/01\/07\/klinsman-kerkon-lorik-canen-te-bajerni\/#webpage\",\"url\":\"https:\/\/www.visit-ulcinj.com\/blog\/2009\/01\/07\/klinsman-kerkon-lorik-canen-te-bajerni\/\",\"name\":\"Klinsman k\u00ebrkon Lorik Can\u00ebn te Bajerni - Lajme nga Ulqini\",\"isPartOf\":{\"@id\":\"https:\/\/www.visit-ulcinj.com\/blog\/#website\"},\"primaryImageOfPage\":{\"@id\":\"https:\/\/www.visit-ulcinj.com\/blog\/2009\/01\/07\/klinsman-kerkon-lorik-canen-te-bajerni\/#primaryimage\"},\"datePublished\":\"2009-01-07T18:40:41+00:00\",\"dateModified\":\"2009-01-07T18:40:41+00:00\",\"author\":{\"@id\":\"https:\/\/www.visit-ulcinj.com\/blog\/#\/schema\/person\/dcab619c614d3038751c63bc2aadc06d\"},\"description\":\"Bajerni i Mynihut vazhdon t\u00eb jet\u00eb i interesuar p\u00ebr Lorik Can\u00ebn. Mesfushori shqiptar \u00ebsht\u00eb objektivi kryesor i kampion\u00ebve t\u00eb Gjermanis\u00eb, t\u00eb cil\u00ebt pritet t\u00eb\",\"breadcrumb\":{\"@id\":\"https:\/\/www.visit-ulcinj.com\/blog\/2009\/01\/07\/klinsman-kerkon-lorik-canen-te-bajerni\/#breadcrumb\"},\"inLanguage\":\"en-US\",\"potentialAction\":[{\"@type\":\"ReadAction\",\"target\":[\"https:\/\/www.visit-ulcinj.com\/blog\/2009\/01\/07\/klinsman-kerkon-lorik-canen-te-bajerni\/\"]}]},{\"@type\":\"BreadcrumbList\",\"@id\":\"https:\/\/www.visit-ulcinj.com\/blog\/2009\/01\/07\/klinsman-kerkon-lorik-canen-te-bajerni\/#breadcrumb\",\"itemListElement\":[{\"@type\":\"ListItem\",\"position\":1,\"name\":\"Klinsman k\u00ebrkon Lorik Can\u00ebn te Bajerni\"}]},{\"@type\":\"Person\",\"@id\":\"https:\/\/www.visit-ulcinj.com\/blog\/#\/schema\/person\/dcab619c614d3038751c63bc2aadc06d\",\"name\":\"ulqini\",\"sameAs\":[\"http:\/\/www.visit-ulcinj.com\"],\"url\":\"https:\/\/www.visit-ulcinj.com\/blog\/author\/admin\/\"}]}<\/script>\n<!-- \/ Yoast SEO plugin. -->","yoast_head_json":{"title":"Klinsman k\u00ebrkon Lorik Can\u00ebn te Bajerni - Lajme nga Ulqini","description":"Bajerni i Mynihut vazhdon t\u00eb jet\u00eb i interesuar p\u00ebr Lorik Can\u00ebn. Mesfushori shqiptar \u00ebsht\u00eb objektivi kryesor i kampion\u00ebve t\u00eb Gjermanis\u00eb, t\u00eb cil\u00ebt pritet t\u00eb","robots":{"index":"index","follow":"follow","max-snippet":"max-snippet:-1","max-image-preview":"max-image-preview:large","max-video-preview":"max-video-preview:-1"},"canonical":"https:\/\/www.visit-ulcinj.com\/blog\/2009\/01\/07\/klinsman-kerkon-lorik-canen-te-bajerni\/","og_locale":"en_US","og_type":"article","og_title":"Klinsman k\u00ebrkon Lorik Can\u00ebn te Bajerni - Lajme nga Ulqini","og_description":"Bajerni i Mynihut vazhdon t\u00eb jet\u00eb i interesuar p\u00ebr Lorik Can\u00ebn. Mesfushori shqiptar \u00ebsht\u00eb objektivi kryesor i kampion\u00ebve t\u00eb Gjermanis\u00eb, t\u00eb cil\u00ebt pritet t\u00eb","og_url":"https:\/\/www.visit-ulcinj.com\/blog\/2009\/01\/07\/klinsman-kerkon-lorik-canen-te-bajerni\/","og_site_name":"Lajme nga Ulqini","article_published_time":"2009-01-07T18:40:41+00:00","og_image":[{"url":"http:\/\/www.visit-ulcinj.com\/blog\/wp-content\/uploads\/2009\/01\/lorik-cana.jpg"}],"twitter_misc":{"Written by":"ulqini","Est. reading time":"2 minutes"},"schema":{"@context":"https:\/\/schema.org","@graph":[{"@type":"WebSite","@id":"https:\/\/www.visit-ulcinj.com\/blog\/#website","url":"https:\/\/www.visit-ulcinj.com\/blog\/","name":"Lajme nga Ulqini","description":"Lajme,Vijesti,Ulqini,Ulqin,Crna Gora,Mali i Zi","potentialAction":[{"@type":"SearchAction","target":{"@type":"EntryPoint","urlTemplate":"https:\/\/www.visit-ulcinj.com\/blog\/?s={search_term_string}"},"query-input":"required name=search_term_string"}],"inLanguage":"en-US"},{"@type":"ImageObject","inLanguage":"en-US","@id":"https:\/\/www.visit-ulcinj.com\/blog\/2009\/01\/07\/klinsman-kerkon-lorik-canen-te-bajerni\/#primaryimage","url":"https:\/\/www.visit-ulcinj.com\/blog\/wp-content\/uploads\/2009\/01\/lorik-cana.jpg","contentUrl":"https:\/\/www.visit-ulcinj.com\/blog\/wp-content\/uploads\/2009\/01\/lorik-cana.jpg","width":"1440","height":"900"},{"@type":"WebPage","@id":"https:\/\/www.visit-ulcinj.com\/blog\/2009\/01\/07\/klinsman-kerkon-lorik-canen-te-bajerni\/#webpage","url":"https:\/\/www.visit-ulcinj.com\/blog\/2009\/01\/07\/klinsman-kerkon-lorik-canen-te-bajerni\/","name":"Klinsman k\u00ebrkon Lorik Can\u00ebn te Bajerni - Lajme nga Ulqini","isPartOf":{"@id":"https:\/\/www.visit-ulcinj.com\/blog\/#website"},"primaryImageOfPage":{"@id":"https:\/\/www.visit-ulcinj.com\/blog\/2009\/01\/07\/klinsman-kerkon-lorik-canen-te-bajerni\/#primaryimage"},"datePublished":"2009-01-07T18:40:41+00:00","dateModified":"2009-01-07T18:40:41+00:00","author":{"@id":"https:\/\/www.visit-ulcinj.com\/blog\/#\/schema\/person\/dcab619c614d3038751c63bc2aadc06d"},"description":"Bajerni i Mynihut vazhdon t\u00eb jet\u00eb i interesuar p\u00ebr Lorik Can\u00ebn. Mesfushori shqiptar \u00ebsht\u00eb objektivi kryesor i kampion\u00ebve t\u00eb Gjermanis\u00eb, t\u00eb cil\u00ebt pritet t\u00eb","breadcrumb":{"@id":"https:\/\/www.visit-ulcinj.com\/blog\/2009\/01\/07\/klinsman-kerkon-lorik-canen-te-bajerni\/#breadcrumb"},"inLanguage":"en-US","potentialAction":[{"@type":"ReadAction","target":["https:\/\/www.visit-ulcinj.com\/blog\/2009\/01\/07\/klinsman-kerkon-lorik-canen-te-bajerni\/"]}]},{"@type":"BreadcrumbList","@id":"https:\/\/www.visit-ulcinj.com\/blog\/2009\/01\/07\/klinsman-kerkon-lorik-canen-te-bajerni\/#breadcrumb","itemListElement":[{"@type":"ListItem","position":1,"name":"Klinsman k\u00ebrkon Lorik Can\u00ebn te Bajerni"}]},{"@type":"Person","@id":"https:\/\/www.visit-ulcinj.com\/blog\/#\/schema\/person\/dcab619c614d3038751c63bc2aadc06d","name":"ulqini","sameAs":["http:\/\/www.visit-ulcinj.com"],"url":"https:\/\/www.visit-ulcinj.com\/blog\/author\/admin\/"}]}},"jetpack_featured_media_url":"","jetpack_sharing_enabled":true,"jetpack_shortlink":"https:\/\/wp.me\/pe6lTn-27N","_links":{"self":[{"href":"https:\/\/www.visit-ulcinj.com\/blog\/wp-json\/wp\/v2\/posts\/8171"}],"collection":[{"href":"https:\/\/www.visit-ulcinj.com\/blog\/wp-json\/wp\/v2\/posts"}],"about":[{"href":"https:\/\/www.visit-ulcinj.com\/blog\/wp-json\/wp\/v2\/types\/post"}],"author":[{"embeddable":true,"href":"https:\/\/www.visit-ulcinj.com\/blog\/wp-json\/wp\/v2\/users\/1"}],"replies":[{"embeddable":true,"href":"https:\/\/www.visit-ulcinj.com\/blog\/wp-json\/wp\/v2\/comments?post=8171"}],"version-history":[{"count":0,"href":"https:\/\/www.visit-ulcinj.com\/blog\/wp-json\/wp\/v2\/posts\/8171\/revisions"}],"wp:attachment":[{"href":"https:\/\/www.visit-ulcinj.com\/blog\/wp-json\/wp\/v2\/media?parent=8171"}],"wp:term":[{"taxonomy":"category","embeddable":true,"href":"https:\/\/www.visit-ulcinj.com\/blog\/wp-json\/wp\/v2\/categories?post=8171"},{"taxonomy":"post_tag","embeddable":true,"href":"https:\/\/www.visit-ulcinj.com\/blog\/wp-json\/wp\/v2\/tags?post=8171"}],"curies":[{"name":"wp","href":"https:\/\/api.w.org\/{rel}","templated":true}]}}