{"id":81711,"date":"2014-04-20T22:18:17","date_gmt":"2014-04-20T21:18:17","guid":{"rendered":"http:\/\/www.visit-ulcinj.com\/blog\/?p=81711"},"modified":"2014-04-20T22:18:17","modified_gmt":"2014-04-20T21:18:17","slug":"kur-kenga-pa-dashje-behet-pjese-e-politikes-nga-haxhi-zeneli","status":"publish","type":"post","link":"https:\/\/www.visit-ulcinj.com\/blog\/2014\/04\/20\/kur-kenga-pa-dashje-behet-pjese-e-politikes-nga-haxhi-zeneli\/","title":{"rendered":"Kur k\u00ebnga pa dashje b\u00ebh\u00ebt pjes\u00eb e politik\u00ebs nga Haxhi Zeneli"},"content":{"rendered":"<p><a href=\"http:\/\/www.visit-ulcinj.com\/blog\/wp-content\/uploads\/2014\/01\/haxhi-zeneli.jpg\"><img loading=\"lazy\" class=\"alignleft size-full wp-image-78844\" alt=\"haxhi-zeneli\" src=\"http:\/\/www.visit-ulcinj.com\/blog\/wp-content\/uploads\/2014\/01\/haxhi-zeneli.jpg\" width=\"280\" height=\"236\" \/><\/a>Nga Haxhi Zeneli<\/p>\n<p><strong>KUR K\u00cbNGA PA DASHJE B\u00cbH\u00cbT PJES\u00cb E POLITIK\u00cbS<\/strong><\/p>\n<p><strong>SHQIPTARET ENDE S\u2019PO M\u00cbSOJN\u00cb NGA E KALUARA E TYRE HISTORIKE<\/strong><\/p>\n<p>Emisioni televeziv i organizuar nga TV-Klani,\u201dKenga ime\u201d,q\u00eb po shfaq\u00ebt k\u00ebto dit\u00eb nga ky televizion,padyshim se \u00ebsht\u00eb di\u00e7ka e mir\u00eb p\u00ebr kultur\u00ebn shqiptare.Ku ka p\u00ebr q\u00ebllim promovimin e vlerave t\u00eb muzik\u00ebs qytetare shqiptare.TV-Klani p\u00ebr k\u00ebt emission ka ftuar k\u00ebng\u00ebtar nga t\u00eb gjitha trojet shqiptare.Mirpo ky emision pa dyshim q\u00eb ka edhe suprizat e veta! Supriza ishte kur n\u00eb sken\u00ebn e k\u00ebti televizion u shfaq,k\u00ebng\u00ebtari serb\u00eb Zdravko \u00c7oliq.<\/p>\n<p>Ku ndoshta edhe pa q\u00ebllim i n\u2019drron dhe kuptimin e t\u00eb gjith\u00eb k\u00ebti koncerti,se p\u00ebr \u00e7ka ishte nisur,dhe revolton nj\u00eb pjes\u00eb t\u00eb k\u00ebng\u00ebtar\u00ebve pjes\u00ebmarr\u00ebs.\u00c7oliqi si\u00e7 shif\u00ebt mbas t\u00eb gjitha gjasave nj\u00eb k\u00ebng\u00ebtar i \u00ebndrruar p\u00ebr publikun tiranas,dhe ate shpitar\u00eb,prej koh\u00ebrave t\u00eb Shqiperis s\u00eb izoluar.Si\u00e7 lexojm\u00eb n\u00eb shtypin e gazetave shqiptare,kemi pas edhe reagime,prej ma t\u00eb ndryshm\u00ebve.<\/p>\n<p>Fitojm\u00eb p\u00ebrshtypjen se ne shqiptar\u00ebt nuk kuptojm\u00eb apo ndoshta edhe injorojm\u00eb faktin,se kush \u00ebsht\u00eb armiku i yn\u00eb.Kjo ishte tem\u00eb e debateve nga shum\u00eb shqiptar\u00eb.S\u00eb paku deri m\u00eb tash jemi n\u00eb dijeni se disa k\u00ebng\u00ebtar nga Kosova pat\u00ebn kurajon dhe n\u00eb shenj\u00eb proteste q\u00eb t\u00eb t\u00ebrhiq\u00ebn nga skena,k\u00ebng\u00ebtari Hysni Klinaku,Artan Bakija,Visar Peja,Yllka Kuqi ku ndoshta kemi edhe t\u00eb tjer\u00eb.<\/p>\n<p>Kur\u00eb thir\u00ebt nj\u00eb k\u00ebng\u00ebtar i till\u00eb n\u00eb skenat tona si musafir,n\u00ebnkuptoh\u00ebt se q\u00ebllimi i k\u00ebti emisioni \u00ebsht\u00eb q\u00eb t\u00eb dal\u00eb m\u00eb interesant p\u00ebr publikun,por si\u00e7 duk\u00ebt u injoruar nj\u00eb pjes\u00eb e popullit shqiptar\u00eb,t\u00eb cil\u00ebve ende nuk u jan\u00eb mbyllur plag\u00ebt e luft\u00ebs t\u00eb cilat i krijuan bashk\u00ebkomb\u00ebsit serb t\u00eb k\u00ebng\u00ebtarit Zdravko \u00c7oliq.<\/p>\n<p>Si\u00e7 p\u00ebrgjigj\u00ebt kengetari Zdravko \u00c7oliq n\u00eb intervist\u00eb me Pandi La\u00e7on,ai thot:s\u2019kishte ditur se shqiptar\u00ebt i donin k\u00ebng\u00ebt e tija aqe shum\u00eb,ku ai flet mir\u00eb n\u00eb syrin e kamer\u00ebs p\u00ebr muzik\u00ebn shqiptare,gj\u00eb q\u00eb serbet nuk e kan\u00eb v\u00ebshtir\u00eb t\u00eb kamafloh\u00ebn para publikut.Thot se edhe ai vet\u00eb \u00ebsht\u00eb bazuar disa her\u00eb tek muzika shqiptare.<\/p>\n<p>At\u00ebher\u00eb shtroh\u00ebt pyetja,p\u00ebrse k\u00ebg\u00ebtar\u00ebt shqiptar\u00eb nuk f\u2019toh\u00ebn n\u00eb emision\u00ebt e tyre serbe? Si do q\u00eb t\u00eb jet\u00eb,ne shqiptar\u00ebt t\u00eb cil\u00ebt kemi jetuar me serbo-malazez\u00ebt dhe ende disa nga trojet tona jetojn\u00eb,i njofim shum\u00eb mir\u00eb,sepse ja u\u2019kemi pir\u00eb \u00e7orb\u00ebn e tyre vite me rradh\u00eb.Me kujtoh\u00ebt kur nj\u00eb Serb me thoshte kur isha me studime n\u00eb Kosov\u00eb:&#8221;Se ju shqiptar\u00ebt qe vini nga Mali i Zi jeni ma t\u00eb mir\u00eb!&#8221;se kuptoja n\u00eb at\u00eb koh\u00eb se \u00e7\u2019donte t\u00eb thoshte me k\u00ebt\u00eb!kur m\u00eb von\u00eb u hap\u00eb kufiri pas disa viteve me Shqip\u00ebrin,at\u00ebher\u00eb d\u00ebgjova nga nj\u00eb Serb tjet\u00ebr q\u00eb punojshim n\u00eb nj\u00eb repart,duke m\u00eb th\u00ebn\u00eb: &#8220;Se shqiptar\u00ebt nga Shqip\u00ebrija jan\u00eb m\u00eb t\u00eb mire,se shqiptar\u00ebt e ishe Jugosllavis&#8221;.At\u00ebher\u00eb m\u00eb erdh\u00ebn n\u00eb mendje fjal\u00ebt e Serbit q\u00eb m\u00eb kishte folur koh\u00eb m\u00eb par\u00eb,ku ishin identike,asgj\u00eb e re.Serbet k\u00ebt\u00eb loj\u00eb e kan\u00eb luajtur me ne shqiptar\u00ebt p\u00ebr shum\u00eb koh\u00eb,ate po b\u00ebjn\u00eb edhe tani,\u201dpo tall\u00ebn me neve\u201dse si t\u00eb b\u00ebh\u00ebt ndarja e jon\u00eb duke parcializuar,p\u00ebr\u00e7ar duke futur urrejtje n\u00eb mesin ton\u00eb. Shqiptar\u00ebt q\u00eb jetuan bashk me ta,n\u00eb ish Jugosllavi,sipas tyre,ne ju turbulluam ujin,dhe nuk mund\u00ebn t\u00eb realizonin planet e tyre asimiluese t\u00eb \u00e7ubrilloviq\u00ebve,kurse v\u00ebllez\u00ebrit tan\u00eb n\u00eb Shqiperi nuk kishin se si ta dinin k\u00ebt\u00eb,sepse ishin t\u00eb izoluar,dhe nuk i njif\u00ebshin serbet,\u00ebsht\u00eb ajo fjala popullore q\u00eb thot\u00eb:\u201dP\u00ebr ta njohur dikend,duhesh t\u00eb hash nj\u00eb thes kryp me te\u201d.Ku sot p\u00ebr shkak t\u00eb mosnjohj\u00ebs s\u00eb serbeve kemi filluar t\u00eb lidhim edhe miq\u00ebsi me ta,duke ju dh\u00ebn edhe vajzat tona atyre serb\u00ebve p\u00ebr t\u00eb krijuar familje,q\u00eb as femrat e tyre nuk martoh\u00ebn me ta.K\u00ebto pra jan\u00eb kalkulime q\u00eb b\u00ebjn\u00eb serbet me shqiptar\u00ebt,ashtu si\u00e7 b\u00ebnin grek\u00ebt me \u00e7amet.<\/p>\n<p>Ne ende s\u2019po m\u00ebsojm\u00eb ta rrespektojm\u00eb vet\u00ebvet\u00ebn,dhe po vazhdojm\u00eb q\u00eb armikun ton\u00eb ta qesim n\u00eb krye t\u00eb vendit.<\/p>\n<p>Kjo veti e mik\u00ebpritjes shqiptare \u00ebsht\u00eb keq\u00ebp\u00ebrdorur dhe po keq\u00ebp\u00ebrdor\u00ebt nga ata q\u00eb nuk na duen t\u0113 mir\u00ebn.Shqiptar\u00ebt harrojn\u00eb armikun e tyre shum\u00eb shpejt,harrojn\u00eb se kush i krijoj gjith\u00eb ato varre n\u00eb Kosov\u00eb,harrojm\u00eb se kush jan\u00eb serbet!.Ata jan\u00eb nj\u00eb popull i cili nuk po ndryshon karrshi shqiptar\u00ebve,por po vazhdon\u00eb t\u00eb na shtypin,dhe as q\u00eb kan\u00eb nd\u00ebrmend t\u00eb ndryshojn\u00eb.Ata p\u00ebrdorin m\u00ebnyra dredhacake prej ma t\u00eb ndryshm\u00ebve q\u00eb t\u00eb dominojn\u00eb shoq\u00ebrin ton\u00eb kudo q\u00eb gjind\u00ebmi.\u00c7ka na brengos\u00eb m\u00eb s\u00eb shumti,ku p\u00ebr nj\u00eb koh\u00eb t\u00eb gjat\u00eb dhe s\u2019po ka t\u00eb ndalur,shqiptar\u00ebt po influencoh\u00ebn nga k\u00ebng\u00ebt sllave dhe sot pseudok\u00ebng\u00ebtar\u00ebt marrin melosin e k\u00ebng\u00ebve serbe dhe vet\u00ebm ju ndrrojn fjal\u00ebt dhe thuh\u00ebt se &#8220;jan\u00eb k\u00ebng\u00eb t\u00eb reja&#8221;.<\/p>\n<p>Kur pyet\u00ebn shqiptar\u00ebt p\u00ebr k\u00ebte p\u00ebrse promovoh\u00ebn k\u00ebng\u00ebtar serb n\u00eb Shqip\u00ebri? ata na pergjigj\u00ebn!\u201dse arti s&#8217;ka t\u00eb b\u00ebj\u00eb asgj\u00eb me politik\u00ebn&#8221;Duke harruar se k\u00ebng\u00ebt gjithmon\u00eb jan\u0113 k\u00ebnduar p\u00ebr luftrat dhe gjendjet politike.Pikrisht k\u00ebto k\u00ebng\u00ebtar serb,gjat\u00eb koh\u00ebs s\u00eb luft\u00ebs kan\u00eb promovuar k\u00ebt\u00eb luft\u00eb.<\/p>\n<p>Pra k\u00ebtu fillon edhe hipokrizia e nje populli,si\u00e7 jemi ne shqiptaret,q\u00eb s\u2019po mbushemi mend,dhe s\u2019po dim\u00eb t\u00eb lart\u00ebsojm\u00eb vet\u00ebvet\u00ebn,por vazhdimisht ulim veht\u00ebn para vras\u00ebsit,jtregohemi inferior ndaj k\u00ebtyre barbar\u00ebve,duke menduar se jan\u00eb ma t\u00eb avancuar se ne.<\/p>\n<p>Nj\u00eb popull q\u00eb n\u00eb luft\u00ebn e fundit e treguan ftyr\u00ebn e tyre t\u00eb njerz\u00ebve m\u00eb barbar t\u00eb Evrop\u00ebs,q\u00eb u desh nj\u00eb forc\u00eb e armatosur ushtarake mjaft\u00eb e madhe ti ndaloj,p\u00ebrndryshe kishin \u00ebndrra t\u00eb dalin n\u00eb bregdetin e Durrsit.Me akt\u00ebt q\u00eb b\u00ebjm\u00eb para tyre,ne po ulim vlerat e popullit ton\u00eb.<\/p>\n<p>Shqiptar\u00ebt n\u00eb vazhdim\u00ebsi po b\u00ebjn\u00eb gabime historike,duke mos m\u00ebsuar asnj\u00ebher\u00eb nga e kaluara e tyre e idh\u00ebt,q\u00eb u trdh\u00ebtuan disa her\u00eb nga ky popull.<\/p>\n<p>Te kthehemi tek arti i cili nuk ka kufij!Nese arti s\u2019paska kufij?at\u00ebher\u00eb p\u00ebrse ka kufij p\u00ebr serbet.<\/p>\n<p>Nuk jemi n\u00eb dijeni se \u00ebsht\u00eb f\u2019tuar ndonj\u00eb k\u00ebng\u00ebtar shqiptar n\u00eb mediat e tyre n\u00eb Serbi!.Perkundrazi t\u00eb ju rikujtojm\u00eb rastin n\u00eb Preshev\u00eb,kur kengetari tiranas Sinan Hoxha u malltretua dhe u burgos atje pas koncertit nga serbet,kurse neve ju shtrojm\u00eb qylymin e kuq k\u00ebng\u00ebtar\u00ebve t\u00eb tyre.N\u00eb koh\u00ebn e ish\u00eb Jugosllavis shqiptar\u00ebt burgoseshin kur k\u00ebndonin k\u00ebng\u00eb at\u00ebdhetare,dhe po ta kishin k\u00ebt\u00eb forc\u00eb p\u00ebrs\u00ebri ata do ta b\u00ebnin.<\/p>\n<p>\u00c7far\u00eb po ndodh\u00eb me ne shqiptar\u00ebt?p\u00ebrse nuk mbushemi mend?.Serbo\/malazez\u00ebt t\u00eb cilet na kan\u00eb vrar,malltretuar,poshtruar,okupuar,ku ende i kemi gjysm\u00ebn e tokave tona n\u00ebn okupimin e tyre,dhe sot na i\u2019ndalojn\u00eb lirit me elementare t\u00eb shekullit 21,duke luajtur me ne si \u201cmaca me miun\u201d.K\u00ebto k\u00ebng\u00ebtar q\u00eb hyjn\u00eb n\u00eb skenat shqiptare,ishin promovuesit e gjenocidit duke i k\u00ebnduar k\u00ebng\u00eb edhe kasapit t\u00eb Ballkanit Millosheviq.P\u00ebrse at\u00ebher\u00eb arti yn\u00eb nuk hynka n\u00eb politik\u00eb,p\u00ebrkundrazi tek ne shqiptar\u00ebt gjithmon\u00eb p\u00ebr fatin e zi t\u00eb gjendjes ton\u00eb q\u00eb ishim t\u00eb okupuar dhe nga sulmet e armiq\u00ebve fqinj\u00eb,k\u00ebnga ishte politik\u00eb.Ishte ajo k\u00ebng\u00eb q\u00eb na printe n\u00eb luftrat tona p\u00ebr liri,n\u00ebp\u00ebr mes t\u00eb k\u00ebng\u00ebs dhe arti ne e trashiguam historin ton\u00eb t\u00eb lavdishme.Serbet t\u00eb ashtuquajtur \u201cartist\u201dnuk krijuan asnj\u00eb k\u00ebng\u00eb shqiptare n\u00eb ish\u00eb Jugosllavin,ku aty jetonin 3 million Shqiptar\u00eb.Shqiptar\u00ebt i k\u00ebndonin k\u00ebng\u00ebt e tyre,por serbet kurr si k\u00ebndonin k\u00ebng\u00ebt e shqiptar\u00ebve.Kurse sot,duk\u00ebt se shqiptar\u00ebt \u00e7do gj\u00eb b\u00ebjn\u00eb p\u00ebr p\u00ebrfitime vetanake,ose n\u00eb konkurenc\u00eb me televizion\u00ebt tjera q\u00eb ti b\u00ebjn\u00eb m\u00eb t\u00eb shikuarara programet e tyre,ku s\u2019ka r\u00ebnd\u00ebsi q\u00eb kjo shikushm\u00ebri t\u00eb b\u00ebh\u00ebt edhe n\u00eb d\u00ebmin komb\u00ebtar.<\/p>\n<p>Kjo nuk \u00ebsht\u00eb hera e par\u00eb q\u00eb marrin pjes\u00eb k\u00ebng\u00ebtar\u00ebt serb n\u00eb Tiran\u00eb.<\/p>\n<p>Kjo ndodhi edhe m\u00eb her\u00ebt,bile ata shp\u00ebrbleh\u00ebn si qytetar nderi,dhe u ipet \u00e7elsi i qytetit.Kisha pas d\u00ebshir\u00eb t\u00eb dijm\u00eb se sa k\u00ebng\u00ebtar Shqiptar\u00eb kan\u00eb \u00e7elsin e Beogradit.Vet\u00ebm mos m\u00eb thuani q\u00eb nuk kemi k\u00ebng\u00ebtar m\u00eb t\u00eb mdhenj se Zdravko \u00c7oliqi,sepse i kemi bile shum t\u00eb mire si\u00e7 \u00ebsht\u00eb Inva Mula e Sajmir Pirgu e t\u00eb tjer\u00eb,q\u00eb po mahnisin sht\u00ebpit e operave bot\u00ebrore.P\u00ebrse k\u00ebto k\u00ebng\u00ebtar serb nuk u treguan t\u00eb arsyesh\u00ebm bile s\u00eb paku t\u00eb k\u00ebrkojn\u00eb falje p\u00ebr kriminel\u00ebt e tyre serb.Ne po gjunjezohemi para tyre edhe pse ishim viktima,sikurse ne jemi fajtor p\u00ebr autoktonin tone n\u00eb vendet tona q\u00eb na i kan\u00eb okupuar.Shteti Serb eshte krijuar n\u00eb trevat etnike t\u00eb shqiptar\u00ebve.<\/p>\n<p>Emri serb\u00eb ka shpjegim nga fjala latine(serpente-gjarp\u00ebr)q\u00eb na jep t\u00eb kuptojm\u00eb natyr\u00ebn e k\u00ebtij populli,i cili t\u00eb sulmon n\u00eb befasi,t\u00eb sulmon at\u00ebher\u00eb kur ti nuk e ke mendjen aty.Ne u trajtuam si qytetar t\u00eb rendit t\u00eb dyt\u00eb,dhe ashtu do mbetemi,deri sa ne nuk ngulim k\u00ebmb q\u00eb t\u00eb rrespektohemi.<\/p>\n<p>P\u00ebrderisa Serbia nuk ka njohur Kosov\u00ebn,dhe nuk k\u00ebrkoj\u00eb falje p\u00ebr gjenocidin q\u00eb b\u00ebri ndaj popullit t\u00eb pafajsh\u00ebm Shqiptar\u00eb.<\/p>\n<p>Nuk ka nevoj\u00eb t\u00eb ledhatoh\u00ebt armiku ne k\u00ebt\u00eb mynyr\u00eb,q\u00eb ende nuk ja kemi falur gjakun e bij\u00ebve tan\u00eb.Shqiptar\u00ebt duh\u00ebt t\u00eb krijojn\u00ebn standardet e tyre si komb me dinjitet t\u00eb plot\u00eb,dhe mos t\u00eb humbin koh\u00eb me popujt q\u00eb nuk kan\u00eb rrespekt p\u00ebr popullin Shqiptar\u00eb,sepse rrespekti nga ligji i natyr\u00ebs \u00ebsht\u00eb,\u201drrug\u00eb me dy kah\u00ebje\u201d<\/p>\n<p>&nbsp;<\/p>\n<p>Haxhi Zeneli<\/p>\n<p>Prill,2014<\/p>\n","protected":false},"excerpt":{"rendered":"<p>Nga Haxhi Zeneli KUR K\u00cbNGA PA DASHJE B\u00cbH\u00cbT PJES\u00cb E POLITIK\u00cbS SHQIPTARET ENDE S\u2019PO M\u00cbSOJN\u00cb NGA E KALUARA E TYRE HISTORIKE Emisioni televeziv i organizuar nga TV-Klani,\u201dKenga ime\u201d,q\u00eb po shfaq\u00ebt k\u00ebto dit\u00eb nga ky televizion,padyshim se \u00ebsht\u00eb di\u00e7ka e mir\u00eb p\u00ebr kultur\u00ebn shqiptare.Ku ka p\u00ebr q\u00ebllim promovimin e vlerave t\u00eb muzik\u00ebs qytetare shqiptare.TV-Klani p\u00ebr k\u00ebt [&hellip;]<\/p>\n","protected":false},"author":1,"featured_media":0,"comment_status":"closed","ping_status":"closed","sticky":false,"template":"","format":"standard","meta":{"spay_email":"","jetpack_publicize_message":"","jetpack_is_tweetstorm":false,"jetpack_publicize_feature_enabled":true},"categories":[14249],"tags":[],"jetpack_publicize_connections":[],"yoast_head":"<!-- This site is optimized with the Yoast SEO plugin v19.1 - https:\/\/yoast.com\/wordpress\/plugins\/seo\/ -->\n<title>Kur k\u00ebnga pa dashje b\u00ebh\u00ebt pjes\u00eb e politik\u00ebs nga Haxhi Zeneli - Lajme nga Ulqini<\/title>\n<meta name=\"description\" content=\"Nga Haxhi Zeneli KUR K\u00cbNGA PA DASHJE B\u00cbH\u00cbT PJES\u00cb E POLITIK\u00cbS SHQIPTARET ENDE S\u2019PO M\u00cbSOJN\u00cb NGA E KALUARA E TYRE HISTORIKE Emisioni televeziv i organizuar\" \/>\n<meta name=\"robots\" content=\"index, follow, max-snippet:-1, max-image-preview:large, max-video-preview:-1\" \/>\n<link rel=\"canonical\" href=\"https:\/\/www.visit-ulcinj.com\/blog\/2014\/04\/20\/kur-kenga-pa-dashje-behet-pjese-e-politikes-nga-haxhi-zeneli\/\" \/>\n<meta property=\"og:locale\" content=\"en_US\" \/>\n<meta property=\"og:type\" content=\"article\" \/>\n<meta property=\"og:title\" content=\"Kur k\u00ebnga pa dashje b\u00ebh\u00ebt pjes\u00eb e politik\u00ebs nga Haxhi Zeneli - Lajme nga Ulqini\" \/>\n<meta property=\"og:description\" content=\"Nga Haxhi Zeneli KUR K\u00cbNGA PA DASHJE B\u00cbH\u00cbT PJES\u00cb E POLITIK\u00cbS SHQIPTARET ENDE S\u2019PO M\u00cbSOJN\u00cb NGA E KALUARA E TYRE HISTORIKE Emisioni televeziv i organizuar\" \/>\n<meta property=\"og:url\" content=\"https:\/\/www.visit-ulcinj.com\/blog\/2014\/04\/20\/kur-kenga-pa-dashje-behet-pjese-e-politikes-nga-haxhi-zeneli\/\" \/>\n<meta property=\"og:site_name\" content=\"Lajme nga Ulqini\" \/>\n<meta property=\"article:published_time\" content=\"2014-04-20T21:18:17+00:00\" \/>\n<meta property=\"og:image\" content=\"http:\/\/www.visit-ulcinj.com\/blog\/wp-content\/uploads\/2014\/01\/haxhi-zeneli.jpg\" \/>\n<meta name=\"twitter:label1\" content=\"Written by\" \/>\n\t<meta name=\"twitter:data1\" content=\"ulqini\" \/>\n\t<meta name=\"twitter:label2\" content=\"Est. reading time\" \/>\n\t<meta name=\"twitter:data2\" content=\"9 minutes\" \/>\n<script type=\"application\/ld+json\" class=\"yoast-schema-graph\">{\"@context\":\"https:\/\/schema.org\",\"@graph\":[{\"@type\":\"WebSite\",\"@id\":\"https:\/\/www.visit-ulcinj.com\/blog\/#website\",\"url\":\"https:\/\/www.visit-ulcinj.com\/blog\/\",\"name\":\"Lajme nga Ulqini\",\"description\":\"Lajme,Vijesti,Ulqini,Ulqin,Crna Gora,Mali i Zi\",\"potentialAction\":[{\"@type\":\"SearchAction\",\"target\":{\"@type\":\"EntryPoint\",\"urlTemplate\":\"https:\/\/www.visit-ulcinj.com\/blog\/?s={search_term_string}\"},\"query-input\":\"required name=search_term_string\"}],\"inLanguage\":\"en-US\"},{\"@type\":\"ImageObject\",\"inLanguage\":\"en-US\",\"@id\":\"https:\/\/www.visit-ulcinj.com\/blog\/2014\/04\/20\/kur-kenga-pa-dashje-behet-pjese-e-politikes-nga-haxhi-zeneli\/#primaryimage\",\"url\":\"https:\/\/www.visit-ulcinj.com\/blog\/wp-content\/uploads\/2014\/01\/haxhi-zeneli.jpg\",\"contentUrl\":\"https:\/\/www.visit-ulcinj.com\/blog\/wp-content\/uploads\/2014\/01\/haxhi-zeneli.jpg\",\"width\":280,\"height\":236},{\"@type\":\"WebPage\",\"@id\":\"https:\/\/www.visit-ulcinj.com\/blog\/2014\/04\/20\/kur-kenga-pa-dashje-behet-pjese-e-politikes-nga-haxhi-zeneli\/#webpage\",\"url\":\"https:\/\/www.visit-ulcinj.com\/blog\/2014\/04\/20\/kur-kenga-pa-dashje-behet-pjese-e-politikes-nga-haxhi-zeneli\/\",\"name\":\"Kur k\u00ebnga pa dashje b\u00ebh\u00ebt pjes\u00eb e politik\u00ebs nga Haxhi Zeneli - Lajme nga Ulqini\",\"isPartOf\":{\"@id\":\"https:\/\/www.visit-ulcinj.com\/blog\/#website\"},\"primaryImageOfPage\":{\"@id\":\"https:\/\/www.visit-ulcinj.com\/blog\/2014\/04\/20\/kur-kenga-pa-dashje-behet-pjese-e-politikes-nga-haxhi-zeneli\/#primaryimage\"},\"datePublished\":\"2014-04-20T21:18:17+00:00\",\"dateModified\":\"2014-04-20T21:18:17+00:00\",\"author\":{\"@id\":\"https:\/\/www.visit-ulcinj.com\/blog\/#\/schema\/person\/dcab619c614d3038751c63bc2aadc06d\"},\"description\":\"Nga Haxhi Zeneli KUR K\u00cbNGA PA DASHJE B\u00cbH\u00cbT PJES\u00cb E POLITIK\u00cbS SHQIPTARET ENDE S\u2019PO M\u00cbSOJN\u00cb NGA E KALUARA E TYRE HISTORIKE Emisioni televeziv i organizuar\",\"breadcrumb\":{\"@id\":\"https:\/\/www.visit-ulcinj.com\/blog\/2014\/04\/20\/kur-kenga-pa-dashje-behet-pjese-e-politikes-nga-haxhi-zeneli\/#breadcrumb\"},\"inLanguage\":\"en-US\",\"potentialAction\":[{\"@type\":\"ReadAction\",\"target\":[\"https:\/\/www.visit-ulcinj.com\/blog\/2014\/04\/20\/kur-kenga-pa-dashje-behet-pjese-e-politikes-nga-haxhi-zeneli\/\"]}]},{\"@type\":\"BreadcrumbList\",\"@id\":\"https:\/\/www.visit-ulcinj.com\/blog\/2014\/04\/20\/kur-kenga-pa-dashje-behet-pjese-e-politikes-nga-haxhi-zeneli\/#breadcrumb\",\"itemListElement\":[{\"@type\":\"ListItem\",\"position\":1,\"name\":\"Kur k\u00ebnga pa dashje b\u00ebh\u00ebt pjes\u00eb e politik\u00ebs nga Haxhi Zeneli\"}]},{\"@type\":\"Person\",\"@id\":\"https:\/\/www.visit-ulcinj.com\/blog\/#\/schema\/person\/dcab619c614d3038751c63bc2aadc06d\",\"name\":\"ulqini\",\"sameAs\":[\"http:\/\/www.visit-ulcinj.com\"],\"url\":\"https:\/\/www.visit-ulcinj.com\/blog\/author\/admin\/\"}]}<\/script>\n<!-- \/ Yoast SEO plugin. -->","yoast_head_json":{"title":"Kur k\u00ebnga pa dashje b\u00ebh\u00ebt pjes\u00eb e politik\u00ebs nga Haxhi Zeneli - Lajme nga Ulqini","description":"Nga Haxhi Zeneli KUR K\u00cbNGA PA DASHJE B\u00cbH\u00cbT PJES\u00cb E POLITIK\u00cbS SHQIPTARET ENDE S\u2019PO M\u00cbSOJN\u00cb NGA E KALUARA E TYRE HISTORIKE Emisioni televeziv i organizuar","robots":{"index":"index","follow":"follow","max-snippet":"max-snippet:-1","max-image-preview":"max-image-preview:large","max-video-preview":"max-video-preview:-1"},"canonical":"https:\/\/www.visit-ulcinj.com\/blog\/2014\/04\/20\/kur-kenga-pa-dashje-behet-pjese-e-politikes-nga-haxhi-zeneli\/","og_locale":"en_US","og_type":"article","og_title":"Kur k\u00ebnga pa dashje b\u00ebh\u00ebt pjes\u00eb e politik\u00ebs nga Haxhi Zeneli - Lajme nga Ulqini","og_description":"Nga Haxhi Zeneli KUR K\u00cbNGA PA DASHJE B\u00cbH\u00cbT PJES\u00cb E POLITIK\u00cbS SHQIPTARET ENDE S\u2019PO M\u00cbSOJN\u00cb NGA E KALUARA E TYRE HISTORIKE Emisioni televeziv i organizuar","og_url":"https:\/\/www.visit-ulcinj.com\/blog\/2014\/04\/20\/kur-kenga-pa-dashje-behet-pjese-e-politikes-nga-haxhi-zeneli\/","og_site_name":"Lajme nga Ulqini","article_published_time":"2014-04-20T21:18:17+00:00","og_image":[{"url":"http:\/\/www.visit-ulcinj.com\/blog\/wp-content\/uploads\/2014\/01\/haxhi-zeneli.jpg"}],"twitter_misc":{"Written by":"ulqini","Est. reading time":"9 minutes"},"schema":{"@context":"https:\/\/schema.org","@graph":[{"@type":"WebSite","@id":"https:\/\/www.visit-ulcinj.com\/blog\/#website","url":"https:\/\/www.visit-ulcinj.com\/blog\/","name":"Lajme nga Ulqini","description":"Lajme,Vijesti,Ulqini,Ulqin,Crna Gora,Mali i Zi","potentialAction":[{"@type":"SearchAction","target":{"@type":"EntryPoint","urlTemplate":"https:\/\/www.visit-ulcinj.com\/blog\/?s={search_term_string}"},"query-input":"required name=search_term_string"}],"inLanguage":"en-US"},{"@type":"ImageObject","inLanguage":"en-US","@id":"https:\/\/www.visit-ulcinj.com\/blog\/2014\/04\/20\/kur-kenga-pa-dashje-behet-pjese-e-politikes-nga-haxhi-zeneli\/#primaryimage","url":"https:\/\/www.visit-ulcinj.com\/blog\/wp-content\/uploads\/2014\/01\/haxhi-zeneli.jpg","contentUrl":"https:\/\/www.visit-ulcinj.com\/blog\/wp-content\/uploads\/2014\/01\/haxhi-zeneli.jpg","width":280,"height":236},{"@type":"WebPage","@id":"https:\/\/www.visit-ulcinj.com\/blog\/2014\/04\/20\/kur-kenga-pa-dashje-behet-pjese-e-politikes-nga-haxhi-zeneli\/#webpage","url":"https:\/\/www.visit-ulcinj.com\/blog\/2014\/04\/20\/kur-kenga-pa-dashje-behet-pjese-e-politikes-nga-haxhi-zeneli\/","name":"Kur k\u00ebnga pa dashje b\u00ebh\u00ebt pjes\u00eb e politik\u00ebs nga Haxhi Zeneli - Lajme nga Ulqini","isPartOf":{"@id":"https:\/\/www.visit-ulcinj.com\/blog\/#website"},"primaryImageOfPage":{"@id":"https:\/\/www.visit-ulcinj.com\/blog\/2014\/04\/20\/kur-kenga-pa-dashje-behet-pjese-e-politikes-nga-haxhi-zeneli\/#primaryimage"},"datePublished":"2014-04-20T21:18:17+00:00","dateModified":"2014-04-20T21:18:17+00:00","author":{"@id":"https:\/\/www.visit-ulcinj.com\/blog\/#\/schema\/person\/dcab619c614d3038751c63bc2aadc06d"},"description":"Nga Haxhi Zeneli KUR K\u00cbNGA PA DASHJE B\u00cbH\u00cbT PJES\u00cb E POLITIK\u00cbS SHQIPTARET ENDE S\u2019PO M\u00cbSOJN\u00cb NGA E KALUARA E TYRE HISTORIKE Emisioni televeziv i organizuar","breadcrumb":{"@id":"https:\/\/www.visit-ulcinj.com\/blog\/2014\/04\/20\/kur-kenga-pa-dashje-behet-pjese-e-politikes-nga-haxhi-zeneli\/#breadcrumb"},"inLanguage":"en-US","potentialAction":[{"@type":"ReadAction","target":["https:\/\/www.visit-ulcinj.com\/blog\/2014\/04\/20\/kur-kenga-pa-dashje-behet-pjese-e-politikes-nga-haxhi-zeneli\/"]}]},{"@type":"BreadcrumbList","@id":"https:\/\/www.visit-ulcinj.com\/blog\/2014\/04\/20\/kur-kenga-pa-dashje-behet-pjese-e-politikes-nga-haxhi-zeneli\/#breadcrumb","itemListElement":[{"@type":"ListItem","position":1,"name":"Kur k\u00ebnga pa dashje b\u00ebh\u00ebt pjes\u00eb e politik\u00ebs nga Haxhi Zeneli"}]},{"@type":"Person","@id":"https:\/\/www.visit-ulcinj.com\/blog\/#\/schema\/person\/dcab619c614d3038751c63bc2aadc06d","name":"ulqini","sameAs":["http:\/\/www.visit-ulcinj.com"],"url":"https:\/\/www.visit-ulcinj.com\/blog\/author\/admin\/"}]}},"jetpack_featured_media_url":"","jetpack_sharing_enabled":true,"jetpack_shortlink":"https:\/\/wp.me\/pe6lTn-lfV","_links":{"self":[{"href":"https:\/\/www.visit-ulcinj.com\/blog\/wp-json\/wp\/v2\/posts\/81711"}],"collection":[{"href":"https:\/\/www.visit-ulcinj.com\/blog\/wp-json\/wp\/v2\/posts"}],"about":[{"href":"https:\/\/www.visit-ulcinj.com\/blog\/wp-json\/wp\/v2\/types\/post"}],"author":[{"embeddable":true,"href":"https:\/\/www.visit-ulcinj.com\/blog\/wp-json\/wp\/v2\/users\/1"}],"replies":[{"embeddable":true,"href":"https:\/\/www.visit-ulcinj.com\/blog\/wp-json\/wp\/v2\/comments?post=81711"}],"version-history":[{"count":1,"href":"https:\/\/www.visit-ulcinj.com\/blog\/wp-json\/wp\/v2\/posts\/81711\/revisions"}],"predecessor-version":[{"id":81712,"href":"https:\/\/www.visit-ulcinj.com\/blog\/wp-json\/wp\/v2\/posts\/81711\/revisions\/81712"}],"wp:attachment":[{"href":"https:\/\/www.visit-ulcinj.com\/blog\/wp-json\/wp\/v2\/media?parent=81711"}],"wp:term":[{"taxonomy":"category","embeddable":true,"href":"https:\/\/www.visit-ulcinj.com\/blog\/wp-json\/wp\/v2\/categories?post=81711"},{"taxonomy":"post_tag","embeddable":true,"href":"https:\/\/www.visit-ulcinj.com\/blog\/wp-json\/wp\/v2\/tags?post=81711"}],"curies":[{"name":"wp","href":"https:\/\/api.w.org\/{rel}","templated":true}]}}