{"id":81713,"date":"2014-04-21T13:49:33","date_gmt":"2014-04-21T12:49:33","guid":{"rendered":"http:\/\/www.visit-ulcinj.com\/blog\/?p=81713"},"modified":"2014-04-22T07:12:10","modified_gmt":"2014-04-22T06:12:10","slug":"delegacioni-i-afaristeve-nga-adana-qendruan-ne-ulqin-video","status":"publish","type":"post","link":"https:\/\/www.visit-ulcinj.com\/blog\/2014\/04\/21\/delegacioni-i-afaristeve-nga-adana-qendruan-ne-ulqin-video\/","title":{"rendered":"Delegacioni i afarist\u00ebve nga Adana  qendruan ne Ulqin &#8211; Video"},"content":{"rendered":"<p><strong><a href=\"http:\/\/www.visit-ulcinj.com\/blog\/wp-content\/uploads\/2014\/04\/posjeta-delegacije-privrednika-iz-Adane-Ulcinju.jpg\"><img loading=\"lazy\" class=\"alignleft  wp-image-81676\" alt=\"posjeta delegacije privrednika iz Adane-Ulcinju\" src=\"http:\/\/www.visit-ulcinj.com\/blog\/wp-content\/uploads\/2014\/04\/posjeta-delegacije-privrednika-iz-Adane-Ulcinju.jpg\" width=\"508\" height=\"360\" \/><\/a>Vizita e nd\u00ebrmarr\u00ebsve nga qytetit i Adan\u00ebs n\u00eb Ulqin<\/strong><\/p>\n<p>N\u00eb kuad\u00ebr t\u00eb vizit\u00ebs s\u00eb delegacionit t\u00eb afarist\u00ebve nga Adana n\u00eb Komun\u00ebn e Ulqinit u priten n\u00eb nj\u00eb takim nga p\u00ebrfaqesuesit e biznesit dhe pushtetit lokal t\u00eb udh\u00ebhequr nga kryetari i komun\u00ebs z.Fatmir Gjeka.<br \/>\nGjeka gjat\u00eb fjal\u00ebs s\u00eb tij\u00eb u shpreh se Komuna e Ulqinit \u00ebsht\u00eb e angazhuar p\u00ebr t\u00eb krijuar kushte t\u00eb favorshme p\u00ebr t\u00eb gjith\u00eb investitoret q\u00eb jan\u00eb t\u00eb interesuar p\u00ebr t\u00eb investuar n\u00eb Ulqin.<br \/>\n<a href=\"http:\/\/www.visit-ulcinj.com\/blog\/wp-content\/uploads\/2014\/04\/posjeta-delegacije-privrednika-iz-Adane-Ulcinju-1.jpg\"><img loading=\"lazy\" class=\"alignleft  wp-image-81677\" alt=\"posjeta delegacije privrednika iz Adane-Ulcinju-1\" src=\"http:\/\/www.visit-ulcinj.com\/blog\/wp-content\/uploads\/2014\/04\/posjeta-delegacije-privrednika-iz-Adane-Ulcinju-1.jpg\" width=\"508\" height=\"360\" \/><\/a><\/p>\n<p>N\u00eb k\u00ebt\u00eb kuad\u00ebr ne kemi krijuar disa leht\u00ebsime duke filluar nga thjesht\u00ebsimi i pocedurave p\u00ebr marrjen e lejeve nd\u00ebrtimore, lirimin nga komunlijet p\u00ebr hotelet 4 dhe 5 yjesh, uljen e \u00e7mimit t\u00eb komunalive p\u00ebr objekte afariste e t\u00eb tjera, u shpreh Gjeka.<br \/>\nN\u00eb em\u00ebr t\u00eb delegacionit t\u00eb Adan\u00ebs foli kryetari i bordit t\u00eb Od\u00ebs Ekonomike t\u00eb k\u00ebtij qyteti z. Atila Menev\u015fe, q\u00eb nj\u00ebherit i falenderoi biznesmetet e Ulqinit p\u00ebr pritjen dhe i ftoj ato t\u00eb vizitojn\u00eb qytitin e Adan\u00ebs. Ai theksoi se ky qytet n\u00eb nj\u00eb t\u00eb ardhme t\u00eb af\u00ebrt do t\u00eb jet\u00eb nj\u00eb nga qytetet kryesore t\u00eb prodhimit t\u00eb energjis\u00eb n\u00eb Turqi por n\u00eb t\u00eb cilin ekzistojn\u00eb edhe kushte shum\u00eb t\u00eb favorshme p\u00ebr zhvillimin e bujq\u00ebsis\u00eb.<\/p>\n<p><a href=\"http:\/\/www.visit-ulcinj.com\/blog\/wp-content\/uploads\/2014\/04\/posjeta-delegacije-privrednika-iz-Adane-Ulcinju-2.jpg\"><img loading=\"lazy\" class=\"alignleft  wp-image-81678\" alt=\"posjeta delegacije privrednika iz Adane-Ulcinju-2\" src=\"http:\/\/www.visit-ulcinj.com\/blog\/wp-content\/uploads\/2014\/04\/posjeta-delegacije-privrednika-iz-Adane-Ulcinju-2.jpg\" width=\"508\" height=\"360\" \/><\/a><br \/>\nN\u00ebnkryetari i Komun\u00ebs s\u00eb Ulqinit Ardijan Mavriqi shprehu gadishmerin\u00eb e Komun\u00ebs s\u00eb Ulqinit p\u00ebr tu angazhuar n\u00eb eleminimin e \u00e7do barriere t\u00eb mund\u00ebshme p\u00ebr realizimin e projekteve potencile.<br \/>\nPas takimit, n\u00eb t\u00eb cilin u paraqiten mund\u00ebsit\u00eb e investimeve n\u00eb t\u00eb dy k\u00ebto qytete, vazhduan bisedimet n\u00eb mes t\u00eb biznesmeneve t\u00eb Ulqinit dhe Adan\u00ebs.<\/p>\n<p><strong>Komuna Ulqinit<\/strong><\/p>\n<!--YouTube Error: bad URL entered-->\n","protected":false},"excerpt":{"rendered":"<p>Vizita e nd\u00ebrmarr\u00ebsve nga qytetit i Adan\u00ebs n\u00eb Ulqin N\u00eb kuad\u00ebr t\u00eb vizit\u00ebs s\u00eb delegacionit t\u00eb afarist\u00ebve nga Adana n\u00eb Komun\u00ebn e Ulqinit u priten n\u00eb nj\u00eb takim nga p\u00ebrfaqesuesit e biznesit dhe pushtetit lokal t\u00eb udh\u00ebhequr nga kryetari i komun\u00ebs z.Fatmir Gjeka. Gjeka gjat\u00eb fjal\u00ebs s\u00eb tij\u00eb u shpreh se Komuna e Ulqinit \u00ebsht\u00eb [&hellip;]<\/p>\n","protected":false},"author":1,"featured_media":0,"comment_status":"closed","ping_status":"closed","sticky":false,"template":"","format":"standard","meta":{"spay_email":"","jetpack_publicize_message":"","jetpack_is_tweetstorm":false,"jetpack_publicize_feature_enabled":true},"categories":[10,1],"tags":[],"jetpack_publicize_connections":[],"yoast_head":"<!-- This site is optimized with the Yoast SEO plugin v19.1 - https:\/\/yoast.com\/wordpress\/plugins\/seo\/ -->\n<title>Delegacioni i afarist\u00ebve nga Adana qendruan ne Ulqin - Video - Lajme nga Ulqini<\/title>\n<meta name=\"description\" content=\"Vizita e nd\u00ebrmarr\u00ebsve nga qytetit i Adan\u00ebs n\u00eb Ulqin N\u00eb kuad\u00ebr t\u00eb vizit\u00ebs s\u00eb delegacionit t\u00eb afarist\u00ebve nga Adana n\u00eb Komun\u00ebn e Ulqinit u priten n\u00eb nj\u00eb\" \/>\n<meta name=\"robots\" content=\"index, follow, max-snippet:-1, max-image-preview:large, max-video-preview:-1\" \/>\n<link rel=\"canonical\" href=\"https:\/\/www.visit-ulcinj.com\/blog\/2014\/04\/21\/delegacioni-i-afaristeve-nga-adana-qendruan-ne-ulqin-video\/\" \/>\n<meta property=\"og:locale\" content=\"en_US\" \/>\n<meta property=\"og:type\" content=\"article\" \/>\n<meta property=\"og:title\" content=\"Delegacioni i afarist\u00ebve nga Adana qendruan ne Ulqin - Video - Lajme nga Ulqini\" \/>\n<meta property=\"og:description\" content=\"Vizita e nd\u00ebrmarr\u00ebsve nga qytetit i Adan\u00ebs n\u00eb Ulqin N\u00eb kuad\u00ebr t\u00eb vizit\u00ebs s\u00eb delegacionit t\u00eb afarist\u00ebve nga Adana n\u00eb Komun\u00ebn e Ulqinit u priten n\u00eb nj\u00eb\" \/>\n<meta property=\"og:url\" content=\"https:\/\/www.visit-ulcinj.com\/blog\/2014\/04\/21\/delegacioni-i-afaristeve-nga-adana-qendruan-ne-ulqin-video\/\" \/>\n<meta property=\"og:site_name\" content=\"Lajme nga Ulqini\" \/>\n<meta property=\"article:published_time\" content=\"2014-04-21T12:49:33+00:00\" \/>\n<meta property=\"article:modified_time\" content=\"2014-04-22T06:12:10+00:00\" \/>\n<meta property=\"og:image\" content=\"http:\/\/www.visit-ulcinj.com\/blog\/wp-content\/uploads\/2014\/04\/posjeta-delegacije-privrednika-iz-Adane-Ulcinju.jpg\" \/>\n<meta name=\"twitter:label1\" content=\"Written by\" \/>\n\t<meta name=\"twitter:data1\" content=\"ulqini\" \/>\n\t<meta name=\"twitter:label2\" content=\"Est. reading time\" \/>\n\t<meta name=\"twitter:data2\" content=\"1 minute\" \/>\n<script type=\"application\/ld+json\" class=\"yoast-schema-graph\">{\"@context\":\"https:\/\/schema.org\",\"@graph\":[{\"@type\":\"WebSite\",\"@id\":\"https:\/\/www.visit-ulcinj.com\/blog\/#website\",\"url\":\"https:\/\/www.visit-ulcinj.com\/blog\/\",\"name\":\"Lajme nga Ulqini\",\"description\":\"Lajme,Vijesti,Ulqini,Ulqin,Crna Gora,Mali i Zi\",\"potentialAction\":[{\"@type\":\"SearchAction\",\"target\":{\"@type\":\"EntryPoint\",\"urlTemplate\":\"https:\/\/www.visit-ulcinj.com\/blog\/?s={search_term_string}\"},\"query-input\":\"required name=search_term_string\"}],\"inLanguage\":\"en-US\"},{\"@type\":\"ImageObject\",\"inLanguage\":\"en-US\",\"@id\":\"https:\/\/www.visit-ulcinj.com\/blog\/2014\/04\/21\/delegacioni-i-afaristeve-nga-adana-qendruan-ne-ulqin-video\/#primaryimage\",\"url\":\"https:\/\/www.visit-ulcinj.com\/blog\/wp-content\/uploads\/2014\/04\/posjeta-delegacije-privrednika-iz-Adane-Ulcinju.jpg\",\"contentUrl\":\"https:\/\/www.visit-ulcinj.com\/blog\/wp-content\/uploads\/2014\/04\/posjeta-delegacije-privrednika-iz-Adane-Ulcinju.jpg\",\"width\":640,\"height\":360},{\"@type\":\"WebPage\",\"@id\":\"https:\/\/www.visit-ulcinj.com\/blog\/2014\/04\/21\/delegacioni-i-afaristeve-nga-adana-qendruan-ne-ulqin-video\/#webpage\",\"url\":\"https:\/\/www.visit-ulcinj.com\/blog\/2014\/04\/21\/delegacioni-i-afaristeve-nga-adana-qendruan-ne-ulqin-video\/\",\"name\":\"Delegacioni i afarist\u00ebve nga Adana qendruan ne Ulqin - Video - Lajme nga Ulqini\",\"isPartOf\":{\"@id\":\"https:\/\/www.visit-ulcinj.com\/blog\/#website\"},\"primaryImageOfPage\":{\"@id\":\"https:\/\/www.visit-ulcinj.com\/blog\/2014\/04\/21\/delegacioni-i-afaristeve-nga-adana-qendruan-ne-ulqin-video\/#primaryimage\"},\"datePublished\":\"2014-04-21T12:49:33+00:00\",\"dateModified\":\"2014-04-22T06:12:10+00:00\",\"author\":{\"@id\":\"https:\/\/www.visit-ulcinj.com\/blog\/#\/schema\/person\/dcab619c614d3038751c63bc2aadc06d\"},\"description\":\"Vizita e nd\u00ebrmarr\u00ebsve nga qytetit i Adan\u00ebs n\u00eb Ulqin N\u00eb kuad\u00ebr t\u00eb vizit\u00ebs s\u00eb delegacionit t\u00eb afarist\u00ebve nga Adana n\u00eb Komun\u00ebn e Ulqinit u priten n\u00eb nj\u00eb\",\"breadcrumb\":{\"@id\":\"https:\/\/www.visit-ulcinj.com\/blog\/2014\/04\/21\/delegacioni-i-afaristeve-nga-adana-qendruan-ne-ulqin-video\/#breadcrumb\"},\"inLanguage\":\"en-US\",\"potentialAction\":[{\"@type\":\"ReadAction\",\"target\":[\"https:\/\/www.visit-ulcinj.com\/blog\/2014\/04\/21\/delegacioni-i-afaristeve-nga-adana-qendruan-ne-ulqin-video\/\"]}]},{\"@type\":\"BreadcrumbList\",\"@id\":\"https:\/\/www.visit-ulcinj.com\/blog\/2014\/04\/21\/delegacioni-i-afaristeve-nga-adana-qendruan-ne-ulqin-video\/#breadcrumb\",\"itemListElement\":[{\"@type\":\"ListItem\",\"position\":1,\"name\":\"Delegacioni i afarist\u00ebve nga Adana qendruan ne Ulqin &#8211; Video\"}]},{\"@type\":\"Person\",\"@id\":\"https:\/\/www.visit-ulcinj.com\/blog\/#\/schema\/person\/dcab619c614d3038751c63bc2aadc06d\",\"name\":\"ulqini\",\"sameAs\":[\"http:\/\/www.visit-ulcinj.com\"],\"url\":\"https:\/\/www.visit-ulcinj.com\/blog\/author\/admin\/\"}]}<\/script>\n<!-- \/ Yoast SEO plugin. -->","yoast_head_json":{"title":"Delegacioni i afarist\u00ebve nga Adana qendruan ne Ulqin - Video - Lajme nga Ulqini","description":"Vizita e nd\u00ebrmarr\u00ebsve nga qytetit i Adan\u00ebs n\u00eb Ulqin N\u00eb kuad\u00ebr t\u00eb vizit\u00ebs s\u00eb delegacionit t\u00eb afarist\u00ebve nga Adana n\u00eb Komun\u00ebn e Ulqinit u priten n\u00eb nj\u00eb","robots":{"index":"index","follow":"follow","max-snippet":"max-snippet:-1","max-image-preview":"max-image-preview:large","max-video-preview":"max-video-preview:-1"},"canonical":"https:\/\/www.visit-ulcinj.com\/blog\/2014\/04\/21\/delegacioni-i-afaristeve-nga-adana-qendruan-ne-ulqin-video\/","og_locale":"en_US","og_type":"article","og_title":"Delegacioni i afarist\u00ebve nga Adana qendruan ne Ulqin - Video - Lajme nga Ulqini","og_description":"Vizita e nd\u00ebrmarr\u00ebsve nga qytetit i Adan\u00ebs n\u00eb Ulqin N\u00eb kuad\u00ebr t\u00eb vizit\u00ebs s\u00eb delegacionit t\u00eb afarist\u00ebve nga Adana n\u00eb Komun\u00ebn e Ulqinit u priten n\u00eb nj\u00eb","og_url":"https:\/\/www.visit-ulcinj.com\/blog\/2014\/04\/21\/delegacioni-i-afaristeve-nga-adana-qendruan-ne-ulqin-video\/","og_site_name":"Lajme nga Ulqini","article_published_time":"2014-04-21T12:49:33+00:00","article_modified_time":"2014-04-22T06:12:10+00:00","og_image":[{"url":"http:\/\/www.visit-ulcinj.com\/blog\/wp-content\/uploads\/2014\/04\/posjeta-delegacije-privrednika-iz-Adane-Ulcinju.jpg"}],"twitter_misc":{"Written by":"ulqini","Est. reading time":"1 minute"},"schema":{"@context":"https:\/\/schema.org","@graph":[{"@type":"WebSite","@id":"https:\/\/www.visit-ulcinj.com\/blog\/#website","url":"https:\/\/www.visit-ulcinj.com\/blog\/","name":"Lajme nga Ulqini","description":"Lajme,Vijesti,Ulqini,Ulqin,Crna Gora,Mali i Zi","potentialAction":[{"@type":"SearchAction","target":{"@type":"EntryPoint","urlTemplate":"https:\/\/www.visit-ulcinj.com\/blog\/?s={search_term_string}"},"query-input":"required name=search_term_string"}],"inLanguage":"en-US"},{"@type":"ImageObject","inLanguage":"en-US","@id":"https:\/\/www.visit-ulcinj.com\/blog\/2014\/04\/21\/delegacioni-i-afaristeve-nga-adana-qendruan-ne-ulqin-video\/#primaryimage","url":"https:\/\/www.visit-ulcinj.com\/blog\/wp-content\/uploads\/2014\/04\/posjeta-delegacije-privrednika-iz-Adane-Ulcinju.jpg","contentUrl":"https:\/\/www.visit-ulcinj.com\/blog\/wp-content\/uploads\/2014\/04\/posjeta-delegacije-privrednika-iz-Adane-Ulcinju.jpg","width":640,"height":360},{"@type":"WebPage","@id":"https:\/\/www.visit-ulcinj.com\/blog\/2014\/04\/21\/delegacioni-i-afaristeve-nga-adana-qendruan-ne-ulqin-video\/#webpage","url":"https:\/\/www.visit-ulcinj.com\/blog\/2014\/04\/21\/delegacioni-i-afaristeve-nga-adana-qendruan-ne-ulqin-video\/","name":"Delegacioni i afarist\u00ebve nga Adana qendruan ne Ulqin - Video - Lajme nga Ulqini","isPartOf":{"@id":"https:\/\/www.visit-ulcinj.com\/blog\/#website"},"primaryImageOfPage":{"@id":"https:\/\/www.visit-ulcinj.com\/blog\/2014\/04\/21\/delegacioni-i-afaristeve-nga-adana-qendruan-ne-ulqin-video\/#primaryimage"},"datePublished":"2014-04-21T12:49:33+00:00","dateModified":"2014-04-22T06:12:10+00:00","author":{"@id":"https:\/\/www.visit-ulcinj.com\/blog\/#\/schema\/person\/dcab619c614d3038751c63bc2aadc06d"},"description":"Vizita e nd\u00ebrmarr\u00ebsve nga qytetit i Adan\u00ebs n\u00eb Ulqin N\u00eb kuad\u00ebr t\u00eb vizit\u00ebs s\u00eb delegacionit t\u00eb afarist\u00ebve nga Adana n\u00eb Komun\u00ebn e Ulqinit u priten n\u00eb nj\u00eb","breadcrumb":{"@id":"https:\/\/www.visit-ulcinj.com\/blog\/2014\/04\/21\/delegacioni-i-afaristeve-nga-adana-qendruan-ne-ulqin-video\/#breadcrumb"},"inLanguage":"en-US","potentialAction":[{"@type":"ReadAction","target":["https:\/\/www.visit-ulcinj.com\/blog\/2014\/04\/21\/delegacioni-i-afaristeve-nga-adana-qendruan-ne-ulqin-video\/"]}]},{"@type":"BreadcrumbList","@id":"https:\/\/www.visit-ulcinj.com\/blog\/2014\/04\/21\/delegacioni-i-afaristeve-nga-adana-qendruan-ne-ulqin-video\/#breadcrumb","itemListElement":[{"@type":"ListItem","position":1,"name":"Delegacioni i afarist\u00ebve nga Adana qendruan ne Ulqin &#8211; Video"}]},{"@type":"Person","@id":"https:\/\/www.visit-ulcinj.com\/blog\/#\/schema\/person\/dcab619c614d3038751c63bc2aadc06d","name":"ulqini","sameAs":["http:\/\/www.visit-ulcinj.com"],"url":"https:\/\/www.visit-ulcinj.com\/blog\/author\/admin\/"}]}},"jetpack_featured_media_url":"","jetpack_sharing_enabled":true,"jetpack_shortlink":"https:\/\/wp.me\/pe6lTn-lfX","_links":{"self":[{"href":"https:\/\/www.visit-ulcinj.com\/blog\/wp-json\/wp\/v2\/posts\/81713"}],"collection":[{"href":"https:\/\/www.visit-ulcinj.com\/blog\/wp-json\/wp\/v2\/posts"}],"about":[{"href":"https:\/\/www.visit-ulcinj.com\/blog\/wp-json\/wp\/v2\/types\/post"}],"author":[{"embeddable":true,"href":"https:\/\/www.visit-ulcinj.com\/blog\/wp-json\/wp\/v2\/users\/1"}],"replies":[{"embeddable":true,"href":"https:\/\/www.visit-ulcinj.com\/blog\/wp-json\/wp\/v2\/comments?post=81713"}],"version-history":[{"count":1,"href":"https:\/\/www.visit-ulcinj.com\/blog\/wp-json\/wp\/v2\/posts\/81713\/revisions"}],"predecessor-version":[{"id":81714,"href":"https:\/\/www.visit-ulcinj.com\/blog\/wp-json\/wp\/v2\/posts\/81713\/revisions\/81714"}],"wp:attachment":[{"href":"https:\/\/www.visit-ulcinj.com\/blog\/wp-json\/wp\/v2\/media?parent=81713"}],"wp:term":[{"taxonomy":"category","embeddable":true,"href":"https:\/\/www.visit-ulcinj.com\/blog\/wp-json\/wp\/v2\/categories?post=81713"},{"taxonomy":"post_tag","embeddable":true,"href":"https:\/\/www.visit-ulcinj.com\/blog\/wp-json\/wp\/v2\/tags?post=81713"}],"curies":[{"name":"wp","href":"https:\/\/api.w.org\/{rel}","templated":true}]}}