{"id":81716,"date":"2014-04-21T21:50:38","date_gmt":"2014-04-21T20:50:38","guid":{"rendered":"http:\/\/www.visit-ulcinj.com\/blog\/?p=81716"},"modified":"2014-04-21T21:52:20","modified_gmt":"2014-04-21T20:52:20","slug":"stafi-klinikes-illyria-faliminderon-per-pashket","status":"publish","type":"post","link":"https:\/\/www.visit-ulcinj.com\/blog\/2014\/04\/21\/stafi-klinikes-illyria-faliminderon-per-pashket\/","title":{"rendered":"Stafi i Klinikes ILLYRIA faliminderon per pashket Gjek\u00ebn"},"content":{"rendered":"<p><strong><a href=\"http:\/\/www.visit-ulcinj.com\/blog\/wp-content\/uploads\/2014\/04\/Illyria-Family-Practice.jpg\"><img loading=\"lazy\" class=\"alignleft  wp-image-81717\" alt=\"Illyria Family  Practice\" src=\"http:\/\/www.visit-ulcinj.com\/blog\/wp-content\/uploads\/2014\/04\/Illyria-Family-Practice.jpg\" width=\"350\" height=\"288\" \/><\/a>Fal\u00ebnderojm\u00eb,<\/strong><\/p>\n<p>T\u00eb gjith\u00eb v\u00ebllaznit tan\u00eb shqiptar\u00eb prej t\u00eb gjitha Partive si dhe Kryetarit ton\u00eb te \u00a0Ulqinit, Fatmir Gjeka, p\u00ebr urimet tuaja p\u00ebr Pashk\u00ebn, Ringjalljen e Krishtit.<\/p>\n<p>Shum\u00eb e shum\u00eb fal\u00ebnderime t\u00eb ngrohta, Zoti ju ruajt ju, familjet tuaja, sh\u00ebndetin, \u00a0pun\u00ebn \u00a0dhe \u00e7do te mir\u00eb.<\/p>\n<p>Falnderojm\u00eb \u00a0si edhe Kryetarit \u00a0Fatmir Gjek\u00eb, Zoti ju ndihmoht\u00eb ne pune te re dhe \u00a0kryesosore \u00a0me e mbajt dhe me e ruajt Ulqinin ton\u00eb t\u00eb bukur e t\u00eb past\u00ebr.<\/p>\n<p>Pun\u00eb t\u00eb mbar\u00eb!<\/p>\n<p>&nbsp;<\/p>\n<p>Urima \u00a0gjithve nga staffi I kilinikes<\/p>\n<p>&nbsp;<\/p>\n<p><b>ILLYRIA<\/b><\/p>\n<p>Lena<\/p>\n<p>&nbsp;<\/p>\n<p><a href=\"http:\/\/www.visit-ulcinj.com\/blog\/wp-content\/uploads\/2013\/12\/Lena-Catalic-Gani-Karamanaga.jpg\"><img loading=\"lazy\" class=\"alignleft  wp-image-77284\" alt=\"Lena Catalic-Gani Karamanaga\" src=\"http:\/\/www.visit-ulcinj.com\/blog\/wp-content\/uploads\/2013\/12\/Lena-Catalic-Gani-Karamanaga.jpg\" width=\"508\" height=\"360\" \/><\/a><\/p>\n<p><strong>\u00a0<\/strong><\/p>\n<p><strong>Lena Catalic<\/strong><\/p>\n<p><strong>Director<\/strong><\/p>\n<p><strong>\u00a0Illyria Family\u00a0 Practice<\/strong><\/p>\n<p><strong>JACOBI MEDICAL CENTAR<\/strong><\/p>\n<p>1400 Pelham Parkway<\/p>\n<p>BLDG &#8211; 1 \u2013 4NW \u2013 B<\/p>\n<p>Bronx N, Y 10461<\/p>\n<p>Phon : 718-918-7481<\/p>\n<p>Fax : 718-918-7035<\/p>\n<p><a href=\"mailto:Lena.catalic@nbhn.net\" target=\"_blank\">Lena.catalic@nbhn.net<\/a><\/p>\n","protected":false},"excerpt":{"rendered":"<p>Fal\u00ebnderojm\u00eb, T\u00eb gjith\u00eb v\u00ebllaznit tan\u00eb shqiptar\u00eb prej t\u00eb gjitha Partive si dhe Kryetarit ton\u00eb te \u00a0Ulqinit, Fatmir Gjeka, p\u00ebr urimet tuaja p\u00ebr Pashk\u00ebn, Ringjalljen e Krishtit. Shum\u00eb e shum\u00eb fal\u00ebnderime t\u00eb ngrohta, Zoti ju ruajt ju, familjet tuaja, sh\u00ebndetin, \u00a0pun\u00ebn \u00a0dhe \u00e7do te mir\u00eb. Falnderojm\u00eb \u00a0si edhe Kryetarit \u00a0Fatmir Gjek\u00eb, Zoti ju ndihmoht\u00eb ne pune [&hellip;]<\/p>\n","protected":false},"author":1,"featured_media":0,"comment_status":"closed","ping_status":"closed","sticky":false,"template":"","format":"standard","meta":{"spay_email":"","jetpack_publicize_message":"","jetpack_is_tweetstorm":false,"jetpack_publicize_feature_enabled":true},"categories":[14],"tags":[],"jetpack_publicize_connections":[],"yoast_head":"<!-- This site is optimized with the Yoast SEO plugin v19.1 - https:\/\/yoast.com\/wordpress\/plugins\/seo\/ -->\n<title>Stafi i Klinikes ILLYRIA faliminderon per pashket Gjek\u00ebn - Lajme nga Ulqini<\/title>\n<meta name=\"description\" content=\"Fal\u00ebnderojm\u00eb, T\u00eb gjith\u00eb v\u00ebllaznit tan\u00eb shqiptar\u00eb prej t\u00eb gjitha Partive si dhe Kryetarit ton\u00eb te \u00a0Ulqinit, Fatmir Gjeka, p\u00ebr urimet tuaja p\u00ebr Pashk\u00ebn,\" \/>\n<meta name=\"robots\" content=\"index, follow, max-snippet:-1, max-image-preview:large, max-video-preview:-1\" \/>\n<link rel=\"canonical\" href=\"https:\/\/www.visit-ulcinj.com\/blog\/2014\/04\/21\/stafi-klinikes-illyria-faliminderon-per-pashket\/\" \/>\n<meta property=\"og:locale\" content=\"en_US\" \/>\n<meta property=\"og:type\" content=\"article\" \/>\n<meta property=\"og:title\" content=\"Stafi i Klinikes ILLYRIA faliminderon per pashket Gjek\u00ebn - Lajme nga Ulqini\" \/>\n<meta property=\"og:description\" content=\"Fal\u00ebnderojm\u00eb, T\u00eb gjith\u00eb v\u00ebllaznit tan\u00eb shqiptar\u00eb prej t\u00eb gjitha Partive si dhe Kryetarit ton\u00eb te \u00a0Ulqinit, Fatmir Gjeka, p\u00ebr urimet tuaja p\u00ebr Pashk\u00ebn,\" \/>\n<meta property=\"og:url\" content=\"https:\/\/www.visit-ulcinj.com\/blog\/2014\/04\/21\/stafi-klinikes-illyria-faliminderon-per-pashket\/\" \/>\n<meta property=\"og:site_name\" content=\"Lajme nga Ulqini\" \/>\n<meta property=\"article:published_time\" content=\"2014-04-21T20:50:38+00:00\" \/>\n<meta property=\"article:modified_time\" content=\"2014-04-21T20:52:20+00:00\" \/>\n<meta property=\"og:image\" content=\"http:\/\/www.visit-ulcinj.com\/blog\/wp-content\/uploads\/2014\/04\/Illyria-Family-Practice.jpg\" \/>\n<meta name=\"twitter:label1\" content=\"Written by\" \/>\n\t<meta name=\"twitter:data1\" content=\"ulqini\" \/>\n\t<meta name=\"twitter:label2\" content=\"Est. reading time\" \/>\n\t<meta name=\"twitter:data2\" content=\"1 minute\" \/>\n<script type=\"application\/ld+json\" class=\"yoast-schema-graph\">{\"@context\":\"https:\/\/schema.org\",\"@graph\":[{\"@type\":\"WebSite\",\"@id\":\"https:\/\/www.visit-ulcinj.com\/blog\/#website\",\"url\":\"https:\/\/www.visit-ulcinj.com\/blog\/\",\"name\":\"Lajme nga Ulqini\",\"description\":\"Lajme,Vijesti,Ulqini,Ulqin,Crna Gora,Mali i Zi\",\"potentialAction\":[{\"@type\":\"SearchAction\",\"target\":{\"@type\":\"EntryPoint\",\"urlTemplate\":\"https:\/\/www.visit-ulcinj.com\/blog\/?s={search_term_string}\"},\"query-input\":\"required name=search_term_string\"}],\"inLanguage\":\"en-US\"},{\"@type\":\"ImageObject\",\"inLanguage\":\"en-US\",\"@id\":\"https:\/\/www.visit-ulcinj.com\/blog\/2014\/04\/21\/stafi-klinikes-illyria-faliminderon-per-pashket\/#primaryimage\",\"url\":\"https:\/\/www.visit-ulcinj.com\/blog\/wp-content\/uploads\/2014\/04\/Illyria-Family-Practice.jpg\",\"contentUrl\":\"https:\/\/www.visit-ulcinj.com\/blog\/wp-content\/uploads\/2014\/04\/Illyria-Family-Practice.jpg\",\"width\":384,\"height\":288},{\"@type\":\"WebPage\",\"@id\":\"https:\/\/www.visit-ulcinj.com\/blog\/2014\/04\/21\/stafi-klinikes-illyria-faliminderon-per-pashket\/#webpage\",\"url\":\"https:\/\/www.visit-ulcinj.com\/blog\/2014\/04\/21\/stafi-klinikes-illyria-faliminderon-per-pashket\/\",\"name\":\"Stafi i Klinikes ILLYRIA faliminderon per pashket Gjek\u00ebn - Lajme nga Ulqini\",\"isPartOf\":{\"@id\":\"https:\/\/www.visit-ulcinj.com\/blog\/#website\"},\"primaryImageOfPage\":{\"@id\":\"https:\/\/www.visit-ulcinj.com\/blog\/2014\/04\/21\/stafi-klinikes-illyria-faliminderon-per-pashket\/#primaryimage\"},\"datePublished\":\"2014-04-21T20:50:38+00:00\",\"dateModified\":\"2014-04-21T20:52:20+00:00\",\"author\":{\"@id\":\"https:\/\/www.visit-ulcinj.com\/blog\/#\/schema\/person\/dcab619c614d3038751c63bc2aadc06d\"},\"description\":\"Fal\u00ebnderojm\u00eb, T\u00eb gjith\u00eb v\u00ebllaznit tan\u00eb shqiptar\u00eb prej t\u00eb gjitha Partive si dhe Kryetarit ton\u00eb te \u00a0Ulqinit, Fatmir Gjeka, p\u00ebr urimet tuaja p\u00ebr Pashk\u00ebn,\",\"breadcrumb\":{\"@id\":\"https:\/\/www.visit-ulcinj.com\/blog\/2014\/04\/21\/stafi-klinikes-illyria-faliminderon-per-pashket\/#breadcrumb\"},\"inLanguage\":\"en-US\",\"potentialAction\":[{\"@type\":\"ReadAction\",\"target\":[\"https:\/\/www.visit-ulcinj.com\/blog\/2014\/04\/21\/stafi-klinikes-illyria-faliminderon-per-pashket\/\"]}]},{\"@type\":\"BreadcrumbList\",\"@id\":\"https:\/\/www.visit-ulcinj.com\/blog\/2014\/04\/21\/stafi-klinikes-illyria-faliminderon-per-pashket\/#breadcrumb\",\"itemListElement\":[{\"@type\":\"ListItem\",\"position\":1,\"name\":\"Stafi i Klinikes ILLYRIA faliminderon per pashket Gjek\u00ebn\"}]},{\"@type\":\"Person\",\"@id\":\"https:\/\/www.visit-ulcinj.com\/blog\/#\/schema\/person\/dcab619c614d3038751c63bc2aadc06d\",\"name\":\"ulqini\",\"sameAs\":[\"http:\/\/www.visit-ulcinj.com\"],\"url\":\"https:\/\/www.visit-ulcinj.com\/blog\/author\/admin\/\"}]}<\/script>\n<!-- \/ Yoast SEO plugin. -->","yoast_head_json":{"title":"Stafi i Klinikes ILLYRIA faliminderon per pashket Gjek\u00ebn - Lajme nga Ulqini","description":"Fal\u00ebnderojm\u00eb, T\u00eb gjith\u00eb v\u00ebllaznit tan\u00eb shqiptar\u00eb prej t\u00eb gjitha Partive si dhe Kryetarit ton\u00eb te \u00a0Ulqinit, Fatmir Gjeka, p\u00ebr urimet tuaja p\u00ebr Pashk\u00ebn,","robots":{"index":"index","follow":"follow","max-snippet":"max-snippet:-1","max-image-preview":"max-image-preview:large","max-video-preview":"max-video-preview:-1"},"canonical":"https:\/\/www.visit-ulcinj.com\/blog\/2014\/04\/21\/stafi-klinikes-illyria-faliminderon-per-pashket\/","og_locale":"en_US","og_type":"article","og_title":"Stafi i Klinikes ILLYRIA faliminderon per pashket Gjek\u00ebn - Lajme nga Ulqini","og_description":"Fal\u00ebnderojm\u00eb, T\u00eb gjith\u00eb v\u00ebllaznit tan\u00eb shqiptar\u00eb prej t\u00eb gjitha Partive si dhe Kryetarit ton\u00eb te \u00a0Ulqinit, Fatmir Gjeka, p\u00ebr urimet tuaja p\u00ebr Pashk\u00ebn,","og_url":"https:\/\/www.visit-ulcinj.com\/blog\/2014\/04\/21\/stafi-klinikes-illyria-faliminderon-per-pashket\/","og_site_name":"Lajme nga Ulqini","article_published_time":"2014-04-21T20:50:38+00:00","article_modified_time":"2014-04-21T20:52:20+00:00","og_image":[{"url":"http:\/\/www.visit-ulcinj.com\/blog\/wp-content\/uploads\/2014\/04\/Illyria-Family-Practice.jpg"}],"twitter_misc":{"Written by":"ulqini","Est. reading time":"1 minute"},"schema":{"@context":"https:\/\/schema.org","@graph":[{"@type":"WebSite","@id":"https:\/\/www.visit-ulcinj.com\/blog\/#website","url":"https:\/\/www.visit-ulcinj.com\/blog\/","name":"Lajme nga Ulqini","description":"Lajme,Vijesti,Ulqini,Ulqin,Crna Gora,Mali i Zi","potentialAction":[{"@type":"SearchAction","target":{"@type":"EntryPoint","urlTemplate":"https:\/\/www.visit-ulcinj.com\/blog\/?s={search_term_string}"},"query-input":"required name=search_term_string"}],"inLanguage":"en-US"},{"@type":"ImageObject","inLanguage":"en-US","@id":"https:\/\/www.visit-ulcinj.com\/blog\/2014\/04\/21\/stafi-klinikes-illyria-faliminderon-per-pashket\/#primaryimage","url":"https:\/\/www.visit-ulcinj.com\/blog\/wp-content\/uploads\/2014\/04\/Illyria-Family-Practice.jpg","contentUrl":"https:\/\/www.visit-ulcinj.com\/blog\/wp-content\/uploads\/2014\/04\/Illyria-Family-Practice.jpg","width":384,"height":288},{"@type":"WebPage","@id":"https:\/\/www.visit-ulcinj.com\/blog\/2014\/04\/21\/stafi-klinikes-illyria-faliminderon-per-pashket\/#webpage","url":"https:\/\/www.visit-ulcinj.com\/blog\/2014\/04\/21\/stafi-klinikes-illyria-faliminderon-per-pashket\/","name":"Stafi i Klinikes ILLYRIA faliminderon per pashket Gjek\u00ebn - Lajme nga Ulqini","isPartOf":{"@id":"https:\/\/www.visit-ulcinj.com\/blog\/#website"},"primaryImageOfPage":{"@id":"https:\/\/www.visit-ulcinj.com\/blog\/2014\/04\/21\/stafi-klinikes-illyria-faliminderon-per-pashket\/#primaryimage"},"datePublished":"2014-04-21T20:50:38+00:00","dateModified":"2014-04-21T20:52:20+00:00","author":{"@id":"https:\/\/www.visit-ulcinj.com\/blog\/#\/schema\/person\/dcab619c614d3038751c63bc2aadc06d"},"description":"Fal\u00ebnderojm\u00eb, T\u00eb gjith\u00eb v\u00ebllaznit tan\u00eb shqiptar\u00eb prej t\u00eb gjitha Partive si dhe Kryetarit ton\u00eb te \u00a0Ulqinit, Fatmir Gjeka, p\u00ebr urimet tuaja p\u00ebr Pashk\u00ebn,","breadcrumb":{"@id":"https:\/\/www.visit-ulcinj.com\/blog\/2014\/04\/21\/stafi-klinikes-illyria-faliminderon-per-pashket\/#breadcrumb"},"inLanguage":"en-US","potentialAction":[{"@type":"ReadAction","target":["https:\/\/www.visit-ulcinj.com\/blog\/2014\/04\/21\/stafi-klinikes-illyria-faliminderon-per-pashket\/"]}]},{"@type":"BreadcrumbList","@id":"https:\/\/www.visit-ulcinj.com\/blog\/2014\/04\/21\/stafi-klinikes-illyria-faliminderon-per-pashket\/#breadcrumb","itemListElement":[{"@type":"ListItem","position":1,"name":"Stafi i Klinikes ILLYRIA faliminderon per pashket Gjek\u00ebn"}]},{"@type":"Person","@id":"https:\/\/www.visit-ulcinj.com\/blog\/#\/schema\/person\/dcab619c614d3038751c63bc2aadc06d","name":"ulqini","sameAs":["http:\/\/www.visit-ulcinj.com"],"url":"https:\/\/www.visit-ulcinj.com\/blog\/author\/admin\/"}]}},"jetpack_featured_media_url":"","jetpack_sharing_enabled":true,"jetpack_shortlink":"https:\/\/wp.me\/pe6lTn-lg0","_links":{"self":[{"href":"https:\/\/www.visit-ulcinj.com\/blog\/wp-json\/wp\/v2\/posts\/81716"}],"collection":[{"href":"https:\/\/www.visit-ulcinj.com\/blog\/wp-json\/wp\/v2\/posts"}],"about":[{"href":"https:\/\/www.visit-ulcinj.com\/blog\/wp-json\/wp\/v2\/types\/post"}],"author":[{"embeddable":true,"href":"https:\/\/www.visit-ulcinj.com\/blog\/wp-json\/wp\/v2\/users\/1"}],"replies":[{"embeddable":true,"href":"https:\/\/www.visit-ulcinj.com\/blog\/wp-json\/wp\/v2\/comments?post=81716"}],"version-history":[{"count":2,"href":"https:\/\/www.visit-ulcinj.com\/blog\/wp-json\/wp\/v2\/posts\/81716\/revisions"}],"predecessor-version":[{"id":81719,"href":"https:\/\/www.visit-ulcinj.com\/blog\/wp-json\/wp\/v2\/posts\/81716\/revisions\/81719"}],"wp:attachment":[{"href":"https:\/\/www.visit-ulcinj.com\/blog\/wp-json\/wp\/v2\/media?parent=81716"}],"wp:term":[{"taxonomy":"category","embeddable":true,"href":"https:\/\/www.visit-ulcinj.com\/blog\/wp-json\/wp\/v2\/categories?post=81716"},{"taxonomy":"post_tag","embeddable":true,"href":"https:\/\/www.visit-ulcinj.com\/blog\/wp-json\/wp\/v2\/tags?post=81716"}],"curies":[{"name":"wp","href":"https:\/\/api.w.org\/{rel}","templated":true}]}}