{"id":81728,"date":"2014-04-22T14:12:05","date_gmt":"2014-04-22T13:12:05","guid":{"rendered":"http:\/\/www.visit-ulcinj.com\/blog\/?p=81728"},"modified":"2014-04-22T17:12:43","modified_gmt":"2014-04-22T16:12:43","slug":"historiku-shkolles-ne-ane-te-malit","status":"publish","type":"post","link":"https:\/\/www.visit-ulcinj.com\/blog\/2014\/04\/22\/historiku-shkolles-ne-ane-te-malit\/","title":{"rendered":"Historiku i Shkoll\u00ebs n\u00eb An\u00eb t\u00eb Malit"},"content":{"rendered":"<p><strong><a href=\"http:\/\/www.visit-ulcinj.com\/blog\/wp-content\/uploads\/2014\/04\/Ilir-Lleshi.jpg\"><img loading=\"lazy\" class=\"alignleft  wp-image-81729\" alt=\"Ilir Lleshi\" src=\"http:\/\/www.visit-ulcinj.com\/blog\/wp-content\/uploads\/2014\/04\/Ilir-Lleshi.jpg\" width=\"508\" height=\"360\" \/><\/a>Shkruan: Ilir Lleshi<\/strong><\/p>\n<p>IP Shkolla fillore &#8216;Bedri Elezaga&#8217; n\u00eb Vlladimir, komuna Ulqin, ka shkoll\u00ebn am\u00eb dhe 8 paralele t\u00eb ndara n\u00eb fshatrat: Kryth\u00eb, Sukubin\u00eb, Rashtish\u00eb, Mill\u00eb, Kravar, Shtod\u00ebr, Kllez\u00ebn dhe Fraskanjel.<\/p>\n<p>Kjo shkoll\u00eb \u00ebsht\u00eb themeluar n\u00eb vitin 1929 n\u00eb nd\u00ebrtes\u00ebn e mejtepit n\u00eb Selit\u00eb, komuna Kat\u00ebrkoll\u00eb. T\u00eb nj\u00ebjtin vit jan\u00eb \u00e7elur shkollat n\u00eb Kosiq dhe Sukubin\u00eb. Num\u00ebri i nx\u00ebn\u00ebsve nuk \u00ebsht\u00eb i njohur nd\u00ebrsa m\u00ebsuesit e par\u00eb kan\u00eb qen\u00eb:<br \/>\nN\u00eb Selit\u00eb, Jozica Mariniqi, n\u00eb Kosiq, Milenko Guberiniqi e n\u00eb Sukubin\u00eb, Vllado Miniqi. M\u00ebsimi, n\u00eb k\u00ebto shkolla, \u00ebsht\u00eb zhvilluar n\u00eb gjuh\u00eb jo amtare &#8211; serbe.<\/p>\n<p>N\u00eb vitin 1932 jan\u00eb nd\u00ebrtuar shkollat e reja n\u00eb Kat\u00ebrkoll\u00eb &#8211; Vlladimir, Kryth\u00eb e Sukubin\u00eb. Aty \u00ebsht\u00eb zhvilluar m\u00ebsimi n\u00eb kl. I &#8211; IV. M\u00ebsuesit, p\u00ebrve\u00e7 t\u00eb p\u00ebrmendurve, kan\u00eb qen\u00eb: N\u00eb Vlladimir, Andrija e Jullka Uskoviqi e Marko Strahinja. N\u00eb Kryth\u00eb, Bosilka Strugar, Miliq \u00c7ukiqi, Vukashin Dragoviqi e Zharko Paviqeviqi. N\u00eb Sukubin\u00eb, Jelena Miniqi, Ilija Zhivanoviqi, Danillo e Milka Mitroviqi dhe Miqo Vu\u00e7iniqi.<\/p>\n<p>K\u00ebto shkolla kan\u00eb punuar deri n\u00eb vitin 1941, kur e kan\u00eb nd\u00ebrpre pun\u00ebn p\u00ebr shkak t\u00eb kapitullimit t\u00eb Jugosllavis\u00eb s\u00eb vjet\u00ebr.<\/p>\n<p>N\u00eb shkurt t\u00eb vitit 1945 shkolla n\u00eb Vlladimir e ka vazhduar pun\u00ebn. M\u00ebsuesi dhe drejtori i par\u00eb i shkoll\u00ebs ka qen\u00eb Minja Nikollaidisi, nga Ulqini. N\u00eb kl. I &#8211; IV kan\u00eb qen\u00eb 45 nx. &#8211; meshkuj. P\u00ebr her\u00eb t\u00eb par\u00eb, m\u00ebsimi \u00ebsht\u00eb zhvilluar n\u00eb gjuh\u00ebn amtare, shqipe. At\u00eb vit \u00ebsht\u00eb formuar K\u00ebshilli i par\u00eb i Shkoll\u00ebs. Kryetar ka qen\u00eb Musa Llolla.<\/p>\n<p>Vitin shk. 1945\/46, hap\u00ebn shkollat e p\u00ebrkohshme n\u00eb t\u00eb cilat m\u00ebsuesit punuan pa pages\u00eb: Kryth\u00eb, Ramazan Jahoviqi. Sukubin\u00eb, Jullka Nikoliqi. Kllez\u00ebn Nalt, Daut Hoxhiqi e Nikolla Nrekiqi. Kllez\u00ebn Posht\u00eb, Prena Jankoviqi. Ambull, Mark Shkrela.<\/p>\n<p>N\u00eb vitin shk. 1946\/47, n\u00eb shkoll\u00eb caktohen m\u00ebsuesit e p\u00ebrkohsh\u00ebm nga vendi &#8211; rajoni i shkoll\u00ebs. Vlladimir, 4 klas\u00eb, 195 nx. M\u00ebsuesit: Ramazan H. Selloviqi, Shaqir Durakoviqi, Selim Llunjiqi, Daut Hoxhiqi pastaj Llucija Qetkoviqi, Mehmed Cucoviqi, Vata Elezoviqi. Kryth\u00eb, 3 kl. 146 nx. M\u00ebsuesit; Sal\u00eb Kurmemoviqi, Nikolla Nrekiqi,<br \/>\nElez Alloviqi. Sukubin\u00eb, 4 kl. 165 nx. M\u00ebsuesit; Daut Mehmedoviqi dhe Faik Avdiqi.<br \/>\nAmbull, 2 kl. 86 nx. M\u00ebsuesit; Manush Kasnecoviqi dhe Prena Nikiqi.<\/p>\n<p>N\u00eb vitin shk. 1947\/48, shkolla n\u00eb Vlladimir, rritet n\u00eb Shkoll\u00eb fillore shtat\u00eb klasash. P\u00ebr drejtor em\u00ebrohet Junuz Divanoviqi, m\u00ebsues nga Tivari.<\/p>\n<p>Po at\u00eb vit \u00e7elet shkolla n\u00eb Kravar, 1 klas\u00eb, 76 nx\u00ebn\u00ebs. M\u00ebsuesi, Meto Cucoviqi.<br \/>\nN\u00eb vitin 1948\/49, \u00ebsht\u00eb \u00e7elur shkolla n\u00eb Kllez\u00ebn Posht\u00eb.<br \/>\nN\u00eb vitin shk. 1949\/50, shkolla n\u00eb Vlladimir fiton sekretarin e shkoll\u00ebs e nga viti 1951, me t\u00eb drejt\u00eb t\u00eb plot\u00eb punon Shaban Hoxhiqi. K\u00ebt\u00eb vit shkoll\u00ebn shtat\u00ebvje\u00e7a re e kryen gjenerata e par\u00eb e nx\u00ebn\u00ebsve: Haxhi e Fadil Taipoviqi, Sabri e Xhevdet<br \/>\nHolloviqi, Shaban Hoxhiqi, Elez Mustafoviqi dhe Vata Elezoviqi.<\/p>\n<p>Vitin shk. 1951\/52, shkolla n\u00eb Vlladimir, rritet n\u00eb Shkoll\u00eb fillore tet\u00ebvje\u00e7are.<br \/>\nN\u00eb vitin shk. 1953\/54, \u00e7elet shkolla n\u00eb Mill\u00eb, 4 klas\u00eb, 73 nx\u00ebn\u00ebs.<br \/>\nN\u00eb vitin shk. 1956\/57, n\u00eb shkoll\u00eb vihet gjuha e huaj, fr\u00ebngjishtja, q\u00eb m\u00ebsohet deri n\u00eb vitin 1961.<\/p>\n<p>N\u00eb vitin shk. 1958\/59, Shkoll\u00ebn fillore tet\u00ebklas\u00ebshe e kryen nx\u00ebn\u00ebsja Rrukije Likoviqi, q\u00eb vitin shk. 1964\/65, ajo b\u00ebhet m\u00ebsuesja e par\u00eb vendase n\u00eb k\u00ebt\u00eb shkoll\u00eb.<br \/>\nN\u00eb vitin shk. 1961\/62, n\u00eb shkoll\u00eb vihet gjuha e huaj, rusishtja q\u00eb m\u00ebsohet deri n\u00eb vitin 1992.<\/p>\n<p>Prej dhjetori 1961 Shkolla fillore n\u00eb Vlladimir, mban emrin e revolucionarit t\u00eb ri nga Ulqini, Bedri Elezaga.<\/p>\n<p>N\u00eb vitin shk. 1962\/63 \u00e7elet shkolla n\u00eb Shtod\u00ebr, 4 klas\u00eb, 71 nx. M\u00ebsuesit, Halit<br \/>\nAvdiqi dhe Hasan Salaj.<\/p>\n<p>N\u00eb vitin 1964 n\u00eb shkoll\u00eb formohet organi i par\u00eb vet\u00ebqeveris\u00ebs, K\u00ebshilli i Shkoll\u00ebs, kryetar i t\u00eb cilit u zgjodh Faik Cekoviqi.<\/p>\n<p>N\u00eb vitin 1966 drejtori i shkoll\u00ebs Junuz Divanoviqi shkoi n\u00eb pension.<br \/>\nDrejtor\u00ebt tjer\u00eb t\u00eb shkoll\u00ebs kan\u00eb qen\u00eb:<br \/>\nSabri Holloviqi 1966 -1970, Elez Mu\u00e7oviqi 1970 &#8211; 1973 e 1982 &#8211; 1985, Faik Cekoviqi 1973, Xhevdet Hollaj 1973 &#8211; 1977, Rexhep Kokaj 1977 &#8211; 1981, Idriz Kalla boviqi 1981, Rexhep Lleshi 1985 &#8211; 1998, Nail Draga 1998 \u2013 2003, Ali Mu\u00e7aj 2003 &#8211; &#8230;<\/p>\n<p>N\u00eb vitin shkollor 1967\/68, \u00e7elet shkolla e ndar\u00eb n\u00eb Fraskanjel, 4 klas\u00eb, 24 nx\u00ebn\u00ebs. M\u00ebsuesi, Mehmet Peroviqi.<\/p>\n<p>N\u00eb vitin shk. 1972\/73, \u00ebsht\u00eb \u00e7elur shkolla n\u00eb Rashtish\u00eb, 4 klas\u00eb. M\u00ebsuesit, Idriz Kallaboviqi e Osman Mustafoviqi.<\/p>\n<p>N\u00eb vitin shk. 1972\/73, l\u00ebshohet nd\u00ebrtesa Shkolla e vjet\u00ebr e puna vazhdon n\u00eb objekt t\u00eb ri, ku p\u00ebr her\u00eb t\u00eb par\u00eb, organizohet m\u00ebsimi n\u00eb kabinete.<br \/>\n<a href=\"http:\/\/www.visit-ulcinj.com\/blog\/wp-content\/uploads\/2014\/04\/Kartolina-shkolles.jpg\"><img loading=\"lazy\" class=\"alignleft size-full wp-image-81747\" alt=\"Kartolina-shkolles\" src=\"http:\/\/www.visit-ulcinj.com\/blog\/wp-content\/uploads\/2014\/04\/Kartolina-shkolles.jpg\" width=\"508\" height=\"352\" srcset=\"https:\/\/www.visit-ulcinj.com\/blog\/wp-content\/uploads\/2014\/04\/Kartolina-shkolles.jpg 508w, https:\/\/www.visit-ulcinj.com\/blog\/wp-content\/uploads\/2014\/04\/Kartolina-shkolles-300x207.jpg 300w\" sizes=\"(max-width: 508px) 100vw, 508px\" \/><\/a><\/p>\n<p><strong>Objekti i ri i Shkoll\u00ebs Am\u00eb<\/strong><\/p>\n<p>N\u00eb vitin shk. 1975\/76 organizohet bartja e nx\u00ebn\u00ebsve, kl. V-VIII, me autobus n\u00eb shkoll\u00ebn am\u00eb dhe anasjelltas.<\/p>\n<p>N\u00eb vitin shk. 1977\/78, n\u00eb shkoll\u00eb vihet anglishtja, si gjuh\u00eb e huaj e dyt\u00eb.<br \/>\nPrej vitit 1979, Dita e shkoll\u00ebs festohet, m\u00eb 15 maj.<br \/>\nN\u00eb vitin shk. 1981\/82, filloi pun\u00ebn pedagogu i shkoll\u00ebs, Sulejman Gjoni.<br \/>\nN\u00eb vitin shk. 1982\/83, n\u00eb shkoll\u00eb vihet java pes\u00ebdit\u00ebsh e pun\u00ebs.<br \/>\nN\u00eb vitin shk. 1986\/87, n\u00eb shkoll\u00eb \u00ebsht\u00eb \u00e7elur ambulanca stomatologj. e nx.<br \/>\nN\u00eb vitin shk. 1987\/88, n\u00eb shkoll\u00eb \u00ebsht\u00eb organizuar ushqimi i nx\u00ebn\u00ebsve.<\/p>\n<p>N\u00eb vitin shk. 1989\/90, Ibrahim Cucoviqi, m\u00ebsues n\u00eb k\u00ebt\u00eb shkoll\u00eb, u shpallur pun\u00ebtori m\u00eb i mir\u00eb i arsimit n\u00eb Komun\u00ebn e Ulqinit.<\/p>\n<p>N\u00eb vitin 1992. shkolla b\u00ebhet Institucion publik me emrin: IP Shkolla fillore &#8216;Bedri Elezaga&#8217; n\u00eb Vlladimir.<\/p>\n<p>N\u00eb vitin shk. 1992\/93, n\u00eb shkoll\u00eb vihet gjermanishtja, gjuh\u00eb e huaj e dyt\u00eb.<br \/>\nN\u00eb vitin shk. 1993\/94, n\u00eb shkoll\u00eb, me t\u00eb drejt\u00eb t\u00eb plot\u00eb punon bibliotekisti Avni Kurti.<\/p>\n<p>N\u00eb shtator 1997, n\u00eb shkoll\u00eb u mbajt Akademia solemne me rastin e 50 vjetorit t\u00eb ardhjes s\u00eb ish drejtorit Junuz Divanoviqit, n\u00eb shkoll\u00eb n\u00eb Vlladimir.<br \/>\nNga muaji prill 1998, n\u00eb shkoll\u00eb, me t\u00eb drejt\u00eb t\u00eb plot\u00eb, punon llogaritari i par\u00eb i shkoll\u00ebs, Ilir Lleshi.<\/p>\n<p>N\u00eb vitin shk. 1998\/99, vihet m\u00ebsimi eksperimental n\u00eb kl. t\u00eb I, Shkolla am\u00eb.<br \/>\nN\u00eb vitin shk. 2003\/04, n\u00eb shkoll\u00eb mbahet kursi par\u00eb &#8211; puna me kompjuter.<br \/>\nN\u00eb vitin shk. 2005\/06, vihet programi arsimor i Shkoll\u00ebs fillore n\u00ebnt\u00eb vje\u00e7are \/klasash duke filluar n\u00eb klas\u00eb t\u00eb I (par\u00eb).<\/p>\n","protected":false},"excerpt":{"rendered":"<p>Shkruan: Ilir Lleshi IP Shkolla fillore &#8216;Bedri Elezaga&#8217; n\u00eb Vlladimir, komuna Ulqin, ka shkoll\u00ebn am\u00eb dhe 8 paralele t\u00eb ndara n\u00eb fshatrat: Kryth\u00eb, Sukubin\u00eb, Rashtish\u00eb, Mill\u00eb, Kravar, Shtod\u00ebr, Kllez\u00ebn dhe Fraskanjel. Kjo shkoll\u00eb \u00ebsht\u00eb themeluar n\u00eb vitin 1929 n\u00eb nd\u00ebrtes\u00ebn e mejtepit n\u00eb Selit\u00eb, komuna Kat\u00ebrkoll\u00eb. T\u00eb nj\u00ebjtin vit jan\u00eb \u00e7elur shkollat n\u00eb Kosiq dhe [&hellip;]<\/p>\n","protected":false},"author":1,"featured_media":0,"comment_status":"closed","ping_status":"closed","sticky":false,"template":"","format":"standard","meta":{"spay_email":"","jetpack_publicize_message":"","jetpack_is_tweetstorm":false,"jetpack_publicize_feature_enabled":true},"categories":[4],"tags":[],"jetpack_publicize_connections":[],"yoast_head":"<!-- This site is optimized with the Yoast SEO plugin v19.1 - https:\/\/yoast.com\/wordpress\/plugins\/seo\/ -->\n<title>Historiku i Shkoll\u00ebs n\u00eb An\u00eb t\u00eb Malit - Lajme nga Ulqini<\/title>\n<meta name=\"description\" content=\"Shkruan: Ilir Lleshi IP Shkolla fillore &#039;Bedri Elezaga&#039; n\u00eb Vlladimir, komuna Ulqin, ka shkoll\u00ebn am\u00eb dhe 8 paralele t\u00eb ndara n\u00eb fshatrat: Kryth\u00eb, Sukubin\u00eb,\" \/>\n<meta name=\"robots\" content=\"index, follow, max-snippet:-1, max-image-preview:large, max-video-preview:-1\" \/>\n<link rel=\"canonical\" href=\"https:\/\/www.visit-ulcinj.com\/blog\/2014\/04\/22\/historiku-shkolles-ne-ane-te-malit\/\" \/>\n<meta property=\"og:locale\" content=\"en_US\" \/>\n<meta property=\"og:type\" content=\"article\" \/>\n<meta property=\"og:title\" content=\"Historiku i Shkoll\u00ebs n\u00eb An\u00eb t\u00eb Malit - Lajme nga Ulqini\" \/>\n<meta property=\"og:description\" content=\"Shkruan: Ilir Lleshi IP Shkolla fillore &#039;Bedri Elezaga&#039; n\u00eb Vlladimir, komuna Ulqin, ka shkoll\u00ebn am\u00eb dhe 8 paralele t\u00eb ndara n\u00eb fshatrat: Kryth\u00eb, Sukubin\u00eb,\" \/>\n<meta property=\"og:url\" content=\"https:\/\/www.visit-ulcinj.com\/blog\/2014\/04\/22\/historiku-shkolles-ne-ane-te-malit\/\" \/>\n<meta property=\"og:site_name\" content=\"Lajme nga Ulqini\" \/>\n<meta property=\"article:published_time\" content=\"2014-04-22T13:12:05+00:00\" \/>\n<meta property=\"article:modified_time\" content=\"2014-04-22T16:12:43+00:00\" \/>\n<meta property=\"og:image\" content=\"http:\/\/www.visit-ulcinj.com\/blog\/wp-content\/uploads\/2014\/04\/Ilir-Lleshi.jpg\" \/>\n<meta name=\"twitter:label1\" content=\"Written by\" \/>\n\t<meta name=\"twitter:data1\" content=\"ulqini\" \/>\n\t<meta name=\"twitter:label2\" content=\"Est. reading time\" \/>\n\t<meta name=\"twitter:data2\" content=\"5 minutes\" \/>\n<script type=\"application\/ld+json\" class=\"yoast-schema-graph\">{\"@context\":\"https:\/\/schema.org\",\"@graph\":[{\"@type\":\"WebSite\",\"@id\":\"https:\/\/www.visit-ulcinj.com\/blog\/#website\",\"url\":\"https:\/\/www.visit-ulcinj.com\/blog\/\",\"name\":\"Lajme nga Ulqini\",\"description\":\"Lajme,Vijesti,Ulqini,Ulqin,Crna Gora,Mali i Zi\",\"potentialAction\":[{\"@type\":\"SearchAction\",\"target\":{\"@type\":\"EntryPoint\",\"urlTemplate\":\"https:\/\/www.visit-ulcinj.com\/blog\/?s={search_term_string}\"},\"query-input\":\"required name=search_term_string\"}],\"inLanguage\":\"en-US\"},{\"@type\":\"ImageObject\",\"inLanguage\":\"en-US\",\"@id\":\"https:\/\/www.visit-ulcinj.com\/blog\/2014\/04\/22\/historiku-shkolles-ne-ane-te-malit\/#primaryimage\",\"url\":\"https:\/\/www.visit-ulcinj.com\/blog\/wp-content\/uploads\/2014\/04\/Ilir-Lleshi.jpg\",\"contentUrl\":\"https:\/\/www.visit-ulcinj.com\/blog\/wp-content\/uploads\/2014\/04\/Ilir-Lleshi.jpg\",\"width\":839,\"height\":641},{\"@type\":\"WebPage\",\"@id\":\"https:\/\/www.visit-ulcinj.com\/blog\/2014\/04\/22\/historiku-shkolles-ne-ane-te-malit\/#webpage\",\"url\":\"https:\/\/www.visit-ulcinj.com\/blog\/2014\/04\/22\/historiku-shkolles-ne-ane-te-malit\/\",\"name\":\"Historiku i Shkoll\u00ebs n\u00eb An\u00eb t\u00eb Malit - Lajme nga Ulqini\",\"isPartOf\":{\"@id\":\"https:\/\/www.visit-ulcinj.com\/blog\/#website\"},\"primaryImageOfPage\":{\"@id\":\"https:\/\/www.visit-ulcinj.com\/blog\/2014\/04\/22\/historiku-shkolles-ne-ane-te-malit\/#primaryimage\"},\"datePublished\":\"2014-04-22T13:12:05+00:00\",\"dateModified\":\"2014-04-22T16:12:43+00:00\",\"author\":{\"@id\":\"https:\/\/www.visit-ulcinj.com\/blog\/#\/schema\/person\/dcab619c614d3038751c63bc2aadc06d\"},\"description\":\"Shkruan: Ilir Lleshi IP Shkolla fillore 'Bedri Elezaga' n\u00eb Vlladimir, komuna Ulqin, ka shkoll\u00ebn am\u00eb dhe 8 paralele t\u00eb ndara n\u00eb fshatrat: Kryth\u00eb, Sukubin\u00eb,\",\"breadcrumb\":{\"@id\":\"https:\/\/www.visit-ulcinj.com\/blog\/2014\/04\/22\/historiku-shkolles-ne-ane-te-malit\/#breadcrumb\"},\"inLanguage\":\"en-US\",\"potentialAction\":[{\"@type\":\"ReadAction\",\"target\":[\"https:\/\/www.visit-ulcinj.com\/blog\/2014\/04\/22\/historiku-shkolles-ne-ane-te-malit\/\"]}]},{\"@type\":\"BreadcrumbList\",\"@id\":\"https:\/\/www.visit-ulcinj.com\/blog\/2014\/04\/22\/historiku-shkolles-ne-ane-te-malit\/#breadcrumb\",\"itemListElement\":[{\"@type\":\"ListItem\",\"position\":1,\"name\":\"Historiku i Shkoll\u00ebs n\u00eb An\u00eb t\u00eb Malit\"}]},{\"@type\":\"Person\",\"@id\":\"https:\/\/www.visit-ulcinj.com\/blog\/#\/schema\/person\/dcab619c614d3038751c63bc2aadc06d\",\"name\":\"ulqini\",\"sameAs\":[\"http:\/\/www.visit-ulcinj.com\"],\"url\":\"https:\/\/www.visit-ulcinj.com\/blog\/author\/admin\/\"}]}<\/script>\n<!-- \/ Yoast SEO plugin. -->","yoast_head_json":{"title":"Historiku i Shkoll\u00ebs n\u00eb An\u00eb t\u00eb Malit - Lajme nga Ulqini","description":"Shkruan: Ilir Lleshi IP Shkolla fillore 'Bedri Elezaga' n\u00eb Vlladimir, komuna Ulqin, ka shkoll\u00ebn am\u00eb dhe 8 paralele t\u00eb ndara n\u00eb fshatrat: Kryth\u00eb, Sukubin\u00eb,","robots":{"index":"index","follow":"follow","max-snippet":"max-snippet:-1","max-image-preview":"max-image-preview:large","max-video-preview":"max-video-preview:-1"},"canonical":"https:\/\/www.visit-ulcinj.com\/blog\/2014\/04\/22\/historiku-shkolles-ne-ane-te-malit\/","og_locale":"en_US","og_type":"article","og_title":"Historiku i Shkoll\u00ebs n\u00eb An\u00eb t\u00eb Malit - Lajme nga Ulqini","og_description":"Shkruan: Ilir Lleshi IP Shkolla fillore 'Bedri Elezaga' n\u00eb Vlladimir, komuna Ulqin, ka shkoll\u00ebn am\u00eb dhe 8 paralele t\u00eb ndara n\u00eb fshatrat: Kryth\u00eb, Sukubin\u00eb,","og_url":"https:\/\/www.visit-ulcinj.com\/blog\/2014\/04\/22\/historiku-shkolles-ne-ane-te-malit\/","og_site_name":"Lajme nga Ulqini","article_published_time":"2014-04-22T13:12:05+00:00","article_modified_time":"2014-04-22T16:12:43+00:00","og_image":[{"url":"http:\/\/www.visit-ulcinj.com\/blog\/wp-content\/uploads\/2014\/04\/Ilir-Lleshi.jpg"}],"twitter_misc":{"Written by":"ulqini","Est. reading time":"5 minutes"},"schema":{"@context":"https:\/\/schema.org","@graph":[{"@type":"WebSite","@id":"https:\/\/www.visit-ulcinj.com\/blog\/#website","url":"https:\/\/www.visit-ulcinj.com\/blog\/","name":"Lajme nga Ulqini","description":"Lajme,Vijesti,Ulqini,Ulqin,Crna Gora,Mali i Zi","potentialAction":[{"@type":"SearchAction","target":{"@type":"EntryPoint","urlTemplate":"https:\/\/www.visit-ulcinj.com\/blog\/?s={search_term_string}"},"query-input":"required name=search_term_string"}],"inLanguage":"en-US"},{"@type":"ImageObject","inLanguage":"en-US","@id":"https:\/\/www.visit-ulcinj.com\/blog\/2014\/04\/22\/historiku-shkolles-ne-ane-te-malit\/#primaryimage","url":"https:\/\/www.visit-ulcinj.com\/blog\/wp-content\/uploads\/2014\/04\/Ilir-Lleshi.jpg","contentUrl":"https:\/\/www.visit-ulcinj.com\/blog\/wp-content\/uploads\/2014\/04\/Ilir-Lleshi.jpg","width":839,"height":641},{"@type":"WebPage","@id":"https:\/\/www.visit-ulcinj.com\/blog\/2014\/04\/22\/historiku-shkolles-ne-ane-te-malit\/#webpage","url":"https:\/\/www.visit-ulcinj.com\/blog\/2014\/04\/22\/historiku-shkolles-ne-ane-te-malit\/","name":"Historiku i Shkoll\u00ebs n\u00eb An\u00eb t\u00eb Malit - Lajme nga Ulqini","isPartOf":{"@id":"https:\/\/www.visit-ulcinj.com\/blog\/#website"},"primaryImageOfPage":{"@id":"https:\/\/www.visit-ulcinj.com\/blog\/2014\/04\/22\/historiku-shkolles-ne-ane-te-malit\/#primaryimage"},"datePublished":"2014-04-22T13:12:05+00:00","dateModified":"2014-04-22T16:12:43+00:00","author":{"@id":"https:\/\/www.visit-ulcinj.com\/blog\/#\/schema\/person\/dcab619c614d3038751c63bc2aadc06d"},"description":"Shkruan: Ilir Lleshi IP Shkolla fillore 'Bedri Elezaga' n\u00eb Vlladimir, komuna Ulqin, ka shkoll\u00ebn am\u00eb dhe 8 paralele t\u00eb ndara n\u00eb fshatrat: Kryth\u00eb, Sukubin\u00eb,","breadcrumb":{"@id":"https:\/\/www.visit-ulcinj.com\/blog\/2014\/04\/22\/historiku-shkolles-ne-ane-te-malit\/#breadcrumb"},"inLanguage":"en-US","potentialAction":[{"@type":"ReadAction","target":["https:\/\/www.visit-ulcinj.com\/blog\/2014\/04\/22\/historiku-shkolles-ne-ane-te-malit\/"]}]},{"@type":"BreadcrumbList","@id":"https:\/\/www.visit-ulcinj.com\/blog\/2014\/04\/22\/historiku-shkolles-ne-ane-te-malit\/#breadcrumb","itemListElement":[{"@type":"ListItem","position":1,"name":"Historiku i Shkoll\u00ebs n\u00eb An\u00eb t\u00eb Malit"}]},{"@type":"Person","@id":"https:\/\/www.visit-ulcinj.com\/blog\/#\/schema\/person\/dcab619c614d3038751c63bc2aadc06d","name":"ulqini","sameAs":["http:\/\/www.visit-ulcinj.com"],"url":"https:\/\/www.visit-ulcinj.com\/blog\/author\/admin\/"}]}},"jetpack_featured_media_url":"","jetpack_sharing_enabled":true,"jetpack_shortlink":"https:\/\/wp.me\/pe6lTn-lgc","_links":{"self":[{"href":"https:\/\/www.visit-ulcinj.com\/blog\/wp-json\/wp\/v2\/posts\/81728"}],"collection":[{"href":"https:\/\/www.visit-ulcinj.com\/blog\/wp-json\/wp\/v2\/posts"}],"about":[{"href":"https:\/\/www.visit-ulcinj.com\/blog\/wp-json\/wp\/v2\/types\/post"}],"author":[{"embeddable":true,"href":"https:\/\/www.visit-ulcinj.com\/blog\/wp-json\/wp\/v2\/users\/1"}],"replies":[{"embeddable":true,"href":"https:\/\/www.visit-ulcinj.com\/blog\/wp-json\/wp\/v2\/comments?post=81728"}],"version-history":[{"count":2,"href":"https:\/\/www.visit-ulcinj.com\/blog\/wp-json\/wp\/v2\/posts\/81728\/revisions"}],"predecessor-version":[{"id":81748,"href":"https:\/\/www.visit-ulcinj.com\/blog\/wp-json\/wp\/v2\/posts\/81728\/revisions\/81748"}],"wp:attachment":[{"href":"https:\/\/www.visit-ulcinj.com\/blog\/wp-json\/wp\/v2\/media?parent=81728"}],"wp:term":[{"taxonomy":"category","embeddable":true,"href":"https:\/\/www.visit-ulcinj.com\/blog\/wp-json\/wp\/v2\/categories?post=81728"},{"taxonomy":"post_tag","embeddable":true,"href":"https:\/\/www.visit-ulcinj.com\/blog\/wp-json\/wp\/v2\/tags?post=81728"}],"curies":[{"name":"wp","href":"https:\/\/api.w.org\/{rel}","templated":true}]}}