{"id":81731,"date":"2014-04-22T14:25:39","date_gmt":"2014-04-22T13:25:39","guid":{"rendered":"http:\/\/www.visit-ulcinj.com\/blog\/?p=81731"},"modified":"2014-04-22T14:25:39","modified_gmt":"2014-04-22T13:25:39","slug":"raporti-punes-qendres-ditore-per-femije-dhe-te-rinj-pengesa-ne-tremujorshin-2014","status":"publish","type":"post","link":"https:\/\/www.visit-ulcinj.com\/blog\/2014\/04\/22\/raporti-punes-qendres-ditore-per-femije-dhe-te-rinj-pengesa-ne-tremujorshin-2014\/","title":{"rendered":"Raporti pun\u00ebs i Qendres ditore p\u00ebr f\u00ebmij\u00eb dhe t\u00eb rinj me pengesa n\u00eb tremujorshin 2014"},"content":{"rendered":"<p><strong><a href=\"http:\/\/www.visit-ulcinj.com\/blog\/wp-content\/uploads\/2014\/04\/Dnevni-Centar-Sirena-Qendra-Ditore-Sirena-Ulcinj-Ulqin.jpg\"><img loading=\"lazy\" class=\"alignleft  wp-image-81732\" alt=\"Dnevni Centar Sirena- Qendra Ditore Sirena-Ulcinj-Ulqin\" src=\"http:\/\/www.visit-ulcinj.com\/blog\/wp-content\/uploads\/2014\/04\/Dnevni-Centar-Sirena-Qendra-Ditore-Sirena-Ulcinj-Ulqin.jpg\" width=\"508\" height=\"360\" \/><\/a>IP Qendra ditore p\u00ebr f\u00ebmij\u00eb dhe t\u00eb rinj me pengesa dhe v\u00ebshtir\u00ebsi n\u00eb zhvillim \u201cSirena\u201d<\/strong><\/p>\n<p>Informat\u00eb e pun\u00ebs s\u00eb Qendres ditore p\u00ebr f\u00ebmij\u00eb dhe t\u00eb rinj me pengesa dhe v\u00ebshtir\u00ebsi n\u00eb zhvillim \u201cSirena\u201d n\u00eb Ulqin,n\u00eb tremujorshin e par\u00eb p\u00ebr vitin 2014.<\/p>\n<p>Programi I pun\u00ebs p\u00ebr\u00a0 vitin 2014,parasheh pajisjen e kabineteve me mjete bashk\u00ebkohore t\u00eb pun\u00ebs si dhe organizimin e seminareve me qendrat ditore homologe n\u00eb Mal t\u00eb Zi.<\/p>\n<p>Qendra ditore \u201cSirena\u201d ka nd\u00ebrmarr\u00eb aksionin p\u00ebt t\u00eb pajisur me mjetin m\u00eb bashk\u00ebkohor BEHRINGER prodhim I Gjermanis\u00eb,I cili ka p\u00ebr q\u00ebllim t\u00eb ndihmoj\u00eb f\u00ebmij\u00ebt me pengesa dhe v\u00ebshtir\u00ebsi n\u00eb t\u00eb folur duke u bazuar n\u00eb sinjalizimin digjital n\u00eb procesin e z\u00ebrit p\u00ebr rehabilitimin e t\u00eb d\u00ebgjuarit dhe t\u00eb folurit.<\/p>\n<p>Aksioni u realizua me ndihm\u00ebn e organizatave,shoqatave dhe individ\u00ebve,si:<\/p>\n<p>-Shoqata \u201cAna e Malit\u201d,nga Nju Jorku me 4000$<\/p>\n<p>-Z.Isa Beqoviq,nga Cikago me 1500,00euro.<\/p>\n<p>-Z.Lam Kallaba,nga Ulqini me 200,00euro.<\/p>\n<p>N\u00eb k\u00ebt\u00eb periudh\u00eb nuk kan\u00eb munguar ndihmat edhe nga institucione dhe individ,si:<\/p>\n<p>-Z.Dyl Veliu,nga Milla me 300,00euro.<\/p>\n<p>-MCM-DOO,me 100,00euro.<\/p>\n<p>-TB INFINITI DOO,me 100,00euro.<\/p>\n<p>-PROCAFE,me 140,00euro.<\/p>\n<p>-CONCORDIA,me 50,00euro.<\/p>\n<p>-ELPSOID,pronar z.Daut Bejta,me 100,00euro.<\/p>\n<p>-z.Elion Hasanaga,me 135,00euro.<\/p>\n<p>-z.Shaban Paleviq,me 20,00euro.<\/p>\n<p>-Profesor Elez Muja,me 100,00euro.<\/p>\n<p>-z.Enver Demiri,me 200,00euro.<\/p>\n<p>-z.Edin Nikeziq,me 50,00euro.<\/p>\n<p>-z.Fadil Doda,me 20,00euro.<\/p>\n<p>-z.Genci Alaj,me 100,00euro.<\/p>\n<p>-z.Riza Cobaj,ka dhuruar dy karroca p\u00ebr f\u00ebmij\u00ebt e qendres.<\/p>\n<p>-Sip\u00ebrmarrja \u201cMorsko Dobro\u201dka dhuruar mobilari (8 ormar)p\u00ebr qendren.<\/p>\n<p>-METROPOLIN-SPAMEDICA,ka dhuruar mjete pune p\u00ebr kabinetin e fizioterapis\u00eb me vler\u00eb prej 590,00euro.<\/p>\n<p>-Nikoll\u00eb Dukagjini,ka ndihmuar me artikuj ushqimor\u00eb.<\/p>\n<p>-M\u00eb 04.04.2014,kryetari I komun\u00ebs z.Fatmir Gjeka me bashk\u00ebpun\u00ebtor ka vizituar qendr\u00ebn,me rastin e kremtimit t\u00eb Dit\u00ebs s\u00eb Ulqinit,f\u00ebmij\u00ebve u jan\u00eb shp\u00ebrndar\u00eb dhurata t\u00eb cilat I ka siguruar kryetari.<\/p>\n<p>Ministria e pun\u00ebs dhe mir\u00ebqenies sociale n\u00eb Qeverin\u00eb e Malit t\u00eb Zi,prej m\u00eb 03.03.2014 deri m\u00eb 07.03.2014 organizon trajnimin,gjegj\u00ebsisht edukimin e t\u00eb pun\u00ebsuarve n\u00eb qendrat ditore:Berane,Ulqin,Cetin\u00eb dhe Plav\u00eb n\u00eb Ivanova Korita-Cetin\u00eb,me temat:<\/p>\n<p>-Roli specifik(konteksti I qendrave ditore p\u00ebr f\u00ebmij\u00eb dhe t\u00eb rinj me pengesa dhe v\u00ebshtir\u00ebsi n\u00eb zhvillim n\u00eb kuad\u00ebr t\u00eb sistemit t\u00eb mbrojtjes sociale t\u00eb f\u00ebmij\u00ebve)<\/p>\n<p>-Standartet p\u00ebr pun\u00eb n\u00eb qendrat ditore,kodeksi etik,struktura e stafit punues n\u00eb qendrat ditore,qasja multidisiplinare,procesi I prurjes s\u00eb vendimit,puna n\u00eb grupe.<\/p>\n<p>-Puna individuale,qasja,trajtimi dhe vler\u00ebsimi I pengesave n\u00eb zhvillim,shkaktar\u00ebt e shfaqjes s\u00eb pengesave,puna individuale me f\u00ebmij\u00eb,planifikimi,evaluimi,bashk\u00ebpunimi me prind\u00ebr.<\/p>\n<p>Ligj\u00ebrues:Dr.Dragan Llukiq,Mr.Jadranka Novak Shujak,Dr.Milijana Sellakoviq,Mr.Snezhana Anti\u00e7eviq,Mikaillo Kijanoviq,t\u00eb gjith\u00eb nga Asociacioni p\u00ebr promovimin e inkluzionit n\u00eb Serbi.<\/p>\n<p>Me datat 10 dhe 11.04.2014,n\u00eb Qendren ditore \u201cSirena\u201d n\u00eb Ulqin,u ,mbajt seminari me tem\u00ebn:Shk\u00ebmbimi I p\u00ebrvojave dhe bashk\u00ebpunimi me qendrat homologe n\u00eb Mal t\u00eb Zi.<\/p>\n<p>N\u00eb punimet e k\u00ebtij seminari kan\u00eb marr\u00eb pjes\u00eb stafi punues I qendrave nga Bijello Pole dhe Nikshiqi.<\/p>\n<p>Shpenzimet p\u00ebr mbrojtjen e k\u00ebtij seminari I ka mbuluar komuna e Ulqinit me 400,00euro dhe z.Muslim Llolla I cili pjes\u00ebmarr\u00ebsve u ka siguruar ushqimin dhe fjetjen falas.<\/p>\n<p>Kolektivi I Qendr\u00ebs ditore\u201dSirena\u201d fal\u00ebnderon t\u00eb gjith\u00eb ata q\u00eb kontribuan p\u00ebr blerjen e aparatit BEHRINGER,p\u00ebr mbajtjen e seminarit dy ditor\u00eb si dhe p\u00ebr ndihma tjera q\u00eb ndikojn\u00eb n\u00eb p\u00ebrmir\u00ebsimin e kushteve q\u00eb kan\u00eb t\u00eb b\u00ebjn\u00eb me funksionimin e qendres.<\/p>\n<p><strong>Drejtori,<br \/>\nBilal Alaj<\/strong><\/p>\n\n\t\t<style type=\"text\/css\">\n\t\t\t#gallery-1 {\n\t\t\t\tmargin: auto;\n\t\t\t}\n\t\t\t#gallery-1 .gallery-item {\n\t\t\t\tfloat: left;\n\t\t\t\tmargin-top: 10px;\n\t\t\t\ttext-align: center;\n\t\t\t\twidth: 33%;\n\t\t\t}\n\t\t\t#gallery-1 img {\n\t\t\t\tborder: 2px solid #cfcfcf;\n\t\t\t}\n\t\t\t#gallery-1 .gallery-caption {\n\t\t\t\tmargin-left: 0;\n\t\t\t}\n\t\t\t\/* see gallery_shortcode() in wp-includes\/media.php *\/\n\t\t<\/style>\n\t\t<div id='gallery-1' class='gallery galleryid-81731 gallery-columns-3 gallery-size-thumbnail'><dl class='gallery-item'>\n\t\t\t<dt class='gallery-icon landscape'>\n\t\t\t\t<a href='https:\/\/www.visit-ulcinj.com\/blog\/2014\/04\/22\/raporti-punes-qendres-ditore-per-femije-dhe-te-rinj-pengesa-ne-tremujorshin-2014\/dnevni-centar-sirena-qendra-ditore-sirena-ulcinj-ulqin-1\/'><img width=\"150\" height=\"150\" src=\"https:\/\/www.visit-ulcinj.com\/blog\/wp-content\/uploads\/2014\/04\/Dnevni-Centar-Sirena-Qendra-Ditore-Sirena-Ulcinj-Ulqin-1-150x150.jpg\" class=\"attachment-thumbnail size-thumbnail\" alt=\"\" loading=\"lazy\" \/><\/a>\n\t\t\t<\/dt><\/dl><dl class='gallery-item'>\n\t\t\t<dt class='gallery-icon landscape'>\n\t\t\t\t<a href='https:\/\/www.visit-ulcinj.com\/blog\/2014\/04\/22\/raporti-punes-qendres-ditore-per-femije-dhe-te-rinj-pengesa-ne-tremujorshin-2014\/dnevni-centar-sirena-qendra-ditore-sirena-ulcinj-ulqin-2\/'><img width=\"150\" height=\"150\" src=\"https:\/\/www.visit-ulcinj.com\/blog\/wp-content\/uploads\/2014\/04\/Dnevni-Centar-Sirena-Qendra-Ditore-Sirena-Ulcinj-Ulqin-2-150x150.jpg\" class=\"attachment-thumbnail size-thumbnail\" alt=\"\" loading=\"lazy\" \/><\/a>\n\t\t\t<\/dt><\/dl><dl class='gallery-item'>\n\t\t\t<dt class='gallery-icon landscape'>\n\t\t\t\t<a href='https:\/\/www.visit-ulcinj.com\/blog\/2014\/04\/22\/raporti-punes-qendres-ditore-per-femije-dhe-te-rinj-pengesa-ne-tremujorshin-2014\/dnevni-centar-sirena-qendra-ditore-sirena-ulcinj-ulqin-3\/'><img width=\"150\" height=\"150\" src=\"https:\/\/www.visit-ulcinj.com\/blog\/wp-content\/uploads\/2014\/04\/Dnevni-Centar-Sirena-Qendra-Ditore-Sirena-Ulcinj-Ulqin-3-150x150.jpg\" class=\"attachment-thumbnail size-thumbnail\" alt=\"\" loading=\"lazy\" \/><\/a>\n\t\t\t<\/dt><\/dl><br style=\"clear: both\" \/><dl class='gallery-item'>\n\t\t\t<dt class='gallery-icon landscape'>\n\t\t\t\t<a href='https:\/\/www.visit-ulcinj.com\/blog\/2014\/04\/22\/raporti-punes-qendres-ditore-per-femije-dhe-te-rinj-pengesa-ne-tremujorshin-2014\/dnevni-centar-sirena-qendra-ditore-sirena-ulcinj-ulqin-4\/'><img width=\"150\" height=\"150\" src=\"https:\/\/www.visit-ulcinj.com\/blog\/wp-content\/uploads\/2014\/04\/Dnevni-Centar-Sirena-Qendra-Ditore-Sirena-Ulcinj-Ulqin-4-150x150.jpg\" class=\"attachment-thumbnail size-thumbnail\" alt=\"\" loading=\"lazy\" \/><\/a>\n\t\t\t<\/dt><\/dl><dl class='gallery-item'>\n\t\t\t<dt class='gallery-icon landscape'>\n\t\t\t\t<a href='https:\/\/www.visit-ulcinj.com\/blog\/2014\/04\/22\/raporti-punes-qendres-ditore-per-femije-dhe-te-rinj-pengesa-ne-tremujorshin-2014\/dnevni-centar-sirena-qendra-ditore-sirena-ulcinj-ulqin-5\/'><img width=\"150\" height=\"150\" src=\"https:\/\/www.visit-ulcinj.com\/blog\/wp-content\/uploads\/2014\/04\/Dnevni-Centar-Sirena-Qendra-Ditore-Sirena-Ulcinj-Ulqin-5-150x150.jpg\" class=\"attachment-thumbnail size-thumbnail\" alt=\"\" loading=\"lazy\" \/><\/a>\n\t\t\t<\/dt><\/dl><dl class='gallery-item'>\n\t\t\t<dt class='gallery-icon landscape'>\n\t\t\t\t<a href='https:\/\/www.visit-ulcinj.com\/blog\/2014\/04\/22\/raporti-punes-qendres-ditore-per-femije-dhe-te-rinj-pengesa-ne-tremujorshin-2014\/dnevni-centar-sirena-qendra-ditore-sirena-ulcinj-ulqin-6\/'><img width=\"150\" height=\"150\" src=\"https:\/\/www.visit-ulcinj.com\/blog\/wp-content\/uploads\/2014\/04\/Dnevni-Centar-Sirena-Qendra-Ditore-Sirena-Ulcinj-Ulqin-6-150x150.jpg\" class=\"attachment-thumbnail size-thumbnail\" alt=\"\" loading=\"lazy\" \/><\/a>\n\t\t\t<\/dt><\/dl><br style=\"clear: both\" \/><dl class='gallery-item'>\n\t\t\t<dt class='gallery-icon landscape'>\n\t\t\t\t<a href='https:\/\/www.visit-ulcinj.com\/blog\/2014\/04\/22\/raporti-punes-qendres-ditore-per-femije-dhe-te-rinj-pengesa-ne-tremujorshin-2014\/dnevni-centar-sirena-qendra-ditore-sirena-ulcinj-ulqin-7\/'><img width=\"150\" height=\"150\" src=\"https:\/\/www.visit-ulcinj.com\/blog\/wp-content\/uploads\/2014\/04\/Dnevni-Centar-Sirena-Qendra-Ditore-Sirena-Ulcinj-Ulqin-7-150x150.jpg\" class=\"attachment-thumbnail size-thumbnail\" alt=\"\" loading=\"lazy\" \/><\/a>\n\t\t\t<\/dt><\/dl><dl class='gallery-item'>\n\t\t\t<dt class='gallery-icon landscape'>\n\t\t\t\t<a href='https:\/\/www.visit-ulcinj.com\/blog\/2014\/04\/22\/raporti-punes-qendres-ditore-per-femije-dhe-te-rinj-pengesa-ne-tremujorshin-2014\/dnevni-centar-sirena-qendra-ditore-sirena-ulcinj-ulqin-8\/'><img width=\"150\" height=\"150\" src=\"https:\/\/www.visit-ulcinj.com\/blog\/wp-content\/uploads\/2014\/04\/Dnevni-Centar-Sirena-Qendra-Ditore-Sirena-Ulcinj-Ulqin-8-150x150.jpg\" class=\"attachment-thumbnail size-thumbnail\" alt=\"\" loading=\"lazy\" \/><\/a>\n\t\t\t<\/dt><\/dl><dl class='gallery-item'>\n\t\t\t<dt class='gallery-icon landscape'>\n\t\t\t\t<a href='https:\/\/www.visit-ulcinj.com\/blog\/2014\/04\/22\/raporti-punes-qendres-ditore-per-femije-dhe-te-rinj-pengesa-ne-tremujorshin-2014\/dnevni-centar-sirena-qendra-ditore-sirena-ulcinj-ulqin\/'><img width=\"150\" height=\"150\" src=\"https:\/\/www.visit-ulcinj.com\/blog\/wp-content\/uploads\/2014\/04\/Dnevni-Centar-Sirena-Qendra-Ditore-Sirena-Ulcinj-Ulqin-150x150.jpg\" class=\"attachment-thumbnail size-thumbnail\" alt=\"\" loading=\"lazy\" \/><\/a>\n\t\t\t<\/dt><\/dl><br style=\"clear: both\" \/>\n\t\t<\/div>\n\n","protected":false},"excerpt":{"rendered":"<p>IP Qendra ditore p\u00ebr f\u00ebmij\u00eb dhe t\u00eb rinj me pengesa dhe v\u00ebshtir\u00ebsi n\u00eb zhvillim \u201cSirena\u201d Informat\u00eb e pun\u00ebs s\u00eb Qendres ditore p\u00ebr f\u00ebmij\u00eb dhe t\u00eb rinj me pengesa dhe v\u00ebshtir\u00ebsi n\u00eb zhvillim \u201cSirena\u201d n\u00eb Ulqin,n\u00eb tremujorshin e par\u00eb p\u00ebr vitin 2014. Programi I pun\u00ebs p\u00ebr\u00a0 vitin 2014,parasheh pajisjen e kabineteve me mjete bashk\u00ebkohore t\u00eb pun\u00ebs [&hellip;]<\/p>\n","protected":false},"author":1,"featured_media":0,"comment_status":"closed","ping_status":"closed","sticky":false,"template":"","format":"standard","meta":{"spay_email":"","jetpack_publicize_message":"","jetpack_is_tweetstorm":false,"jetpack_publicize_feature_enabled":true},"categories":[5],"tags":[],"jetpack_publicize_connections":[],"yoast_head":"<!-- This site is optimized with the Yoast SEO plugin v19.1 - https:\/\/yoast.com\/wordpress\/plugins\/seo\/ -->\n<title>Raporti pun\u00ebs i Qendres ditore p\u00ebr f\u00ebmij\u00eb dhe t\u00eb rinj me pengesa n\u00eb tremujorshin 2014 - Lajme nga Ulqini<\/title>\n<meta name=\"description\" content=\"IP Qendra ditore p\u00ebr f\u00ebmij\u00eb dhe t\u00eb rinj me pengesa dhe v\u00ebshtir\u00ebsi n\u00eb zhvillim \u201cSirena\u201d Informat\u00eb e pun\u00ebs s\u00eb Qendres ditore p\u00ebr f\u00ebmij\u00eb dhe t\u00eb rinj me\" \/>\n<meta name=\"robots\" content=\"index, follow, max-snippet:-1, max-image-preview:large, max-video-preview:-1\" \/>\n<link rel=\"canonical\" href=\"https:\/\/www.visit-ulcinj.com\/blog\/2014\/04\/22\/raporti-punes-qendres-ditore-per-femije-dhe-te-rinj-pengesa-ne-tremujorshin-2014\/\" \/>\n<meta property=\"og:locale\" content=\"en_US\" \/>\n<meta property=\"og:type\" content=\"article\" \/>\n<meta property=\"og:title\" content=\"Raporti pun\u00ebs i Qendres ditore p\u00ebr f\u00ebmij\u00eb dhe t\u00eb rinj me pengesa n\u00eb tremujorshin 2014 - Lajme nga Ulqini\" \/>\n<meta property=\"og:description\" content=\"IP Qendra ditore p\u00ebr f\u00ebmij\u00eb dhe t\u00eb rinj me pengesa dhe v\u00ebshtir\u00ebsi n\u00eb zhvillim \u201cSirena\u201d Informat\u00eb e pun\u00ebs s\u00eb Qendres ditore p\u00ebr f\u00ebmij\u00eb dhe t\u00eb rinj me\" \/>\n<meta property=\"og:url\" content=\"https:\/\/www.visit-ulcinj.com\/blog\/2014\/04\/22\/raporti-punes-qendres-ditore-per-femije-dhe-te-rinj-pengesa-ne-tremujorshin-2014\/\" \/>\n<meta property=\"og:site_name\" content=\"Lajme nga Ulqini\" \/>\n<meta property=\"article:published_time\" content=\"2014-04-22T13:25:39+00:00\" \/>\n<meta property=\"og:image\" content=\"https:\/\/www.visit-ulcinj.com\/blog\/wp-content\/uploads\/2014\/04\/Dnevni-Centar-Sirena-Qendra-Ditore-Sirena-Ulcinj-Ulqin-1-150x150.jpg\" \/>\n<meta name=\"twitter:label1\" content=\"Written by\" \/>\n\t<meta name=\"twitter:data1\" content=\"ulqini\" \/>\n\t<meta name=\"twitter:label2\" content=\"Est. reading time\" \/>\n\t<meta name=\"twitter:data2\" content=\"3 minutes\" \/>\n<script type=\"application\/ld+json\" class=\"yoast-schema-graph\">{\"@context\":\"https:\/\/schema.org\",\"@graph\":[{\"@type\":\"WebSite\",\"@id\":\"https:\/\/www.visit-ulcinj.com\/blog\/#website\",\"url\":\"https:\/\/www.visit-ulcinj.com\/blog\/\",\"name\":\"Lajme nga Ulqini\",\"description\":\"Lajme,Vijesti,Ulqini,Ulqin,Crna Gora,Mali i Zi\",\"potentialAction\":[{\"@type\":\"SearchAction\",\"target\":{\"@type\":\"EntryPoint\",\"urlTemplate\":\"https:\/\/www.visit-ulcinj.com\/blog\/?s={search_term_string}\"},\"query-input\":\"required name=search_term_string\"}],\"inLanguage\":\"en-US\"},{\"@type\":\"ImageObject\",\"inLanguage\":\"en-US\",\"@id\":\"https:\/\/www.visit-ulcinj.com\/blog\/2014\/04\/22\/raporti-punes-qendres-ditore-per-femije-dhe-te-rinj-pengesa-ne-tremujorshin-2014\/#primaryimage\",\"url\":\"https:\/\/www.visit-ulcinj.com\/blog\/wp-content\/uploads\/2014\/04\/Dnevni-Centar-Sirena-Qendra-Ditore-Sirena-Ulcinj-Ulqin.jpg\",\"contentUrl\":\"https:\/\/www.visit-ulcinj.com\/blog\/wp-content\/uploads\/2014\/04\/Dnevni-Centar-Sirena-Qendra-Ditore-Sirena-Ulcinj-Ulqin.jpg\",\"width\":960,\"height\":640},{\"@type\":\"WebPage\",\"@id\":\"https:\/\/www.visit-ulcinj.com\/blog\/2014\/04\/22\/raporti-punes-qendres-ditore-per-femije-dhe-te-rinj-pengesa-ne-tremujorshin-2014\/#webpage\",\"url\":\"https:\/\/www.visit-ulcinj.com\/blog\/2014\/04\/22\/raporti-punes-qendres-ditore-per-femije-dhe-te-rinj-pengesa-ne-tremujorshin-2014\/\",\"name\":\"Raporti pun\u00ebs i Qendres ditore p\u00ebr f\u00ebmij\u00eb dhe t\u00eb rinj me pengesa n\u00eb tremujorshin 2014 - Lajme nga Ulqini\",\"isPartOf\":{\"@id\":\"https:\/\/www.visit-ulcinj.com\/blog\/#website\"},\"primaryImageOfPage\":{\"@id\":\"https:\/\/www.visit-ulcinj.com\/blog\/2014\/04\/22\/raporti-punes-qendres-ditore-per-femije-dhe-te-rinj-pengesa-ne-tremujorshin-2014\/#primaryimage\"},\"datePublished\":\"2014-04-22T13:25:39+00:00\",\"dateModified\":\"2014-04-22T13:25:39+00:00\",\"author\":{\"@id\":\"https:\/\/www.visit-ulcinj.com\/blog\/#\/schema\/person\/dcab619c614d3038751c63bc2aadc06d\"},\"description\":\"IP Qendra ditore p\u00ebr f\u00ebmij\u00eb dhe t\u00eb rinj me pengesa dhe v\u00ebshtir\u00ebsi n\u00eb zhvillim \u201cSirena\u201d Informat\u00eb e pun\u00ebs s\u00eb Qendres ditore p\u00ebr f\u00ebmij\u00eb dhe t\u00eb rinj me\",\"breadcrumb\":{\"@id\":\"https:\/\/www.visit-ulcinj.com\/blog\/2014\/04\/22\/raporti-punes-qendres-ditore-per-femije-dhe-te-rinj-pengesa-ne-tremujorshin-2014\/#breadcrumb\"},\"inLanguage\":\"en-US\",\"potentialAction\":[{\"@type\":\"ReadAction\",\"target\":[\"https:\/\/www.visit-ulcinj.com\/blog\/2014\/04\/22\/raporti-punes-qendres-ditore-per-femije-dhe-te-rinj-pengesa-ne-tremujorshin-2014\/\"]}]},{\"@type\":\"BreadcrumbList\",\"@id\":\"https:\/\/www.visit-ulcinj.com\/blog\/2014\/04\/22\/raporti-punes-qendres-ditore-per-femije-dhe-te-rinj-pengesa-ne-tremujorshin-2014\/#breadcrumb\",\"itemListElement\":[{\"@type\":\"ListItem\",\"position\":1,\"name\":\"Raporti pun\u00ebs i Qendres ditore p\u00ebr f\u00ebmij\u00eb dhe t\u00eb rinj me pengesa n\u00eb tremujorshin 2014\"}]},{\"@type\":\"Person\",\"@id\":\"https:\/\/www.visit-ulcinj.com\/blog\/#\/schema\/person\/dcab619c614d3038751c63bc2aadc06d\",\"name\":\"ulqini\",\"sameAs\":[\"http:\/\/www.visit-ulcinj.com\"],\"url\":\"https:\/\/www.visit-ulcinj.com\/blog\/author\/admin\/\"}]}<\/script>\n<!-- \/ Yoast SEO plugin. -->","yoast_head_json":{"title":"Raporti pun\u00ebs i Qendres ditore p\u00ebr f\u00ebmij\u00eb dhe t\u00eb rinj me pengesa n\u00eb tremujorshin 2014 - Lajme nga Ulqini","description":"IP Qendra ditore p\u00ebr f\u00ebmij\u00eb dhe t\u00eb rinj me pengesa dhe v\u00ebshtir\u00ebsi n\u00eb zhvillim \u201cSirena\u201d Informat\u00eb e pun\u00ebs s\u00eb Qendres ditore p\u00ebr f\u00ebmij\u00eb dhe t\u00eb rinj me","robots":{"index":"index","follow":"follow","max-snippet":"max-snippet:-1","max-image-preview":"max-image-preview:large","max-video-preview":"max-video-preview:-1"},"canonical":"https:\/\/www.visit-ulcinj.com\/blog\/2014\/04\/22\/raporti-punes-qendres-ditore-per-femije-dhe-te-rinj-pengesa-ne-tremujorshin-2014\/","og_locale":"en_US","og_type":"article","og_title":"Raporti pun\u00ebs i Qendres ditore p\u00ebr f\u00ebmij\u00eb dhe t\u00eb rinj me pengesa n\u00eb tremujorshin 2014 - Lajme nga Ulqini","og_description":"IP Qendra ditore p\u00ebr f\u00ebmij\u00eb dhe t\u00eb rinj me pengesa dhe v\u00ebshtir\u00ebsi n\u00eb zhvillim \u201cSirena\u201d Informat\u00eb e pun\u00ebs s\u00eb Qendres ditore p\u00ebr f\u00ebmij\u00eb dhe t\u00eb rinj me","og_url":"https:\/\/www.visit-ulcinj.com\/blog\/2014\/04\/22\/raporti-punes-qendres-ditore-per-femije-dhe-te-rinj-pengesa-ne-tremujorshin-2014\/","og_site_name":"Lajme nga Ulqini","article_published_time":"2014-04-22T13:25:39+00:00","og_image":[{"url":"https:\/\/www.visit-ulcinj.com\/blog\/wp-content\/uploads\/2014\/04\/Dnevni-Centar-Sirena-Qendra-Ditore-Sirena-Ulcinj-Ulqin-1-150x150.jpg"}],"twitter_misc":{"Written by":"ulqini","Est. reading time":"3 minutes"},"schema":{"@context":"https:\/\/schema.org","@graph":[{"@type":"WebSite","@id":"https:\/\/www.visit-ulcinj.com\/blog\/#website","url":"https:\/\/www.visit-ulcinj.com\/blog\/","name":"Lajme nga Ulqini","description":"Lajme,Vijesti,Ulqini,Ulqin,Crna Gora,Mali i Zi","potentialAction":[{"@type":"SearchAction","target":{"@type":"EntryPoint","urlTemplate":"https:\/\/www.visit-ulcinj.com\/blog\/?s={search_term_string}"},"query-input":"required name=search_term_string"}],"inLanguage":"en-US"},{"@type":"ImageObject","inLanguage":"en-US","@id":"https:\/\/www.visit-ulcinj.com\/blog\/2014\/04\/22\/raporti-punes-qendres-ditore-per-femije-dhe-te-rinj-pengesa-ne-tremujorshin-2014\/#primaryimage","url":"https:\/\/www.visit-ulcinj.com\/blog\/wp-content\/uploads\/2014\/04\/Dnevni-Centar-Sirena-Qendra-Ditore-Sirena-Ulcinj-Ulqin.jpg","contentUrl":"https:\/\/www.visit-ulcinj.com\/blog\/wp-content\/uploads\/2014\/04\/Dnevni-Centar-Sirena-Qendra-Ditore-Sirena-Ulcinj-Ulqin.jpg","width":960,"height":640},{"@type":"WebPage","@id":"https:\/\/www.visit-ulcinj.com\/blog\/2014\/04\/22\/raporti-punes-qendres-ditore-per-femije-dhe-te-rinj-pengesa-ne-tremujorshin-2014\/#webpage","url":"https:\/\/www.visit-ulcinj.com\/blog\/2014\/04\/22\/raporti-punes-qendres-ditore-per-femije-dhe-te-rinj-pengesa-ne-tremujorshin-2014\/","name":"Raporti pun\u00ebs i Qendres ditore p\u00ebr f\u00ebmij\u00eb dhe t\u00eb rinj me pengesa n\u00eb tremujorshin 2014 - Lajme nga Ulqini","isPartOf":{"@id":"https:\/\/www.visit-ulcinj.com\/blog\/#website"},"primaryImageOfPage":{"@id":"https:\/\/www.visit-ulcinj.com\/blog\/2014\/04\/22\/raporti-punes-qendres-ditore-per-femije-dhe-te-rinj-pengesa-ne-tremujorshin-2014\/#primaryimage"},"datePublished":"2014-04-22T13:25:39+00:00","dateModified":"2014-04-22T13:25:39+00:00","author":{"@id":"https:\/\/www.visit-ulcinj.com\/blog\/#\/schema\/person\/dcab619c614d3038751c63bc2aadc06d"},"description":"IP Qendra ditore p\u00ebr f\u00ebmij\u00eb dhe t\u00eb rinj me pengesa dhe v\u00ebshtir\u00ebsi n\u00eb zhvillim \u201cSirena\u201d Informat\u00eb e pun\u00ebs s\u00eb Qendres ditore p\u00ebr f\u00ebmij\u00eb dhe t\u00eb rinj me","breadcrumb":{"@id":"https:\/\/www.visit-ulcinj.com\/blog\/2014\/04\/22\/raporti-punes-qendres-ditore-per-femije-dhe-te-rinj-pengesa-ne-tremujorshin-2014\/#breadcrumb"},"inLanguage":"en-US","potentialAction":[{"@type":"ReadAction","target":["https:\/\/www.visit-ulcinj.com\/blog\/2014\/04\/22\/raporti-punes-qendres-ditore-per-femije-dhe-te-rinj-pengesa-ne-tremujorshin-2014\/"]}]},{"@type":"BreadcrumbList","@id":"https:\/\/www.visit-ulcinj.com\/blog\/2014\/04\/22\/raporti-punes-qendres-ditore-per-femije-dhe-te-rinj-pengesa-ne-tremujorshin-2014\/#breadcrumb","itemListElement":[{"@type":"ListItem","position":1,"name":"Raporti pun\u00ebs i Qendres ditore p\u00ebr f\u00ebmij\u00eb dhe t\u00eb rinj me pengesa n\u00eb tremujorshin 2014"}]},{"@type":"Person","@id":"https:\/\/www.visit-ulcinj.com\/blog\/#\/schema\/person\/dcab619c614d3038751c63bc2aadc06d","name":"ulqini","sameAs":["http:\/\/www.visit-ulcinj.com"],"url":"https:\/\/www.visit-ulcinj.com\/blog\/author\/admin\/"}]}},"jetpack_featured_media_url":"","jetpack_sharing_enabled":true,"jetpack_shortlink":"https:\/\/wp.me\/pe6lTn-lgf","_links":{"self":[{"href":"https:\/\/www.visit-ulcinj.com\/blog\/wp-json\/wp\/v2\/posts\/81731"}],"collection":[{"href":"https:\/\/www.visit-ulcinj.com\/blog\/wp-json\/wp\/v2\/posts"}],"about":[{"href":"https:\/\/www.visit-ulcinj.com\/blog\/wp-json\/wp\/v2\/types\/post"}],"author":[{"embeddable":true,"href":"https:\/\/www.visit-ulcinj.com\/blog\/wp-json\/wp\/v2\/users\/1"}],"replies":[{"embeddable":true,"href":"https:\/\/www.visit-ulcinj.com\/blog\/wp-json\/wp\/v2\/comments?post=81731"}],"version-history":[{"count":1,"href":"https:\/\/www.visit-ulcinj.com\/blog\/wp-json\/wp\/v2\/posts\/81731\/revisions"}],"predecessor-version":[{"id":81741,"href":"https:\/\/www.visit-ulcinj.com\/blog\/wp-json\/wp\/v2\/posts\/81731\/revisions\/81741"}],"wp:attachment":[{"href":"https:\/\/www.visit-ulcinj.com\/blog\/wp-json\/wp\/v2\/media?parent=81731"}],"wp:term":[{"taxonomy":"category","embeddable":true,"href":"https:\/\/www.visit-ulcinj.com\/blog\/wp-json\/wp\/v2\/categories?post=81731"},{"taxonomy":"post_tag","embeddable":true,"href":"https:\/\/www.visit-ulcinj.com\/blog\/wp-json\/wp\/v2\/tags?post=81731"}],"curies":[{"name":"wp","href":"https:\/\/api.w.org\/{rel}","templated":true}]}}