{"id":8175,"date":"2009-01-07T20:17:06","date_gmt":"2009-01-07T19:17:06","guid":{"rendered":"http:\/\/www.visit-ulcinj.com\/blog\/?p=8175"},"modified":"2009-01-07T20:17:06","modified_gmt":"2009-01-07T19:17:06","slug":"izraeli-pranoi-armepushimin-ne-gaza","status":"publish","type":"post","link":"https:\/\/www.visit-ulcinj.com\/blog\/2009\/01\/07\/izraeli-pranoi-armepushimin-ne-gaza\/","title":{"rendered":"Izraeli pranoi arm\u00ebpushimin n\u00eb Gaza"},"content":{"rendered":"<p><img loading=\"lazy\" class=\"alignleft size-full wp-image-8176\" title=\"nicolas-sarkozy_hosny-mubarak\" src=\"http:\/\/www.visit-ulcinj.com\/blog\/wp-content\/uploads\/2009\/01\/nicolas-sarkozy_hosny-mubarak.jpg\" alt=\"nicolas-sarkozy_hosny-mubarak\" width=\"323\" height=\"233\" srcset=\"https:\/\/www.visit-ulcinj.com\/blog\/wp-content\/uploads\/2009\/01\/nicolas-sarkozy_hosny-mubarak.jpg 370w, https:\/\/www.visit-ulcinj.com\/blog\/wp-content\/uploads\/2009\/01\/nicolas-sarkozy_hosny-mubarak-300x216.jpg 300w\" sizes=\"(max-width: 323px) 100vw, 323px\" \/>Izraeli ka r\u00ebn\u00eb dakord n\u00eb principet e nj\u00eb propozimi p\u00ebr arm\u00ebpushimin, duke shtuar shpresat p\u00ebr dh\u00ebnien fund t\u00eb konfliktit t\u00eb dhun\u00ebsh\u00ebm me palestinez\u00ebt n\u00eb Gaza.<br \/>\nSfid\u00eb tashm\u00eb mbetet p\u00ebrshtatja e detajeve me principet, tha z\u00ebdh\u00ebn\u00ebsi izraelit Mark Regev. Grupi militant palestinez Hamas tha se ka pasur shenja positive p\u00ebr arm\u00ebpushimin, por ende asnj\u00eb marr\u00ebveshje. Zhvillimet erdh\u00ebn pasi Izraeli ndali operacionet ushtarake n\u00eb rripin e Gazas p\u00ebr tre or\u00eb p\u00ebr t\u00eb lejuar kalimin e ndihmave. Ndalja e operacioneve u b\u00eb nga mesdita deri n\u00eb or\u00ebn 15.00 sipas koh\u00ebs qendrore europiane, ishte hapi i par\u00eb I till\u00eb I Izraelit. Agjensit\u00eb e lajmeve njoftuan se banor\u00ebt e Gazas vrapuan n\u00ebp\u00ebr rrug\u00eb gjat\u00eb ndaljes s\u00eb sulmeve p\u00ebr t\u00eb marr\u00eb ushqime dhe vizituar t\u00eb af\u00ebrmit n\u00eb spitale. Arm\u00ebpushimi \u00ebsht\u00eb k\u00ebrkuar nga presidenti i Egjiptit, Hosni Mubarak, me q\u00ebllim furnizimin e banor\u00ebve t\u00eb Gaz\u00ebs me medikamente dhe gj\u00ebrat m\u00eb t\u00eb domosdoshme. Mubaraku propozon q\u00eb Izraeli m\u00eb pas t&#8217;i filloj\u00eb edhe bisedimet me Hamasin radikal, p\u00ebr p\u00ebrfundimin e sulmeve t\u00eb dyan\u00ebshme. K\u00ebto propozime ai i b\u00ebri pas bisedimeve me homologun e tij francez, Nicolas Sarkozy. Pal\u00ebt than\u00eb se ende po shqyrtojn\u00eb planin e paqes.<br \/>\n<strong>ALSAT- M<\/strong><\/p>\n<p>[flv]http:\/\/shqiphost3.top-channel.tv\/18754796\/flv\/kronika\/presion-izraelit.flv[\/flv]<\/p>\n<p><strong>Top Channel<\/strong><\/p>\n","protected":false},"excerpt":{"rendered":"<p>Izraeli ka r\u00ebn\u00eb dakord n\u00eb principet e nj\u00eb propozimi p\u00ebr arm\u00ebpushimin, duke shtuar shpresat p\u00ebr dh\u00ebnien fund t\u00eb konfliktit t\u00eb dhun\u00ebsh\u00ebm me palestinez\u00ebt n\u00eb Gaza. Sfid\u00eb tashm\u00eb mbetet p\u00ebrshtatja e detajeve me principet, tha z\u00ebdh\u00ebn\u00ebsi izraelit Mark Regev. Grupi militant palestinez Hamas tha se ka pasur shenja positive p\u00ebr arm\u00ebpushimin, por ende asnj\u00eb marr\u00ebveshje. Zhvillimet [&hellip;]<\/p>\n","protected":false},"author":1,"featured_media":0,"comment_status":"open","ping_status":"closed","sticky":false,"template":"","format":"standard","meta":{"spay_email":"","jetpack_publicize_message":"","jetpack_is_tweetstorm":false,"jetpack_publicize_feature_enabled":true},"categories":[7],"tags":[5464,5598,5243],"jetpack_publicize_connections":[],"yoast_head":"<!-- This site is optimized with the Yoast SEO plugin v19.1 - https:\/\/yoast.com\/wordpress\/plugins\/seo\/ -->\n<title>Izraeli pranoi arm\u00ebpushimin n\u00eb Gaza - Lajme nga Ulqini<\/title>\n<meta name=\"description\" content=\"Izraeli ka r\u00ebn\u00eb dakord n\u00eb principet e nj\u00eb propozimi p\u00ebr arm\u00ebpushimin, duke shtuar shpresat p\u00ebr dh\u00ebnien fund t\u00eb konfliktit t\u00eb dhun\u00ebsh\u00ebm me palestinez\u00ebt n\u00eb\" \/>\n<meta name=\"robots\" content=\"index, follow, max-snippet:-1, max-image-preview:large, max-video-preview:-1\" \/>\n<link rel=\"canonical\" href=\"https:\/\/www.visit-ulcinj.com\/blog\/2009\/01\/07\/izraeli-pranoi-armepushimin-ne-gaza\/\" \/>\n<meta property=\"og:locale\" content=\"en_US\" \/>\n<meta property=\"og:type\" content=\"article\" \/>\n<meta property=\"og:title\" content=\"Izraeli pranoi arm\u00ebpushimin n\u00eb Gaza - Lajme nga Ulqini\" \/>\n<meta property=\"og:description\" content=\"Izraeli ka r\u00ebn\u00eb dakord n\u00eb principet e nj\u00eb propozimi p\u00ebr arm\u00ebpushimin, duke shtuar shpresat p\u00ebr dh\u00ebnien fund t\u00eb konfliktit t\u00eb dhun\u00ebsh\u00ebm me palestinez\u00ebt n\u00eb\" \/>\n<meta property=\"og:url\" content=\"https:\/\/www.visit-ulcinj.com\/blog\/2009\/01\/07\/izraeli-pranoi-armepushimin-ne-gaza\/\" \/>\n<meta property=\"og:site_name\" content=\"Lajme nga Ulqini\" \/>\n<meta property=\"article:published_time\" content=\"2009-01-07T19:17:06+00:00\" \/>\n<meta property=\"og:image\" content=\"http:\/\/www.visit-ulcinj.com\/blog\/wp-content\/uploads\/2009\/01\/nicolas-sarkozy_hosny-mubarak.jpg\" \/>\n<meta name=\"twitter:label1\" content=\"Written by\" \/>\n\t<meta name=\"twitter:data1\" content=\"ulqini\" \/>\n\t<meta name=\"twitter:label2\" content=\"Est. reading time\" \/>\n\t<meta name=\"twitter:data2\" content=\"1 minute\" \/>\n<script type=\"application\/ld+json\" class=\"yoast-schema-graph\">{\"@context\":\"https:\/\/schema.org\",\"@graph\":[{\"@type\":\"WebSite\",\"@id\":\"https:\/\/www.visit-ulcinj.com\/blog\/#website\",\"url\":\"https:\/\/www.visit-ulcinj.com\/blog\/\",\"name\":\"Lajme nga Ulqini\",\"description\":\"Lajme,Vijesti,Ulqini,Ulqin,Crna Gora,Mali i Zi\",\"potentialAction\":[{\"@type\":\"SearchAction\",\"target\":{\"@type\":\"EntryPoint\",\"urlTemplate\":\"https:\/\/www.visit-ulcinj.com\/blog\/?s={search_term_string}\"},\"query-input\":\"required name=search_term_string\"}],\"inLanguage\":\"en-US\"},{\"@type\":\"ImageObject\",\"inLanguage\":\"en-US\",\"@id\":\"https:\/\/www.visit-ulcinj.com\/blog\/2009\/01\/07\/izraeli-pranoi-armepushimin-ne-gaza\/#primaryimage\",\"url\":\"https:\/\/www.visit-ulcinj.com\/blog\/wp-content\/uploads\/2009\/01\/nicolas-sarkozy_hosny-mubarak.jpg\",\"contentUrl\":\"https:\/\/www.visit-ulcinj.com\/blog\/wp-content\/uploads\/2009\/01\/nicolas-sarkozy_hosny-mubarak.jpg\",\"width\":\"370\",\"height\":\"267\"},{\"@type\":\"WebPage\",\"@id\":\"https:\/\/www.visit-ulcinj.com\/blog\/2009\/01\/07\/izraeli-pranoi-armepushimin-ne-gaza\/#webpage\",\"url\":\"https:\/\/www.visit-ulcinj.com\/blog\/2009\/01\/07\/izraeli-pranoi-armepushimin-ne-gaza\/\",\"name\":\"Izraeli pranoi arm\u00ebpushimin n\u00eb Gaza - Lajme nga Ulqini\",\"isPartOf\":{\"@id\":\"https:\/\/www.visit-ulcinj.com\/blog\/#website\"},\"primaryImageOfPage\":{\"@id\":\"https:\/\/www.visit-ulcinj.com\/blog\/2009\/01\/07\/izraeli-pranoi-armepushimin-ne-gaza\/#primaryimage\"},\"datePublished\":\"2009-01-07T19:17:06+00:00\",\"dateModified\":\"2009-01-07T19:17:06+00:00\",\"author\":{\"@id\":\"https:\/\/www.visit-ulcinj.com\/blog\/#\/schema\/person\/dcab619c614d3038751c63bc2aadc06d\"},\"description\":\"Izraeli ka r\u00ebn\u00eb dakord n\u00eb principet e nj\u00eb propozimi p\u00ebr arm\u00ebpushimin, duke shtuar shpresat p\u00ebr dh\u00ebnien fund t\u00eb konfliktit t\u00eb dhun\u00ebsh\u00ebm me palestinez\u00ebt n\u00eb\",\"breadcrumb\":{\"@id\":\"https:\/\/www.visit-ulcinj.com\/blog\/2009\/01\/07\/izraeli-pranoi-armepushimin-ne-gaza\/#breadcrumb\"},\"inLanguage\":\"en-US\",\"potentialAction\":[{\"@type\":\"ReadAction\",\"target\":[\"https:\/\/www.visit-ulcinj.com\/blog\/2009\/01\/07\/izraeli-pranoi-armepushimin-ne-gaza\/\"]}]},{\"@type\":\"BreadcrumbList\",\"@id\":\"https:\/\/www.visit-ulcinj.com\/blog\/2009\/01\/07\/izraeli-pranoi-armepushimin-ne-gaza\/#breadcrumb\",\"itemListElement\":[{\"@type\":\"ListItem\",\"position\":1,\"name\":\"Izraeli pranoi arm\u00ebpushimin n\u00eb Gaza\"}]},{\"@type\":\"Person\",\"@id\":\"https:\/\/www.visit-ulcinj.com\/blog\/#\/schema\/person\/dcab619c614d3038751c63bc2aadc06d\",\"name\":\"ulqini\",\"sameAs\":[\"http:\/\/www.visit-ulcinj.com\"],\"url\":\"https:\/\/www.visit-ulcinj.com\/blog\/author\/admin\/\"}]}<\/script>\n<!-- \/ Yoast SEO plugin. -->","yoast_head_json":{"title":"Izraeli pranoi arm\u00ebpushimin n\u00eb Gaza - Lajme nga Ulqini","description":"Izraeli ka r\u00ebn\u00eb dakord n\u00eb principet e nj\u00eb propozimi p\u00ebr arm\u00ebpushimin, duke shtuar shpresat p\u00ebr dh\u00ebnien fund t\u00eb konfliktit t\u00eb dhun\u00ebsh\u00ebm me palestinez\u00ebt n\u00eb","robots":{"index":"index","follow":"follow","max-snippet":"max-snippet:-1","max-image-preview":"max-image-preview:large","max-video-preview":"max-video-preview:-1"},"canonical":"https:\/\/www.visit-ulcinj.com\/blog\/2009\/01\/07\/izraeli-pranoi-armepushimin-ne-gaza\/","og_locale":"en_US","og_type":"article","og_title":"Izraeli pranoi arm\u00ebpushimin n\u00eb Gaza - Lajme nga Ulqini","og_description":"Izraeli ka r\u00ebn\u00eb dakord n\u00eb principet e nj\u00eb propozimi p\u00ebr arm\u00ebpushimin, duke shtuar shpresat p\u00ebr dh\u00ebnien fund t\u00eb konfliktit t\u00eb dhun\u00ebsh\u00ebm me palestinez\u00ebt n\u00eb","og_url":"https:\/\/www.visit-ulcinj.com\/blog\/2009\/01\/07\/izraeli-pranoi-armepushimin-ne-gaza\/","og_site_name":"Lajme nga Ulqini","article_published_time":"2009-01-07T19:17:06+00:00","og_image":[{"url":"http:\/\/www.visit-ulcinj.com\/blog\/wp-content\/uploads\/2009\/01\/nicolas-sarkozy_hosny-mubarak.jpg"}],"twitter_misc":{"Written by":"ulqini","Est. reading time":"1 minute"},"schema":{"@context":"https:\/\/schema.org","@graph":[{"@type":"WebSite","@id":"https:\/\/www.visit-ulcinj.com\/blog\/#website","url":"https:\/\/www.visit-ulcinj.com\/blog\/","name":"Lajme nga Ulqini","description":"Lajme,Vijesti,Ulqini,Ulqin,Crna Gora,Mali i Zi","potentialAction":[{"@type":"SearchAction","target":{"@type":"EntryPoint","urlTemplate":"https:\/\/www.visit-ulcinj.com\/blog\/?s={search_term_string}"},"query-input":"required name=search_term_string"}],"inLanguage":"en-US"},{"@type":"ImageObject","inLanguage":"en-US","@id":"https:\/\/www.visit-ulcinj.com\/blog\/2009\/01\/07\/izraeli-pranoi-armepushimin-ne-gaza\/#primaryimage","url":"https:\/\/www.visit-ulcinj.com\/blog\/wp-content\/uploads\/2009\/01\/nicolas-sarkozy_hosny-mubarak.jpg","contentUrl":"https:\/\/www.visit-ulcinj.com\/blog\/wp-content\/uploads\/2009\/01\/nicolas-sarkozy_hosny-mubarak.jpg","width":"370","height":"267"},{"@type":"WebPage","@id":"https:\/\/www.visit-ulcinj.com\/blog\/2009\/01\/07\/izraeli-pranoi-armepushimin-ne-gaza\/#webpage","url":"https:\/\/www.visit-ulcinj.com\/blog\/2009\/01\/07\/izraeli-pranoi-armepushimin-ne-gaza\/","name":"Izraeli pranoi arm\u00ebpushimin n\u00eb Gaza - Lajme nga Ulqini","isPartOf":{"@id":"https:\/\/www.visit-ulcinj.com\/blog\/#website"},"primaryImageOfPage":{"@id":"https:\/\/www.visit-ulcinj.com\/blog\/2009\/01\/07\/izraeli-pranoi-armepushimin-ne-gaza\/#primaryimage"},"datePublished":"2009-01-07T19:17:06+00:00","dateModified":"2009-01-07T19:17:06+00:00","author":{"@id":"https:\/\/www.visit-ulcinj.com\/blog\/#\/schema\/person\/dcab619c614d3038751c63bc2aadc06d"},"description":"Izraeli ka r\u00ebn\u00eb dakord n\u00eb principet e nj\u00eb propozimi p\u00ebr arm\u00ebpushimin, duke shtuar shpresat p\u00ebr dh\u00ebnien fund t\u00eb konfliktit t\u00eb dhun\u00ebsh\u00ebm me palestinez\u00ebt n\u00eb","breadcrumb":{"@id":"https:\/\/www.visit-ulcinj.com\/blog\/2009\/01\/07\/izraeli-pranoi-armepushimin-ne-gaza\/#breadcrumb"},"inLanguage":"en-US","potentialAction":[{"@type":"ReadAction","target":["https:\/\/www.visit-ulcinj.com\/blog\/2009\/01\/07\/izraeli-pranoi-armepushimin-ne-gaza\/"]}]},{"@type":"BreadcrumbList","@id":"https:\/\/www.visit-ulcinj.com\/blog\/2009\/01\/07\/izraeli-pranoi-armepushimin-ne-gaza\/#breadcrumb","itemListElement":[{"@type":"ListItem","position":1,"name":"Izraeli pranoi arm\u00ebpushimin n\u00eb Gaza"}]},{"@type":"Person","@id":"https:\/\/www.visit-ulcinj.com\/blog\/#\/schema\/person\/dcab619c614d3038751c63bc2aadc06d","name":"ulqini","sameAs":["http:\/\/www.visit-ulcinj.com"],"url":"https:\/\/www.visit-ulcinj.com\/blog\/author\/admin\/"}]}},"jetpack_featured_media_url":"","jetpack_sharing_enabled":true,"jetpack_shortlink":"https:\/\/wp.me\/pe6lTn-27R","_links":{"self":[{"href":"https:\/\/www.visit-ulcinj.com\/blog\/wp-json\/wp\/v2\/posts\/8175"}],"collection":[{"href":"https:\/\/www.visit-ulcinj.com\/blog\/wp-json\/wp\/v2\/posts"}],"about":[{"href":"https:\/\/www.visit-ulcinj.com\/blog\/wp-json\/wp\/v2\/types\/post"}],"author":[{"embeddable":true,"href":"https:\/\/www.visit-ulcinj.com\/blog\/wp-json\/wp\/v2\/users\/1"}],"replies":[{"embeddable":true,"href":"https:\/\/www.visit-ulcinj.com\/blog\/wp-json\/wp\/v2\/comments?post=8175"}],"version-history":[{"count":0,"href":"https:\/\/www.visit-ulcinj.com\/blog\/wp-json\/wp\/v2\/posts\/8175\/revisions"}],"wp:attachment":[{"href":"https:\/\/www.visit-ulcinj.com\/blog\/wp-json\/wp\/v2\/media?parent=8175"}],"wp:term":[{"taxonomy":"category","embeddable":true,"href":"https:\/\/www.visit-ulcinj.com\/blog\/wp-json\/wp\/v2\/categories?post=8175"},{"taxonomy":"post_tag","embeddable":true,"href":"https:\/\/www.visit-ulcinj.com\/blog\/wp-json\/wp\/v2\/tags?post=8175"}],"curies":[{"name":"wp","href":"https:\/\/api.w.org\/{rel}","templated":true}]}}