{"id":81752,"date":"2014-04-22T17:36:06","date_gmt":"2014-04-22T16:36:06","guid":{"rendered":"http:\/\/www.visit-ulcinj.com\/blog\/?p=81752"},"modified":"2014-04-23T10:35:31","modified_gmt":"2014-04-23T09:35:31","slug":"izbor-za-mis-albanije-2014-u-ulcinju","status":"publish","type":"post","link":"https:\/\/www.visit-ulcinj.com\/blog\/2014\/04\/22\/izbor-za-mis-albanije-2014-u-ulcinju\/","title":{"rendered":"Izbor za Mis Albanije 2014 u Ulcinju"},"content":{"rendered":"<p><strong><a href=\"http:\/\/www.visit-ulcinj.com\/blog\/wp-content\/uploads\/2014\/04\/miss-shqiperia-2014-ulqin-ulcinj-miss-albanija-2014.jpg\"><img loading=\"lazy\" class=\"alignleft  wp-image-81754\" alt=\"miss shqiperia 2014-ulqin-ulcinj-miss-albanija-2014\" src=\"http:\/\/www.visit-ulcinj.com\/blog\/wp-content\/uploads\/2014\/04\/miss-shqiperia-2014-ulqin-ulcinj-miss-albanija-2014.jpg\" width=\"508\" height=\"360\" \/><\/a><\/strong>Takmi\u010denje Mis Albanije za 2014. godinu bi\u0107e odr\u017eano u Ulcinju, dogovoreno je na sastanku predsjednika op\u0161tine Fatmira \u0110eka i producenta Petrija Boza.<\/p>\n<p>Ulcinj je, kako su saop\u0161tili organizatori, turisti\u010dki grad, a u junu \u0107e postati centar albanskih ljepotica. \u0110eka je kazao da maksimalno podr\u017eava organizaciju Mis Albanije.<\/p>\n<p>&#8220;Ove godine je vrijeme da ujedinimo albansku ljepotu u Ulcinju&#8221;, poru\u010dili su organizatori.<\/p>\n<p>Takmi\u010denje \u0107e biti organizovano od 20. do 27. juna.<\/p>\n<p>&nbsp;<\/p>\n<p><strong>Izvor: RTCG<br \/>\n<\/strong><\/p>\n<p><a href=\"http:\/\/www.visit-ulcinj.com\/blog\/wp-content\/uploads\/2014\/04\/miss-shqiperia-2014-ulqin-ulcinj-miss-albanija-2014-1.jpg\"><img loading=\"lazy\" class=\"alignleft  wp-image-81758\" alt=\"miss shqiperia 2014-ulqin-ulcinj-miss-albanija-2014-1\" src=\"http:\/\/www.visit-ulcinj.com\/blog\/wp-content\/uploads\/2014\/04\/miss-shqiperia-2014-ulqin-ulcinj-miss-albanija-2014-1.jpg\" width=\"508\" height=\"360\" \/><\/a><\/p>\n","protected":false},"excerpt":{"rendered":"<p>Takmi\u010denje Mis Albanije za 2014. godinu bi\u0107e odr\u017eano u Ulcinju, dogovoreno je na sastanku predsjednika op\u0161tine Fatmira \u0110eka i producenta Petrija Boza. Ulcinj je, kako su saop\u0161tili organizatori, turisti\u010dki grad, a u junu \u0107e postati centar albanskih ljepotica. \u0110eka je kazao da maksimalno podr\u017eava organizaciju Mis Albanije. &#8220;Ove godine je vrijeme da ujedinimo albansku ljepotu [&hellip;]<\/p>\n","protected":false},"author":1,"featured_media":0,"comment_status":"closed","ping_status":"closed","sticky":false,"template":"","format":"standard","meta":{"spay_email":"","jetpack_publicize_message":"","jetpack_is_tweetstorm":false,"jetpack_publicize_feature_enabled":true},"categories":[8337],"tags":[],"jetpack_publicize_connections":[],"yoast_head":"<!-- This site is optimized with the Yoast SEO plugin v19.1 - https:\/\/yoast.com\/wordpress\/plugins\/seo\/ -->\n<title>Izbor za Mis Albanije 2014 u Ulcinju - Lajme nga Ulqini<\/title>\n<meta name=\"description\" content=\"Takmi\u010denje Mis Albanije za 2014. godinu bi\u0107e odr\u017eano u Ulcinju, dogovoreno je na sastanku predsjednika op\u0161tine Fatmira \u0110eka i producenta Petrija Boza.\" \/>\n<meta name=\"robots\" content=\"index, follow, max-snippet:-1, max-image-preview:large, max-video-preview:-1\" \/>\n<link rel=\"canonical\" href=\"https:\/\/www.visit-ulcinj.com\/blog\/2014\/04\/22\/izbor-za-mis-albanije-2014-u-ulcinju\/\" \/>\n<meta property=\"og:locale\" content=\"en_US\" \/>\n<meta property=\"og:type\" content=\"article\" \/>\n<meta property=\"og:title\" content=\"Izbor za Mis Albanije 2014 u Ulcinju - Lajme nga Ulqini\" \/>\n<meta property=\"og:description\" content=\"Takmi\u010denje Mis Albanije za 2014. godinu bi\u0107e odr\u017eano u Ulcinju, dogovoreno je na sastanku predsjednika op\u0161tine Fatmira \u0110eka i producenta Petrija Boza.\" \/>\n<meta property=\"og:url\" content=\"https:\/\/www.visit-ulcinj.com\/blog\/2014\/04\/22\/izbor-za-mis-albanije-2014-u-ulcinju\/\" \/>\n<meta property=\"og:site_name\" content=\"Lajme nga Ulqini\" \/>\n<meta property=\"article:published_time\" content=\"2014-04-22T16:36:06+00:00\" \/>\n<meta property=\"article:modified_time\" content=\"2014-04-23T09:35:31+00:00\" \/>\n<meta property=\"og:image\" content=\"http:\/\/www.visit-ulcinj.com\/blog\/wp-content\/uploads\/2014\/04\/miss-shqiperia-2014-ulqin-ulcinj-miss-albanija-2014.jpg\" \/>\n<meta name=\"twitter:label1\" content=\"Written by\" \/>\n\t<meta name=\"twitter:data1\" content=\"ulqini\" \/>\n<script type=\"application\/ld+json\" class=\"yoast-schema-graph\">{\"@context\":\"https:\/\/schema.org\",\"@graph\":[{\"@type\":\"WebSite\",\"@id\":\"https:\/\/www.visit-ulcinj.com\/blog\/#website\",\"url\":\"https:\/\/www.visit-ulcinj.com\/blog\/\",\"name\":\"Lajme nga Ulqini\",\"description\":\"Lajme,Vijesti,Ulqini,Ulqin,Crna Gora,Mali i Zi\",\"potentialAction\":[{\"@type\":\"SearchAction\",\"target\":{\"@type\":\"EntryPoint\",\"urlTemplate\":\"https:\/\/www.visit-ulcinj.com\/blog\/?s={search_term_string}\"},\"query-input\":\"required name=search_term_string\"}],\"inLanguage\":\"en-US\"},{\"@type\":\"ImageObject\",\"inLanguage\":\"en-US\",\"@id\":\"https:\/\/www.visit-ulcinj.com\/blog\/2014\/04\/22\/izbor-za-mis-albanije-2014-u-ulcinju\/#primaryimage\",\"url\":\"https:\/\/www.visit-ulcinj.com\/blog\/wp-content\/uploads\/2014\/04\/miss-shqiperia-2014-ulqin-ulcinj-miss-albanija-2014.jpg\",\"contentUrl\":\"https:\/\/www.visit-ulcinj.com\/blog\/wp-content\/uploads\/2014\/04\/miss-shqiperia-2014-ulqin-ulcinj-miss-albanija-2014.jpg\",\"width\":999,\"height\":584},{\"@type\":\"WebPage\",\"@id\":\"https:\/\/www.visit-ulcinj.com\/blog\/2014\/04\/22\/izbor-za-mis-albanije-2014-u-ulcinju\/#webpage\",\"url\":\"https:\/\/www.visit-ulcinj.com\/blog\/2014\/04\/22\/izbor-za-mis-albanije-2014-u-ulcinju\/\",\"name\":\"Izbor za Mis Albanije 2014 u Ulcinju - Lajme nga Ulqini\",\"isPartOf\":{\"@id\":\"https:\/\/www.visit-ulcinj.com\/blog\/#website\"},\"primaryImageOfPage\":{\"@id\":\"https:\/\/www.visit-ulcinj.com\/blog\/2014\/04\/22\/izbor-za-mis-albanije-2014-u-ulcinju\/#primaryimage\"},\"datePublished\":\"2014-04-22T16:36:06+00:00\",\"dateModified\":\"2014-04-23T09:35:31+00:00\",\"author\":{\"@id\":\"https:\/\/www.visit-ulcinj.com\/blog\/#\/schema\/person\/dcab619c614d3038751c63bc2aadc06d\"},\"description\":\"Takmi\u010denje Mis Albanije za 2014. godinu bi\u0107e odr\u017eano u Ulcinju, dogovoreno je na sastanku predsjednika op\u0161tine Fatmira \u0110eka i producenta Petrija Boza.\",\"breadcrumb\":{\"@id\":\"https:\/\/www.visit-ulcinj.com\/blog\/2014\/04\/22\/izbor-za-mis-albanije-2014-u-ulcinju\/#breadcrumb\"},\"inLanguage\":\"en-US\",\"potentialAction\":[{\"@type\":\"ReadAction\",\"target\":[\"https:\/\/www.visit-ulcinj.com\/blog\/2014\/04\/22\/izbor-za-mis-albanije-2014-u-ulcinju\/\"]}]},{\"@type\":\"BreadcrumbList\",\"@id\":\"https:\/\/www.visit-ulcinj.com\/blog\/2014\/04\/22\/izbor-za-mis-albanije-2014-u-ulcinju\/#breadcrumb\",\"itemListElement\":[{\"@type\":\"ListItem\",\"position\":1,\"name\":\"Izbor za Mis Albanije 2014 u Ulcinju\"}]},{\"@type\":\"Person\",\"@id\":\"https:\/\/www.visit-ulcinj.com\/blog\/#\/schema\/person\/dcab619c614d3038751c63bc2aadc06d\",\"name\":\"ulqini\",\"sameAs\":[\"http:\/\/www.visit-ulcinj.com\"],\"url\":\"https:\/\/www.visit-ulcinj.com\/blog\/author\/admin\/\"}]}<\/script>\n<!-- \/ Yoast SEO plugin. -->","yoast_head_json":{"title":"Izbor za Mis Albanije 2014 u Ulcinju - Lajme nga Ulqini","description":"Takmi\u010denje Mis Albanije za 2014. godinu bi\u0107e odr\u017eano u Ulcinju, dogovoreno je na sastanku predsjednika op\u0161tine Fatmira \u0110eka i producenta Petrija Boza.","robots":{"index":"index","follow":"follow","max-snippet":"max-snippet:-1","max-image-preview":"max-image-preview:large","max-video-preview":"max-video-preview:-1"},"canonical":"https:\/\/www.visit-ulcinj.com\/blog\/2014\/04\/22\/izbor-za-mis-albanije-2014-u-ulcinju\/","og_locale":"en_US","og_type":"article","og_title":"Izbor za Mis Albanije 2014 u Ulcinju - Lajme nga Ulqini","og_description":"Takmi\u010denje Mis Albanije za 2014. godinu bi\u0107e odr\u017eano u Ulcinju, dogovoreno je na sastanku predsjednika op\u0161tine Fatmira \u0110eka i producenta Petrija Boza.","og_url":"https:\/\/www.visit-ulcinj.com\/blog\/2014\/04\/22\/izbor-za-mis-albanije-2014-u-ulcinju\/","og_site_name":"Lajme nga Ulqini","article_published_time":"2014-04-22T16:36:06+00:00","article_modified_time":"2014-04-23T09:35:31+00:00","og_image":[{"url":"http:\/\/www.visit-ulcinj.com\/blog\/wp-content\/uploads\/2014\/04\/miss-shqiperia-2014-ulqin-ulcinj-miss-albanija-2014.jpg"}],"twitter_misc":{"Written by":"ulqini"},"schema":{"@context":"https:\/\/schema.org","@graph":[{"@type":"WebSite","@id":"https:\/\/www.visit-ulcinj.com\/blog\/#website","url":"https:\/\/www.visit-ulcinj.com\/blog\/","name":"Lajme nga Ulqini","description":"Lajme,Vijesti,Ulqini,Ulqin,Crna Gora,Mali i Zi","potentialAction":[{"@type":"SearchAction","target":{"@type":"EntryPoint","urlTemplate":"https:\/\/www.visit-ulcinj.com\/blog\/?s={search_term_string}"},"query-input":"required name=search_term_string"}],"inLanguage":"en-US"},{"@type":"ImageObject","inLanguage":"en-US","@id":"https:\/\/www.visit-ulcinj.com\/blog\/2014\/04\/22\/izbor-za-mis-albanije-2014-u-ulcinju\/#primaryimage","url":"https:\/\/www.visit-ulcinj.com\/blog\/wp-content\/uploads\/2014\/04\/miss-shqiperia-2014-ulqin-ulcinj-miss-albanija-2014.jpg","contentUrl":"https:\/\/www.visit-ulcinj.com\/blog\/wp-content\/uploads\/2014\/04\/miss-shqiperia-2014-ulqin-ulcinj-miss-albanija-2014.jpg","width":999,"height":584},{"@type":"WebPage","@id":"https:\/\/www.visit-ulcinj.com\/blog\/2014\/04\/22\/izbor-za-mis-albanije-2014-u-ulcinju\/#webpage","url":"https:\/\/www.visit-ulcinj.com\/blog\/2014\/04\/22\/izbor-za-mis-albanije-2014-u-ulcinju\/","name":"Izbor za Mis Albanije 2014 u Ulcinju - Lajme nga Ulqini","isPartOf":{"@id":"https:\/\/www.visit-ulcinj.com\/blog\/#website"},"primaryImageOfPage":{"@id":"https:\/\/www.visit-ulcinj.com\/blog\/2014\/04\/22\/izbor-za-mis-albanije-2014-u-ulcinju\/#primaryimage"},"datePublished":"2014-04-22T16:36:06+00:00","dateModified":"2014-04-23T09:35:31+00:00","author":{"@id":"https:\/\/www.visit-ulcinj.com\/blog\/#\/schema\/person\/dcab619c614d3038751c63bc2aadc06d"},"description":"Takmi\u010denje Mis Albanije za 2014. godinu bi\u0107e odr\u017eano u Ulcinju, dogovoreno je na sastanku predsjednika op\u0161tine Fatmira \u0110eka i producenta Petrija Boza.","breadcrumb":{"@id":"https:\/\/www.visit-ulcinj.com\/blog\/2014\/04\/22\/izbor-za-mis-albanije-2014-u-ulcinju\/#breadcrumb"},"inLanguage":"en-US","potentialAction":[{"@type":"ReadAction","target":["https:\/\/www.visit-ulcinj.com\/blog\/2014\/04\/22\/izbor-za-mis-albanije-2014-u-ulcinju\/"]}]},{"@type":"BreadcrumbList","@id":"https:\/\/www.visit-ulcinj.com\/blog\/2014\/04\/22\/izbor-za-mis-albanije-2014-u-ulcinju\/#breadcrumb","itemListElement":[{"@type":"ListItem","position":1,"name":"Izbor za Mis Albanije 2014 u Ulcinju"}]},{"@type":"Person","@id":"https:\/\/www.visit-ulcinj.com\/blog\/#\/schema\/person\/dcab619c614d3038751c63bc2aadc06d","name":"ulqini","sameAs":["http:\/\/www.visit-ulcinj.com"],"url":"https:\/\/www.visit-ulcinj.com\/blog\/author\/admin\/"}]}},"jetpack_featured_media_url":"","jetpack_sharing_enabled":true,"jetpack_shortlink":"https:\/\/wp.me\/pe6lTn-lgA","_links":{"self":[{"href":"https:\/\/www.visit-ulcinj.com\/blog\/wp-json\/wp\/v2\/posts\/81752"}],"collection":[{"href":"https:\/\/www.visit-ulcinj.com\/blog\/wp-json\/wp\/v2\/posts"}],"about":[{"href":"https:\/\/www.visit-ulcinj.com\/blog\/wp-json\/wp\/v2\/types\/post"}],"author":[{"embeddable":true,"href":"https:\/\/www.visit-ulcinj.com\/blog\/wp-json\/wp\/v2\/users\/1"}],"replies":[{"embeddable":true,"href":"https:\/\/www.visit-ulcinj.com\/blog\/wp-json\/wp\/v2\/comments?post=81752"}],"version-history":[{"count":5,"href":"https:\/\/www.visit-ulcinj.com\/blog\/wp-json\/wp\/v2\/posts\/81752\/revisions"}],"predecessor-version":[{"id":81764,"href":"https:\/\/www.visit-ulcinj.com\/blog\/wp-json\/wp\/v2\/posts\/81752\/revisions\/81764"}],"wp:attachment":[{"href":"https:\/\/www.visit-ulcinj.com\/blog\/wp-json\/wp\/v2\/media?parent=81752"}],"wp:term":[{"taxonomy":"category","embeddable":true,"href":"https:\/\/www.visit-ulcinj.com\/blog\/wp-json\/wp\/v2\/categories?post=81752"},{"taxonomy":"post_tag","embeddable":true,"href":"https:\/\/www.visit-ulcinj.com\/blog\/wp-json\/wp\/v2\/tags?post=81752"}],"curies":[{"name":"wp","href":"https:\/\/api.w.org\/{rel}","templated":true}]}}