{"id":81771,"date":"2014-04-26T19:47:25","date_gmt":"2014-04-26T18:47:25","guid":{"rendered":"http:\/\/www.visit-ulcinj.com\/blog\/?p=81771"},"modified":"2014-04-27T21:50:39","modified_gmt":"2014-04-27T20:50:39","slug":"te-gjithe-per-turizem-ulqin-2014-manifestimi-prej-2-deri-me-4-maj","status":"publish","type":"post","link":"https:\/\/www.visit-ulcinj.com\/blog\/2014\/04\/26\/te-gjithe-per-turizem-ulqin-2014-manifestimi-prej-2-deri-me-4-maj\/","title":{"rendered":"T\u00eb gjith\u00eb p\u00ebr turiz\u00ebm Ulqin 2014, Manifestimi prej 2 deri me 4 maj"},"content":{"rendered":"<p><strong>Komuna e Ulqinit dhe Organizata Turistike e Ulqinit me dat\u00ebn 2 deri me 4 maj do t\u00eb organizoj\u00eb manifestimin &#8220;T\u00eb gjith\u00eb p\u00ebr Turiz\u00ebm&#8221;.<\/strong><br \/>\n<a href=\"http:\/\/www.visit-ulcinj.com\/blog\/wp-content\/uploads\/2014\/04\/Te-gjithe-per-Turizem-Ulqin-2014.jpg\"><img loading=\"lazy\" class=\"alignleft  wp-image-81944\" alt=\"Te-gjithe-per-Turizem-Ulqin-2014\" src=\"http:\/\/www.visit-ulcinj.com\/blog\/wp-content\/uploads\/2014\/04\/Te-gjithe-per-Turizem-Ulqin-2014.jpg\" width=\"508\" height=\"600\" \/><\/a>Festa e 1 Majit tashme tradicionalisht do te festohet ne shume vende te Ulqinit sic jane Ada e Bunes, Valdanosi, poashtu edhe ne plazhin e madh ne Copacabana me manifestimin tradicional Uranaku i 1 majit ku mysafir special do te jete grupi Colonia nga Kroacia.<\/p>\n<p>Me qellim qe te gjithe turistet qe do vizitojne Ulqinin per kete feste te vazhdojne qendrimin e tyre deri ne wikend, Organizata Turistike e Ulqinit do te organizoje manifestimin TE GJITHE PER TURIZEM, me te cilin njeherit do te behet hapja e sezonit turistik per vitin 2014. Ne kuader te ketij manifestimi do te mbahet panairi i artizanateve ne bashkepunim me Globus Art, karneval per femije dhe te rritur, nata e kubles e shoqeruar me muzike burimore qytetare, koncert kushtuar shoqatave kulturore nga rajoni, koncert muzikor me Danijel Alibabiq dhe NRG Band nga Kosova si dhe garat ne skulptura ne rere ne bashkepunim me shkollat e Ulqinit.<\/p>\n<p>Mire se vini!!!<\/p>\n<p><strong>Organizata Turistike Ulqin<\/strong><\/p>\n<p>M\u00eb\u00a0 1 maj n\u00eb plazhin \u201eKopakabana\u201c do t\u00eb organizohet koncerti i grupit t\u00eb njohur kroat \u201eKolonija\u201c dhe grupeve muzikore nga Shqip\u00ebria dhe Kosova, nd\u00ebrsa m\u00eb 2 maj n\u00eb Ran\u00eb do t\u00eb hapet Panairi i artizan\u00ebve, do t\u00eb organizohet Poashtu n\u00eb t\u00eb nj\u00ebjt\u00ebn dat\u00eb n\u00eb plazhin e vog\u00ebl do t\u00eb organizohet Nata e peshkut ( Nata e kublave )\u00a0 n\u00eb bashk\u00ebpunim me restorantet e Ulqinit ku prezent do t\u00eb jen\u00eb edhe shoqatat e ullishtar\u00ebve q\u00eb do t\u00eb ken\u00eb mundesin\u00eb t\u00eb ekspozojn\u00eb produktet e tyre nga ulliri, \u00a0ku do t\u00eb b\u00ebjn\u00eb muzik\u00eb grupet vendase dhe \u201ePljevalski tambura\u0161i\u201c, do t\u00eb k\u00ebndojn\u00eb Trio band \u00a0dhe \u201eBisernice Boke\u201c.<\/p>\n<p>Me dat\u00ebn 3 dhe 4 maj t\u00eb shtun\u00ebn, n\u00eb or\u00ebn e para t\u00eb m\u00ebngjesit ne plazhin e vog\u00ebl do t\u00eb mbahen garat me skulptur\u00eb n\u00eb r\u00ebr\u00eb ku do t\u00eb marrin pjes\u00eb f\u00ebmij\u00ebt e shkollave fillore dhe t\u00eb mesme t\u00eb Ulqinit. Kurse me von\u00eb vazhdon planifikohet parada e f\u00ebmij\u00ebve me maska dhe i shoqatave kulturo artistike, karnavali i mazhoretave, programi p\u00ebr f\u00ebmij\u00eb, si dhe Festivali regjional i folklorit.<br \/>\nKulmi i t\u00eb gjith\u00eb k\u00ebtyre aktiviteteve do t\u00eb arrihet me mbajtjen e nje koncerti t\u00eb madh me muzik\u00eb tradicionale n\u00eb gjuh\u00ebn shqipe dhe malazeze ku m\u00eb pas do t\u00eb vijoj\u00eb koncerti i NRG Band nga Kosova dhe k\u00ebng\u00ebtari Danijel Alibabiq.<\/p>\n<p>N\u00eb k\u00ebt\u00eb nat\u00eb jan\u00eb ftuar edhe media t\u00eb shumta, ve\u00e7an\u00ebrisht nga vendet emitive turistike, Kosova, Shqip\u00ebria dhe Mali i Zi, si dhe p\u00ebrfaq\u00ebsues t\u00eb ndrysh\u00ebm t\u00eb agjencive turistike.<br \/>\nManifestimi &#8220;T\u00eb gjith\u00eb p\u00ebr turiz\u00ebm&#8221; \u00ebsht\u00eb organizuar p\u00ebr her\u00eb t\u00eb par\u00eb n\u00eb vitin 1997 nga SHKA &#8220;Zana&#8221;. Ai \u00ebsht\u00eb mbajtur edhe n\u00eb vitin 1998, por m\u00eb pas \u00ebsht\u00eb nd\u00ebrprer\u00eb, kurse sot jemi duke shprehur besimin q\u00eb ai tashm\u00eb do t\u00eb b\u00ebhet tradicional.<\/p>\n<!--YouTube Error: bad URL entered-->\n","protected":false},"excerpt":{"rendered":"<p>Komuna e Ulqinit dhe Organizata Turistike e Ulqinit me dat\u00ebn 2 deri me 4 maj do t\u00eb organizoj\u00eb manifestimin &#8220;T\u00eb gjith\u00eb p\u00ebr Turiz\u00ebm&#8221;. Festa e 1 Majit tashme tradicionalisht do te festohet ne shume vende te Ulqinit sic jane Ada e Bunes, Valdanosi, poashtu edhe ne plazhin e madh ne Copacabana me manifestimin tradicional Uranaku [&hellip;]<\/p>\n","protected":false},"author":1,"featured_media":0,"comment_status":"closed","ping_status":"closed","sticky":false,"template":"","format":"standard","meta":{"spay_email":"","jetpack_publicize_message":"","jetpack_is_tweetstorm":false,"jetpack_publicize_feature_enabled":true},"categories":[1],"tags":[],"jetpack_publicize_connections":[],"yoast_head":"<!-- This site is optimized with the Yoast SEO plugin v19.1 - https:\/\/yoast.com\/wordpress\/plugins\/seo\/ -->\n<title>T\u00eb gjith\u00eb p\u00ebr turiz\u00ebm Ulqin 2014, Manifestimi prej 2 deri me 4 maj - Lajme nga Ulqini<\/title>\n<meta name=\"description\" content=\"Komuna e Ulqinit dhe Organizata Turistike e Ulqinit me dat\u00ebn 2 deri me 4 maj do t\u00eb organizoj\u00eb manifestimin &quot;T\u00eb gjith\u00eb p\u00ebr Turiz\u00ebm&quot;. Festa e 1 Majit tashme\" \/>\n<meta name=\"robots\" content=\"index, follow, max-snippet:-1, max-image-preview:large, max-video-preview:-1\" \/>\n<link rel=\"canonical\" href=\"https:\/\/www.visit-ulcinj.com\/blog\/2014\/04\/26\/te-gjithe-per-turizem-ulqin-2014-manifestimi-prej-2-deri-me-4-maj\/\" \/>\n<meta property=\"og:locale\" content=\"en_US\" \/>\n<meta property=\"og:type\" content=\"article\" \/>\n<meta property=\"og:title\" content=\"T\u00eb gjith\u00eb p\u00ebr turiz\u00ebm Ulqin 2014, Manifestimi prej 2 deri me 4 maj - Lajme nga Ulqini\" \/>\n<meta property=\"og:description\" content=\"Komuna e Ulqinit dhe Organizata Turistike e Ulqinit me dat\u00ebn 2 deri me 4 maj do t\u00eb organizoj\u00eb manifestimin &quot;T\u00eb gjith\u00eb p\u00ebr Turiz\u00ebm&quot;. Festa e 1 Majit tashme\" \/>\n<meta property=\"og:url\" content=\"https:\/\/www.visit-ulcinj.com\/blog\/2014\/04\/26\/te-gjithe-per-turizem-ulqin-2014-manifestimi-prej-2-deri-me-4-maj\/\" \/>\n<meta property=\"og:site_name\" content=\"Lajme nga Ulqini\" \/>\n<meta property=\"article:published_time\" content=\"2014-04-26T18:47:25+00:00\" \/>\n<meta property=\"article:modified_time\" content=\"2014-04-27T20:50:39+00:00\" \/>\n<meta property=\"og:image\" content=\"http:\/\/www.visit-ulcinj.com\/blog\/wp-content\/uploads\/2014\/04\/Te-gjithe-per-Turizem-Ulqin-2014.jpg\" \/>\n<meta name=\"twitter:label1\" content=\"Written by\" \/>\n\t<meta name=\"twitter:data1\" content=\"ulqini\" \/>\n\t<meta name=\"twitter:label2\" content=\"Est. reading time\" \/>\n\t<meta name=\"twitter:data2\" content=\"3 minutes\" \/>\n<script type=\"application\/ld+json\" class=\"yoast-schema-graph\">{\"@context\":\"https:\/\/schema.org\",\"@graph\":[{\"@type\":\"WebSite\",\"@id\":\"https:\/\/www.visit-ulcinj.com\/blog\/#website\",\"url\":\"https:\/\/www.visit-ulcinj.com\/blog\/\",\"name\":\"Lajme nga Ulqini\",\"description\":\"Lajme,Vijesti,Ulqini,Ulqin,Crna Gora,Mali i Zi\",\"potentialAction\":[{\"@type\":\"SearchAction\",\"target\":{\"@type\":\"EntryPoint\",\"urlTemplate\":\"https:\/\/www.visit-ulcinj.com\/blog\/?s={search_term_string}\"},\"query-input\":\"required name=search_term_string\"}],\"inLanguage\":\"en-US\"},{\"@type\":\"ImageObject\",\"inLanguage\":\"en-US\",\"@id\":\"https:\/\/www.visit-ulcinj.com\/blog\/2014\/04\/26\/te-gjithe-per-turizem-ulqin-2014-manifestimi-prej-2-deri-me-4-maj\/#primaryimage\",\"url\":\"https:\/\/www.visit-ulcinj.com\/blog\/wp-content\/uploads\/2014\/04\/Te-gjithe-per-Turizem-Ulqin-2014.jpg\",\"contentUrl\":\"https:\/\/www.visit-ulcinj.com\/blog\/wp-content\/uploads\/2014\/04\/Te-gjithe-per-Turizem-Ulqin-2014.jpg\",\"width\":735,\"height\":1000},{\"@type\":\"WebPage\",\"@id\":\"https:\/\/www.visit-ulcinj.com\/blog\/2014\/04\/26\/te-gjithe-per-turizem-ulqin-2014-manifestimi-prej-2-deri-me-4-maj\/#webpage\",\"url\":\"https:\/\/www.visit-ulcinj.com\/blog\/2014\/04\/26\/te-gjithe-per-turizem-ulqin-2014-manifestimi-prej-2-deri-me-4-maj\/\",\"name\":\"T\u00eb gjith\u00eb p\u00ebr turiz\u00ebm Ulqin 2014, Manifestimi prej 2 deri me 4 maj - Lajme nga Ulqini\",\"isPartOf\":{\"@id\":\"https:\/\/www.visit-ulcinj.com\/blog\/#website\"},\"primaryImageOfPage\":{\"@id\":\"https:\/\/www.visit-ulcinj.com\/blog\/2014\/04\/26\/te-gjithe-per-turizem-ulqin-2014-manifestimi-prej-2-deri-me-4-maj\/#primaryimage\"},\"datePublished\":\"2014-04-26T18:47:25+00:00\",\"dateModified\":\"2014-04-27T20:50:39+00:00\",\"author\":{\"@id\":\"https:\/\/www.visit-ulcinj.com\/blog\/#\/schema\/person\/dcab619c614d3038751c63bc2aadc06d\"},\"description\":\"Komuna e Ulqinit dhe Organizata Turistike e Ulqinit me dat\u00ebn 2 deri me 4 maj do t\u00eb organizoj\u00eb manifestimin \\\"T\u00eb gjith\u00eb p\u00ebr Turiz\u00ebm\\\". Festa e 1 Majit tashme\",\"breadcrumb\":{\"@id\":\"https:\/\/www.visit-ulcinj.com\/blog\/2014\/04\/26\/te-gjithe-per-turizem-ulqin-2014-manifestimi-prej-2-deri-me-4-maj\/#breadcrumb\"},\"inLanguage\":\"en-US\",\"potentialAction\":[{\"@type\":\"ReadAction\",\"target\":[\"https:\/\/www.visit-ulcinj.com\/blog\/2014\/04\/26\/te-gjithe-per-turizem-ulqin-2014-manifestimi-prej-2-deri-me-4-maj\/\"]}]},{\"@type\":\"BreadcrumbList\",\"@id\":\"https:\/\/www.visit-ulcinj.com\/blog\/2014\/04\/26\/te-gjithe-per-turizem-ulqin-2014-manifestimi-prej-2-deri-me-4-maj\/#breadcrumb\",\"itemListElement\":[{\"@type\":\"ListItem\",\"position\":1,\"name\":\"T\u00eb gjith\u00eb p\u00ebr turiz\u00ebm Ulqin 2014, Manifestimi prej 2 deri me 4 maj\"}]},{\"@type\":\"Person\",\"@id\":\"https:\/\/www.visit-ulcinj.com\/blog\/#\/schema\/person\/dcab619c614d3038751c63bc2aadc06d\",\"name\":\"ulqini\",\"sameAs\":[\"http:\/\/www.visit-ulcinj.com\"],\"url\":\"https:\/\/www.visit-ulcinj.com\/blog\/author\/admin\/\"}]}<\/script>\n<!-- \/ Yoast SEO plugin. -->","yoast_head_json":{"title":"T\u00eb gjith\u00eb p\u00ebr turiz\u00ebm Ulqin 2014, Manifestimi prej 2 deri me 4 maj - Lajme nga Ulqini","description":"Komuna e Ulqinit dhe Organizata Turistike e Ulqinit me dat\u00ebn 2 deri me 4 maj do t\u00eb organizoj\u00eb manifestimin \"T\u00eb gjith\u00eb p\u00ebr Turiz\u00ebm\". Festa e 1 Majit tashme","robots":{"index":"index","follow":"follow","max-snippet":"max-snippet:-1","max-image-preview":"max-image-preview:large","max-video-preview":"max-video-preview:-1"},"canonical":"https:\/\/www.visit-ulcinj.com\/blog\/2014\/04\/26\/te-gjithe-per-turizem-ulqin-2014-manifestimi-prej-2-deri-me-4-maj\/","og_locale":"en_US","og_type":"article","og_title":"T\u00eb gjith\u00eb p\u00ebr turiz\u00ebm Ulqin 2014, Manifestimi prej 2 deri me 4 maj - Lajme nga Ulqini","og_description":"Komuna e Ulqinit dhe Organizata Turistike e Ulqinit me dat\u00ebn 2 deri me 4 maj do t\u00eb organizoj\u00eb manifestimin \"T\u00eb gjith\u00eb p\u00ebr Turiz\u00ebm\". Festa e 1 Majit tashme","og_url":"https:\/\/www.visit-ulcinj.com\/blog\/2014\/04\/26\/te-gjithe-per-turizem-ulqin-2014-manifestimi-prej-2-deri-me-4-maj\/","og_site_name":"Lajme nga Ulqini","article_published_time":"2014-04-26T18:47:25+00:00","article_modified_time":"2014-04-27T20:50:39+00:00","og_image":[{"url":"http:\/\/www.visit-ulcinj.com\/blog\/wp-content\/uploads\/2014\/04\/Te-gjithe-per-Turizem-Ulqin-2014.jpg"}],"twitter_misc":{"Written by":"ulqini","Est. reading time":"3 minutes"},"schema":{"@context":"https:\/\/schema.org","@graph":[{"@type":"WebSite","@id":"https:\/\/www.visit-ulcinj.com\/blog\/#website","url":"https:\/\/www.visit-ulcinj.com\/blog\/","name":"Lajme nga Ulqini","description":"Lajme,Vijesti,Ulqini,Ulqin,Crna Gora,Mali i Zi","potentialAction":[{"@type":"SearchAction","target":{"@type":"EntryPoint","urlTemplate":"https:\/\/www.visit-ulcinj.com\/blog\/?s={search_term_string}"},"query-input":"required name=search_term_string"}],"inLanguage":"en-US"},{"@type":"ImageObject","inLanguage":"en-US","@id":"https:\/\/www.visit-ulcinj.com\/blog\/2014\/04\/26\/te-gjithe-per-turizem-ulqin-2014-manifestimi-prej-2-deri-me-4-maj\/#primaryimage","url":"https:\/\/www.visit-ulcinj.com\/blog\/wp-content\/uploads\/2014\/04\/Te-gjithe-per-Turizem-Ulqin-2014.jpg","contentUrl":"https:\/\/www.visit-ulcinj.com\/blog\/wp-content\/uploads\/2014\/04\/Te-gjithe-per-Turizem-Ulqin-2014.jpg","width":735,"height":1000},{"@type":"WebPage","@id":"https:\/\/www.visit-ulcinj.com\/blog\/2014\/04\/26\/te-gjithe-per-turizem-ulqin-2014-manifestimi-prej-2-deri-me-4-maj\/#webpage","url":"https:\/\/www.visit-ulcinj.com\/blog\/2014\/04\/26\/te-gjithe-per-turizem-ulqin-2014-manifestimi-prej-2-deri-me-4-maj\/","name":"T\u00eb gjith\u00eb p\u00ebr turiz\u00ebm Ulqin 2014, Manifestimi prej 2 deri me 4 maj - Lajme nga Ulqini","isPartOf":{"@id":"https:\/\/www.visit-ulcinj.com\/blog\/#website"},"primaryImageOfPage":{"@id":"https:\/\/www.visit-ulcinj.com\/blog\/2014\/04\/26\/te-gjithe-per-turizem-ulqin-2014-manifestimi-prej-2-deri-me-4-maj\/#primaryimage"},"datePublished":"2014-04-26T18:47:25+00:00","dateModified":"2014-04-27T20:50:39+00:00","author":{"@id":"https:\/\/www.visit-ulcinj.com\/blog\/#\/schema\/person\/dcab619c614d3038751c63bc2aadc06d"},"description":"Komuna e Ulqinit dhe Organizata Turistike e Ulqinit me dat\u00ebn 2 deri me 4 maj do t\u00eb organizoj\u00eb manifestimin \"T\u00eb gjith\u00eb p\u00ebr Turiz\u00ebm\". Festa e 1 Majit tashme","breadcrumb":{"@id":"https:\/\/www.visit-ulcinj.com\/blog\/2014\/04\/26\/te-gjithe-per-turizem-ulqin-2014-manifestimi-prej-2-deri-me-4-maj\/#breadcrumb"},"inLanguage":"en-US","potentialAction":[{"@type":"ReadAction","target":["https:\/\/www.visit-ulcinj.com\/blog\/2014\/04\/26\/te-gjithe-per-turizem-ulqin-2014-manifestimi-prej-2-deri-me-4-maj\/"]}]},{"@type":"BreadcrumbList","@id":"https:\/\/www.visit-ulcinj.com\/blog\/2014\/04\/26\/te-gjithe-per-turizem-ulqin-2014-manifestimi-prej-2-deri-me-4-maj\/#breadcrumb","itemListElement":[{"@type":"ListItem","position":1,"name":"T\u00eb gjith\u00eb p\u00ebr turiz\u00ebm Ulqin 2014, Manifestimi prej 2 deri me 4 maj"}]},{"@type":"Person","@id":"https:\/\/www.visit-ulcinj.com\/blog\/#\/schema\/person\/dcab619c614d3038751c63bc2aadc06d","name":"ulqini","sameAs":["http:\/\/www.visit-ulcinj.com"],"url":"https:\/\/www.visit-ulcinj.com\/blog\/author\/admin\/"}]}},"jetpack_featured_media_url":"","jetpack_sharing_enabled":true,"jetpack_shortlink":"https:\/\/wp.me\/pe6lTn-lgT","_links":{"self":[{"href":"https:\/\/www.visit-ulcinj.com\/blog\/wp-json\/wp\/v2\/posts\/81771"}],"collection":[{"href":"https:\/\/www.visit-ulcinj.com\/blog\/wp-json\/wp\/v2\/posts"}],"about":[{"href":"https:\/\/www.visit-ulcinj.com\/blog\/wp-json\/wp\/v2\/types\/post"}],"author":[{"embeddable":true,"href":"https:\/\/www.visit-ulcinj.com\/blog\/wp-json\/wp\/v2\/users\/1"}],"replies":[{"embeddable":true,"href":"https:\/\/www.visit-ulcinj.com\/blog\/wp-json\/wp\/v2\/comments?post=81771"}],"version-history":[{"count":7,"href":"https:\/\/www.visit-ulcinj.com\/blog\/wp-json\/wp\/v2\/posts\/81771\/revisions"}],"predecessor-version":[{"id":81960,"href":"https:\/\/www.visit-ulcinj.com\/blog\/wp-json\/wp\/v2\/posts\/81771\/revisions\/81960"}],"wp:attachment":[{"href":"https:\/\/www.visit-ulcinj.com\/blog\/wp-json\/wp\/v2\/media?parent=81771"}],"wp:term":[{"taxonomy":"category","embeddable":true,"href":"https:\/\/www.visit-ulcinj.com\/blog\/wp-json\/wp\/v2\/categories?post=81771"},{"taxonomy":"post_tag","embeddable":true,"href":"https:\/\/www.visit-ulcinj.com\/blog\/wp-json\/wp\/v2\/tags?post=81771"}],"curies":[{"name":"wp","href":"https:\/\/api.w.org\/{rel}","templated":true}]}}