{"id":81776,"date":"2014-04-23T09:12:08","date_gmt":"2014-04-23T08:12:08","guid":{"rendered":"http:\/\/www.visit-ulcinj.com\/blog\/?p=81776"},"modified":"2014-04-23T13:26:49","modified_gmt":"2014-04-23T12:26:49","slug":"turoperatoret-dhe-gazetaret-nga-rusia-njoftohen-mundesite-qe-ofron-ulqini","status":"publish","type":"post","link":"https:\/\/www.visit-ulcinj.com\/blog\/2014\/04\/23\/turoperatoret-dhe-gazetaret-nga-rusia-njoftohen-mundesite-qe-ofron-ulqini\/","title":{"rendered":"Turoperator\u00ebt dhe gazetar\u00ebt nga Rusia njoftohen me mund\u00ebsit\u00eb q\u00eb i ofron Ulqini"},"content":{"rendered":"<p><a href=\"http:\/\/www.visit-ulcinj.com\/blog\/wp-content\/uploads\/2014\/04\/organizata-turistike-Ulqin.jpg\"><img loading=\"lazy\" class=\"alignleft  wp-image-81777\" alt=\"organizata-turistike-Ulqin\" src=\"http:\/\/www.visit-ulcinj.com\/blog\/wp-content\/uploads\/2014\/04\/organizata-turistike-Ulqin.jpg\" width=\"508\" height=\"360\" \/><\/a>N\u00eb organizimin e Organizat\u00ebs Nacionale Turistike t\u00eb Malit t\u00eb Zi prej periudhes 23 deri me 28 prill do t\u00eb qendroje grupa e turoperator\u00ebve dhe gazetar\u00ebve nga Rusia. TUI Russia \u00ebsht\u00eb turoperator i cili ofron rreth 20 destinacione p\u00ebr pushim me m\u00eb shum\u00eb se 600.000 klijent\u00eb<\/p>\n<p>Gjat\u00eb q\u00ebndrimit t\u00eb tyre \u00ebsht\u00eb e planifikuar vizita n\u00eb Cetin\u00eb, Kotor, Tivat, Tivar dhe Ulqin.<\/p>\n<p>Ardhja e tyre n\u00eb Ulqin do t\u00eb b\u00ebhet t\u00eb shtunen me 26 prill, ku do t\u00eb ken\u00eb mund\u00ebsine t\u00eb vizitojn\u00eb vinarin\u00eb Miloviq dhe t\u00eb provojn\u00eb ver\u00ebrat nga Ulqini, Kalan\u00eb, mbas s\u00eb cil\u00ebs do t\u00eb ken\u00eb nj\u00eb drek\u00eb n\u00eb plazhin e vog\u00ebl. Perve\u00e7 Organizat\u00ebs Nacionale t\u00eb MZ, viziten e tyre n\u00eb Ulqin e ka mund\u00ebsuar edhe Organizata Turistike e Ulqinit e cila gjithnj\u00eb perkrah inicijativa t\u00eb ONT kur ka t\u00eb b\u00ebj\u00eb me vizita t\u00eb tilla, raporton Sherbimi i Organizat\u00ebs Turistike nga Ulqini.<\/p>\n<!--YouTube Error: bad URL entered-->\n","protected":false},"excerpt":{"rendered":"<p>N\u00eb organizimin e Organizat\u00ebs Nacionale Turistike t\u00eb Malit t\u00eb Zi prej periudhes 23 deri me 28 prill do t\u00eb qendroje grupa e turoperator\u00ebve dhe gazetar\u00ebve nga Rusia. TUI Russia \u00ebsht\u00eb turoperator i cili ofron rreth 20 destinacione p\u00ebr pushim me m\u00eb shum\u00eb se 600.000 klijent\u00eb Gjat\u00eb q\u00ebndrimit t\u00eb tyre \u00ebsht\u00eb e planifikuar vizita n\u00eb Cetin\u00eb, [&hellip;]<\/p>\n","protected":false},"author":1,"featured_media":0,"comment_status":"closed","ping_status":"closed","sticky":false,"template":"","format":"standard","meta":{"spay_email":"","jetpack_publicize_message":"","jetpack_is_tweetstorm":false,"jetpack_publicize_feature_enabled":true},"categories":[10],"tags":[],"jetpack_publicize_connections":[],"yoast_head":"<!-- This site is optimized with the Yoast SEO plugin v19.1 - https:\/\/yoast.com\/wordpress\/plugins\/seo\/ -->\n<title>Turoperator\u00ebt dhe gazetar\u00ebt nga Rusia njoftohen me mund\u00ebsit\u00eb q\u00eb i ofron Ulqini - Lajme nga Ulqini<\/title>\n<meta name=\"description\" content=\"N\u00eb organizimin e Organizat\u00ebs Nacionale Turistike t\u00eb Malit t\u00eb Zi prej periudhes 23 deri me 28 prill do t\u00eb qendroje grupa e turoperator\u00ebve dhe gazetar\u00ebve\" \/>\n<meta name=\"robots\" content=\"index, follow, max-snippet:-1, max-image-preview:large, max-video-preview:-1\" \/>\n<link rel=\"canonical\" href=\"https:\/\/www.visit-ulcinj.com\/blog\/2014\/04\/23\/turoperatoret-dhe-gazetaret-nga-rusia-njoftohen-mundesite-qe-ofron-ulqini\/\" \/>\n<meta property=\"og:locale\" content=\"en_US\" \/>\n<meta property=\"og:type\" content=\"article\" \/>\n<meta property=\"og:title\" content=\"Turoperator\u00ebt dhe gazetar\u00ebt nga Rusia njoftohen me mund\u00ebsit\u00eb q\u00eb i ofron Ulqini - Lajme nga Ulqini\" \/>\n<meta property=\"og:description\" content=\"N\u00eb organizimin e Organizat\u00ebs Nacionale Turistike t\u00eb Malit t\u00eb Zi prej periudhes 23 deri me 28 prill do t\u00eb qendroje grupa e turoperator\u00ebve dhe gazetar\u00ebve\" \/>\n<meta property=\"og:url\" content=\"https:\/\/www.visit-ulcinj.com\/blog\/2014\/04\/23\/turoperatoret-dhe-gazetaret-nga-rusia-njoftohen-mundesite-qe-ofron-ulqini\/\" \/>\n<meta property=\"og:site_name\" content=\"Lajme nga Ulqini\" \/>\n<meta property=\"article:published_time\" content=\"2014-04-23T08:12:08+00:00\" \/>\n<meta property=\"article:modified_time\" content=\"2014-04-23T12:26:49+00:00\" \/>\n<meta property=\"og:image\" content=\"http:\/\/www.visit-ulcinj.com\/blog\/wp-content\/uploads\/2014\/04\/organizata-turistike-Ulqin.jpg\" \/>\n<meta name=\"twitter:label1\" content=\"Written by\" \/>\n\t<meta name=\"twitter:data1\" content=\"ulqini\" \/>\n\t<meta name=\"twitter:label2\" content=\"Est. reading time\" \/>\n\t<meta name=\"twitter:data2\" content=\"1 minute\" \/>\n<script type=\"application\/ld+json\" class=\"yoast-schema-graph\">{\"@context\":\"https:\/\/schema.org\",\"@graph\":[{\"@type\":\"WebSite\",\"@id\":\"https:\/\/www.visit-ulcinj.com\/blog\/#website\",\"url\":\"https:\/\/www.visit-ulcinj.com\/blog\/\",\"name\":\"Lajme nga Ulqini\",\"description\":\"Lajme,Vijesti,Ulqini,Ulqin,Crna Gora,Mali i Zi\",\"potentialAction\":[{\"@type\":\"SearchAction\",\"target\":{\"@type\":\"EntryPoint\",\"urlTemplate\":\"https:\/\/www.visit-ulcinj.com\/blog\/?s={search_term_string}\"},\"query-input\":\"required name=search_term_string\"}],\"inLanguage\":\"en-US\"},{\"@type\":\"ImageObject\",\"inLanguage\":\"en-US\",\"@id\":\"https:\/\/www.visit-ulcinj.com\/blog\/2014\/04\/23\/turoperatoret-dhe-gazetaret-nga-rusia-njoftohen-mundesite-qe-ofron-ulqini\/#primaryimage\",\"url\":\"https:\/\/www.visit-ulcinj.com\/blog\/wp-content\/uploads\/2014\/04\/organizata-turistike-Ulqin.jpg\",\"contentUrl\":\"https:\/\/www.visit-ulcinj.com\/blog\/wp-content\/uploads\/2014\/04\/organizata-turistike-Ulqin.jpg\",\"width\":800,\"height\":391},{\"@type\":\"WebPage\",\"@id\":\"https:\/\/www.visit-ulcinj.com\/blog\/2014\/04\/23\/turoperatoret-dhe-gazetaret-nga-rusia-njoftohen-mundesite-qe-ofron-ulqini\/#webpage\",\"url\":\"https:\/\/www.visit-ulcinj.com\/blog\/2014\/04\/23\/turoperatoret-dhe-gazetaret-nga-rusia-njoftohen-mundesite-qe-ofron-ulqini\/\",\"name\":\"Turoperator\u00ebt dhe gazetar\u00ebt nga Rusia njoftohen me mund\u00ebsit\u00eb q\u00eb i ofron Ulqini - Lajme nga Ulqini\",\"isPartOf\":{\"@id\":\"https:\/\/www.visit-ulcinj.com\/blog\/#website\"},\"primaryImageOfPage\":{\"@id\":\"https:\/\/www.visit-ulcinj.com\/blog\/2014\/04\/23\/turoperatoret-dhe-gazetaret-nga-rusia-njoftohen-mundesite-qe-ofron-ulqini\/#primaryimage\"},\"datePublished\":\"2014-04-23T08:12:08+00:00\",\"dateModified\":\"2014-04-23T12:26:49+00:00\",\"author\":{\"@id\":\"https:\/\/www.visit-ulcinj.com\/blog\/#\/schema\/person\/dcab619c614d3038751c63bc2aadc06d\"},\"description\":\"N\u00eb organizimin e Organizat\u00ebs Nacionale Turistike t\u00eb Malit t\u00eb Zi prej periudhes 23 deri me 28 prill do t\u00eb qendroje grupa e turoperator\u00ebve dhe gazetar\u00ebve\",\"breadcrumb\":{\"@id\":\"https:\/\/www.visit-ulcinj.com\/blog\/2014\/04\/23\/turoperatoret-dhe-gazetaret-nga-rusia-njoftohen-mundesite-qe-ofron-ulqini\/#breadcrumb\"},\"inLanguage\":\"en-US\",\"potentialAction\":[{\"@type\":\"ReadAction\",\"target\":[\"https:\/\/www.visit-ulcinj.com\/blog\/2014\/04\/23\/turoperatoret-dhe-gazetaret-nga-rusia-njoftohen-mundesite-qe-ofron-ulqini\/\"]}]},{\"@type\":\"BreadcrumbList\",\"@id\":\"https:\/\/www.visit-ulcinj.com\/blog\/2014\/04\/23\/turoperatoret-dhe-gazetaret-nga-rusia-njoftohen-mundesite-qe-ofron-ulqini\/#breadcrumb\",\"itemListElement\":[{\"@type\":\"ListItem\",\"position\":1,\"name\":\"Turoperator\u00ebt dhe gazetar\u00ebt nga Rusia njoftohen me mund\u00ebsit\u00eb q\u00eb i ofron Ulqini\"}]},{\"@type\":\"Person\",\"@id\":\"https:\/\/www.visit-ulcinj.com\/blog\/#\/schema\/person\/dcab619c614d3038751c63bc2aadc06d\",\"name\":\"ulqini\",\"sameAs\":[\"http:\/\/www.visit-ulcinj.com\"],\"url\":\"https:\/\/www.visit-ulcinj.com\/blog\/author\/admin\/\"}]}<\/script>\n<!-- \/ Yoast SEO plugin. -->","yoast_head_json":{"title":"Turoperator\u00ebt dhe gazetar\u00ebt nga Rusia njoftohen me mund\u00ebsit\u00eb q\u00eb i ofron Ulqini - Lajme nga Ulqini","description":"N\u00eb organizimin e Organizat\u00ebs Nacionale Turistike t\u00eb Malit t\u00eb Zi prej periudhes 23 deri me 28 prill do t\u00eb qendroje grupa e turoperator\u00ebve dhe gazetar\u00ebve","robots":{"index":"index","follow":"follow","max-snippet":"max-snippet:-1","max-image-preview":"max-image-preview:large","max-video-preview":"max-video-preview:-1"},"canonical":"https:\/\/www.visit-ulcinj.com\/blog\/2014\/04\/23\/turoperatoret-dhe-gazetaret-nga-rusia-njoftohen-mundesite-qe-ofron-ulqini\/","og_locale":"en_US","og_type":"article","og_title":"Turoperator\u00ebt dhe gazetar\u00ebt nga Rusia njoftohen me mund\u00ebsit\u00eb q\u00eb i ofron Ulqini - Lajme nga Ulqini","og_description":"N\u00eb organizimin e Organizat\u00ebs Nacionale Turistike t\u00eb Malit t\u00eb Zi prej periudhes 23 deri me 28 prill do t\u00eb qendroje grupa e turoperator\u00ebve dhe gazetar\u00ebve","og_url":"https:\/\/www.visit-ulcinj.com\/blog\/2014\/04\/23\/turoperatoret-dhe-gazetaret-nga-rusia-njoftohen-mundesite-qe-ofron-ulqini\/","og_site_name":"Lajme nga Ulqini","article_published_time":"2014-04-23T08:12:08+00:00","article_modified_time":"2014-04-23T12:26:49+00:00","og_image":[{"url":"http:\/\/www.visit-ulcinj.com\/blog\/wp-content\/uploads\/2014\/04\/organizata-turistike-Ulqin.jpg"}],"twitter_misc":{"Written by":"ulqini","Est. reading time":"1 minute"},"schema":{"@context":"https:\/\/schema.org","@graph":[{"@type":"WebSite","@id":"https:\/\/www.visit-ulcinj.com\/blog\/#website","url":"https:\/\/www.visit-ulcinj.com\/blog\/","name":"Lajme nga Ulqini","description":"Lajme,Vijesti,Ulqini,Ulqin,Crna Gora,Mali i Zi","potentialAction":[{"@type":"SearchAction","target":{"@type":"EntryPoint","urlTemplate":"https:\/\/www.visit-ulcinj.com\/blog\/?s={search_term_string}"},"query-input":"required name=search_term_string"}],"inLanguage":"en-US"},{"@type":"ImageObject","inLanguage":"en-US","@id":"https:\/\/www.visit-ulcinj.com\/blog\/2014\/04\/23\/turoperatoret-dhe-gazetaret-nga-rusia-njoftohen-mundesite-qe-ofron-ulqini\/#primaryimage","url":"https:\/\/www.visit-ulcinj.com\/blog\/wp-content\/uploads\/2014\/04\/organizata-turistike-Ulqin.jpg","contentUrl":"https:\/\/www.visit-ulcinj.com\/blog\/wp-content\/uploads\/2014\/04\/organizata-turistike-Ulqin.jpg","width":800,"height":391},{"@type":"WebPage","@id":"https:\/\/www.visit-ulcinj.com\/blog\/2014\/04\/23\/turoperatoret-dhe-gazetaret-nga-rusia-njoftohen-mundesite-qe-ofron-ulqini\/#webpage","url":"https:\/\/www.visit-ulcinj.com\/blog\/2014\/04\/23\/turoperatoret-dhe-gazetaret-nga-rusia-njoftohen-mundesite-qe-ofron-ulqini\/","name":"Turoperator\u00ebt dhe gazetar\u00ebt nga Rusia njoftohen me mund\u00ebsit\u00eb q\u00eb i ofron Ulqini - Lajme nga Ulqini","isPartOf":{"@id":"https:\/\/www.visit-ulcinj.com\/blog\/#website"},"primaryImageOfPage":{"@id":"https:\/\/www.visit-ulcinj.com\/blog\/2014\/04\/23\/turoperatoret-dhe-gazetaret-nga-rusia-njoftohen-mundesite-qe-ofron-ulqini\/#primaryimage"},"datePublished":"2014-04-23T08:12:08+00:00","dateModified":"2014-04-23T12:26:49+00:00","author":{"@id":"https:\/\/www.visit-ulcinj.com\/blog\/#\/schema\/person\/dcab619c614d3038751c63bc2aadc06d"},"description":"N\u00eb organizimin e Organizat\u00ebs Nacionale Turistike t\u00eb Malit t\u00eb Zi prej periudhes 23 deri me 28 prill do t\u00eb qendroje grupa e turoperator\u00ebve dhe gazetar\u00ebve","breadcrumb":{"@id":"https:\/\/www.visit-ulcinj.com\/blog\/2014\/04\/23\/turoperatoret-dhe-gazetaret-nga-rusia-njoftohen-mundesite-qe-ofron-ulqini\/#breadcrumb"},"inLanguage":"en-US","potentialAction":[{"@type":"ReadAction","target":["https:\/\/www.visit-ulcinj.com\/blog\/2014\/04\/23\/turoperatoret-dhe-gazetaret-nga-rusia-njoftohen-mundesite-qe-ofron-ulqini\/"]}]},{"@type":"BreadcrumbList","@id":"https:\/\/www.visit-ulcinj.com\/blog\/2014\/04\/23\/turoperatoret-dhe-gazetaret-nga-rusia-njoftohen-mundesite-qe-ofron-ulqini\/#breadcrumb","itemListElement":[{"@type":"ListItem","position":1,"name":"Turoperator\u00ebt dhe gazetar\u00ebt nga Rusia njoftohen me mund\u00ebsit\u00eb q\u00eb i ofron Ulqini"}]},{"@type":"Person","@id":"https:\/\/www.visit-ulcinj.com\/blog\/#\/schema\/person\/dcab619c614d3038751c63bc2aadc06d","name":"ulqini","sameAs":["http:\/\/www.visit-ulcinj.com"],"url":"https:\/\/www.visit-ulcinj.com\/blog\/author\/admin\/"}]}},"jetpack_featured_media_url":"","jetpack_sharing_enabled":true,"jetpack_shortlink":"https:\/\/wp.me\/pe6lTn-lgY","_links":{"self":[{"href":"https:\/\/www.visit-ulcinj.com\/blog\/wp-json\/wp\/v2\/posts\/81776"}],"collection":[{"href":"https:\/\/www.visit-ulcinj.com\/blog\/wp-json\/wp\/v2\/posts"}],"about":[{"href":"https:\/\/www.visit-ulcinj.com\/blog\/wp-json\/wp\/v2\/types\/post"}],"author":[{"embeddable":true,"href":"https:\/\/www.visit-ulcinj.com\/blog\/wp-json\/wp\/v2\/users\/1"}],"replies":[{"embeddable":true,"href":"https:\/\/www.visit-ulcinj.com\/blog\/wp-json\/wp\/v2\/comments?post=81776"}],"version-history":[{"count":2,"href":"https:\/\/www.visit-ulcinj.com\/blog\/wp-json\/wp\/v2\/posts\/81776\/revisions"}],"predecessor-version":[{"id":81779,"href":"https:\/\/www.visit-ulcinj.com\/blog\/wp-json\/wp\/v2\/posts\/81776\/revisions\/81779"}],"wp:attachment":[{"href":"https:\/\/www.visit-ulcinj.com\/blog\/wp-json\/wp\/v2\/media?parent=81776"}],"wp:term":[{"taxonomy":"category","embeddable":true,"href":"https:\/\/www.visit-ulcinj.com\/blog\/wp-json\/wp\/v2\/categories?post=81776"},{"taxonomy":"post_tag","embeddable":true,"href":"https:\/\/www.visit-ulcinj.com\/blog\/wp-json\/wp\/v2\/tags?post=81776"}],"curies":[{"name":"wp","href":"https:\/\/api.w.org\/{rel}","templated":true}]}}