{"id":81780,"date":"2014-04-23T09:28:28","date_gmt":"2014-04-23T08:28:28","guid":{"rendered":"http:\/\/www.visit-ulcinj.com\/blog\/?p=81780"},"modified":"2014-04-23T09:28:28","modified_gmt":"2014-04-23T08:28:28","slug":"promocija-turisticke-ponude-ulcinja-u-pristini","status":"publish","type":"post","link":"https:\/\/www.visit-ulcinj.com\/blog\/2014\/04\/23\/promocija-turisticke-ponude-ulcinja-u-pristini\/","title":{"rendered":"Promocija turisti\u010dke ponude Ulcinja u Pri\u0161tini"},"content":{"rendered":"<p><a href=\"http:\/\/www.visit-ulcinj.com\/blog\/wp-content\/uploads\/2014\/04\/Promocija-turisticke-ponude-Ulcinja-u-Pristini.jpg\"><img loading=\"lazy\" class=\"alignleft  wp-image-81781\" alt=\"Promocija turisticke ponude Ulcinja u Pristini\" src=\"http:\/\/www.visit-ulcinj.com\/blog\/wp-content\/uploads\/2014\/04\/Promocija-turisticke-ponude-Ulcinja-u-Pristini.jpg\" width=\"508\" height=\"360\" \/><\/a>Delegacija op\u0161tine Ulcinj na \u010delu sa predsjednikom Fatmirom \u0110ekom i potpredsjednicima Safetom Becijem i Ardijanom Mavri\u0107em boravi\u0107e \u00a0dva dana u posjeti Kosovu. Posjetu je organizovala Turisti\u010dka organizacija, \u010diji direktor Minir Karamanaga je tako\u0111e \u010dlan ove delegacije.<\/p>\n<p>Rije\u010d je prije svega o posjeti \u010diji je cilj da gra\u0111ane Kosova upozna sa ovogodi\u0161njom turisti\u010dkom ponudom Ulcinja, kako za sezonu tako i za prvomajske praznike. Direktor Karamanaga i predsjednik Djeka danas su ucestvovali u najgledanijima televizijama na Kosovu RTK i KTV a za sjutra je planirano gostovanje u televiziji RTV21 i radio Dukadjin. Ono sto je najvaznije kad je ova posjeta u pitanju jeste sastanak sa najznacajnijim medijama Kosova u hotelu Swiss Diamond gdje ce biti organizovan zajednicki rucak. Ovaj sastanak je takodje planiran za sjutrasnji dan.<\/p>\n<p>Bitno je da ve\u0107 sada treba krenuti u borbu za zadr\u017eavanje liderske pozicije na tr\u017ei\u0161tu Kosova, jer se ovogodi\u0161nji, 8. po redu Me\u0111unarodni sajam turizma, putovanja i hotelijerstva u Pri\u0161tini, odr\u017eava krajem maja.<\/p>\n<p><strong>Turisti\u010dka organizacija Ulcinj<\/strong><\/p>\n","protected":false},"excerpt":{"rendered":"<p>Delegacija op\u0161tine Ulcinj na \u010delu sa predsjednikom Fatmirom \u0110ekom i potpredsjednicima Safetom Becijem i Ardijanom Mavri\u0107em boravi\u0107e \u00a0dva dana u posjeti Kosovu. Posjetu je organizovala Turisti\u010dka organizacija, \u010diji direktor Minir Karamanaga je tako\u0111e \u010dlan ove delegacije. Rije\u010d je prije svega o posjeti \u010diji je cilj da gra\u0111ane Kosova upozna sa ovogodi\u0161njom turisti\u010dkom ponudom Ulcinja, kako [&hellip;]<\/p>\n","protected":false},"author":1,"featured_media":0,"comment_status":"closed","ping_status":"closed","sticky":false,"template":"","format":"standard","meta":{"spay_email":"","jetpack_publicize_message":"","jetpack_is_tweetstorm":false,"jetpack_publicize_feature_enabled":true},"categories":[6950],"tags":[],"jetpack_publicize_connections":[],"yoast_head":"<!-- This site is optimized with the Yoast SEO plugin v19.1 - https:\/\/yoast.com\/wordpress\/plugins\/seo\/ -->\n<title>Promocija turisti\u010dke ponude Ulcinja u Pri\u0161tini - Lajme nga Ulqini<\/title>\n<meta name=\"description\" content=\"Delegacija op\u0161tine Ulcinj na \u010delu sa predsjednikom Fatmirom \u0110ekom i potpredsjednicima Safetom Becijem i Ardijanom Mavri\u0107em boravi\u0107e \u00a0dva dana u posjeti\" \/>\n<meta name=\"robots\" content=\"index, follow, max-snippet:-1, max-image-preview:large, max-video-preview:-1\" \/>\n<link rel=\"canonical\" href=\"https:\/\/www.visit-ulcinj.com\/blog\/2014\/04\/23\/promocija-turisticke-ponude-ulcinja-u-pristini\/\" \/>\n<meta property=\"og:locale\" content=\"en_US\" \/>\n<meta property=\"og:type\" content=\"article\" \/>\n<meta property=\"og:title\" content=\"Promocija turisti\u010dke ponude Ulcinja u Pri\u0161tini - Lajme nga Ulqini\" \/>\n<meta property=\"og:description\" content=\"Delegacija op\u0161tine Ulcinj na \u010delu sa predsjednikom Fatmirom \u0110ekom i potpredsjednicima Safetom Becijem i Ardijanom Mavri\u0107em boravi\u0107e \u00a0dva dana u posjeti\" \/>\n<meta property=\"og:url\" content=\"https:\/\/www.visit-ulcinj.com\/blog\/2014\/04\/23\/promocija-turisticke-ponude-ulcinja-u-pristini\/\" \/>\n<meta property=\"og:site_name\" content=\"Lajme nga Ulqini\" \/>\n<meta property=\"article:published_time\" content=\"2014-04-23T08:28:28+00:00\" \/>\n<meta property=\"og:image\" content=\"http:\/\/www.visit-ulcinj.com\/blog\/wp-content\/uploads\/2014\/04\/Promocija-turisticke-ponude-Ulcinja-u-Pristini.jpg\" \/>\n<meta name=\"twitter:label1\" content=\"Written by\" \/>\n\t<meta name=\"twitter:data1\" content=\"ulqini\" \/>\n\t<meta name=\"twitter:label2\" content=\"Est. reading time\" \/>\n\t<meta name=\"twitter:data2\" content=\"1 minute\" \/>\n<script type=\"application\/ld+json\" class=\"yoast-schema-graph\">{\"@context\":\"https:\/\/schema.org\",\"@graph\":[{\"@type\":\"WebSite\",\"@id\":\"https:\/\/www.visit-ulcinj.com\/blog\/#website\",\"url\":\"https:\/\/www.visit-ulcinj.com\/blog\/\",\"name\":\"Lajme nga Ulqini\",\"description\":\"Lajme,Vijesti,Ulqini,Ulqin,Crna Gora,Mali i Zi\",\"potentialAction\":[{\"@type\":\"SearchAction\",\"target\":{\"@type\":\"EntryPoint\",\"urlTemplate\":\"https:\/\/www.visit-ulcinj.com\/blog\/?s={search_term_string}\"},\"query-input\":\"required name=search_term_string\"}],\"inLanguage\":\"en-US\"},{\"@type\":\"ImageObject\",\"inLanguage\":\"en-US\",\"@id\":\"https:\/\/www.visit-ulcinj.com\/blog\/2014\/04\/23\/promocija-turisticke-ponude-ulcinja-u-pristini\/#primaryimage\",\"url\":\"https:\/\/www.visit-ulcinj.com\/blog\/wp-content\/uploads\/2014\/04\/Promocija-turisticke-ponude-Ulcinja-u-Pristini.jpg\",\"contentUrl\":\"https:\/\/www.visit-ulcinj.com\/blog\/wp-content\/uploads\/2014\/04\/Promocija-turisticke-ponude-Ulcinja-u-Pristini.jpg\",\"width\":1000,\"height\":658},{\"@type\":\"WebPage\",\"@id\":\"https:\/\/www.visit-ulcinj.com\/blog\/2014\/04\/23\/promocija-turisticke-ponude-ulcinja-u-pristini\/#webpage\",\"url\":\"https:\/\/www.visit-ulcinj.com\/blog\/2014\/04\/23\/promocija-turisticke-ponude-ulcinja-u-pristini\/\",\"name\":\"Promocija turisti\u010dke ponude Ulcinja u Pri\u0161tini - Lajme nga Ulqini\",\"isPartOf\":{\"@id\":\"https:\/\/www.visit-ulcinj.com\/blog\/#website\"},\"primaryImageOfPage\":{\"@id\":\"https:\/\/www.visit-ulcinj.com\/blog\/2014\/04\/23\/promocija-turisticke-ponude-ulcinja-u-pristini\/#primaryimage\"},\"datePublished\":\"2014-04-23T08:28:28+00:00\",\"dateModified\":\"2014-04-23T08:28:28+00:00\",\"author\":{\"@id\":\"https:\/\/www.visit-ulcinj.com\/blog\/#\/schema\/person\/dcab619c614d3038751c63bc2aadc06d\"},\"description\":\"Delegacija op\u0161tine Ulcinj na \u010delu sa predsjednikom Fatmirom \u0110ekom i potpredsjednicima Safetom Becijem i Ardijanom Mavri\u0107em boravi\u0107e \u00a0dva dana u posjeti\",\"breadcrumb\":{\"@id\":\"https:\/\/www.visit-ulcinj.com\/blog\/2014\/04\/23\/promocija-turisticke-ponude-ulcinja-u-pristini\/#breadcrumb\"},\"inLanguage\":\"en-US\",\"potentialAction\":[{\"@type\":\"ReadAction\",\"target\":[\"https:\/\/www.visit-ulcinj.com\/blog\/2014\/04\/23\/promocija-turisticke-ponude-ulcinja-u-pristini\/\"]}]},{\"@type\":\"BreadcrumbList\",\"@id\":\"https:\/\/www.visit-ulcinj.com\/blog\/2014\/04\/23\/promocija-turisticke-ponude-ulcinja-u-pristini\/#breadcrumb\",\"itemListElement\":[{\"@type\":\"ListItem\",\"position\":1,\"name\":\"Promocija turisti\u010dke ponude Ulcinja u Pri\u0161tini\"}]},{\"@type\":\"Person\",\"@id\":\"https:\/\/www.visit-ulcinj.com\/blog\/#\/schema\/person\/dcab619c614d3038751c63bc2aadc06d\",\"name\":\"ulqini\",\"sameAs\":[\"http:\/\/www.visit-ulcinj.com\"],\"url\":\"https:\/\/www.visit-ulcinj.com\/blog\/author\/admin\/\"}]}<\/script>\n<!-- \/ Yoast SEO plugin. -->","yoast_head_json":{"title":"Promocija turisti\u010dke ponude Ulcinja u Pri\u0161tini - Lajme nga Ulqini","description":"Delegacija op\u0161tine Ulcinj na \u010delu sa predsjednikom Fatmirom \u0110ekom i potpredsjednicima Safetom Becijem i Ardijanom Mavri\u0107em boravi\u0107e \u00a0dva dana u posjeti","robots":{"index":"index","follow":"follow","max-snippet":"max-snippet:-1","max-image-preview":"max-image-preview:large","max-video-preview":"max-video-preview:-1"},"canonical":"https:\/\/www.visit-ulcinj.com\/blog\/2014\/04\/23\/promocija-turisticke-ponude-ulcinja-u-pristini\/","og_locale":"en_US","og_type":"article","og_title":"Promocija turisti\u010dke ponude Ulcinja u Pri\u0161tini - Lajme nga Ulqini","og_description":"Delegacija op\u0161tine Ulcinj na \u010delu sa predsjednikom Fatmirom \u0110ekom i potpredsjednicima Safetom Becijem i Ardijanom Mavri\u0107em boravi\u0107e \u00a0dva dana u posjeti","og_url":"https:\/\/www.visit-ulcinj.com\/blog\/2014\/04\/23\/promocija-turisticke-ponude-ulcinja-u-pristini\/","og_site_name":"Lajme nga Ulqini","article_published_time":"2014-04-23T08:28:28+00:00","og_image":[{"url":"http:\/\/www.visit-ulcinj.com\/blog\/wp-content\/uploads\/2014\/04\/Promocija-turisticke-ponude-Ulcinja-u-Pristini.jpg"}],"twitter_misc":{"Written by":"ulqini","Est. reading time":"1 minute"},"schema":{"@context":"https:\/\/schema.org","@graph":[{"@type":"WebSite","@id":"https:\/\/www.visit-ulcinj.com\/blog\/#website","url":"https:\/\/www.visit-ulcinj.com\/blog\/","name":"Lajme nga Ulqini","description":"Lajme,Vijesti,Ulqini,Ulqin,Crna Gora,Mali i Zi","potentialAction":[{"@type":"SearchAction","target":{"@type":"EntryPoint","urlTemplate":"https:\/\/www.visit-ulcinj.com\/blog\/?s={search_term_string}"},"query-input":"required name=search_term_string"}],"inLanguage":"en-US"},{"@type":"ImageObject","inLanguage":"en-US","@id":"https:\/\/www.visit-ulcinj.com\/blog\/2014\/04\/23\/promocija-turisticke-ponude-ulcinja-u-pristini\/#primaryimage","url":"https:\/\/www.visit-ulcinj.com\/blog\/wp-content\/uploads\/2014\/04\/Promocija-turisticke-ponude-Ulcinja-u-Pristini.jpg","contentUrl":"https:\/\/www.visit-ulcinj.com\/blog\/wp-content\/uploads\/2014\/04\/Promocija-turisticke-ponude-Ulcinja-u-Pristini.jpg","width":1000,"height":658},{"@type":"WebPage","@id":"https:\/\/www.visit-ulcinj.com\/blog\/2014\/04\/23\/promocija-turisticke-ponude-ulcinja-u-pristini\/#webpage","url":"https:\/\/www.visit-ulcinj.com\/blog\/2014\/04\/23\/promocija-turisticke-ponude-ulcinja-u-pristini\/","name":"Promocija turisti\u010dke ponude Ulcinja u Pri\u0161tini - Lajme nga Ulqini","isPartOf":{"@id":"https:\/\/www.visit-ulcinj.com\/blog\/#website"},"primaryImageOfPage":{"@id":"https:\/\/www.visit-ulcinj.com\/blog\/2014\/04\/23\/promocija-turisticke-ponude-ulcinja-u-pristini\/#primaryimage"},"datePublished":"2014-04-23T08:28:28+00:00","dateModified":"2014-04-23T08:28:28+00:00","author":{"@id":"https:\/\/www.visit-ulcinj.com\/blog\/#\/schema\/person\/dcab619c614d3038751c63bc2aadc06d"},"description":"Delegacija op\u0161tine Ulcinj na \u010delu sa predsjednikom Fatmirom \u0110ekom i potpredsjednicima Safetom Becijem i Ardijanom Mavri\u0107em boravi\u0107e \u00a0dva dana u posjeti","breadcrumb":{"@id":"https:\/\/www.visit-ulcinj.com\/blog\/2014\/04\/23\/promocija-turisticke-ponude-ulcinja-u-pristini\/#breadcrumb"},"inLanguage":"en-US","potentialAction":[{"@type":"ReadAction","target":["https:\/\/www.visit-ulcinj.com\/blog\/2014\/04\/23\/promocija-turisticke-ponude-ulcinja-u-pristini\/"]}]},{"@type":"BreadcrumbList","@id":"https:\/\/www.visit-ulcinj.com\/blog\/2014\/04\/23\/promocija-turisticke-ponude-ulcinja-u-pristini\/#breadcrumb","itemListElement":[{"@type":"ListItem","position":1,"name":"Promocija turisti\u010dke ponude Ulcinja u Pri\u0161tini"}]},{"@type":"Person","@id":"https:\/\/www.visit-ulcinj.com\/blog\/#\/schema\/person\/dcab619c614d3038751c63bc2aadc06d","name":"ulqini","sameAs":["http:\/\/www.visit-ulcinj.com"],"url":"https:\/\/www.visit-ulcinj.com\/blog\/author\/admin\/"}]}},"jetpack_featured_media_url":"","jetpack_sharing_enabled":true,"jetpack_shortlink":"https:\/\/wp.me\/pe6lTn-lh2","_links":{"self":[{"href":"https:\/\/www.visit-ulcinj.com\/blog\/wp-json\/wp\/v2\/posts\/81780"}],"collection":[{"href":"https:\/\/www.visit-ulcinj.com\/blog\/wp-json\/wp\/v2\/posts"}],"about":[{"href":"https:\/\/www.visit-ulcinj.com\/blog\/wp-json\/wp\/v2\/types\/post"}],"author":[{"embeddable":true,"href":"https:\/\/www.visit-ulcinj.com\/blog\/wp-json\/wp\/v2\/users\/1"}],"replies":[{"embeddable":true,"href":"https:\/\/www.visit-ulcinj.com\/blog\/wp-json\/wp\/v2\/comments?post=81780"}],"version-history":[{"count":1,"href":"https:\/\/www.visit-ulcinj.com\/blog\/wp-json\/wp\/v2\/posts\/81780\/revisions"}],"predecessor-version":[{"id":81782,"href":"https:\/\/www.visit-ulcinj.com\/blog\/wp-json\/wp\/v2\/posts\/81780\/revisions\/81782"}],"wp:attachment":[{"href":"https:\/\/www.visit-ulcinj.com\/blog\/wp-json\/wp\/v2\/media?parent=81780"}],"wp:term":[{"taxonomy":"category","embeddable":true,"href":"https:\/\/www.visit-ulcinj.com\/blog\/wp-json\/wp\/v2\/categories?post=81780"},{"taxonomy":"post_tag","embeddable":true,"href":"https:\/\/www.visit-ulcinj.com\/blog\/wp-json\/wp\/v2\/tags?post=81780"}],"curies":[{"name":"wp","href":"https:\/\/api.w.org\/{rel}","templated":true}]}}