{"id":81783,"date":"2014-04-23T09:40:42","date_gmt":"2014-04-23T08:40:42","guid":{"rendered":"http:\/\/www.visit-ulcinj.com\/blog\/?p=81783"},"modified":"2014-04-23T21:34:30","modified_gmt":"2014-04-23T20:34:30","slug":"biblioteka-popullore-e-ulqinit-anetaresim-falas-rastin-e-dites-boterore-te-librit","status":"publish","type":"post","link":"https:\/\/www.visit-ulcinj.com\/blog\/2014\/04\/23\/biblioteka-popullore-e-ulqinit-anetaresim-falas-rastin-e-dites-boterore-te-librit\/","title":{"rendered":"Biblioteka Popullore e Ulqinit: An\u00ebtar\u00ebsim falas me rastin e dit\u00ebs bot\u00ebrore t\u00eb librit &#8211; Video"},"content":{"rendered":"<p><a href=\"http:\/\/www.visit-ulcinj.com\/blog\/wp-content\/uploads\/2011\/10\/Moikom-Zeqo-Biblioteka-e-Qytetit-UlqinArdita-Rama.jpg\"><img loading=\"lazy\" class=\"alignleft  wp-image-52043\" alt=\"Moikom Zeqo, Biblioteka e Qytetit, Ulqin,Ardita Rama\" src=\"http:\/\/www.visit-ulcinj.com\/blog\/wp-content\/uploads\/2011\/10\/Moikom-Zeqo-Biblioteka-e-Qytetit-UlqinArdita-Rama.jpg\" width=\"508\" height=\"360\" \/><\/a>Me rastin e 23 Prillit, Dit\u00ebs Bot\u00ebrore t\u00eb Librit, n\u00eb Bibliotek\u00ebn Popullore t\u00eb Ulqinit, n\u00ebn moton &#8220;E duam librin!&#8221; do t\u00eb organizohet an\u00ebtar\u00ebsimi nj\u00ebvje\u00e7ar falas p\u00ebr t\u00eb gjitha moshat.<br \/>\nAn\u00ebtar\u00ebsimi pa pages\u00eb do t\u00eb b\u00ebhet t\u00eb m\u00ebrkur\u00ebn, m\u00eb 23 prill, nga ora 8 deri n\u00eb 19, n\u00eb lokalet e Bibliotek\u00ebs n\u00eb Ulqin dhe n\u00eb Kat\u00ebrkoll\u00eb t\u00eb An\u00ebs s\u00eb Malit.<br \/>\nAn\u00ebtar\u00ebt e vjet\u00ebr n\u00eb k\u00ebt\u00eb m\u00ebnyr\u00eb munden t\u00eb vazhdojn\u00eb an\u00ebtar\u00ebsimin edhe p\u00ebr nj\u00eb vit pa pages\u00eb.<\/p>\n<p>Le t\u00eb sh\u00ebnojm\u00eb k\u00ebt\u00eb dat\u00eb t\u00eb r\u00ebnd\u00ebsishme s\u00eb bashku, duke u b\u00ebr\u00eb edhe Ju an\u00ebtar\u00eb t\u00eb Bibliotek\u00ebs son\u00eb! Le t\u00eb d\u00ebshmojm\u00eb q\u00eb edhe n\u00eb Ulqin E DUAM LIBRIN!<br \/>\nPer te gjithe ata qe neser bejne regjistrimin ne Biblioteken e qytetit, Libraria Arti ju ofron ulje \u00e7mimi prej 15% ne te gjitha librat. Mjafton te tregoni kartonin e regjistrimit qe mban daten 23 prill. Kurse per te gjithe te tjeret ulje \u00e7mimi prej 10%. Keto ulje \u00e7mimesh vlejne vetem neser per nder te Dites boterore te librit.<\/p>\n<!--YouTube Error: bad URL entered-->\n","protected":false},"excerpt":{"rendered":"<p>Me rastin e 23 Prillit, Dit\u00ebs Bot\u00ebrore t\u00eb Librit, n\u00eb Bibliotek\u00ebn Popullore t\u00eb Ulqinit, n\u00ebn moton &#8220;E duam librin!&#8221; do t\u00eb organizohet an\u00ebtar\u00ebsimi nj\u00ebvje\u00e7ar falas p\u00ebr t\u00eb gjitha moshat. An\u00ebtar\u00ebsimi pa pages\u00eb do t\u00eb b\u00ebhet t\u00eb m\u00ebrkur\u00ebn, m\u00eb 23 prill, nga ora 8 deri n\u00eb 19, n\u00eb lokalet e Bibliotek\u00ebs n\u00eb Ulqin dhe n\u00eb Kat\u00ebrkoll\u00eb [&hellip;]<\/p>\n","protected":false},"author":1,"featured_media":0,"comment_status":"closed","ping_status":"closed","sticky":false,"template":"","format":"standard","meta":{"spay_email":"","jetpack_publicize_message":"","jetpack_is_tweetstorm":false,"jetpack_publicize_feature_enabled":true},"categories":[4],"tags":[],"jetpack_publicize_connections":[],"yoast_head":"<!-- This site is optimized with the Yoast SEO plugin v19.1 - https:\/\/yoast.com\/wordpress\/plugins\/seo\/ -->\n<title>Biblioteka Popullore e Ulqinit: An\u00ebtar\u00ebsim falas me rastin e dit\u00ebs bot\u00ebrore t\u00eb librit - Video - Lajme nga Ulqini<\/title>\n<meta name=\"description\" content=\"Me rastin e 23 Prillit, Dit\u00ebs Bot\u00ebrore t\u00eb Librit, n\u00eb Bibliotek\u00ebn Popullore t\u00eb Ulqinit, n\u00ebn moton &quot;E duam librin!&quot; do t\u00eb organizohet an\u00ebtar\u00ebsimi nj\u00ebvje\u00e7ar\" \/>\n<meta name=\"robots\" content=\"index, follow, max-snippet:-1, max-image-preview:large, max-video-preview:-1\" \/>\n<link rel=\"canonical\" href=\"https:\/\/www.visit-ulcinj.com\/blog\/2014\/04\/23\/biblioteka-popullore-e-ulqinit-anetaresim-falas-rastin-e-dites-boterore-te-librit\/\" \/>\n<meta property=\"og:locale\" content=\"en_US\" \/>\n<meta property=\"og:type\" content=\"article\" \/>\n<meta property=\"og:title\" content=\"Biblioteka Popullore e Ulqinit: An\u00ebtar\u00ebsim falas me rastin e dit\u00ebs bot\u00ebrore t\u00eb librit - Video - Lajme nga Ulqini\" \/>\n<meta property=\"og:description\" content=\"Me rastin e 23 Prillit, Dit\u00ebs Bot\u00ebrore t\u00eb Librit, n\u00eb Bibliotek\u00ebn Popullore t\u00eb Ulqinit, n\u00ebn moton &quot;E duam librin!&quot; do t\u00eb organizohet an\u00ebtar\u00ebsimi nj\u00ebvje\u00e7ar\" \/>\n<meta property=\"og:url\" content=\"https:\/\/www.visit-ulcinj.com\/blog\/2014\/04\/23\/biblioteka-popullore-e-ulqinit-anetaresim-falas-rastin-e-dites-boterore-te-librit\/\" \/>\n<meta property=\"og:site_name\" content=\"Lajme nga Ulqini\" \/>\n<meta property=\"article:published_time\" content=\"2014-04-23T08:40:42+00:00\" \/>\n<meta property=\"article:modified_time\" content=\"2014-04-23T20:34:30+00:00\" \/>\n<meta property=\"og:image\" content=\"http:\/\/www.visit-ulcinj.com\/blog\/wp-content\/uploads\/2011\/10\/Moikom-Zeqo-Biblioteka-e-Qytetit-UlqinArdita-Rama.jpg\" \/>\n<meta name=\"twitter:label1\" content=\"Written by\" \/>\n\t<meta name=\"twitter:data1\" content=\"ulqini\" \/>\n\t<meta name=\"twitter:label2\" content=\"Est. reading time\" \/>\n\t<meta name=\"twitter:data2\" content=\"1 minute\" \/>\n<script type=\"application\/ld+json\" class=\"yoast-schema-graph\">{\"@context\":\"https:\/\/schema.org\",\"@graph\":[{\"@type\":\"WebSite\",\"@id\":\"https:\/\/www.visit-ulcinj.com\/blog\/#website\",\"url\":\"https:\/\/www.visit-ulcinj.com\/blog\/\",\"name\":\"Lajme nga Ulqini\",\"description\":\"Lajme,Vijesti,Ulqini,Ulqin,Crna Gora,Mali i Zi\",\"potentialAction\":[{\"@type\":\"SearchAction\",\"target\":{\"@type\":\"EntryPoint\",\"urlTemplate\":\"https:\/\/www.visit-ulcinj.com\/blog\/?s={search_term_string}\"},\"query-input\":\"required name=search_term_string\"}],\"inLanguage\":\"en-US\"},{\"@type\":\"ImageObject\",\"inLanguage\":\"en-US\",\"@id\":\"https:\/\/www.visit-ulcinj.com\/blog\/2014\/04\/23\/biblioteka-popullore-e-ulqinit-anetaresim-falas-rastin-e-dites-boterore-te-librit\/#primaryimage\",\"url\":\"https:\/\/www.visit-ulcinj.com\/blog\/wp-content\/uploads\/2011\/10\/Moikom-Zeqo-Biblioteka-e-Qytetit-UlqinArdita-Rama.jpg\",\"contentUrl\":\"https:\/\/www.visit-ulcinj.com\/blog\/wp-content\/uploads\/2011\/10\/Moikom-Zeqo-Biblioteka-e-Qytetit-UlqinArdita-Rama.jpg\",\"width\":\"720\",\"height\":\"540\"},{\"@type\":\"WebPage\",\"@id\":\"https:\/\/www.visit-ulcinj.com\/blog\/2014\/04\/23\/biblioteka-popullore-e-ulqinit-anetaresim-falas-rastin-e-dites-boterore-te-librit\/#webpage\",\"url\":\"https:\/\/www.visit-ulcinj.com\/blog\/2014\/04\/23\/biblioteka-popullore-e-ulqinit-anetaresim-falas-rastin-e-dites-boterore-te-librit\/\",\"name\":\"Biblioteka Popullore e Ulqinit: An\u00ebtar\u00ebsim falas me rastin e dit\u00ebs bot\u00ebrore t\u00eb librit - Video - Lajme nga Ulqini\",\"isPartOf\":{\"@id\":\"https:\/\/www.visit-ulcinj.com\/blog\/#website\"},\"primaryImageOfPage\":{\"@id\":\"https:\/\/www.visit-ulcinj.com\/blog\/2014\/04\/23\/biblioteka-popullore-e-ulqinit-anetaresim-falas-rastin-e-dites-boterore-te-librit\/#primaryimage\"},\"datePublished\":\"2014-04-23T08:40:42+00:00\",\"dateModified\":\"2014-04-23T20:34:30+00:00\",\"author\":{\"@id\":\"https:\/\/www.visit-ulcinj.com\/blog\/#\/schema\/person\/dcab619c614d3038751c63bc2aadc06d\"},\"description\":\"Me rastin e 23 Prillit, Dit\u00ebs Bot\u00ebrore t\u00eb Librit, n\u00eb Bibliotek\u00ebn Popullore t\u00eb Ulqinit, n\u00ebn moton \\\"E duam librin!\\\" do t\u00eb organizohet an\u00ebtar\u00ebsimi nj\u00ebvje\u00e7ar\",\"breadcrumb\":{\"@id\":\"https:\/\/www.visit-ulcinj.com\/blog\/2014\/04\/23\/biblioteka-popullore-e-ulqinit-anetaresim-falas-rastin-e-dites-boterore-te-librit\/#breadcrumb\"},\"inLanguage\":\"en-US\",\"potentialAction\":[{\"@type\":\"ReadAction\",\"target\":[\"https:\/\/www.visit-ulcinj.com\/blog\/2014\/04\/23\/biblioteka-popullore-e-ulqinit-anetaresim-falas-rastin-e-dites-boterore-te-librit\/\"]}]},{\"@type\":\"BreadcrumbList\",\"@id\":\"https:\/\/www.visit-ulcinj.com\/blog\/2014\/04\/23\/biblioteka-popullore-e-ulqinit-anetaresim-falas-rastin-e-dites-boterore-te-librit\/#breadcrumb\",\"itemListElement\":[{\"@type\":\"ListItem\",\"position\":1,\"name\":\"Biblioteka Popullore e Ulqinit: An\u00ebtar\u00ebsim falas me rastin e dit\u00ebs bot\u00ebrore t\u00eb librit &#8211; Video\"}]},{\"@type\":\"Person\",\"@id\":\"https:\/\/www.visit-ulcinj.com\/blog\/#\/schema\/person\/dcab619c614d3038751c63bc2aadc06d\",\"name\":\"ulqini\",\"sameAs\":[\"http:\/\/www.visit-ulcinj.com\"],\"url\":\"https:\/\/www.visit-ulcinj.com\/blog\/author\/admin\/\"}]}<\/script>\n<!-- \/ Yoast SEO plugin. -->","yoast_head_json":{"title":"Biblioteka Popullore e Ulqinit: An\u00ebtar\u00ebsim falas me rastin e dit\u00ebs bot\u00ebrore t\u00eb librit - Video - Lajme nga Ulqini","description":"Me rastin e 23 Prillit, Dit\u00ebs Bot\u00ebrore t\u00eb Librit, n\u00eb Bibliotek\u00ebn Popullore t\u00eb Ulqinit, n\u00ebn moton \"E duam librin!\" do t\u00eb organizohet an\u00ebtar\u00ebsimi nj\u00ebvje\u00e7ar","robots":{"index":"index","follow":"follow","max-snippet":"max-snippet:-1","max-image-preview":"max-image-preview:large","max-video-preview":"max-video-preview:-1"},"canonical":"https:\/\/www.visit-ulcinj.com\/blog\/2014\/04\/23\/biblioteka-popullore-e-ulqinit-anetaresim-falas-rastin-e-dites-boterore-te-librit\/","og_locale":"en_US","og_type":"article","og_title":"Biblioteka Popullore e Ulqinit: An\u00ebtar\u00ebsim falas me rastin e dit\u00ebs bot\u00ebrore t\u00eb librit - Video - Lajme nga Ulqini","og_description":"Me rastin e 23 Prillit, Dit\u00ebs Bot\u00ebrore t\u00eb Librit, n\u00eb Bibliotek\u00ebn Popullore t\u00eb Ulqinit, n\u00ebn moton \"E duam librin!\" do t\u00eb organizohet an\u00ebtar\u00ebsimi nj\u00ebvje\u00e7ar","og_url":"https:\/\/www.visit-ulcinj.com\/blog\/2014\/04\/23\/biblioteka-popullore-e-ulqinit-anetaresim-falas-rastin-e-dites-boterore-te-librit\/","og_site_name":"Lajme nga Ulqini","article_published_time":"2014-04-23T08:40:42+00:00","article_modified_time":"2014-04-23T20:34:30+00:00","og_image":[{"url":"http:\/\/www.visit-ulcinj.com\/blog\/wp-content\/uploads\/2011\/10\/Moikom-Zeqo-Biblioteka-e-Qytetit-UlqinArdita-Rama.jpg"}],"twitter_misc":{"Written by":"ulqini","Est. reading time":"1 minute"},"schema":{"@context":"https:\/\/schema.org","@graph":[{"@type":"WebSite","@id":"https:\/\/www.visit-ulcinj.com\/blog\/#website","url":"https:\/\/www.visit-ulcinj.com\/blog\/","name":"Lajme nga Ulqini","description":"Lajme,Vijesti,Ulqini,Ulqin,Crna Gora,Mali i Zi","potentialAction":[{"@type":"SearchAction","target":{"@type":"EntryPoint","urlTemplate":"https:\/\/www.visit-ulcinj.com\/blog\/?s={search_term_string}"},"query-input":"required name=search_term_string"}],"inLanguage":"en-US"},{"@type":"ImageObject","inLanguage":"en-US","@id":"https:\/\/www.visit-ulcinj.com\/blog\/2014\/04\/23\/biblioteka-popullore-e-ulqinit-anetaresim-falas-rastin-e-dites-boterore-te-librit\/#primaryimage","url":"https:\/\/www.visit-ulcinj.com\/blog\/wp-content\/uploads\/2011\/10\/Moikom-Zeqo-Biblioteka-e-Qytetit-UlqinArdita-Rama.jpg","contentUrl":"https:\/\/www.visit-ulcinj.com\/blog\/wp-content\/uploads\/2011\/10\/Moikom-Zeqo-Biblioteka-e-Qytetit-UlqinArdita-Rama.jpg","width":"720","height":"540"},{"@type":"WebPage","@id":"https:\/\/www.visit-ulcinj.com\/blog\/2014\/04\/23\/biblioteka-popullore-e-ulqinit-anetaresim-falas-rastin-e-dites-boterore-te-librit\/#webpage","url":"https:\/\/www.visit-ulcinj.com\/blog\/2014\/04\/23\/biblioteka-popullore-e-ulqinit-anetaresim-falas-rastin-e-dites-boterore-te-librit\/","name":"Biblioteka Popullore e Ulqinit: An\u00ebtar\u00ebsim falas me rastin e dit\u00ebs bot\u00ebrore t\u00eb librit - Video - Lajme nga Ulqini","isPartOf":{"@id":"https:\/\/www.visit-ulcinj.com\/blog\/#website"},"primaryImageOfPage":{"@id":"https:\/\/www.visit-ulcinj.com\/blog\/2014\/04\/23\/biblioteka-popullore-e-ulqinit-anetaresim-falas-rastin-e-dites-boterore-te-librit\/#primaryimage"},"datePublished":"2014-04-23T08:40:42+00:00","dateModified":"2014-04-23T20:34:30+00:00","author":{"@id":"https:\/\/www.visit-ulcinj.com\/blog\/#\/schema\/person\/dcab619c614d3038751c63bc2aadc06d"},"description":"Me rastin e 23 Prillit, Dit\u00ebs Bot\u00ebrore t\u00eb Librit, n\u00eb Bibliotek\u00ebn Popullore t\u00eb Ulqinit, n\u00ebn moton \"E duam librin!\" do t\u00eb organizohet an\u00ebtar\u00ebsimi nj\u00ebvje\u00e7ar","breadcrumb":{"@id":"https:\/\/www.visit-ulcinj.com\/blog\/2014\/04\/23\/biblioteka-popullore-e-ulqinit-anetaresim-falas-rastin-e-dites-boterore-te-librit\/#breadcrumb"},"inLanguage":"en-US","potentialAction":[{"@type":"ReadAction","target":["https:\/\/www.visit-ulcinj.com\/blog\/2014\/04\/23\/biblioteka-popullore-e-ulqinit-anetaresim-falas-rastin-e-dites-boterore-te-librit\/"]}]},{"@type":"BreadcrumbList","@id":"https:\/\/www.visit-ulcinj.com\/blog\/2014\/04\/23\/biblioteka-popullore-e-ulqinit-anetaresim-falas-rastin-e-dites-boterore-te-librit\/#breadcrumb","itemListElement":[{"@type":"ListItem","position":1,"name":"Biblioteka Popullore e Ulqinit: An\u00ebtar\u00ebsim falas me rastin e dit\u00ebs bot\u00ebrore t\u00eb librit &#8211; Video"}]},{"@type":"Person","@id":"https:\/\/www.visit-ulcinj.com\/blog\/#\/schema\/person\/dcab619c614d3038751c63bc2aadc06d","name":"ulqini","sameAs":["http:\/\/www.visit-ulcinj.com"],"url":"https:\/\/www.visit-ulcinj.com\/blog\/author\/admin\/"}]}},"jetpack_featured_media_url":"","jetpack_sharing_enabled":true,"jetpack_shortlink":"https:\/\/wp.me\/pe6lTn-lh5","_links":{"self":[{"href":"https:\/\/www.visit-ulcinj.com\/blog\/wp-json\/wp\/v2\/posts\/81783"}],"collection":[{"href":"https:\/\/www.visit-ulcinj.com\/blog\/wp-json\/wp\/v2\/posts"}],"about":[{"href":"https:\/\/www.visit-ulcinj.com\/blog\/wp-json\/wp\/v2\/types\/post"}],"author":[{"embeddable":true,"href":"https:\/\/www.visit-ulcinj.com\/blog\/wp-json\/wp\/v2\/users\/1"}],"replies":[{"embeddable":true,"href":"https:\/\/www.visit-ulcinj.com\/blog\/wp-json\/wp\/v2\/comments?post=81783"}],"version-history":[{"count":2,"href":"https:\/\/www.visit-ulcinj.com\/blog\/wp-json\/wp\/v2\/posts\/81783\/revisions"}],"predecessor-version":[{"id":81838,"href":"https:\/\/www.visit-ulcinj.com\/blog\/wp-json\/wp\/v2\/posts\/81783\/revisions\/81838"}],"wp:attachment":[{"href":"https:\/\/www.visit-ulcinj.com\/blog\/wp-json\/wp\/v2\/media?parent=81783"}],"wp:term":[{"taxonomy":"category","embeddable":true,"href":"https:\/\/www.visit-ulcinj.com\/blog\/wp-json\/wp\/v2\/categories?post=81783"},{"taxonomy":"post_tag","embeddable":true,"href":"https:\/\/www.visit-ulcinj.com\/blog\/wp-json\/wp\/v2\/tags?post=81783"}],"curies":[{"name":"wp","href":"https:\/\/api.w.org\/{rel}","templated":true}]}}