{"id":81792,"date":"2014-04-23T10:21:35","date_gmt":"2014-04-23T09:21:35","guid":{"rendered":"http:\/\/www.visit-ulcinj.com\/blog\/?p=81792"},"modified":"2014-04-23T10:21:35","modified_gmt":"2014-04-23T09:21:35","slug":"ulqini-promovon-oferten-turistike-ne-prishtine","status":"publish","type":"post","link":"https:\/\/www.visit-ulcinj.com\/blog\/2014\/04\/23\/ulqini-promovon-oferten-turistike-ne-prishtine\/","title":{"rendered":"Ulqini promovon ofert\u00ebn turistike n\u00eb Prishtin\u00eb"},"content":{"rendered":"<p><strong><a href=\"http:\/\/www.visit-ulcinj.com\/blog\/wp-content\/uploads\/2014\/04\/Promovimi-i-ofert\u00ebs-turistike-n\u00eb-Prishtin\u00eb.jpg\"><img loading=\"lazy\" class=\"alignleft  wp-image-81793\" alt=\"Promovimi i ofert\u00ebs turistike n\u00eb Prishtin\u00eb\" src=\"http:\/\/www.visit-ulcinj.com\/blog\/wp-content\/uploads\/2014\/04\/Promovimi-i-ofert\u00ebs-turistike-n\u00eb-Prishtin\u00eb.jpg\" width=\"508\" height=\"360\" \/><\/a>Promovimi i ofert\u00ebs turistike n\u00eb Prishtin\u00eb<\/strong><\/p>\n<p>Delegacioni i komun\u00ebs s\u00eb Ulqinit n\u00eb krye me kryetarin Fatmir Gjeka dhe n\u00ebnkryetar\u00ebt Safet Beci dhe Ardijan Mavriq kane nisur viziten e tyre ne Kosove. Vizit\u00ebn e ka organizuar Organizata turistike, drejtori i s\u00eb cil\u00ebs Minir Karamanaga \u00ebsht\u00eb po ashtu an\u00ebtar i k\u00ebtij delegacioni.<br \/>\n<a href=\"http:\/\/www.visit-ulcinj.com\/blog\/wp-content\/uploads\/2014\/04\/Promocija-turisticke-ponude-Ulcinja-u-Pristini.jpg\"><img loading=\"lazy\" class=\"alignleft  wp-image-81781\" alt=\"Promocija turisticke ponude Ulcinja u Pristini\" src=\"http:\/\/www.visit-ulcinj.com\/blog\/wp-content\/uploads\/2014\/04\/Promocija-turisticke-ponude-Ulcinja-u-Pristini.jpg\" width=\"508\" height=\"360\" \/><\/a><\/p>\n<p>B\u00ebhet fjal\u00eb para s\u00eb gjithash p\u00ebr vizit\u00eb q\u00ebllimi i s\u00eb cil\u00ebs \u00ebsht\u00eb q\u00eb qytetar\u00ebt e Kosov\u00ebs ti njoftoj\u00eb me ofert\u00ebn e sivjetme turistike t\u00eb Ulqinit, si p\u00ebr sezonin ashtu edhe p\u00ebr festat e majit. Drejtori Karamanaga me kryetarin Gjeka sot morren pjese ne dy televizionet me te shikuara ne Kosove dhe ate ne emision Imazh ne RTK dhe ne KTV. Per neser eshte planifikuar pjesemarrja ne RTV21 dhe ne radio Dukagjin. Poashtu ajo cka eshte e rendesishme eshte takimi i neserm me gazetaret e shtypit qe do behet ne hotelin Swiss Diamond ku do organizohet nje dreke per te gjithe.<\/p>\n<p>E rendesishme eshte \u00a0q\u00eb prej tani duhet t\u00eb niset \u00a0beteja p\u00ebr mbrojtjen e pozit\u00ebs lider n\u00eb tregun e Kosov\u00ebs, sepse Panairi i sivjetm\u00eb nd\u00ebrkomb\u00ebtar i turizmit, udh\u00ebtimit dhe hoteleris\u00eb n\u00eb Prishtin\u00eb, i 8 me radh\u00eb, mbahet n\u00eb fund t\u00eb majit.<\/p>\n<p><strong>Organizata Turistike e Ulqinit<\/strong><\/p>\n","protected":false},"excerpt":{"rendered":"<p>Promovimi i ofert\u00ebs turistike n\u00eb Prishtin\u00eb Delegacioni i komun\u00ebs s\u00eb Ulqinit n\u00eb krye me kryetarin Fatmir Gjeka dhe n\u00ebnkryetar\u00ebt Safet Beci dhe Ardijan Mavriq kane nisur viziten e tyre ne Kosove. Vizit\u00ebn e ka organizuar Organizata turistike, drejtori i s\u00eb cil\u00ebs Minir Karamanaga \u00ebsht\u00eb po ashtu an\u00ebtar i k\u00ebtij delegacioni. B\u00ebhet fjal\u00eb para s\u00eb gjithash [&hellip;]<\/p>\n","protected":false},"author":1,"featured_media":0,"comment_status":"closed","ping_status":"closed","sticky":false,"template":"","format":"standard","meta":{"spay_email":"","jetpack_publicize_message":"","jetpack_is_tweetstorm":false,"jetpack_publicize_feature_enabled":true},"categories":[14],"tags":[],"jetpack_publicize_connections":[],"yoast_head":"<!-- This site is optimized with the Yoast SEO plugin v19.1 - https:\/\/yoast.com\/wordpress\/plugins\/seo\/ -->\n<title>Ulqini promovon ofert\u00ebn turistike n\u00eb Prishtin\u00eb - Lajme nga Ulqini<\/title>\n<meta name=\"description\" content=\"Promovimi i ofert\u00ebs turistike n\u00eb Prishtin\u00eb Delegacioni i komun\u00ebs s\u00eb Ulqinit n\u00eb krye me kryetarin Fatmir Gjeka dhe n\u00ebnkryetar\u00ebt Safet Beci dhe Ardijan\" \/>\n<meta name=\"robots\" content=\"index, follow, max-snippet:-1, max-image-preview:large, max-video-preview:-1\" \/>\n<link rel=\"canonical\" href=\"https:\/\/www.visit-ulcinj.com\/blog\/2014\/04\/23\/ulqini-promovon-oferten-turistike-ne-prishtine\/\" \/>\n<meta property=\"og:locale\" content=\"en_US\" \/>\n<meta property=\"og:type\" content=\"article\" \/>\n<meta property=\"og:title\" content=\"Ulqini promovon ofert\u00ebn turistike n\u00eb Prishtin\u00eb - Lajme nga Ulqini\" \/>\n<meta property=\"og:description\" content=\"Promovimi i ofert\u00ebs turistike n\u00eb Prishtin\u00eb Delegacioni i komun\u00ebs s\u00eb Ulqinit n\u00eb krye me kryetarin Fatmir Gjeka dhe n\u00ebnkryetar\u00ebt Safet Beci dhe Ardijan\" \/>\n<meta property=\"og:url\" content=\"https:\/\/www.visit-ulcinj.com\/blog\/2014\/04\/23\/ulqini-promovon-oferten-turistike-ne-prishtine\/\" \/>\n<meta property=\"og:site_name\" content=\"Lajme nga Ulqini\" \/>\n<meta property=\"article:published_time\" content=\"2014-04-23T09:21:35+00:00\" \/>\n<meta property=\"og:image\" content=\"http:\/\/www.visit-ulcinj.com\/blog\/wp-content\/uploads\/2014\/04\/Promocija-turisticke-ponude-Ulcinja-u-Pristini.jpg\" \/>\n<meta name=\"twitter:label1\" content=\"Written by\" \/>\n\t<meta name=\"twitter:data1\" content=\"ulqini\" \/>\n\t<meta name=\"twitter:label2\" content=\"Est. reading time\" \/>\n\t<meta name=\"twitter:data2\" content=\"1 minute\" \/>\n<script type=\"application\/ld+json\" class=\"yoast-schema-graph\">{\"@context\":\"https:\/\/schema.org\",\"@graph\":[{\"@type\":\"WebSite\",\"@id\":\"https:\/\/www.visit-ulcinj.com\/blog\/#website\",\"url\":\"https:\/\/www.visit-ulcinj.com\/blog\/\",\"name\":\"Lajme nga Ulqini\",\"description\":\"Lajme,Vijesti,Ulqini,Ulqin,Crna Gora,Mali i Zi\",\"potentialAction\":[{\"@type\":\"SearchAction\",\"target\":{\"@type\":\"EntryPoint\",\"urlTemplate\":\"https:\/\/www.visit-ulcinj.com\/blog\/?s={search_term_string}\"},\"query-input\":\"required name=search_term_string\"}],\"inLanguage\":\"en-US\"},{\"@type\":\"ImageObject\",\"inLanguage\":\"en-US\",\"@id\":\"https:\/\/www.visit-ulcinj.com\/blog\/2014\/04\/23\/ulqini-promovon-oferten-turistike-ne-prishtine\/#primaryimage\",\"url\":\"https:\/\/www.visit-ulcinj.com\/blog\/wp-content\/uploads\/2014\/04\/Promocija-turisticke-ponude-Ulcinja-u-Pristini.jpg\",\"contentUrl\":\"https:\/\/www.visit-ulcinj.com\/blog\/wp-content\/uploads\/2014\/04\/Promocija-turisticke-ponude-Ulcinja-u-Pristini.jpg\",\"width\":1000,\"height\":658},{\"@type\":\"WebPage\",\"@id\":\"https:\/\/www.visit-ulcinj.com\/blog\/2014\/04\/23\/ulqini-promovon-oferten-turistike-ne-prishtine\/#webpage\",\"url\":\"https:\/\/www.visit-ulcinj.com\/blog\/2014\/04\/23\/ulqini-promovon-oferten-turistike-ne-prishtine\/\",\"name\":\"Ulqini promovon ofert\u00ebn turistike n\u00eb Prishtin\u00eb - Lajme nga Ulqini\",\"isPartOf\":{\"@id\":\"https:\/\/www.visit-ulcinj.com\/blog\/#website\"},\"primaryImageOfPage\":{\"@id\":\"https:\/\/www.visit-ulcinj.com\/blog\/2014\/04\/23\/ulqini-promovon-oferten-turistike-ne-prishtine\/#primaryimage\"},\"datePublished\":\"2014-04-23T09:21:35+00:00\",\"dateModified\":\"2014-04-23T09:21:35+00:00\",\"author\":{\"@id\":\"https:\/\/www.visit-ulcinj.com\/blog\/#\/schema\/person\/dcab619c614d3038751c63bc2aadc06d\"},\"description\":\"Promovimi i ofert\u00ebs turistike n\u00eb Prishtin\u00eb Delegacioni i komun\u00ebs s\u00eb Ulqinit n\u00eb krye me kryetarin Fatmir Gjeka dhe n\u00ebnkryetar\u00ebt Safet Beci dhe Ardijan\",\"breadcrumb\":{\"@id\":\"https:\/\/www.visit-ulcinj.com\/blog\/2014\/04\/23\/ulqini-promovon-oferten-turistike-ne-prishtine\/#breadcrumb\"},\"inLanguage\":\"en-US\",\"potentialAction\":[{\"@type\":\"ReadAction\",\"target\":[\"https:\/\/www.visit-ulcinj.com\/blog\/2014\/04\/23\/ulqini-promovon-oferten-turistike-ne-prishtine\/\"]}]},{\"@type\":\"BreadcrumbList\",\"@id\":\"https:\/\/www.visit-ulcinj.com\/blog\/2014\/04\/23\/ulqini-promovon-oferten-turistike-ne-prishtine\/#breadcrumb\",\"itemListElement\":[{\"@type\":\"ListItem\",\"position\":1,\"name\":\"Ulqini promovon ofert\u00ebn turistike n\u00eb Prishtin\u00eb\"}]},{\"@type\":\"Person\",\"@id\":\"https:\/\/www.visit-ulcinj.com\/blog\/#\/schema\/person\/dcab619c614d3038751c63bc2aadc06d\",\"name\":\"ulqini\",\"sameAs\":[\"http:\/\/www.visit-ulcinj.com\"],\"url\":\"https:\/\/www.visit-ulcinj.com\/blog\/author\/admin\/\"}]}<\/script>\n<!-- \/ Yoast SEO plugin. -->","yoast_head_json":{"title":"Ulqini promovon ofert\u00ebn turistike n\u00eb Prishtin\u00eb - Lajme nga Ulqini","description":"Promovimi i ofert\u00ebs turistike n\u00eb Prishtin\u00eb Delegacioni i komun\u00ebs s\u00eb Ulqinit n\u00eb krye me kryetarin Fatmir Gjeka dhe n\u00ebnkryetar\u00ebt Safet Beci dhe Ardijan","robots":{"index":"index","follow":"follow","max-snippet":"max-snippet:-1","max-image-preview":"max-image-preview:large","max-video-preview":"max-video-preview:-1"},"canonical":"https:\/\/www.visit-ulcinj.com\/blog\/2014\/04\/23\/ulqini-promovon-oferten-turistike-ne-prishtine\/","og_locale":"en_US","og_type":"article","og_title":"Ulqini promovon ofert\u00ebn turistike n\u00eb Prishtin\u00eb - Lajme nga Ulqini","og_description":"Promovimi i ofert\u00ebs turistike n\u00eb Prishtin\u00eb Delegacioni i komun\u00ebs s\u00eb Ulqinit n\u00eb krye me kryetarin Fatmir Gjeka dhe n\u00ebnkryetar\u00ebt Safet Beci dhe Ardijan","og_url":"https:\/\/www.visit-ulcinj.com\/blog\/2014\/04\/23\/ulqini-promovon-oferten-turistike-ne-prishtine\/","og_site_name":"Lajme nga Ulqini","article_published_time":"2014-04-23T09:21:35+00:00","og_image":[{"url":"http:\/\/www.visit-ulcinj.com\/blog\/wp-content\/uploads\/2014\/04\/Promocija-turisticke-ponude-Ulcinja-u-Pristini.jpg"}],"twitter_misc":{"Written by":"ulqini","Est. reading time":"1 minute"},"schema":{"@context":"https:\/\/schema.org","@graph":[{"@type":"WebSite","@id":"https:\/\/www.visit-ulcinj.com\/blog\/#website","url":"https:\/\/www.visit-ulcinj.com\/blog\/","name":"Lajme nga Ulqini","description":"Lajme,Vijesti,Ulqini,Ulqin,Crna Gora,Mali i Zi","potentialAction":[{"@type":"SearchAction","target":{"@type":"EntryPoint","urlTemplate":"https:\/\/www.visit-ulcinj.com\/blog\/?s={search_term_string}"},"query-input":"required name=search_term_string"}],"inLanguage":"en-US"},{"@type":"ImageObject","inLanguage":"en-US","@id":"https:\/\/www.visit-ulcinj.com\/blog\/2014\/04\/23\/ulqini-promovon-oferten-turistike-ne-prishtine\/#primaryimage","url":"https:\/\/www.visit-ulcinj.com\/blog\/wp-content\/uploads\/2014\/04\/Promocija-turisticke-ponude-Ulcinja-u-Pristini.jpg","contentUrl":"https:\/\/www.visit-ulcinj.com\/blog\/wp-content\/uploads\/2014\/04\/Promocija-turisticke-ponude-Ulcinja-u-Pristini.jpg","width":1000,"height":658},{"@type":"WebPage","@id":"https:\/\/www.visit-ulcinj.com\/blog\/2014\/04\/23\/ulqini-promovon-oferten-turistike-ne-prishtine\/#webpage","url":"https:\/\/www.visit-ulcinj.com\/blog\/2014\/04\/23\/ulqini-promovon-oferten-turistike-ne-prishtine\/","name":"Ulqini promovon ofert\u00ebn turistike n\u00eb Prishtin\u00eb - Lajme nga Ulqini","isPartOf":{"@id":"https:\/\/www.visit-ulcinj.com\/blog\/#website"},"primaryImageOfPage":{"@id":"https:\/\/www.visit-ulcinj.com\/blog\/2014\/04\/23\/ulqini-promovon-oferten-turistike-ne-prishtine\/#primaryimage"},"datePublished":"2014-04-23T09:21:35+00:00","dateModified":"2014-04-23T09:21:35+00:00","author":{"@id":"https:\/\/www.visit-ulcinj.com\/blog\/#\/schema\/person\/dcab619c614d3038751c63bc2aadc06d"},"description":"Promovimi i ofert\u00ebs turistike n\u00eb Prishtin\u00eb Delegacioni i komun\u00ebs s\u00eb Ulqinit n\u00eb krye me kryetarin Fatmir Gjeka dhe n\u00ebnkryetar\u00ebt Safet Beci dhe Ardijan","breadcrumb":{"@id":"https:\/\/www.visit-ulcinj.com\/blog\/2014\/04\/23\/ulqini-promovon-oferten-turistike-ne-prishtine\/#breadcrumb"},"inLanguage":"en-US","potentialAction":[{"@type":"ReadAction","target":["https:\/\/www.visit-ulcinj.com\/blog\/2014\/04\/23\/ulqini-promovon-oferten-turistike-ne-prishtine\/"]}]},{"@type":"BreadcrumbList","@id":"https:\/\/www.visit-ulcinj.com\/blog\/2014\/04\/23\/ulqini-promovon-oferten-turistike-ne-prishtine\/#breadcrumb","itemListElement":[{"@type":"ListItem","position":1,"name":"Ulqini promovon ofert\u00ebn turistike n\u00eb Prishtin\u00eb"}]},{"@type":"Person","@id":"https:\/\/www.visit-ulcinj.com\/blog\/#\/schema\/person\/dcab619c614d3038751c63bc2aadc06d","name":"ulqini","sameAs":["http:\/\/www.visit-ulcinj.com"],"url":"https:\/\/www.visit-ulcinj.com\/blog\/author\/admin\/"}]}},"jetpack_featured_media_url":"","jetpack_sharing_enabled":true,"jetpack_shortlink":"https:\/\/wp.me\/pe6lTn-lhe","_links":{"self":[{"href":"https:\/\/www.visit-ulcinj.com\/blog\/wp-json\/wp\/v2\/posts\/81792"}],"collection":[{"href":"https:\/\/www.visit-ulcinj.com\/blog\/wp-json\/wp\/v2\/posts"}],"about":[{"href":"https:\/\/www.visit-ulcinj.com\/blog\/wp-json\/wp\/v2\/types\/post"}],"author":[{"embeddable":true,"href":"https:\/\/www.visit-ulcinj.com\/blog\/wp-json\/wp\/v2\/users\/1"}],"replies":[{"embeddable":true,"href":"https:\/\/www.visit-ulcinj.com\/blog\/wp-json\/wp\/v2\/comments?post=81792"}],"version-history":[{"count":1,"href":"https:\/\/www.visit-ulcinj.com\/blog\/wp-json\/wp\/v2\/posts\/81792\/revisions"}],"predecessor-version":[{"id":81794,"href":"https:\/\/www.visit-ulcinj.com\/blog\/wp-json\/wp\/v2\/posts\/81792\/revisions\/81794"}],"wp:attachment":[{"href":"https:\/\/www.visit-ulcinj.com\/blog\/wp-json\/wp\/v2\/media?parent=81792"}],"wp:term":[{"taxonomy":"category","embeddable":true,"href":"https:\/\/www.visit-ulcinj.com\/blog\/wp-json\/wp\/v2\/categories?post=81792"},{"taxonomy":"post_tag","embeddable":true,"href":"https:\/\/www.visit-ulcinj.com\/blog\/wp-json\/wp\/v2\/tags?post=81792"}],"curies":[{"name":"wp","href":"https:\/\/api.w.org\/{rel}","templated":true}]}}