{"id":81798,"date":"2014-04-23T10:42:13","date_gmt":"2014-04-23T09:42:13","guid":{"rendered":"http:\/\/www.visit-ulcinj.com\/blog\/?p=81798"},"modified":"2014-04-23T18:00:34","modified_gmt":"2014-04-23T17:00:34","slug":"ulqinaket-kerkojne-pensionet-e-fituara-ne-kosove","status":"publish","type":"post","link":"https:\/\/www.visit-ulcinj.com\/blog\/2014\/04\/23\/ulqinaket-kerkojne-pensionet-e-fituara-ne-kosove\/","title":{"rendered":"Ulqinak\u00ebt k\u00ebrkojn\u00eb pensionet e fituara n\u00eb Kosov\u00eb"},"content":{"rendered":"<p><strong><a href=\"http:\/\/www.visit-ulcinj.com\/blog\/wp-content\/uploads\/2014\/04\/Ibrahim-Berjashi.jpg\"><img loading=\"lazy\" class=\"alignleft  wp-image-81799\" alt=\"Ibrahim-Berjashi\" src=\"http:\/\/www.visit-ulcinj.com\/blog\/wp-content\/uploads\/2014\/04\/Ibrahim-Berjashi.jpg\" width=\"508\" height=\"360\" \/><\/a>Ish pun\u00ebtor\u00ebt e nd\u00ebrmarrjeve t\u00eb Kosov\u00ebs q\u00eb e kan\u00eb mbushur mosh\u00ebn e pensionit k\u00ebrkojn\u00eb t\u00eb realizohet marr\u00ebveshja p\u00ebr njohjen reciproke t\u00eb stazhit t\u00eb pun\u00ebs n\u00eb Kosov\u00eb dhe n\u00eb Mal t\u00eb Zi, t\u00eb n\u00ebnshkruar mes ministrive t\u00eb pun\u00ebs t\u00eb t\u00eb dyja vendeve.<\/strong><\/p>\n<p><strong>Ulqin, Prishtin\u00eb, 21 prill 2014<\/strong> \u2013 Ish pun\u00ebtor\u00ebt e nd\u00ebrmarrjeve kosovare, qytetar\u00ebt t\u00eb Ulqinit , shtetas t\u00eb Malit t\u00eb Zi, e p\u00ebrsh\u00ebndesin emr\u00ebimin e p\u00ebrfaq\u00ebsuesit t\u00eb p\u00ebrhersh\u00ebm t\u00eb Kosov\u00ebs n\u00eb Mal t\u00eb Zi, Xhafer Ahmetit.<\/p>\n<p>Ata shpresojn\u00eb se z. Ahmeti do t\u00eb vizitoj\u00eb s\u00eb af\u00ebrmi Ulqinin edhe do t\u00eb takohet edhe me k\u00ebt\u00eb komunitet, i cili tash 5-6 vjet po k\u00ebrkon realizimin e pensioneve p\u00ebr dekadat e pun\u00ebs n\u00eb Kosov\u00eb, deri n\u00eb vitin 1999.<\/p>\n<p>M\u00eb 18 dhjetor 2013, ministrat e pun\u00ebs s\u00eb dy qeverive, Boshkoviq dhe Rashiq, kan\u00eb n\u00ebnshkruar n\u00eb Podgoric\u00eb Marr\u00ebveshjen bilaterale p\u00ebr njohjen reciproke t\u00eb stazhit. Jo zyrtarisht m\u00ebsojm\u00eb se dokumenti ndodhet n\u00eb tryezat e institucioneve m\u00eb t\u00eb larta shtet\u00ebrore t\u00eb t\u00eb dyja shteteve, p\u00ebrkat\u00ebsisht t\u00eb kryeministrave Gjukanoviq dhe Tha\u00e7i.<\/p>\n<p>Pensionist\u00ebt kosovar\u00eb n\u00eb Ulqin, rreth 50 sish, t\u00eb mosh\u00ebs prej 65 deri n\u00eb 85 vje\u00e7 ,fal\u00ebnderojn\u00eb dy qeverit\u00eb p\u00ebr arritjen e k\u00ebsaj marr\u00ebveshjeje dhe shpresojn\u00eb se ajo do t\u00eb realizohet me sukses. Ata shpresojn\u00eb se marr\u00ebveshja do t\u00eb nis\u00eb t\u00eb realizohet menj\u00ebher\u00eb, pasi u \u00ebsht\u00eb kumtuar se \u201cPodgorica p\u00ebr k\u00ebt\u00eb \u00e7\u00ebshtje e pret Prishtin\u00ebn.\u201d<\/p>\n<p>\u201cPensionist\u00ebt kosovar\u00eb n\u00eb Ulqin e presin mb\u00ebshtetjen e z.Ahmeti p\u00ebr ta p\u00ebrshpejtuar k\u00ebt\u00eb procedur\u00eb, duke e ditur se kemi t\u00eb b\u00ebjm\u00eb me nj\u00eb komunitet, i cili ka punuar deri n\u00eb 35 vjet n\u00eb Kosov\u00eb, nd\u00ebrsa n\u00eb Mal t\u00eb Zi kan\u00eb punuar prej 10 deri n\u00eb 13 vjet dhe nuk kan\u00eb arritur t\u00eb marrin at\u00eb q\u00eb u takon me ligj, pensionet\u201d, thuhet nd\u00ebr t\u00eb tjera n\u00eb nj\u00eb komunikat\u00ebn e grupit t\u00eb qytetar\u00ebve t\u00eb Ulqinit, shtetas t\u00eb Malit t\u00eb Zi, pensionist\u00eb kosovar\u00eb, t\u00eb n\u00ebnshkruar nga gazetari dhe publicist Ibrahim Berjashi, ish korrespondent i gazet\u00ebs \u201cRilindja\u201d, q\u00eb botohej n\u00eb Prishtin\u00eb. (r.m.)<\/p>\n<p><strong>Iliriapresss<\/strong><\/p>\n","protected":false},"excerpt":{"rendered":"<p>Ish pun\u00ebtor\u00ebt e nd\u00ebrmarrjeve t\u00eb Kosov\u00ebs q\u00eb e kan\u00eb mbushur mosh\u00ebn e pensionit k\u00ebrkojn\u00eb t\u00eb realizohet marr\u00ebveshja p\u00ebr njohjen reciproke t\u00eb stazhit t\u00eb pun\u00ebs n\u00eb Kosov\u00eb dhe n\u00eb Mal t\u00eb Zi, t\u00eb n\u00ebnshkruar mes ministrive t\u00eb pun\u00ebs t\u00eb t\u00eb dyja vendeve. Ulqin, Prishtin\u00eb, 21 prill 2014 \u2013 Ish pun\u00ebtor\u00ebt e nd\u00ebrmarrjeve kosovare, qytetar\u00ebt t\u00eb Ulqinit [&hellip;]<\/p>\n","protected":false},"author":1,"featured_media":0,"comment_status":"closed","ping_status":"closed","sticky":false,"template":"","format":"standard","meta":{"spay_email":"","jetpack_publicize_message":"","jetpack_is_tweetstorm":false,"jetpack_publicize_feature_enabled":true},"categories":[13],"tags":[],"jetpack_publicize_connections":[],"yoast_head":"<!-- This site is optimized with the Yoast SEO plugin v19.1 - https:\/\/yoast.com\/wordpress\/plugins\/seo\/ -->\n<title>Ulqinak\u00ebt k\u00ebrkojn\u00eb pensionet e fituara n\u00eb Kosov\u00eb - Lajme nga Ulqini<\/title>\n<meta name=\"description\" content=\"Ish pun\u00ebtor\u00ebt e nd\u00ebrmarrjeve t\u00eb Kosov\u00ebs q\u00eb e kan\u00eb mbushur mosh\u00ebn e pensionit k\u00ebrkojn\u00eb t\u00eb realizohet marr\u00ebveshja p\u00ebr njohjen reciproke t\u00eb stazhit t\u00eb pun\u00ebs\" \/>\n<meta name=\"robots\" content=\"index, follow, max-snippet:-1, max-image-preview:large, max-video-preview:-1\" \/>\n<link rel=\"canonical\" href=\"https:\/\/www.visit-ulcinj.com\/blog\/2014\/04\/23\/ulqinaket-kerkojne-pensionet-e-fituara-ne-kosove\/\" \/>\n<meta property=\"og:locale\" content=\"en_US\" \/>\n<meta property=\"og:type\" content=\"article\" \/>\n<meta property=\"og:title\" content=\"Ulqinak\u00ebt k\u00ebrkojn\u00eb pensionet e fituara n\u00eb Kosov\u00eb - Lajme nga Ulqini\" \/>\n<meta property=\"og:description\" content=\"Ish pun\u00ebtor\u00ebt e nd\u00ebrmarrjeve t\u00eb Kosov\u00ebs q\u00eb e kan\u00eb mbushur mosh\u00ebn e pensionit k\u00ebrkojn\u00eb t\u00eb realizohet marr\u00ebveshja p\u00ebr njohjen reciproke t\u00eb stazhit t\u00eb pun\u00ebs\" \/>\n<meta property=\"og:url\" content=\"https:\/\/www.visit-ulcinj.com\/blog\/2014\/04\/23\/ulqinaket-kerkojne-pensionet-e-fituara-ne-kosove\/\" \/>\n<meta property=\"og:site_name\" content=\"Lajme nga Ulqini\" \/>\n<meta property=\"article:published_time\" content=\"2014-04-23T09:42:13+00:00\" \/>\n<meta property=\"article:modified_time\" content=\"2014-04-23T17:00:34+00:00\" \/>\n<meta property=\"og:image\" content=\"http:\/\/www.visit-ulcinj.com\/blog\/wp-content\/uploads\/2014\/04\/Ibrahim-Berjashi.jpg\" \/>\n<meta name=\"twitter:label1\" content=\"Written by\" \/>\n\t<meta name=\"twitter:data1\" content=\"ulqini\" \/>\n\t<meta name=\"twitter:label2\" content=\"Est. reading time\" \/>\n\t<meta name=\"twitter:data2\" content=\"2 minutes\" \/>\n<script type=\"application\/ld+json\" class=\"yoast-schema-graph\">{\"@context\":\"https:\/\/schema.org\",\"@graph\":[{\"@type\":\"WebSite\",\"@id\":\"https:\/\/www.visit-ulcinj.com\/blog\/#website\",\"url\":\"https:\/\/www.visit-ulcinj.com\/blog\/\",\"name\":\"Lajme nga Ulqini\",\"description\":\"Lajme,Vijesti,Ulqini,Ulqin,Crna Gora,Mali i Zi\",\"potentialAction\":[{\"@type\":\"SearchAction\",\"target\":{\"@type\":\"EntryPoint\",\"urlTemplate\":\"https:\/\/www.visit-ulcinj.com\/blog\/?s={search_term_string}\"},\"query-input\":\"required name=search_term_string\"}],\"inLanguage\":\"en-US\"},{\"@type\":\"ImageObject\",\"inLanguage\":\"en-US\",\"@id\":\"https:\/\/www.visit-ulcinj.com\/blog\/2014\/04\/23\/ulqinaket-kerkojne-pensionet-e-fituara-ne-kosove\/#primaryimage\",\"url\":\"https:\/\/www.visit-ulcinj.com\/blog\/wp-content\/uploads\/2014\/04\/Ibrahim-Berjashi.jpg\",\"contentUrl\":\"https:\/\/www.visit-ulcinj.com\/blog\/wp-content\/uploads\/2014\/04\/Ibrahim-Berjashi.jpg\",\"width\":1000,\"height\":667},{\"@type\":\"WebPage\",\"@id\":\"https:\/\/www.visit-ulcinj.com\/blog\/2014\/04\/23\/ulqinaket-kerkojne-pensionet-e-fituara-ne-kosove\/#webpage\",\"url\":\"https:\/\/www.visit-ulcinj.com\/blog\/2014\/04\/23\/ulqinaket-kerkojne-pensionet-e-fituara-ne-kosove\/\",\"name\":\"Ulqinak\u00ebt k\u00ebrkojn\u00eb pensionet e fituara n\u00eb Kosov\u00eb - Lajme nga Ulqini\",\"isPartOf\":{\"@id\":\"https:\/\/www.visit-ulcinj.com\/blog\/#website\"},\"primaryImageOfPage\":{\"@id\":\"https:\/\/www.visit-ulcinj.com\/blog\/2014\/04\/23\/ulqinaket-kerkojne-pensionet-e-fituara-ne-kosove\/#primaryimage\"},\"datePublished\":\"2014-04-23T09:42:13+00:00\",\"dateModified\":\"2014-04-23T17:00:34+00:00\",\"author\":{\"@id\":\"https:\/\/www.visit-ulcinj.com\/blog\/#\/schema\/person\/dcab619c614d3038751c63bc2aadc06d\"},\"description\":\"Ish pun\u00ebtor\u00ebt e nd\u00ebrmarrjeve t\u00eb Kosov\u00ebs q\u00eb e kan\u00eb mbushur mosh\u00ebn e pensionit k\u00ebrkojn\u00eb t\u00eb realizohet marr\u00ebveshja p\u00ebr njohjen reciproke t\u00eb stazhit t\u00eb pun\u00ebs\",\"breadcrumb\":{\"@id\":\"https:\/\/www.visit-ulcinj.com\/blog\/2014\/04\/23\/ulqinaket-kerkojne-pensionet-e-fituara-ne-kosove\/#breadcrumb\"},\"inLanguage\":\"en-US\",\"potentialAction\":[{\"@type\":\"ReadAction\",\"target\":[\"https:\/\/www.visit-ulcinj.com\/blog\/2014\/04\/23\/ulqinaket-kerkojne-pensionet-e-fituara-ne-kosove\/\"]}]},{\"@type\":\"BreadcrumbList\",\"@id\":\"https:\/\/www.visit-ulcinj.com\/blog\/2014\/04\/23\/ulqinaket-kerkojne-pensionet-e-fituara-ne-kosove\/#breadcrumb\",\"itemListElement\":[{\"@type\":\"ListItem\",\"position\":1,\"name\":\"Ulqinak\u00ebt k\u00ebrkojn\u00eb pensionet e fituara n\u00eb Kosov\u00eb\"}]},{\"@type\":\"Person\",\"@id\":\"https:\/\/www.visit-ulcinj.com\/blog\/#\/schema\/person\/dcab619c614d3038751c63bc2aadc06d\",\"name\":\"ulqini\",\"sameAs\":[\"http:\/\/www.visit-ulcinj.com\"],\"url\":\"https:\/\/www.visit-ulcinj.com\/blog\/author\/admin\/\"}]}<\/script>\n<!-- \/ Yoast SEO plugin. -->","yoast_head_json":{"title":"Ulqinak\u00ebt k\u00ebrkojn\u00eb pensionet e fituara n\u00eb Kosov\u00eb - Lajme nga Ulqini","description":"Ish pun\u00ebtor\u00ebt e nd\u00ebrmarrjeve t\u00eb Kosov\u00ebs q\u00eb e kan\u00eb mbushur mosh\u00ebn e pensionit k\u00ebrkojn\u00eb t\u00eb realizohet marr\u00ebveshja p\u00ebr njohjen reciproke t\u00eb stazhit t\u00eb pun\u00ebs","robots":{"index":"index","follow":"follow","max-snippet":"max-snippet:-1","max-image-preview":"max-image-preview:large","max-video-preview":"max-video-preview:-1"},"canonical":"https:\/\/www.visit-ulcinj.com\/blog\/2014\/04\/23\/ulqinaket-kerkojne-pensionet-e-fituara-ne-kosove\/","og_locale":"en_US","og_type":"article","og_title":"Ulqinak\u00ebt k\u00ebrkojn\u00eb pensionet e fituara n\u00eb Kosov\u00eb - Lajme nga Ulqini","og_description":"Ish pun\u00ebtor\u00ebt e nd\u00ebrmarrjeve t\u00eb Kosov\u00ebs q\u00eb e kan\u00eb mbushur mosh\u00ebn e pensionit k\u00ebrkojn\u00eb t\u00eb realizohet marr\u00ebveshja p\u00ebr njohjen reciproke t\u00eb stazhit t\u00eb pun\u00ebs","og_url":"https:\/\/www.visit-ulcinj.com\/blog\/2014\/04\/23\/ulqinaket-kerkojne-pensionet-e-fituara-ne-kosove\/","og_site_name":"Lajme nga Ulqini","article_published_time":"2014-04-23T09:42:13+00:00","article_modified_time":"2014-04-23T17:00:34+00:00","og_image":[{"url":"http:\/\/www.visit-ulcinj.com\/blog\/wp-content\/uploads\/2014\/04\/Ibrahim-Berjashi.jpg"}],"twitter_misc":{"Written by":"ulqini","Est. reading time":"2 minutes"},"schema":{"@context":"https:\/\/schema.org","@graph":[{"@type":"WebSite","@id":"https:\/\/www.visit-ulcinj.com\/blog\/#website","url":"https:\/\/www.visit-ulcinj.com\/blog\/","name":"Lajme nga Ulqini","description":"Lajme,Vijesti,Ulqini,Ulqin,Crna Gora,Mali i Zi","potentialAction":[{"@type":"SearchAction","target":{"@type":"EntryPoint","urlTemplate":"https:\/\/www.visit-ulcinj.com\/blog\/?s={search_term_string}"},"query-input":"required name=search_term_string"}],"inLanguage":"en-US"},{"@type":"ImageObject","inLanguage":"en-US","@id":"https:\/\/www.visit-ulcinj.com\/blog\/2014\/04\/23\/ulqinaket-kerkojne-pensionet-e-fituara-ne-kosove\/#primaryimage","url":"https:\/\/www.visit-ulcinj.com\/blog\/wp-content\/uploads\/2014\/04\/Ibrahim-Berjashi.jpg","contentUrl":"https:\/\/www.visit-ulcinj.com\/blog\/wp-content\/uploads\/2014\/04\/Ibrahim-Berjashi.jpg","width":1000,"height":667},{"@type":"WebPage","@id":"https:\/\/www.visit-ulcinj.com\/blog\/2014\/04\/23\/ulqinaket-kerkojne-pensionet-e-fituara-ne-kosove\/#webpage","url":"https:\/\/www.visit-ulcinj.com\/blog\/2014\/04\/23\/ulqinaket-kerkojne-pensionet-e-fituara-ne-kosove\/","name":"Ulqinak\u00ebt k\u00ebrkojn\u00eb pensionet e fituara n\u00eb Kosov\u00eb - Lajme nga Ulqini","isPartOf":{"@id":"https:\/\/www.visit-ulcinj.com\/blog\/#website"},"primaryImageOfPage":{"@id":"https:\/\/www.visit-ulcinj.com\/blog\/2014\/04\/23\/ulqinaket-kerkojne-pensionet-e-fituara-ne-kosove\/#primaryimage"},"datePublished":"2014-04-23T09:42:13+00:00","dateModified":"2014-04-23T17:00:34+00:00","author":{"@id":"https:\/\/www.visit-ulcinj.com\/blog\/#\/schema\/person\/dcab619c614d3038751c63bc2aadc06d"},"description":"Ish pun\u00ebtor\u00ebt e nd\u00ebrmarrjeve t\u00eb Kosov\u00ebs q\u00eb e kan\u00eb mbushur mosh\u00ebn e pensionit k\u00ebrkojn\u00eb t\u00eb realizohet marr\u00ebveshja p\u00ebr njohjen reciproke t\u00eb stazhit t\u00eb pun\u00ebs","breadcrumb":{"@id":"https:\/\/www.visit-ulcinj.com\/blog\/2014\/04\/23\/ulqinaket-kerkojne-pensionet-e-fituara-ne-kosove\/#breadcrumb"},"inLanguage":"en-US","potentialAction":[{"@type":"ReadAction","target":["https:\/\/www.visit-ulcinj.com\/blog\/2014\/04\/23\/ulqinaket-kerkojne-pensionet-e-fituara-ne-kosove\/"]}]},{"@type":"BreadcrumbList","@id":"https:\/\/www.visit-ulcinj.com\/blog\/2014\/04\/23\/ulqinaket-kerkojne-pensionet-e-fituara-ne-kosove\/#breadcrumb","itemListElement":[{"@type":"ListItem","position":1,"name":"Ulqinak\u00ebt k\u00ebrkojn\u00eb pensionet e fituara n\u00eb Kosov\u00eb"}]},{"@type":"Person","@id":"https:\/\/www.visit-ulcinj.com\/blog\/#\/schema\/person\/dcab619c614d3038751c63bc2aadc06d","name":"ulqini","sameAs":["http:\/\/www.visit-ulcinj.com"],"url":"https:\/\/www.visit-ulcinj.com\/blog\/author\/admin\/"}]}},"jetpack_featured_media_url":"","jetpack_sharing_enabled":true,"jetpack_shortlink":"https:\/\/wp.me\/pe6lTn-lhk","_links":{"self":[{"href":"https:\/\/www.visit-ulcinj.com\/blog\/wp-json\/wp\/v2\/posts\/81798"}],"collection":[{"href":"https:\/\/www.visit-ulcinj.com\/blog\/wp-json\/wp\/v2\/posts"}],"about":[{"href":"https:\/\/www.visit-ulcinj.com\/blog\/wp-json\/wp\/v2\/types\/post"}],"author":[{"embeddable":true,"href":"https:\/\/www.visit-ulcinj.com\/blog\/wp-json\/wp\/v2\/users\/1"}],"replies":[{"embeddable":true,"href":"https:\/\/www.visit-ulcinj.com\/blog\/wp-json\/wp\/v2\/comments?post=81798"}],"version-history":[{"count":2,"href":"https:\/\/www.visit-ulcinj.com\/blog\/wp-json\/wp\/v2\/posts\/81798\/revisions"}],"predecessor-version":[{"id":81822,"href":"https:\/\/www.visit-ulcinj.com\/blog\/wp-json\/wp\/v2\/posts\/81798\/revisions\/81822"}],"wp:attachment":[{"href":"https:\/\/www.visit-ulcinj.com\/blog\/wp-json\/wp\/v2\/media?parent=81798"}],"wp:term":[{"taxonomy":"category","embeddable":true,"href":"https:\/\/www.visit-ulcinj.com\/blog\/wp-json\/wp\/v2\/categories?post=81798"},{"taxonomy":"post_tag","embeddable":true,"href":"https:\/\/www.visit-ulcinj.com\/blog\/wp-json\/wp\/v2\/tags?post=81798"}],"curies":[{"name":"wp","href":"https:\/\/api.w.org\/{rel}","templated":true}]}}