{"id":81801,"date":"2014-04-23T11:07:50","date_gmt":"2014-04-23T10:07:50","guid":{"rendered":"http:\/\/www.visit-ulcinj.com\/blog\/?p=81801"},"modified":"2014-04-23T11:08:12","modified_gmt":"2014-04-23T10:08:12","slug":"klubi-i-kik-boksit-albulena-6-medalje-ne-garat-republikane-ne-tivar","status":"publish","type":"post","link":"https:\/\/www.visit-ulcinj.com\/blog\/2014\/04\/23\/klubi-i-kik-boksit-albulena-6-medalje-ne-garat-republikane-ne-tivar\/","title":{"rendered":"Klubi i kik boksit \u201cAlbulena\u201d 6 medalje n\u00eb garat republikane ne Tivar + Foto"},"content":{"rendered":"<p><b><a href=\"http:\/\/www.visit-ulcinj.com\/blog\/wp-content\/uploads\/2014\/04\/Klubi-Kik-Boksit-Albulena-Ulqin.jpg\"><img loading=\"lazy\" class=\"alignleft  wp-image-81802\" alt=\"Klubi- Kik-Boksit-Albulena-Ulqin\" src=\"http:\/\/www.visit-ulcinj.com\/blog\/wp-content\/uploads\/2014\/04\/Klubi-Kik-Boksit-Albulena-Ulqin.jpg\" width=\"508\" height=\"251\" \/><\/a>Emir Dervishi, seniori m\u00eb i mir\u00eb\u00a0<\/b><\/p>\n<p><b>Klubi i Kik Boksit \u201cAlbulena\u201d sh\u00ebnon suksesin e radh\u00ebs n\u00eb Kampionatin e Malit t\u00eb Zi n\u00eb Tivar\u00a0<\/b><\/p>\n<p><b>Garuesit e Klubit t\u00eb Kik Boksit \u201cAlbulena\u201d kan\u00eb fituar tri medalje t\u00eb arta, nj\u00eb t\u00eb ar\u00a0&#8211;\u00a0gjendt\u00eb dhe dy medalje t\u00eb bronzta. Kampion\u00eb t\u00eb Malit t\u00eb Zi jan\u00eb shpallur Emir Dervishi, \u00a0Allmir Kollari dhe Marian Dukagjini, medalje t\u00eb argjendt\u00eb ka fituar Filip Gjakonoviq, \u00a0kurse medalje t\u00eb bronzta Alfred Koci dhe Dushan Radulloviq\u00a0\u00a0<\/b><\/p>\n<p><a href=\"http:\/\/www.visit-ulcinj.com\/blog\/wp-content\/uploads\/2014\/04\/Klubi-Kik-Boksit-Albulena-Ulqin-Emir-Dervishi-4.jpg\"><img loading=\"lazy\" class=\"alignleft  wp-image-81803\" alt=\"Klubi- Kik-Boksit-Albulena-Ulqin-Emir-Dervishi-4\" src=\"http:\/\/www.visit-ulcinj.com\/blog\/wp-content\/uploads\/2014\/04\/Klubi-Kik-Boksit-Albulena-Ulqin-Emir-Dervishi-4.jpg\" width=\"508\" height=\"360\" \/><\/a><\/p>\n<p>Gjasht\u00eb garuesit e Klubit t\u00eb Kik Boksit \u00a0\u201cAlbulena\u201d kan\u00eb fituar tri medalje t\u00eb \u00a0arta, nj\u00eb t\u00eb argjendt\u00eb dhe dy medalje \u00a0t\u00eb bronzta, n\u00eb disiplin\u00ebn lou kik, n\u00eb \u00a0Kampionatin e Malit t\u00eb Zi, i cili u mba\u00a0&#8211;\u00a0jt t\u00eb diel\u00ebn n\u00eb Tivar, n\u00eb organizim t\u00eb \u00a0KKB \u201cBar\u201d. \u00a0Edhe n\u00eb k\u00ebt\u00eb gar\u00eb, kik boksieri m\u00eb i \u00a0suksessh\u00ebm nga \u201cAlbulena\u201d ka qen\u00eb \u00a0Emir Dervishi, i cili \u00ebsht\u00eb shpallur kampion i Malit t\u00eb Zi n\u00eb kategorin\u00eb -81kg \u00a0dhe seniori m\u00eb i mir\u00eb n\u00eb Kampionat. \u00a0Q\u00eb disa vjet Dervishi \u00ebsht\u00eb kampion i \u00a0Malit t\u00eb Zi.<\/p>\n<p><a href=\"http:\/\/www.visit-ulcinj.com\/blog\/wp-content\/uploads\/2014\/04\/Klubi-Kik-Boksit-Albulena-Ulqin-Emir-Dervishi.jpg\"><img loading=\"lazy\" class=\"alignleft  wp-image-81804\" alt=\"Klubi- Kik-Boksit-Albulena-Ulqin-Emir-Dervishi\" src=\"http:\/\/www.visit-ulcinj.com\/blog\/wp-content\/uploads\/2014\/04\/Klubi-Kik-Boksit-Albulena-Ulqin-Emir-Dervishi.jpg\" width=\"508\" height=\"360\" \/><\/a><br \/>\nN\u00eb finale, ai \u00ebsht\u00eb p\u00ebrballur me garuesin e KKB \u201cRad\u201d nga Pod\u00a0&#8211;\u00a0gorica, t\u00eb cilin e ka fituar me nd\u00ebrpre\u00a0&#8211;\u00a0rje t\u00eb me\u00e7it n\u00eb raundin e par\u00eb. \u00a0Allmir Kollari, disa her\u00eb kampion dhe \u00a0p\u00ebrfaq\u00ebsues i Malit t\u00eb Zi, \u00ebsht\u00eb rikthy\u00a0&#8211;\u00a0er me fitore pas nj\u00eb pushimi trevje\u00e7ar. \u00a0Ai \u00ebsht\u00eb shpallur kampion i Malit t\u00eb Zi n\u00eb kategorin\u00eb -86kg. Kollari ka arritur \u00a0fitore spektakolare ndaj garuesit t\u00eb \u00a0KKB \u201cLlovqen\u201d, duke b\u00ebr\u00eb q\u00eb t\u00eb nd\u00ebr\u00a0&#8211;\u00a0pritet me\u00e7i q\u00eb n\u00eb raundin e par\u00eb.\u00a0Kampioni i tret\u00eb nga radh\u00ebt e KKB \u201cAlbulena\u201d \u00ebsht\u00eb Marian Dukagjini, nj\u00eb \u00a0garues tjet\u00ebr me potencial i k\u00ebtij klubi.<\/p>\n<p><a href=\"http:\/\/www.visit-ulcinj.com\/blog\/wp-content\/uploads\/2014\/04\/Klubi-Kik-Boksit-Albulena-Ulqin-Emir-Dervishi-3.jpg\"><img loading=\"lazy\" class=\"alignleft  wp-image-81805\" alt=\"Klubi- Kik-Boksit-Albulena-Ulqin-Emir-Dervishi-3\" src=\"http:\/\/www.visit-ulcinj.com\/blog\/wp-content\/uploads\/2014\/04\/Klubi-Kik-Boksit-Albulena-Ulqin-Emir-Dervishi-3.jpg\" width=\"508\" height=\"600\" \/><\/a><\/p>\n<p>Ai ka fituar medaljen e art\u00eb p\u00ebr junior\u00eb n\u00eb kategorin\u00eb -86kg. Dukagjini \u00a0ka r\u00ebn\u00eb n\u00eb sy t\u00eb p\u00ebrzgjedh\u00ebsit t\u00eb P\u00ebrfaq\u00ebsueses s\u00eb Malit t\u00eb Zi, Goran Radonjiq, q\u00eb n\u00eb me\u00e7in e tij n\u00eb turneun \u00a0nd\u00ebrkomb\u00ebtar \u201cBudva Open 2014\u201d. \u00a0Medalje t\u00eb argjendt\u00eb ka fituar Filip \u00a0Gjakonoviq, p\u00ebr junior\u00eb, n\u00eb kategori\u00a0&#8211;\u00a0n\u00eb -91kg, kurse medalje t\u00eb bronzta Alfred Koci, p\u00ebr junior\u00eb, n\u00eb kategorin\u00eb \u00a0-81kg, dhe Dushan Radulloviq, p\u00ebr \u00a0senior\u00eb, n\u00eb kategorin\u00eb -86kg. Koci \u00a0ka b\u00ebr\u00eb nj\u00eb rezistenc\u00eb t\u00eb fort\u00eb ndaj \u00a0ish fituesit t\u00eb medaljes s\u00eb bronzt\u00eb n\u00eb Kampionatin Bot\u00ebror, kik boksierit t\u00eb \u00a0\u201cUniverzum\u201d-it nga Rozhaje, Dejvid \u00a0Kajeviq.<br \/>\n<a href=\"http:\/\/www.visit-ulcinj.com\/blog\/wp-content\/uploads\/2014\/04\/Klubi-Kik-Boksit-Albulena-Ulqin-Emir-Dervishi-1.jpg\"><img loading=\"lazy\" class=\"alignleft  wp-image-81806\" alt=\"Klubi- Kik-Boksit-Albulena-Ulqin-Emir-Dervishi-1\" src=\"http:\/\/www.visit-ulcinj.com\/blog\/wp-content\/uploads\/2014\/04\/Klubi-Kik-Boksit-Albulena-Ulqin-Emir-Dervishi-1.jpg\" width=\"508\" height=\"360\" \/><\/a><br \/>\nKy i fundit, p\u00ebr shkak t\u00eb nj\u00eb \u00a0tronditje n\u00eb kok\u00eb n\u00eb me\u00e7in ndaj Koc\u00a0&#8211;\u00a0it, nuk ka mundur t\u00eb zhvilloj\u00eb me\u00e7in \u00a0final. \u00a0Trajner\u00ebt e KKB \u201cAlbulena\u201d, Zeqir Tafa \u00a0dhe Agron Ujkashi, jan\u00eb t\u00eb k\u00ebnaqur \u00a0me rezultatin e arritur nga garuesit \u00a0e tyre n\u00eb Kampionatin e Malit t\u00eb Zi \u00a0dhe po p\u00ebrgatiten p\u00ebr t\u00eb marr\u00eb pjes\u00eb \u00a0Kampionatin Ballkanik, i cili do t\u00eb \u00a0mbahet n\u00eb maj. \u00a0Suksesi i garuesve t\u00eb KKB \u201cAlbulena\u201d \u00a0n\u00eb Kampionatin e Malit t\u00eb Zi vjen pas \u00a0atij n\u00eb Turneun nd\u00ebrkomb\u00ebtar \u201cBudva \u00a0Open 2014\u201d, vet\u00ebm disa dit\u00eb m\u00eb par\u00eb, \u00a0ku garuesit e k\u00ebtij klubi fituan shtat\u00eb \u00a0medalje t\u00eb arta, tri medalje t\u00eb argjen\u00a0&#8211;\u00a0dta dhe dy medalje t\u00eb bronzta.\u00a0\u00a0\u00a0<b>\u00a0<\/b><\/p>\n<p><strong>Kohapress<\/strong><\/p>\n","protected":false},"excerpt":{"rendered":"<p>Emir Dervishi, seniori m\u00eb i mir\u00eb\u00a0 Klubi i Kik Boksit \u201cAlbulena\u201d sh\u00ebnon suksesin e radh\u00ebs n\u00eb Kampionatin e Malit t\u00eb Zi n\u00eb Tivar\u00a0 Garuesit e Klubit t\u00eb Kik Boksit \u201cAlbulena\u201d kan\u00eb fituar tri medalje t\u00eb arta, nj\u00eb t\u00eb ar\u00a0&#8211;\u00a0gjendt\u00eb dhe dy medalje t\u00eb bronzta. Kampion\u00eb t\u00eb Malit t\u00eb Zi jan\u00eb shpallur Emir Dervishi, \u00a0Allmir Kollari [&hellip;]<\/p>\n","protected":false},"author":1,"featured_media":0,"comment_status":"closed","ping_status":"closed","sticky":false,"template":"","format":"standard","meta":{"spay_email":"","jetpack_publicize_message":"","jetpack_is_tweetstorm":false,"jetpack_publicize_feature_enabled":true},"categories":[3],"tags":[],"jetpack_publicize_connections":[],"yoast_head":"<!-- This site is optimized with the Yoast SEO plugin v19.1 - https:\/\/yoast.com\/wordpress\/plugins\/seo\/ -->\n<title>Klubi i kik boksit \u201cAlbulena\u201d 6 medalje n\u00eb garat republikane ne Tivar + Foto - Lajme nga Ulqini<\/title>\n<meta name=\"description\" content=\"Emir Dervishi, seniori m\u00eb i mir\u00eb\u00a0 Klubi i Kik Boksit \u201cAlbulena\u201d sh\u00ebnon suksesin e radh\u00ebs n\u00eb Kampionatin e Malit t\u00eb Zi n\u00eb Tivar\u00a0 Garuesit e Klubit t\u00eb Kik\" \/>\n<meta name=\"robots\" content=\"index, follow, max-snippet:-1, max-image-preview:large, max-video-preview:-1\" \/>\n<link rel=\"canonical\" href=\"https:\/\/www.visit-ulcinj.com\/blog\/2014\/04\/23\/klubi-i-kik-boksit-albulena-6-medalje-ne-garat-republikane-ne-tivar\/\" \/>\n<meta property=\"og:locale\" content=\"en_US\" \/>\n<meta property=\"og:type\" content=\"article\" \/>\n<meta property=\"og:title\" content=\"Klubi i kik boksit \u201cAlbulena\u201d 6 medalje n\u00eb garat republikane ne Tivar + Foto - Lajme nga Ulqini\" \/>\n<meta property=\"og:description\" content=\"Emir Dervishi, seniori m\u00eb i mir\u00eb\u00a0 Klubi i Kik Boksit \u201cAlbulena\u201d sh\u00ebnon suksesin e radh\u00ebs n\u00eb Kampionatin e Malit t\u00eb Zi n\u00eb Tivar\u00a0 Garuesit e Klubit t\u00eb Kik\" \/>\n<meta property=\"og:url\" content=\"https:\/\/www.visit-ulcinj.com\/blog\/2014\/04\/23\/klubi-i-kik-boksit-albulena-6-medalje-ne-garat-republikane-ne-tivar\/\" \/>\n<meta property=\"og:site_name\" content=\"Lajme nga Ulqini\" \/>\n<meta property=\"article:published_time\" content=\"2014-04-23T10:07:50+00:00\" \/>\n<meta property=\"article:modified_time\" content=\"2014-04-23T10:08:12+00:00\" \/>\n<meta property=\"og:image\" content=\"http:\/\/www.visit-ulcinj.com\/blog\/wp-content\/uploads\/2014\/04\/Klubi-Kik-Boksit-Albulena-Ulqin.jpg\" \/>\n<meta name=\"twitter:label1\" content=\"Written by\" \/>\n\t<meta name=\"twitter:data1\" content=\"ulqini\" \/>\n\t<meta name=\"twitter:label2\" content=\"Est. reading time\" \/>\n\t<meta name=\"twitter:data2\" content=\"3 minutes\" \/>\n<script type=\"application\/ld+json\" class=\"yoast-schema-graph\">{\"@context\":\"https:\/\/schema.org\",\"@graph\":[{\"@type\":\"WebSite\",\"@id\":\"https:\/\/www.visit-ulcinj.com\/blog\/#website\",\"url\":\"https:\/\/www.visit-ulcinj.com\/blog\/\",\"name\":\"Lajme nga Ulqini\",\"description\":\"Lajme,Vijesti,Ulqini,Ulqin,Crna Gora,Mali i Zi\",\"potentialAction\":[{\"@type\":\"SearchAction\",\"target\":{\"@type\":\"EntryPoint\",\"urlTemplate\":\"https:\/\/www.visit-ulcinj.com\/blog\/?s={search_term_string}\"},\"query-input\":\"required name=search_term_string\"}],\"inLanguage\":\"en-US\"},{\"@type\":\"ImageObject\",\"inLanguage\":\"en-US\",\"@id\":\"https:\/\/www.visit-ulcinj.com\/blog\/2014\/04\/23\/klubi-i-kik-boksit-albulena-6-medalje-ne-garat-republikane-ne-tivar\/#primaryimage\",\"url\":\"https:\/\/www.visit-ulcinj.com\/blog\/wp-content\/uploads\/2014\/04\/Klubi-Kik-Boksit-Albulena-Ulqin.jpg\",\"contentUrl\":\"https:\/\/www.visit-ulcinj.com\/blog\/wp-content\/uploads\/2014\/04\/Klubi-Kik-Boksit-Albulena-Ulqin.jpg\",\"width\":545,\"height\":251},{\"@type\":\"WebPage\",\"@id\":\"https:\/\/www.visit-ulcinj.com\/blog\/2014\/04\/23\/klubi-i-kik-boksit-albulena-6-medalje-ne-garat-republikane-ne-tivar\/#webpage\",\"url\":\"https:\/\/www.visit-ulcinj.com\/blog\/2014\/04\/23\/klubi-i-kik-boksit-albulena-6-medalje-ne-garat-republikane-ne-tivar\/\",\"name\":\"Klubi i kik boksit \u201cAlbulena\u201d 6 medalje n\u00eb garat republikane ne Tivar + Foto - Lajme nga Ulqini\",\"isPartOf\":{\"@id\":\"https:\/\/www.visit-ulcinj.com\/blog\/#website\"},\"primaryImageOfPage\":{\"@id\":\"https:\/\/www.visit-ulcinj.com\/blog\/2014\/04\/23\/klubi-i-kik-boksit-albulena-6-medalje-ne-garat-republikane-ne-tivar\/#primaryimage\"},\"datePublished\":\"2014-04-23T10:07:50+00:00\",\"dateModified\":\"2014-04-23T10:08:12+00:00\",\"author\":{\"@id\":\"https:\/\/www.visit-ulcinj.com\/blog\/#\/schema\/person\/dcab619c614d3038751c63bc2aadc06d\"},\"description\":\"Emir Dervishi, seniori m\u00eb i mir\u00eb\u00a0 Klubi i Kik Boksit \u201cAlbulena\u201d sh\u00ebnon suksesin e radh\u00ebs n\u00eb Kampionatin e Malit t\u00eb Zi n\u00eb Tivar\u00a0 Garuesit e Klubit t\u00eb Kik\",\"breadcrumb\":{\"@id\":\"https:\/\/www.visit-ulcinj.com\/blog\/2014\/04\/23\/klubi-i-kik-boksit-albulena-6-medalje-ne-garat-republikane-ne-tivar\/#breadcrumb\"},\"inLanguage\":\"en-US\",\"potentialAction\":[{\"@type\":\"ReadAction\",\"target\":[\"https:\/\/www.visit-ulcinj.com\/blog\/2014\/04\/23\/klubi-i-kik-boksit-albulena-6-medalje-ne-garat-republikane-ne-tivar\/\"]}]},{\"@type\":\"BreadcrumbList\",\"@id\":\"https:\/\/www.visit-ulcinj.com\/blog\/2014\/04\/23\/klubi-i-kik-boksit-albulena-6-medalje-ne-garat-republikane-ne-tivar\/#breadcrumb\",\"itemListElement\":[{\"@type\":\"ListItem\",\"position\":1,\"name\":\"Klubi i kik boksit \u201cAlbulena\u201d 6 medalje n\u00eb garat republikane ne Tivar + Foto\"}]},{\"@type\":\"Person\",\"@id\":\"https:\/\/www.visit-ulcinj.com\/blog\/#\/schema\/person\/dcab619c614d3038751c63bc2aadc06d\",\"name\":\"ulqini\",\"sameAs\":[\"http:\/\/www.visit-ulcinj.com\"],\"url\":\"https:\/\/www.visit-ulcinj.com\/blog\/author\/admin\/\"}]}<\/script>\n<!-- \/ Yoast SEO plugin. -->","yoast_head_json":{"title":"Klubi i kik boksit \u201cAlbulena\u201d 6 medalje n\u00eb garat republikane ne Tivar + Foto - Lajme nga Ulqini","description":"Emir Dervishi, seniori m\u00eb i mir\u00eb\u00a0 Klubi i Kik Boksit \u201cAlbulena\u201d sh\u00ebnon suksesin e radh\u00ebs n\u00eb Kampionatin e Malit t\u00eb Zi n\u00eb Tivar\u00a0 Garuesit e Klubit t\u00eb Kik","robots":{"index":"index","follow":"follow","max-snippet":"max-snippet:-1","max-image-preview":"max-image-preview:large","max-video-preview":"max-video-preview:-1"},"canonical":"https:\/\/www.visit-ulcinj.com\/blog\/2014\/04\/23\/klubi-i-kik-boksit-albulena-6-medalje-ne-garat-republikane-ne-tivar\/","og_locale":"en_US","og_type":"article","og_title":"Klubi i kik boksit \u201cAlbulena\u201d 6 medalje n\u00eb garat republikane ne Tivar + Foto - Lajme nga Ulqini","og_description":"Emir Dervishi, seniori m\u00eb i mir\u00eb\u00a0 Klubi i Kik Boksit \u201cAlbulena\u201d sh\u00ebnon suksesin e radh\u00ebs n\u00eb Kampionatin e Malit t\u00eb Zi n\u00eb Tivar\u00a0 Garuesit e Klubit t\u00eb Kik","og_url":"https:\/\/www.visit-ulcinj.com\/blog\/2014\/04\/23\/klubi-i-kik-boksit-albulena-6-medalje-ne-garat-republikane-ne-tivar\/","og_site_name":"Lajme nga Ulqini","article_published_time":"2014-04-23T10:07:50+00:00","article_modified_time":"2014-04-23T10:08:12+00:00","og_image":[{"url":"http:\/\/www.visit-ulcinj.com\/blog\/wp-content\/uploads\/2014\/04\/Klubi-Kik-Boksit-Albulena-Ulqin.jpg"}],"twitter_misc":{"Written by":"ulqini","Est. reading time":"3 minutes"},"schema":{"@context":"https:\/\/schema.org","@graph":[{"@type":"WebSite","@id":"https:\/\/www.visit-ulcinj.com\/blog\/#website","url":"https:\/\/www.visit-ulcinj.com\/blog\/","name":"Lajme nga Ulqini","description":"Lajme,Vijesti,Ulqini,Ulqin,Crna Gora,Mali i Zi","potentialAction":[{"@type":"SearchAction","target":{"@type":"EntryPoint","urlTemplate":"https:\/\/www.visit-ulcinj.com\/blog\/?s={search_term_string}"},"query-input":"required name=search_term_string"}],"inLanguage":"en-US"},{"@type":"ImageObject","inLanguage":"en-US","@id":"https:\/\/www.visit-ulcinj.com\/blog\/2014\/04\/23\/klubi-i-kik-boksit-albulena-6-medalje-ne-garat-republikane-ne-tivar\/#primaryimage","url":"https:\/\/www.visit-ulcinj.com\/blog\/wp-content\/uploads\/2014\/04\/Klubi-Kik-Boksit-Albulena-Ulqin.jpg","contentUrl":"https:\/\/www.visit-ulcinj.com\/blog\/wp-content\/uploads\/2014\/04\/Klubi-Kik-Boksit-Albulena-Ulqin.jpg","width":545,"height":251},{"@type":"WebPage","@id":"https:\/\/www.visit-ulcinj.com\/blog\/2014\/04\/23\/klubi-i-kik-boksit-albulena-6-medalje-ne-garat-republikane-ne-tivar\/#webpage","url":"https:\/\/www.visit-ulcinj.com\/blog\/2014\/04\/23\/klubi-i-kik-boksit-albulena-6-medalje-ne-garat-republikane-ne-tivar\/","name":"Klubi i kik boksit \u201cAlbulena\u201d 6 medalje n\u00eb garat republikane ne Tivar + Foto - Lajme nga Ulqini","isPartOf":{"@id":"https:\/\/www.visit-ulcinj.com\/blog\/#website"},"primaryImageOfPage":{"@id":"https:\/\/www.visit-ulcinj.com\/blog\/2014\/04\/23\/klubi-i-kik-boksit-albulena-6-medalje-ne-garat-republikane-ne-tivar\/#primaryimage"},"datePublished":"2014-04-23T10:07:50+00:00","dateModified":"2014-04-23T10:08:12+00:00","author":{"@id":"https:\/\/www.visit-ulcinj.com\/blog\/#\/schema\/person\/dcab619c614d3038751c63bc2aadc06d"},"description":"Emir Dervishi, seniori m\u00eb i mir\u00eb\u00a0 Klubi i Kik Boksit \u201cAlbulena\u201d sh\u00ebnon suksesin e radh\u00ebs n\u00eb Kampionatin e Malit t\u00eb Zi n\u00eb Tivar\u00a0 Garuesit e Klubit t\u00eb Kik","breadcrumb":{"@id":"https:\/\/www.visit-ulcinj.com\/blog\/2014\/04\/23\/klubi-i-kik-boksit-albulena-6-medalje-ne-garat-republikane-ne-tivar\/#breadcrumb"},"inLanguage":"en-US","potentialAction":[{"@type":"ReadAction","target":["https:\/\/www.visit-ulcinj.com\/blog\/2014\/04\/23\/klubi-i-kik-boksit-albulena-6-medalje-ne-garat-republikane-ne-tivar\/"]}]},{"@type":"BreadcrumbList","@id":"https:\/\/www.visit-ulcinj.com\/blog\/2014\/04\/23\/klubi-i-kik-boksit-albulena-6-medalje-ne-garat-republikane-ne-tivar\/#breadcrumb","itemListElement":[{"@type":"ListItem","position":1,"name":"Klubi i kik boksit \u201cAlbulena\u201d 6 medalje n\u00eb garat republikane ne Tivar + Foto"}]},{"@type":"Person","@id":"https:\/\/www.visit-ulcinj.com\/blog\/#\/schema\/person\/dcab619c614d3038751c63bc2aadc06d","name":"ulqini","sameAs":["http:\/\/www.visit-ulcinj.com"],"url":"https:\/\/www.visit-ulcinj.com\/blog\/author\/admin\/"}]}},"jetpack_featured_media_url":"","jetpack_sharing_enabled":true,"jetpack_shortlink":"https:\/\/wp.me\/pe6lTn-lhn","_links":{"self":[{"href":"https:\/\/www.visit-ulcinj.com\/blog\/wp-json\/wp\/v2\/posts\/81801"}],"collection":[{"href":"https:\/\/www.visit-ulcinj.com\/blog\/wp-json\/wp\/v2\/posts"}],"about":[{"href":"https:\/\/www.visit-ulcinj.com\/blog\/wp-json\/wp\/v2\/types\/post"}],"author":[{"embeddable":true,"href":"https:\/\/www.visit-ulcinj.com\/blog\/wp-json\/wp\/v2\/users\/1"}],"replies":[{"embeddable":true,"href":"https:\/\/www.visit-ulcinj.com\/blog\/wp-json\/wp\/v2\/comments?post=81801"}],"version-history":[{"count":2,"href":"https:\/\/www.visit-ulcinj.com\/blog\/wp-json\/wp\/v2\/posts\/81801\/revisions"}],"predecessor-version":[{"id":81808,"href":"https:\/\/www.visit-ulcinj.com\/blog\/wp-json\/wp\/v2\/posts\/81801\/revisions\/81808"}],"wp:attachment":[{"href":"https:\/\/www.visit-ulcinj.com\/blog\/wp-json\/wp\/v2\/media?parent=81801"}],"wp:term":[{"taxonomy":"category","embeddable":true,"href":"https:\/\/www.visit-ulcinj.com\/blog\/wp-json\/wp\/v2\/categories?post=81801"},{"taxonomy":"post_tag","embeddable":true,"href":"https:\/\/www.visit-ulcinj.com\/blog\/wp-json\/wp\/v2\/tags?post=81801"}],"curies":[{"name":"wp","href":"https:\/\/api.w.org\/{rel}","templated":true}]}}