{"id":81809,"date":"2014-04-23T13:25:14","date_gmt":"2014-04-23T12:25:14","guid":{"rendered":"http:\/\/www.visit-ulcinj.com\/blog\/?p=81809"},"modified":"2014-04-27T18:51:32","modified_gmt":"2014-04-27T17:51:32","slug":"jemi-ne-prag-te-nje-skandali-financiar-ne-komunen-e-ulqinit-nga-muhamet-nika","status":"publish","type":"post","link":"https:\/\/www.visit-ulcinj.com\/blog\/2014\/04\/23\/jemi-ne-prag-te-nje-skandali-financiar-ne-komunen-e-ulqinit-nga-muhamet-nika\/","title":{"rendered":"A jemi n\u00eb prag t\u00eb nj\u00eb skandali financiar n\u00eb komun\u00ebn e Ulqinit nga Muhamet Nika"},"content":{"rendered":"<p><b><i><a href=\"http:\/\/www.visit-ulcinj.com\/blog\/wp-content\/uploads\/2014\/04\/skandal-ULQINI.jpg\"><img loading=\"lazy\" class=\"alignleft  wp-image-81811\" alt=\"skandal-ULQINI\" src=\"http:\/\/www.visit-ulcinj.com\/blog\/wp-content\/uploads\/2014\/04\/skandal-ULQINI.jpg\" width=\"508\" height=\"360\" \/><\/a>Shkruan : Muhamet Nika<\/i><\/b><\/p>\n<p><b><i>A JEMI N\u00cb PRAG T\u00cb NJ\u00cb SKANDALI FINANCIAR N\u00cb KOMUN\u00cbN E ULQINIT<\/i><\/b><\/p>\n<p><strong><i>\u00a0<\/i><i>K\u00cbTYRE DIT\u00cbVE Q\u00cbTETARI I THJESHT\u00cb MUND T\u00cb K\u00cbRKOJ\u00cb\u00a0 T\u00cb KET\u00cb P\u00cbRGJEGJE \u00a0RRETH DY \u00c7\u00cbSHTJEVE Q\u00cb\u00a0 DO ISHIN :A \u00cbSHT\u00cb\u00a0 KOMUNA \u00a0E ULQINIT \u00a0N\u00cb PRAG T\u00cb NJ\u00cb SKANDALI \u00a0T\u00cb RI FINANCIAR . OSE \u00a0P\u00cbRSE \u00a0DEPUTET\u00cbT SHQIPTAR\u00cb VENDOS\u00cbN T\u00cb P\u00cbRKRAHIN\u00a0 DPS-IN \u00a0E GJUKANOVIQIT \u00a0DUKE \u00a0BLLOKUAR \u00a0N\u00cb KUVEND MOSZGJEDHJEN E PROKURORIT SHTEROR Q\u00cb K\u00cbRKOJN\u00cb \u00a0OPOZITAR\u00cbT DHE AMERIKAN\u00cbT , PASI NGA \u00a0KOALICIONI ME DPS U SHK\u00cbPUT\u00a0\u00a0 EDHE SDP-JA \u00a0&#8230;.<\/i><\/strong><\/p>\n<p><i> <\/i>P\u00ebr t\u00eb\u00a0 dh\u00ebn\u00eb nj\u00eb pik\u00eb sqarimi \u00a0rreth \u00e7\u00ebshtjeve le t\u2019i kthehemi skandalit t\u00eb nj\u00eb procesi gjyq\u00ebsor i cili po duket q\u00eb peshon si nj\u00eb gur\u00eb i lidhur rreth qafe tash sa vite p\u00ebr buxhetin e Ulqinit, sepse thuhet: \u201c po t\u00eb ndjek\u00ebsh ujin , arrin n\u00eb burimin e tij..?! Frika\u00a0 nga\u201d ky gur&#8230;\u201d, kaplon t\u00eb gjith\u00eb buxhetor\u00ebt e komun\u00ebs sepse kjo do t\u00eb thot\u00eb q\u00eb s\u00ebrish t\u00eb mbetesh\u00a0 pa t\u00eb ardhura&#8230;.?!!<i><\/i><\/p>\n<p><b><i>\u00a0Afera \u201cPartizanski put \u201c dhe historiku i problemit?!<\/i><\/b><\/p>\n<p>Mbaj mend q\u00eb diku gjat\u00eb vitit 2008, p\u00ebr momentin n\u00eb\u00a0 llogarin\u00eb bankare t\u00eb Komun\u00ebs s\u00eb Ulqinit u gjend nj\u00eb shum\u00eb e konsiderueshme parash prej mbi 800 mij\u00eb e sa \u00a0eurosh t\u00eb cilat u grabit\u00ebn nga gjykatat . T\u00eb hollat \u00a0p\u00ebr \u00e7udi , at\u00ebher\u00eb askush nuk \u00a0po \u00a0i trazonte \u00a0nga arka \u00a0edhe pse \u00a0duke pasur parasysh obligimet e pashlyera t\u00eb komun\u00ebs EUROT, paraqisnin\u00a0 nj\u00eb rrezik tep\u00ebr real \u00a0p\u00ebr bllokimin e \u00a0\u00a0tyre \u00a0nga gjykatat&#8230; Tjet\u00ebr, n\u00eb se k\u00ebsaj i shtoheshin edhe proceset gjyq\u00ebsore nga kontratat e ndryshme \u00a0t\u00eb trash\u00ebguara nga koha e \u00a0komunizmit, \u00a0q\u00eb shkonin n\u00eb d\u00ebm t\u00eb komun\u00ebs at\u00ebher\u00eb l\u00ebnia e parave n\u00eb ark\u00eb\u00a0 nuk tregon se ishte veprim i men\u00e7ur&#8230;, ose i binte t\u00eb ishte hileqar&#8230;?!! Nisur nga p\u00ebrvoja e ndodhur me \u201c skandalin e\u00a0 mushkajave\u201d t\u00eb para do viteve, ishte m\u00eb se e qart\u00eb q\u00eb k\u00ebto para me ndihm\u00ebn e gjykatave dhe mafioz\u00ebve- dihet \u00a0bashk\u00eb me k\u00ebta t\u00eb komun\u00ebs, n\u00eb k\u00ebt\u00eb form\u00eb, apo ndonj\u00eb tjet\u00ebr, \u00a0se \u00a0po u \u00a0hapej shtegu\u00a0 i pla\u00e7kitjes s\u00eb me nj\u00ebhershme. Kjo\u00a0 ndodhi,\u00a0 mbase \u00a0n\u00eb em\u00ebr t\u00eb nj\u00eb borxhi t\u00eb komun\u00ebs me siguri t\u00eb pa qen\u00eb \u00a0q\u00eb kish\u00a0 komuna ndaj \u00a0ish nd\u00ebrmarrjes komuniste \u201cPartizanski put\u201d.<\/p>\n<p>M\u00eb her\u00ebt n\u00eb nj\u00eb koh\u00eb tjet\u00ebr, \u00a0me kryetar\u00eb tjer\u00eb, por \u00a0n\u00eb situata t\u00eb ngjashme, kur kishte derdhje parash m\u00eb shum\u00eb se nevojat e komun\u00ebs , p\u00ebr momentin, n\u00eb konto, kryetar\u00ebt e at\u00ebhersh\u00ebm , \u00a0thuhej se kujtoheshin q\u00eb shuma t\u00eb t\u00ebra parash t\u2019i kalonin n\u00eb arkat e subjekteve tjera deri sa u gjendej\u00a0 vendi dhe kalonte rreziku &#8230;. Kuptohet se nj\u00eb veprim i till\u00eb ishte n\u00eb suaza ligjore. Mir\u00eb po edhe at\u00ebher\u00eb p\u00ebrkundrejt k\u00ebtyre masave\u00a0 p\u00eblciste sherri sepse ngjante q\u00eb jo t\u00eb gjitha parat\u00eb t\u00eb ktheheshin s\u00ebrish n\u00eb ark\u00ebn e komun\u00ebs. Ose \u00a0i binte t\u00eb ktheheshin me vones\u00eb. K\u00ebsaj here nuk ngjau k\u00ebshtu.., nuk vonoi shum\u00eb dhe n\u00ebp\u00ebr zyrat e pushtetit vendor e m\u00eb pas dhe n\u00eb kafene\u00a0 u p\u00ebrhap lajmi q\u00eb shuma e parave\u00a0 me vendim t\u00eb gjykatave kaloi p\u00ebr pun\u00eb borxhi trash\u00ebgimtar\u00ebve t\u00eb firm\u00ebs s\u00eb dikurshme \u201cPartizanski put\u201d. Kish shum\u00eb prej atyre t\u00eb cil\u00ebt me t\u00eb drejt\u00eb\u00a0 ceknin\u00a0 se kjo firm\u00eb nuk ekzistonte dhe gjithashtu sipas tyre\u00a0 po t\u00eb ekzistonte \u00a0e regjistruar n\u00eb let\u00ebr e\u00a0 v\u00ebrtetohej se\u00a0 nuk kish qarkullim parash n\u00eb ark\u00ebn e vet\u00a0 asaj sipas ligjeve t\u00eb subjekteve ekonomike n\u00eb fuqi i pushonte e drejta e p\u00ebrcjelljes s\u00eb parave&#8230;?!!<\/p>\n<p>Vlen t\u00eb cek\u00ebt k\u00ebtu se n\u00eb nivel t\u00eb Malit t\u00eb Zi, v\u00ebnia dor\u00eb e gjykatave n\u00eb buxhet t\u00eb komunave , duke paralizuar po thuaj se t\u00eb gjith\u00eb sistemin e tyre, p\u00ebr her\u00eb t\u00eb par\u00eb u aplikua n\u00eb Ulqin,\u00a0 me skandalin e mushkajave, mir\u00eb po , m\u00eb pas shohim q\u00eb kjo praktik\u00eb tu p\u00eblqej\u00eb edhe tjer\u00ebve , duke u shnd\u00ebrruar n\u00eb dukuri n\u00eb nivel t\u00eb shtetit.<\/p>\n<p><b><i>Edhe pse parat u mor\u00ebn skandali vazhdon<\/i><\/b><\/p>\n<p>Mir\u00eb po si duket \u00a0ky skandal nuk do t\u00eb p\u00ebrfundoj\u00eb me kaq dhe s\u00ebrish po thuhet se\u00a0 firma \u201cfantom\u201dgjoja , \u00a0n\u00eb em\u00ebr t\u00eb kamat\u00ebs s\u00eb pa shlyer me vite asaj sipas gjyqit \u00a0i takon \u00a0t\u00eb zhvat\u00eb edhe nj\u00eb shum\u00eb shtes\u00eb nga arka e komun\u00ebs prej 500 mij\u00eb eurosh . Kurse puna pritet t\u00eb realizohet k\u00ebtyre dit\u00ebve. Ka shum\u00eb gj\u00ebra t\u00eb pa qarta rreth k\u00ebsaj \u00e7\u00ebshtjeje \u00a0t\u00eb cilat krijojn\u00eb dyshime dhe po t\u2019i num\u00ebronim si pas radh\u00ebs do t\u00eb ishin si m\u00eb posht\u00eb:<\/p>\n<p><b><i>E para,<\/i><\/b> dilema num\u00ebr nj\u00eb e k\u00ebtyre dit\u00ebve,\u00a0 q\u00eb k\u00ebrkon sqarim \u00ebsht\u00eb \u00e7\u00ebshtja , \u00a0se , p\u00ebrse politika nacionale vendosi q\u00eb me vot\u00ebn e vet t\u2019i bashkohej partis\u00eb n\u00eb pushtet duke bllokuar zgjedhjen e prokurorit shtet\u00ebror n\u00eb momentin kur ajo e ka humbur aleaten e vet- SDP-n\u00eb, q\u00eb n\u00eb k\u00ebto momente \u00a0\u00ebsht\u00eb duke \u00a0p\u00ebrkrahur me t\u00eb drejt\u00eb \u00a0opozit\u00ebn. Dhe a thua se kjo do t\u00eb duhej t\u00eb ndodhte \u00a0mu k\u00ebshtu , kur amerikan\u00ebt dhe ambasada gjermane insistojn\u00eb q\u00eb sa m\u00eb par\u00eb t\u00eb zgjidhet prokurori e sipas tyre, brenda vitit, dikush duhet t\u00eb p\u00ebrfundoj\u00eb \u00a0sa m\u00eb shpejt pas hekurave n\u00eb em\u00ebr t\u00eb korrupsionit. Athua pse politika nacionale po e lidh\u00eb fatin e saj me fatin e DPS-it i cili duket se e kaloi zenitin e vet politik. Dhe me sa po shihet \u00a0n\u00eb Mal t\u00eb Zi , opozita \u00ebsht\u00eb duke u b\u00ebr\u00eb p\u00ebr \u00e7do dit\u00eb e m\u00eb shum\u00eb shpres\u00ebdh\u00ebn\u00ebse p\u00ebr t\u00eb huajt . Kurse kjo ngjet \u00a0p\u00ebr arsye t\u00eb postimit t\u00eb drejt t\u00eb \u00a0saj kah politika zyrtare pro-serbe . Kjo e fundit \u00ebsht\u00eb \u00a0ka\u00a0\u00a0 fiton\u00a0 n\u00eb pesh\u00eb p\u00ebr\u00a0 primatit politik gjithnj\u00eb e m\u00eb tep\u00ebr, pas transformimeve n\u00eb vep\u00ebr n\u00eb Serbi , e\u00a0 si doemos pas arrestimit t\u00eb disa bos\u00ebve t\u00eb drog\u00ebs n\u00eb nivel nd\u00ebrkomb\u00ebtar.<\/p>\n<p><b><i>\u00a0E dyta, <\/i><\/b>p\u00ebrse pushteti aktual shihet se nuk mendon t\u00eb ndjek\u00eb shembullin e transparenc\u00ebs rreth k\u00ebsaj \u00e7\u00ebshtjeje ashtu si\u00e7 ngjau\u00a0 rreth vitit 2000, kur kryetari i komun\u00ebs,\u00a0 S. Hoxha po e ndiente rrezikun e ekzekutimit t\u00eb l\u00ebnd\u00ebs nga gjykata, andaj edhe e mblodhi kuvendin e komun\u00ebs s\u00eb Ulqinit p\u00ebr t\u00eb marr\u00eb q\u00ebndrim dhe p\u00ebr t\u00eb p\u00ebrralluar e diskredituar gjykatat. Efekti ishte tep\u00ebr i madh\u00a0 \u00a0k\u00ebshtu q\u00eb edhe ekzekutimi i l\u00ebnd\u00ebs s\u00eb cekur u shty p\u00ebr nj\u00eb koh\u00eb tjet\u00ebr&#8230;?! Kuptohet q\u00eb ai ishte i vet\u00ebdijsh\u00ebm p\u00ebr pasojat ligjore, sepse ai, si kryetar, ose vet\u00eb sekretari p\u00ebr mbrojtjen e pasuris\u00eb, n\u00eb baz\u00eb t\u00eb ligjit n\u00eb fuqi, n\u00eb gjyq, nuk ka t\u00eb drejt\u00eb t\u00eb flas\u00eb n\u00eb em\u00ebr t\u00eb kuvendit, n\u00eb se shuma e borxhit i kalon t\u00eb 30 mij\u00eb eurot&#8230;?!!!<\/p>\n<p><b><i>E treta, <\/i><\/b>pa marr\u00eb para sysh vendimin e gjykat\u00ebs, ai nuk mund t\u00eb ekzekutohet si l\u00ebnd\u00eb, n\u00eb se kryetari i komun\u00ebs cek se t\u00eb hollat q\u00eb mund t\u00eb gjenden n\u00eb ark\u00eb nevojiten ta z\u00ebm\u00eb , p\u00ebr shpenzime operative , p\u00ebr rroga t\u00eb pun\u00ebtor\u00ebve dhe p\u00ebr raste tjera emergjente. Ligji nuk e parasheh q\u00eb sistemi t\u00eb jet\u00eb kundra sistemit. Pra n\u00eb em\u00ebr t\u00eb borxhit, t\u2019ia ndalosh dikujt ushqimin e p\u00ebrditsh\u00ebm, n\u00ebse ai nuk ka para m\u00eb tep\u00ebr. Por n\u00ebse komuna \u00ebsht\u00eb pyetur, p\u00ebr \u00e7ka \u00ebsht\u00eb e p\u00ebrcaktuara, ta z\u00ebm\u00eb ,shuma prej 800 mij\u00eb eurosh \u00a0dhe askush nga komuna \u00a0nuk i p\u00ebrgjigjet , at\u00eb her\u00eb mund t\u00eb ndodh\u00eb \u00a0nga gjykata ekzekutim q\u00eb edhe ndodhi.<\/p>\n<p><b><i>E kat\u00ebrta,<\/i><\/b> P\u00ebr se nuk u k\u00ebrkua\u00a0 ose nuk k\u00ebrkohet raport rreth asaj se si u b\u00eb mbrojtja e l\u00ebnd\u00ebs\u00a0 n\u00eb gjyq \u2013 athua p\u00ebr \u00e7far\u00eb arsyesh nuk shkuan p\u00ebr t\u00eb mbrojtur l\u00ebnd\u00ebn n\u00eb Gjykat\u00eb\u00a0 avokat\u00ebt e saj dhe ti b\u00ebhet nj\u00eb analiz\u00eb procedur\u00ebs. Athua em\u00ebrtimi i nj\u00eb avokati t\u00eb ri t\u00eb jasht\u00ebm p\u00ebrve\u00e7 atij ekzistuesi\u00a0 po ashtu nga jasht\u00eb mund t\u00eb paraqes\u00eb penalti \u00a0t\u00eb re nes\u00ebr \u00a0nga komuna..<\/p>\n<p><b><i>Dhe e pesta,<\/i><\/b>\u00a0 p\u00ebr se nuk ngrit\u00ebt padi, ndaj\u00a0 ekspertit(vjeshtakut) t\u00eb gjyqit, i cili p\u00ebrllogariti vler\u00ebn e borxhit dhe t\u00eb kamat\u00ebs. Athua se kur ndodhin t\u00eb gjitha k\u00ebta l\u00ebshime, njeriu ka t\u00eb drejt\u00eb t\u00eb dyshoj\u00eb se fjala mund t\u00eb jet\u00eb edhe p\u00ebr krim t\u00eb organizuar q\u00eb \u00ebsht\u00eb duke u b\u00ebr\u00eb n\u00eb komun\u00eb n\u00eb em\u00ebr t\u00eb\u00a0 drejt\u00ebsis\u00eb gjyq\u00ebsore. Me gjith\u00eb k\u00ebt\u00eb q\u00eb u cek duket se lidhet edhe p\u00ebrkrahja e DPS-s\u00eb nga politika nacionale shqiptare kur nuk u p\u00ebrkrah zgjedhja e kandidatit t\u00eb ri p\u00ebr prokuror. Cekim se kandidati p\u00ebr prokuror kish paralajm\u00ebruar n\u00eb Televizionin\u00a0 Vjesti,\u00a0 se \u00a0n\u00ebse zgjidhej , pa hezitim to t\u00eb ngrite padi kushdo qoft\u00eb n\u00eb pyetje nga politika.<\/p>\n<p>N\u00eb fund , p\u00ebr t\u00eb sqaruar , problemet e cekura, personalisht mendoj se e vetmja metod\u00eb\u00a0 q\u00eb t\u00eb pun\u00ebsuarit e\u00a0 komun\u00ebs t\u00eb mbrohen\u00a0 nga krimi i organizuar\u00a0\u00a0 q\u00eb\u00a0 lidhet me gjyq\u00ebsorin dhe instancat tjera do t\u00eb ishte mbajtja e nj\u00eb\u00a0 mbledhjeje t\u00eb\u00a0\u00a0 ve\u00e7ant\u00eb\u00a0 t\u00eb\u00a0 kuvendit t\u00eb komun\u00ebs p\u00ebr t\u00eb nisur hetimet nga prokuroria rreth problemit t\u00eb korrupsionit \u00a0grupo q\u00eb ka ngjar\u00eb \u00a0dhe dy, t\u00eb pun\u00ebsuarit e komun\u00ebs t\u00eb padisin \u00a0gjithsesi pun\u00ebdh\u00ebn\u00ebsin rreth mos shlyerjes s\u00eb detyrimeve duke paralajm\u00ebruar edhe\u00a0 hyrjen e administrat\u00ebs n\u00eb grev\u00eb. \u00cbsht\u00eb m\u00eb e moralshme q\u00eb k\u00ebto para, n\u00eb em\u00ebr t\u00eb borxheve, \u00a0t\u00eb p\u00ebrfundojn\u00eb n\u00eb xhepat e t\u00eb pun\u00ebsuarve se sa n\u00eb xhepat e dikujt tjet\u00ebr.<\/p>\n","protected":false},"excerpt":{"rendered":"<p>Shkruan : Muhamet Nika A JEMI N\u00cb PRAG T\u00cb NJ\u00cb SKANDALI FINANCIAR N\u00cb KOMUN\u00cbN E ULQINIT \u00a0K\u00cbTYRE DIT\u00cbVE Q\u00cbTETARI I THJESHT\u00cb MUND T\u00cb K\u00cbRKOJ\u00cb\u00a0 T\u00cb KET\u00cb P\u00cbRGJEGJE \u00a0RRETH DY \u00c7\u00cbSHTJEVE Q\u00cb\u00a0 DO ISHIN :A \u00cbSHT\u00cb\u00a0 KOMUNA \u00a0E ULQINIT \u00a0N\u00cb PRAG T\u00cb NJ\u00cb SKANDALI \u00a0T\u00cb RI FINANCIAR . OSE \u00a0P\u00cbRSE \u00a0DEPUTET\u00cbT SHQIPTAR\u00cb VENDOS\u00cbN T\u00cb P\u00cbRKRAHIN\u00a0 DPS-IN [&hellip;]<\/p>\n","protected":false},"author":1,"featured_media":0,"comment_status":"closed","ping_status":"closed","sticky":false,"template":"","format":"standard","meta":{"spay_email":"","jetpack_publicize_message":"","jetpack_is_tweetstorm":false,"jetpack_publicize_feature_enabled":true},"categories":[1,14249],"tags":[],"jetpack_publicize_connections":[],"yoast_head":"<!-- This site is optimized with the Yoast SEO plugin v19.1 - https:\/\/yoast.com\/wordpress\/plugins\/seo\/ -->\n<title>A jemi n\u00eb prag t\u00eb nj\u00eb skandali financiar n\u00eb komun\u00ebn e Ulqinit nga Muhamet Nika - Lajme nga Ulqini<\/title>\n<meta name=\"description\" content=\"Shkruan : Muhamet Nika A JEMI N\u00cb PRAG T\u00cb NJ\u00cb SKANDALI FINANCIAR N\u00cb KOMUN\u00cbN E ULQINIT \u00a0K\u00cbTYRE DIT\u00cbVE Q\u00cbTETARI I THJESHT\u00cb MUND T\u00cb K\u00cbRKOJ\u00cb\u00a0 T\u00cb KET\u00cb P\u00cbRGJEGJE\" \/>\n<meta name=\"robots\" content=\"index, follow, max-snippet:-1, max-image-preview:large, max-video-preview:-1\" \/>\n<link rel=\"canonical\" href=\"https:\/\/www.visit-ulcinj.com\/blog\/2014\/04\/23\/jemi-ne-prag-te-nje-skandali-financiar-ne-komunen-e-ulqinit-nga-muhamet-nika\/\" \/>\n<meta property=\"og:locale\" content=\"en_US\" \/>\n<meta property=\"og:type\" content=\"article\" \/>\n<meta property=\"og:title\" content=\"A jemi n\u00eb prag t\u00eb nj\u00eb skandali financiar n\u00eb komun\u00ebn e Ulqinit nga Muhamet Nika - Lajme nga Ulqini\" \/>\n<meta property=\"og:description\" content=\"Shkruan : Muhamet Nika A JEMI N\u00cb PRAG T\u00cb NJ\u00cb SKANDALI FINANCIAR N\u00cb KOMUN\u00cbN E ULQINIT \u00a0K\u00cbTYRE DIT\u00cbVE Q\u00cbTETARI I THJESHT\u00cb MUND T\u00cb K\u00cbRKOJ\u00cb\u00a0 T\u00cb KET\u00cb P\u00cbRGJEGJE\" \/>\n<meta property=\"og:url\" content=\"https:\/\/www.visit-ulcinj.com\/blog\/2014\/04\/23\/jemi-ne-prag-te-nje-skandali-financiar-ne-komunen-e-ulqinit-nga-muhamet-nika\/\" \/>\n<meta property=\"og:site_name\" content=\"Lajme nga Ulqini\" \/>\n<meta property=\"article:published_time\" content=\"2014-04-23T12:25:14+00:00\" \/>\n<meta property=\"article:modified_time\" content=\"2014-04-27T17:51:32+00:00\" \/>\n<meta property=\"og:image\" content=\"http:\/\/www.visit-ulcinj.com\/blog\/wp-content\/uploads\/2014\/04\/skandal-ULQINI.jpg\" \/>\n<meta name=\"twitter:label1\" content=\"Written by\" \/>\n\t<meta name=\"twitter:data1\" content=\"ulqini\" \/>\n\t<meta name=\"twitter:label2\" content=\"Est. reading time\" \/>\n\t<meta name=\"twitter:data2\" content=\"8 minutes\" \/>\n<script type=\"application\/ld+json\" class=\"yoast-schema-graph\">{\"@context\":\"https:\/\/schema.org\",\"@graph\":[{\"@type\":\"WebSite\",\"@id\":\"https:\/\/www.visit-ulcinj.com\/blog\/#website\",\"url\":\"https:\/\/www.visit-ulcinj.com\/blog\/\",\"name\":\"Lajme nga Ulqini\",\"description\":\"Lajme,Vijesti,Ulqini,Ulqin,Crna Gora,Mali i Zi\",\"potentialAction\":[{\"@type\":\"SearchAction\",\"target\":{\"@type\":\"EntryPoint\",\"urlTemplate\":\"https:\/\/www.visit-ulcinj.com\/blog\/?s={search_term_string}\"},\"query-input\":\"required name=search_term_string\"}],\"inLanguage\":\"en-US\"},{\"@type\":\"ImageObject\",\"inLanguage\":\"en-US\",\"@id\":\"https:\/\/www.visit-ulcinj.com\/blog\/2014\/04\/23\/jemi-ne-prag-te-nje-skandali-financiar-ne-komunen-e-ulqinit-nga-muhamet-nika\/#primaryimage\",\"url\":\"https:\/\/www.visit-ulcinj.com\/blog\/wp-content\/uploads\/2014\/04\/skandal-ULQINI.jpg\",\"contentUrl\":\"https:\/\/www.visit-ulcinj.com\/blog\/wp-content\/uploads\/2014\/04\/skandal-ULQINI.jpg\",\"width\":999,\"height\":666},{\"@type\":\"WebPage\",\"@id\":\"https:\/\/www.visit-ulcinj.com\/blog\/2014\/04\/23\/jemi-ne-prag-te-nje-skandali-financiar-ne-komunen-e-ulqinit-nga-muhamet-nika\/#webpage\",\"url\":\"https:\/\/www.visit-ulcinj.com\/blog\/2014\/04\/23\/jemi-ne-prag-te-nje-skandali-financiar-ne-komunen-e-ulqinit-nga-muhamet-nika\/\",\"name\":\"A jemi n\u00eb prag t\u00eb nj\u00eb skandali financiar n\u00eb komun\u00ebn e Ulqinit nga Muhamet Nika - Lajme nga Ulqini\",\"isPartOf\":{\"@id\":\"https:\/\/www.visit-ulcinj.com\/blog\/#website\"},\"primaryImageOfPage\":{\"@id\":\"https:\/\/www.visit-ulcinj.com\/blog\/2014\/04\/23\/jemi-ne-prag-te-nje-skandali-financiar-ne-komunen-e-ulqinit-nga-muhamet-nika\/#primaryimage\"},\"datePublished\":\"2014-04-23T12:25:14+00:00\",\"dateModified\":\"2014-04-27T17:51:32+00:00\",\"author\":{\"@id\":\"https:\/\/www.visit-ulcinj.com\/blog\/#\/schema\/person\/dcab619c614d3038751c63bc2aadc06d\"},\"description\":\"Shkruan : Muhamet Nika A JEMI N\u00cb PRAG T\u00cb NJ\u00cb SKANDALI FINANCIAR N\u00cb KOMUN\u00cbN E ULQINIT \u00a0K\u00cbTYRE DIT\u00cbVE Q\u00cbTETARI I THJESHT\u00cb MUND T\u00cb K\u00cbRKOJ\u00cb\u00a0 T\u00cb KET\u00cb P\u00cbRGJEGJE\",\"breadcrumb\":{\"@id\":\"https:\/\/www.visit-ulcinj.com\/blog\/2014\/04\/23\/jemi-ne-prag-te-nje-skandali-financiar-ne-komunen-e-ulqinit-nga-muhamet-nika\/#breadcrumb\"},\"inLanguage\":\"en-US\",\"potentialAction\":[{\"@type\":\"ReadAction\",\"target\":[\"https:\/\/www.visit-ulcinj.com\/blog\/2014\/04\/23\/jemi-ne-prag-te-nje-skandali-financiar-ne-komunen-e-ulqinit-nga-muhamet-nika\/\"]}]},{\"@type\":\"BreadcrumbList\",\"@id\":\"https:\/\/www.visit-ulcinj.com\/blog\/2014\/04\/23\/jemi-ne-prag-te-nje-skandali-financiar-ne-komunen-e-ulqinit-nga-muhamet-nika\/#breadcrumb\",\"itemListElement\":[{\"@type\":\"ListItem\",\"position\":1,\"name\":\"A jemi n\u00eb prag t\u00eb nj\u00eb skandali financiar n\u00eb komun\u00ebn e Ulqinit nga Muhamet Nika\"}]},{\"@type\":\"Person\",\"@id\":\"https:\/\/www.visit-ulcinj.com\/blog\/#\/schema\/person\/dcab619c614d3038751c63bc2aadc06d\",\"name\":\"ulqini\",\"sameAs\":[\"http:\/\/www.visit-ulcinj.com\"],\"url\":\"https:\/\/www.visit-ulcinj.com\/blog\/author\/admin\/\"}]}<\/script>\n<!-- \/ Yoast SEO plugin. -->","yoast_head_json":{"title":"A jemi n\u00eb prag t\u00eb nj\u00eb skandali financiar n\u00eb komun\u00ebn e Ulqinit nga Muhamet Nika - Lajme nga Ulqini","description":"Shkruan : Muhamet Nika A JEMI N\u00cb PRAG T\u00cb NJ\u00cb SKANDALI FINANCIAR N\u00cb KOMUN\u00cbN E ULQINIT \u00a0K\u00cbTYRE DIT\u00cbVE Q\u00cbTETARI I THJESHT\u00cb MUND T\u00cb K\u00cbRKOJ\u00cb\u00a0 T\u00cb KET\u00cb P\u00cbRGJEGJE","robots":{"index":"index","follow":"follow","max-snippet":"max-snippet:-1","max-image-preview":"max-image-preview:large","max-video-preview":"max-video-preview:-1"},"canonical":"https:\/\/www.visit-ulcinj.com\/blog\/2014\/04\/23\/jemi-ne-prag-te-nje-skandali-financiar-ne-komunen-e-ulqinit-nga-muhamet-nika\/","og_locale":"en_US","og_type":"article","og_title":"A jemi n\u00eb prag t\u00eb nj\u00eb skandali financiar n\u00eb komun\u00ebn e Ulqinit nga Muhamet Nika - Lajme nga Ulqini","og_description":"Shkruan : Muhamet Nika A JEMI N\u00cb PRAG T\u00cb NJ\u00cb SKANDALI FINANCIAR N\u00cb KOMUN\u00cbN E ULQINIT \u00a0K\u00cbTYRE DIT\u00cbVE Q\u00cbTETARI I THJESHT\u00cb MUND T\u00cb K\u00cbRKOJ\u00cb\u00a0 T\u00cb KET\u00cb P\u00cbRGJEGJE","og_url":"https:\/\/www.visit-ulcinj.com\/blog\/2014\/04\/23\/jemi-ne-prag-te-nje-skandali-financiar-ne-komunen-e-ulqinit-nga-muhamet-nika\/","og_site_name":"Lajme nga Ulqini","article_published_time":"2014-04-23T12:25:14+00:00","article_modified_time":"2014-04-27T17:51:32+00:00","og_image":[{"url":"http:\/\/www.visit-ulcinj.com\/blog\/wp-content\/uploads\/2014\/04\/skandal-ULQINI.jpg"}],"twitter_misc":{"Written by":"ulqini","Est. reading time":"8 minutes"},"schema":{"@context":"https:\/\/schema.org","@graph":[{"@type":"WebSite","@id":"https:\/\/www.visit-ulcinj.com\/blog\/#website","url":"https:\/\/www.visit-ulcinj.com\/blog\/","name":"Lajme nga Ulqini","description":"Lajme,Vijesti,Ulqini,Ulqin,Crna Gora,Mali i Zi","potentialAction":[{"@type":"SearchAction","target":{"@type":"EntryPoint","urlTemplate":"https:\/\/www.visit-ulcinj.com\/blog\/?s={search_term_string}"},"query-input":"required name=search_term_string"}],"inLanguage":"en-US"},{"@type":"ImageObject","inLanguage":"en-US","@id":"https:\/\/www.visit-ulcinj.com\/blog\/2014\/04\/23\/jemi-ne-prag-te-nje-skandali-financiar-ne-komunen-e-ulqinit-nga-muhamet-nika\/#primaryimage","url":"https:\/\/www.visit-ulcinj.com\/blog\/wp-content\/uploads\/2014\/04\/skandal-ULQINI.jpg","contentUrl":"https:\/\/www.visit-ulcinj.com\/blog\/wp-content\/uploads\/2014\/04\/skandal-ULQINI.jpg","width":999,"height":666},{"@type":"WebPage","@id":"https:\/\/www.visit-ulcinj.com\/blog\/2014\/04\/23\/jemi-ne-prag-te-nje-skandali-financiar-ne-komunen-e-ulqinit-nga-muhamet-nika\/#webpage","url":"https:\/\/www.visit-ulcinj.com\/blog\/2014\/04\/23\/jemi-ne-prag-te-nje-skandali-financiar-ne-komunen-e-ulqinit-nga-muhamet-nika\/","name":"A jemi n\u00eb prag t\u00eb nj\u00eb skandali financiar n\u00eb komun\u00ebn e Ulqinit nga Muhamet Nika - Lajme nga Ulqini","isPartOf":{"@id":"https:\/\/www.visit-ulcinj.com\/blog\/#website"},"primaryImageOfPage":{"@id":"https:\/\/www.visit-ulcinj.com\/blog\/2014\/04\/23\/jemi-ne-prag-te-nje-skandali-financiar-ne-komunen-e-ulqinit-nga-muhamet-nika\/#primaryimage"},"datePublished":"2014-04-23T12:25:14+00:00","dateModified":"2014-04-27T17:51:32+00:00","author":{"@id":"https:\/\/www.visit-ulcinj.com\/blog\/#\/schema\/person\/dcab619c614d3038751c63bc2aadc06d"},"description":"Shkruan : Muhamet Nika A JEMI N\u00cb PRAG T\u00cb NJ\u00cb SKANDALI FINANCIAR N\u00cb KOMUN\u00cbN E ULQINIT \u00a0K\u00cbTYRE DIT\u00cbVE Q\u00cbTETARI I THJESHT\u00cb MUND T\u00cb K\u00cbRKOJ\u00cb\u00a0 T\u00cb KET\u00cb P\u00cbRGJEGJE","breadcrumb":{"@id":"https:\/\/www.visit-ulcinj.com\/blog\/2014\/04\/23\/jemi-ne-prag-te-nje-skandali-financiar-ne-komunen-e-ulqinit-nga-muhamet-nika\/#breadcrumb"},"inLanguage":"en-US","potentialAction":[{"@type":"ReadAction","target":["https:\/\/www.visit-ulcinj.com\/blog\/2014\/04\/23\/jemi-ne-prag-te-nje-skandali-financiar-ne-komunen-e-ulqinit-nga-muhamet-nika\/"]}]},{"@type":"BreadcrumbList","@id":"https:\/\/www.visit-ulcinj.com\/blog\/2014\/04\/23\/jemi-ne-prag-te-nje-skandali-financiar-ne-komunen-e-ulqinit-nga-muhamet-nika\/#breadcrumb","itemListElement":[{"@type":"ListItem","position":1,"name":"A jemi n\u00eb prag t\u00eb nj\u00eb skandali financiar n\u00eb komun\u00ebn e Ulqinit nga Muhamet Nika"}]},{"@type":"Person","@id":"https:\/\/www.visit-ulcinj.com\/blog\/#\/schema\/person\/dcab619c614d3038751c63bc2aadc06d","name":"ulqini","sameAs":["http:\/\/www.visit-ulcinj.com"],"url":"https:\/\/www.visit-ulcinj.com\/blog\/author\/admin\/"}]}},"jetpack_featured_media_url":"","jetpack_sharing_enabled":true,"jetpack_shortlink":"https:\/\/wp.me\/pe6lTn-lhv","_links":{"self":[{"href":"https:\/\/www.visit-ulcinj.com\/blog\/wp-json\/wp\/v2\/posts\/81809"}],"collection":[{"href":"https:\/\/www.visit-ulcinj.com\/blog\/wp-json\/wp\/v2\/posts"}],"about":[{"href":"https:\/\/www.visit-ulcinj.com\/blog\/wp-json\/wp\/v2\/types\/post"}],"author":[{"embeddable":true,"href":"https:\/\/www.visit-ulcinj.com\/blog\/wp-json\/wp\/v2\/users\/1"}],"replies":[{"embeddable":true,"href":"https:\/\/www.visit-ulcinj.com\/blog\/wp-json\/wp\/v2\/comments?post=81809"}],"version-history":[{"count":1,"href":"https:\/\/www.visit-ulcinj.com\/blog\/wp-json\/wp\/v2\/posts\/81809\/revisions"}],"predecessor-version":[{"id":81812,"href":"https:\/\/www.visit-ulcinj.com\/blog\/wp-json\/wp\/v2\/posts\/81809\/revisions\/81812"}],"wp:attachment":[{"href":"https:\/\/www.visit-ulcinj.com\/blog\/wp-json\/wp\/v2\/media?parent=81809"}],"wp:term":[{"taxonomy":"category","embeddable":true,"href":"https:\/\/www.visit-ulcinj.com\/blog\/wp-json\/wp\/v2\/categories?post=81809"},{"taxonomy":"post_tag","embeddable":true,"href":"https:\/\/www.visit-ulcinj.com\/blog\/wp-json\/wp\/v2\/tags?post=81809"}],"curies":[{"name":"wp","href":"https:\/\/api.w.org\/{rel}","templated":true}]}}