{"id":81814,"date":"2014-04-23T17:52:51","date_gmt":"2014-04-23T16:52:51","guid":{"rendered":"http:\/\/www.visit-ulcinj.com\/blog\/?p=81814"},"modified":"2014-04-24T09:54:36","modified_gmt":"2014-04-24T08:54:36","slug":"udheheqja-e-ulqinit-pergatitet-per-pritjen-e-turisteve-me-heret-se-viteve-paraparake","status":"publish","type":"post","link":"https:\/\/www.visit-ulcinj.com\/blog\/2014\/04\/23\/udheheqja-e-ulqinit-pergatitet-per-pritjen-e-turisteve-me-heret-se-viteve-paraparake\/","title":{"rendered":"Udh\u00ebheqja e Ulqinit p\u00ebrgatitet p\u00ebr pritjen e turist\u00ebve m\u00eb her\u00ebt se viteve paraparake"},"content":{"rendered":"<p><strong><a href=\"http:\/\/www.visit-ulcinj.com\/blog\/wp-content\/uploads\/2014\/04\/Gjeka-Karamanaga-Beci-Mavriqi.jpg\"><img loading=\"lazy\" class=\"alignleft  wp-image-81815\" alt=\"Gjeka-Karamanaga-Beci-Mavriqi\" src=\"http:\/\/www.visit-ulcinj.com\/blog\/wp-content\/uploads\/2014\/04\/Gjeka-Karamanaga-Beci-Mavriqi.jpg\" width=\"508\" height=\"360\" \/><\/a>Ulqinak\u00ebt joshin kosovar\u00ebt p\u00ebr pushime<\/strong><\/p>\n<p>Edhe svjet u dhan\u00eb shum\u00eb fjal\u00eb t\u00eb mira e t\u00ebrheq\u00ebse p\u00ebr turist\u00ebt nga Kosova, e t\u00eb cilat nj\u00eb pjes\u00eb e madhe e tyre jan\u00eb vizitor tradicional (tash disa vjet), e t\u00eb cil\u00ebve u p\u00eblqen vendi dhe pritja, nd\u00ebrsa nuk merakosen p\u00ebr \u00e7mimet e gj\u00ebra tjera. Prioritet kan\u00eb t\u00eb kalojn\u00eb puhime t\u00eb mrekullueshme. B\u00ebhet fjal\u00eb p\u00ebr Ulqinin, i cili tashm\u00eb vazhdon t\u00eb mbetet nd\u00ebr atraksionet kryesore p\u00ebr puehsim nga kosovar\u00ebt. Si asnj\u00ebher\u00eb m\u00eb par\u00eb udh\u00ebheqja e re e Komun\u00ebs s\u00eb Ulqinit n\u00eb k\u00ebt\u00eb koh\u00eb (m\u00eb her\u00ebt se vitevet\u00eb tjera) kan\u00eb ardhur n\u00eb Kosov\u00eb, konkretisht ne kryeqytet p\u00ebr t\u00eb joshur e ftuar turist\u00ebt q\u00eb dit\u00ebt m\u00eb t\u00eb nxeha t\u00eb vitit ti kalojn\u00eb n\u00eb plazhet e Ulqinit. Si duket ata i kan\u00eb p\u00ebrvjelur krah\u00ebt q\u00eb sa m\u00eb her\u00ebt t\u00eb t\u00ebrheqin vizitor\u00ebt p\u00ebr pushime. Kryetari i ri i k\u00ebsaj komune Fatmir Xheka, i shoq\u00ebruar edhe nga dy n\u00ebnkryetar\u00ebt Ardijan Mavriqi e Safet Beci dhe drejtori i Organizat\u00ebs Turistike Minir Karamanaga, kan\u00eb prezantuar ofert\u00ebn turistike p\u00ebr vitin 2014. I pari i Ulqinit, kryetari, Fatmir Gjeka, tha se jan\u00eb p\u00ebrgatitur mjaft mir\u00eb p\u00ebr k\u00ebt\u00eb sezon turisitike n\u00eb t\u00eb gjitha aspektet.<br \/>\n<a href=\"http:\/\/www.visit-ulcinj.com\/blog\/wp-content\/uploads\/2014\/04\/Gjeka-Karamanaga-Beci-Mavriqi-promovimi-kosove.jpg\"><img loading=\"lazy\" class=\"alignleft  wp-image-81818\" alt=\"Gjeka-Karamanaga-Beci-Mavriqi-promovimi-kosove\" src=\"http:\/\/www.visit-ulcinj.com\/blog\/wp-content\/uploads\/2014\/04\/Gjeka-Karamanaga-Beci-Mavriqi-promovimi-kosove.jpg\" width=\"508\" height=\"360\" \/><\/a><\/p>\n<p>Ai p\u00ebrmendi infrastruktur\u00ebn rrugore, e cila \u00ebsht\u00eb p\u00ebrmir\u00ebsuar mjaft, kalimin m\u00eb t\u00eb shpejt n\u00eb kufij, rritjen e kapaciteteve t\u00eb ujit, parkingjeve, gjelbrimit e fshave t\u00eb tjera p\u00ebr t\u00eb cilat kan\u00eb nevoj\u00eb turist\u00ebt. \u201cJan\u00eb b\u00ebr\u00eb investime t\u00eb m\u00ebdha n\u00eb t\u00eb gjitha sferat dhe kjo do t\u00eb v\u00ebrehet nga pushuesit, sidomos kosovar\u00ebt q\u00eb tashm\u00eb jan\u00eb pushuesit tradicional n\u00eb Ulqin\u201d, tha Gjeka. Ai tregoi se \u00e7mimet jan\u00eb t\u00eb nj\u00ebjta sikur n\u00eb disa vende t\u00eb Kosov\u00ebs dhe nuk do t\u00eb ket\u00eb ngritje t\u00eb tyre. P\u00ebrmir\u00ebsimet nuk do t\u00eb ndalen ato sa do t\u00eb bijn\u00eb e shtohen. Nga ana tjet\u00ebr edhe n\u00ebnkryetari Ardijan Mavriqi, tha se atraksionet dhe mik\u00ebpritja ulqinake \u00ebsht\u00eb e njohur p\u00ebr turist\u00ebt nga Kosova t\u00eb cil\u00ebt jan\u00eb n\u00eb maj\u00eb t\u00eb numrit t\u00eb turist\u00ebve. Ai shtoi se edhe sivjet nj\u00ebri nd\u00ebr destinacionit kryesore t\u00eb qytetar\u00ebve t\u00eb Kosov\u00ebs p\u00ebr pushime do t\u00eb jet\u00eb padyshim Ulqini, e cili kuptohet \u00ebsht\u00eb i pakonkurrent. \u201cGjat\u00eb k\u00ebtyre dit\u00ebve sa jemi n\u00eb Kosov\u00eb shohim nga qytetar\u00ebt se disponimi i tyre \u00ebsht\u00eb q\u00eb t\u00eb pushojn\u00eb n\u00eb Ulqin dhe kjo na premton se do t\u00eb kemi nj\u00eb ver\u00eb t\u00eb begatshme turistike\u201d, tha Mavriqi.<br \/>\n<a href=\"http:\/\/www.visit-ulcinj.com\/blog\/wp-content\/uploads\/2014\/04\/Gjeka-Karamanaga-Beci-Mavriqi-promovimi-kosove-1.jpg\"><img loading=\"lazy\" class=\"alignleft  wp-image-81819\" alt=\"Gjeka-Karamanaga-Beci-Mavriqi-promovimi-kosove-1\" src=\"http:\/\/www.visit-ulcinj.com\/blog\/wp-content\/uploads\/2014\/04\/Gjeka-Karamanaga-Beci-Mavriqi-promovimi-kosove-1.jpg\" width=\"508\" height=\"360\" \/><\/a><\/p>\n<p>Edhe Safet Beci, n\u00ebkryetar i komun\u00ebs, shprehet mjaft optimist p\u00ebr sezon\u00ebn e sivjetme turistike. Ai tregon se qytetar\u00ebt nga Kosova jan\u00eb turist\u00ebt m\u00eb besnik t\u00eb Ulqinit, ku gjat\u00eb ver\u00ebs nga pamja q\u00eb shihet mendja t\u00eb shkon sikur gjindesh n\u00eb Kosov\u00eb. \u201cTashm\u00eb \u00ebsht\u00eb b\u00ebr\u00eb tradit\u00eb, q\u00eb turist\u00ebt nga Kosova t\u00eb jen\u00eb mysafir\u00ebt m\u00eb t\u00eb shumt\u00eb n\u00eb Ulqin dhe rezultat do t\u00eb shihen q\u00eb nga nj\u00eb maji edhe kur zyrtarisht hapet sezona turistike p\u00ebr k\u00ebt\u00eb vit\u201d, tha Beci. Ai tregon se vitin paraprak rezultatet turistike ishin shum\u00eb t\u00eb dobishme e t\u00eb cilat nuk do t\u00eb mungojn\u00eb as sivjet dhe do t\u00eb jen\u00eb m\u00eb t\u00eb larta. Minir Karamanaga, drejtor i Organizat\u00ebs Turistike, tha sivjet oferta turistike do t\u00eb jet\u00eb m\u00eb atraktive sesa vitet paraparake dhe e cila \u00e7do vit po b\u00ebhet m\u00eb e pasur e m\u00eb e begatshme. Ai tregoi se kan\u00eb b\u00ebr\u00eb broshura, e katalogje p\u00ebr vizitor\u00ebt me t\u00eb gjitha informacionet adekuate p\u00ebr rekreacion dhe pushime. Udh\u00ebheqja e komun\u00ebs tregoi se sezona turistike do t\u00eb hapet nga nj\u00eb maji, ku do t\u00eb organizohen manifestime t\u00eb ndryshme.<\/p>\n<p><strong>Besim Toska<\/strong><br \/>\n<strong>Lajme nga Ulqini<\/strong><\/p>\n<!--YouTube Error: bad URL entered-->\n","protected":false},"excerpt":{"rendered":"<p>Ulqinak\u00ebt joshin kosovar\u00ebt p\u00ebr pushime Edhe svjet u dhan\u00eb shum\u00eb fjal\u00eb t\u00eb mira e t\u00ebrheq\u00ebse p\u00ebr turist\u00ebt nga Kosova, e t\u00eb cilat nj\u00eb pjes\u00eb e madhe e tyre jan\u00eb vizitor tradicional (tash disa vjet), e t\u00eb cil\u00ebve u p\u00eblqen vendi dhe pritja, nd\u00ebrsa nuk merakosen p\u00ebr \u00e7mimet e gj\u00ebra tjera. Prioritet kan\u00eb t\u00eb kalojn\u00eb puhime [&hellip;]<\/p>\n","protected":false},"author":1,"featured_media":0,"comment_status":"closed","ping_status":"closed","sticky":false,"template":"","format":"standard","meta":{"spay_email":"","jetpack_publicize_message":"","jetpack_is_tweetstorm":false,"jetpack_publicize_feature_enabled":true},"categories":[1,13],"tags":[],"jetpack_publicize_connections":[],"yoast_head":"<!-- This site is optimized with the Yoast SEO plugin v19.1 - https:\/\/yoast.com\/wordpress\/plugins\/seo\/ -->\n<title>Udh\u00ebheqja e Ulqinit p\u00ebrgatitet p\u00ebr pritjen e turist\u00ebve m\u00eb her\u00ebt se viteve paraparake - Lajme nga Ulqini<\/title>\n<meta name=\"description\" content=\"Ulqinak\u00ebt joshin kosovar\u00ebt p\u00ebr pushime Edhe svjet u dhan\u00eb shum\u00eb fjal\u00eb t\u00eb mira e t\u00ebrheq\u00ebse p\u00ebr turist\u00ebt nga Kosova, e t\u00eb cilat nj\u00eb pjes\u00eb e madhe e tyre\" \/>\n<meta name=\"robots\" content=\"index, follow, max-snippet:-1, max-image-preview:large, max-video-preview:-1\" \/>\n<link rel=\"canonical\" href=\"https:\/\/www.visit-ulcinj.com\/blog\/2014\/04\/23\/udheheqja-e-ulqinit-pergatitet-per-pritjen-e-turisteve-me-heret-se-viteve-paraparake\/\" \/>\n<meta property=\"og:locale\" content=\"en_US\" \/>\n<meta property=\"og:type\" content=\"article\" \/>\n<meta property=\"og:title\" content=\"Udh\u00ebheqja e Ulqinit p\u00ebrgatitet p\u00ebr pritjen e turist\u00ebve m\u00eb her\u00ebt se viteve paraparake - Lajme nga Ulqini\" \/>\n<meta property=\"og:description\" content=\"Ulqinak\u00ebt joshin kosovar\u00ebt p\u00ebr pushime Edhe svjet u dhan\u00eb shum\u00eb fjal\u00eb t\u00eb mira e t\u00ebrheq\u00ebse p\u00ebr turist\u00ebt nga Kosova, e t\u00eb cilat nj\u00eb pjes\u00eb e madhe e tyre\" \/>\n<meta property=\"og:url\" content=\"https:\/\/www.visit-ulcinj.com\/blog\/2014\/04\/23\/udheheqja-e-ulqinit-pergatitet-per-pritjen-e-turisteve-me-heret-se-viteve-paraparake\/\" \/>\n<meta property=\"og:site_name\" content=\"Lajme nga Ulqini\" \/>\n<meta property=\"article:published_time\" content=\"2014-04-23T16:52:51+00:00\" \/>\n<meta property=\"article:modified_time\" content=\"2014-04-24T08:54:36+00:00\" \/>\n<meta property=\"og:image\" content=\"http:\/\/www.visit-ulcinj.com\/blog\/wp-content\/uploads\/2014\/04\/Gjeka-Karamanaga-Beci-Mavriqi.jpg\" \/>\n<meta name=\"twitter:label1\" content=\"Written by\" \/>\n\t<meta name=\"twitter:data1\" content=\"ulqini\" \/>\n\t<meta name=\"twitter:label2\" content=\"Est. reading time\" \/>\n\t<meta name=\"twitter:data2\" content=\"3 minutes\" \/>\n<script type=\"application\/ld+json\" class=\"yoast-schema-graph\">{\"@context\":\"https:\/\/schema.org\",\"@graph\":[{\"@type\":\"WebSite\",\"@id\":\"https:\/\/www.visit-ulcinj.com\/blog\/#website\",\"url\":\"https:\/\/www.visit-ulcinj.com\/blog\/\",\"name\":\"Lajme nga Ulqini\",\"description\":\"Lajme,Vijesti,Ulqini,Ulqin,Crna Gora,Mali i Zi\",\"potentialAction\":[{\"@type\":\"SearchAction\",\"target\":{\"@type\":\"EntryPoint\",\"urlTemplate\":\"https:\/\/www.visit-ulcinj.com\/blog\/?s={search_term_string}\"},\"query-input\":\"required name=search_term_string\"}],\"inLanguage\":\"en-US\"},{\"@type\":\"ImageObject\",\"inLanguage\":\"en-US\",\"@id\":\"https:\/\/www.visit-ulcinj.com\/blog\/2014\/04\/23\/udheheqja-e-ulqinit-pergatitet-per-pritjen-e-turisteve-me-heret-se-viteve-paraparake\/#primaryimage\",\"url\":\"https:\/\/www.visit-ulcinj.com\/blog\/wp-content\/uploads\/2014\/04\/Gjeka-Karamanaga-Beci-Mavriqi.jpg\",\"contentUrl\":\"https:\/\/www.visit-ulcinj.com\/blog\/wp-content\/uploads\/2014\/04\/Gjeka-Karamanaga-Beci-Mavriqi.jpg\",\"width\":960,\"height\":720},{\"@type\":\"WebPage\",\"@id\":\"https:\/\/www.visit-ulcinj.com\/blog\/2014\/04\/23\/udheheqja-e-ulqinit-pergatitet-per-pritjen-e-turisteve-me-heret-se-viteve-paraparake\/#webpage\",\"url\":\"https:\/\/www.visit-ulcinj.com\/blog\/2014\/04\/23\/udheheqja-e-ulqinit-pergatitet-per-pritjen-e-turisteve-me-heret-se-viteve-paraparake\/\",\"name\":\"Udh\u00ebheqja e Ulqinit p\u00ebrgatitet p\u00ebr pritjen e turist\u00ebve m\u00eb her\u00ebt se viteve paraparake - Lajme nga Ulqini\",\"isPartOf\":{\"@id\":\"https:\/\/www.visit-ulcinj.com\/blog\/#website\"},\"primaryImageOfPage\":{\"@id\":\"https:\/\/www.visit-ulcinj.com\/blog\/2014\/04\/23\/udheheqja-e-ulqinit-pergatitet-per-pritjen-e-turisteve-me-heret-se-viteve-paraparake\/#primaryimage\"},\"datePublished\":\"2014-04-23T16:52:51+00:00\",\"dateModified\":\"2014-04-24T08:54:36+00:00\",\"author\":{\"@id\":\"https:\/\/www.visit-ulcinj.com\/blog\/#\/schema\/person\/dcab619c614d3038751c63bc2aadc06d\"},\"description\":\"Ulqinak\u00ebt joshin kosovar\u00ebt p\u00ebr pushime Edhe svjet u dhan\u00eb shum\u00eb fjal\u00eb t\u00eb mira e t\u00ebrheq\u00ebse p\u00ebr turist\u00ebt nga Kosova, e t\u00eb cilat nj\u00eb pjes\u00eb e madhe e tyre\",\"breadcrumb\":{\"@id\":\"https:\/\/www.visit-ulcinj.com\/blog\/2014\/04\/23\/udheheqja-e-ulqinit-pergatitet-per-pritjen-e-turisteve-me-heret-se-viteve-paraparake\/#breadcrumb\"},\"inLanguage\":\"en-US\",\"potentialAction\":[{\"@type\":\"ReadAction\",\"target\":[\"https:\/\/www.visit-ulcinj.com\/blog\/2014\/04\/23\/udheheqja-e-ulqinit-pergatitet-per-pritjen-e-turisteve-me-heret-se-viteve-paraparake\/\"]}]},{\"@type\":\"BreadcrumbList\",\"@id\":\"https:\/\/www.visit-ulcinj.com\/blog\/2014\/04\/23\/udheheqja-e-ulqinit-pergatitet-per-pritjen-e-turisteve-me-heret-se-viteve-paraparake\/#breadcrumb\",\"itemListElement\":[{\"@type\":\"ListItem\",\"position\":1,\"name\":\"Udh\u00ebheqja e Ulqinit p\u00ebrgatitet p\u00ebr pritjen e turist\u00ebve m\u00eb her\u00ebt se viteve paraparake\"}]},{\"@type\":\"Person\",\"@id\":\"https:\/\/www.visit-ulcinj.com\/blog\/#\/schema\/person\/dcab619c614d3038751c63bc2aadc06d\",\"name\":\"ulqini\",\"sameAs\":[\"http:\/\/www.visit-ulcinj.com\"],\"url\":\"https:\/\/www.visit-ulcinj.com\/blog\/author\/admin\/\"}]}<\/script>\n<!-- \/ Yoast SEO plugin. -->","yoast_head_json":{"title":"Udh\u00ebheqja e Ulqinit p\u00ebrgatitet p\u00ebr pritjen e turist\u00ebve m\u00eb her\u00ebt se viteve paraparake - Lajme nga Ulqini","description":"Ulqinak\u00ebt joshin kosovar\u00ebt p\u00ebr pushime Edhe svjet u dhan\u00eb shum\u00eb fjal\u00eb t\u00eb mira e t\u00ebrheq\u00ebse p\u00ebr turist\u00ebt nga Kosova, e t\u00eb cilat nj\u00eb pjes\u00eb e madhe e tyre","robots":{"index":"index","follow":"follow","max-snippet":"max-snippet:-1","max-image-preview":"max-image-preview:large","max-video-preview":"max-video-preview:-1"},"canonical":"https:\/\/www.visit-ulcinj.com\/blog\/2014\/04\/23\/udheheqja-e-ulqinit-pergatitet-per-pritjen-e-turisteve-me-heret-se-viteve-paraparake\/","og_locale":"en_US","og_type":"article","og_title":"Udh\u00ebheqja e Ulqinit p\u00ebrgatitet p\u00ebr pritjen e turist\u00ebve m\u00eb her\u00ebt se viteve paraparake - Lajme nga Ulqini","og_description":"Ulqinak\u00ebt joshin kosovar\u00ebt p\u00ebr pushime Edhe svjet u dhan\u00eb shum\u00eb fjal\u00eb t\u00eb mira e t\u00ebrheq\u00ebse p\u00ebr turist\u00ebt nga Kosova, e t\u00eb cilat nj\u00eb pjes\u00eb e madhe e tyre","og_url":"https:\/\/www.visit-ulcinj.com\/blog\/2014\/04\/23\/udheheqja-e-ulqinit-pergatitet-per-pritjen-e-turisteve-me-heret-se-viteve-paraparake\/","og_site_name":"Lajme nga Ulqini","article_published_time":"2014-04-23T16:52:51+00:00","article_modified_time":"2014-04-24T08:54:36+00:00","og_image":[{"url":"http:\/\/www.visit-ulcinj.com\/blog\/wp-content\/uploads\/2014\/04\/Gjeka-Karamanaga-Beci-Mavriqi.jpg"}],"twitter_misc":{"Written by":"ulqini","Est. reading time":"3 minutes"},"schema":{"@context":"https:\/\/schema.org","@graph":[{"@type":"WebSite","@id":"https:\/\/www.visit-ulcinj.com\/blog\/#website","url":"https:\/\/www.visit-ulcinj.com\/blog\/","name":"Lajme nga Ulqini","description":"Lajme,Vijesti,Ulqini,Ulqin,Crna Gora,Mali i Zi","potentialAction":[{"@type":"SearchAction","target":{"@type":"EntryPoint","urlTemplate":"https:\/\/www.visit-ulcinj.com\/blog\/?s={search_term_string}"},"query-input":"required name=search_term_string"}],"inLanguage":"en-US"},{"@type":"ImageObject","inLanguage":"en-US","@id":"https:\/\/www.visit-ulcinj.com\/blog\/2014\/04\/23\/udheheqja-e-ulqinit-pergatitet-per-pritjen-e-turisteve-me-heret-se-viteve-paraparake\/#primaryimage","url":"https:\/\/www.visit-ulcinj.com\/blog\/wp-content\/uploads\/2014\/04\/Gjeka-Karamanaga-Beci-Mavriqi.jpg","contentUrl":"https:\/\/www.visit-ulcinj.com\/blog\/wp-content\/uploads\/2014\/04\/Gjeka-Karamanaga-Beci-Mavriqi.jpg","width":960,"height":720},{"@type":"WebPage","@id":"https:\/\/www.visit-ulcinj.com\/blog\/2014\/04\/23\/udheheqja-e-ulqinit-pergatitet-per-pritjen-e-turisteve-me-heret-se-viteve-paraparake\/#webpage","url":"https:\/\/www.visit-ulcinj.com\/blog\/2014\/04\/23\/udheheqja-e-ulqinit-pergatitet-per-pritjen-e-turisteve-me-heret-se-viteve-paraparake\/","name":"Udh\u00ebheqja e Ulqinit p\u00ebrgatitet p\u00ebr pritjen e turist\u00ebve m\u00eb her\u00ebt se viteve paraparake - Lajme nga Ulqini","isPartOf":{"@id":"https:\/\/www.visit-ulcinj.com\/blog\/#website"},"primaryImageOfPage":{"@id":"https:\/\/www.visit-ulcinj.com\/blog\/2014\/04\/23\/udheheqja-e-ulqinit-pergatitet-per-pritjen-e-turisteve-me-heret-se-viteve-paraparake\/#primaryimage"},"datePublished":"2014-04-23T16:52:51+00:00","dateModified":"2014-04-24T08:54:36+00:00","author":{"@id":"https:\/\/www.visit-ulcinj.com\/blog\/#\/schema\/person\/dcab619c614d3038751c63bc2aadc06d"},"description":"Ulqinak\u00ebt joshin kosovar\u00ebt p\u00ebr pushime Edhe svjet u dhan\u00eb shum\u00eb fjal\u00eb t\u00eb mira e t\u00ebrheq\u00ebse p\u00ebr turist\u00ebt nga Kosova, e t\u00eb cilat nj\u00eb pjes\u00eb e madhe e tyre","breadcrumb":{"@id":"https:\/\/www.visit-ulcinj.com\/blog\/2014\/04\/23\/udheheqja-e-ulqinit-pergatitet-per-pritjen-e-turisteve-me-heret-se-viteve-paraparake\/#breadcrumb"},"inLanguage":"en-US","potentialAction":[{"@type":"ReadAction","target":["https:\/\/www.visit-ulcinj.com\/blog\/2014\/04\/23\/udheheqja-e-ulqinit-pergatitet-per-pritjen-e-turisteve-me-heret-se-viteve-paraparake\/"]}]},{"@type":"BreadcrumbList","@id":"https:\/\/www.visit-ulcinj.com\/blog\/2014\/04\/23\/udheheqja-e-ulqinit-pergatitet-per-pritjen-e-turisteve-me-heret-se-viteve-paraparake\/#breadcrumb","itemListElement":[{"@type":"ListItem","position":1,"name":"Udh\u00ebheqja e Ulqinit p\u00ebrgatitet p\u00ebr pritjen e turist\u00ebve m\u00eb her\u00ebt se viteve paraparake"}]},{"@type":"Person","@id":"https:\/\/www.visit-ulcinj.com\/blog\/#\/schema\/person\/dcab619c614d3038751c63bc2aadc06d","name":"ulqini","sameAs":["http:\/\/www.visit-ulcinj.com"],"url":"https:\/\/www.visit-ulcinj.com\/blog\/author\/admin\/"}]}},"jetpack_featured_media_url":"","jetpack_sharing_enabled":true,"jetpack_shortlink":"https:\/\/wp.me\/pe6lTn-lhA","_links":{"self":[{"href":"https:\/\/www.visit-ulcinj.com\/blog\/wp-json\/wp\/v2\/posts\/81814"}],"collection":[{"href":"https:\/\/www.visit-ulcinj.com\/blog\/wp-json\/wp\/v2\/posts"}],"about":[{"href":"https:\/\/www.visit-ulcinj.com\/blog\/wp-json\/wp\/v2\/types\/post"}],"author":[{"embeddable":true,"href":"https:\/\/www.visit-ulcinj.com\/blog\/wp-json\/wp\/v2\/users\/1"}],"replies":[{"embeddable":true,"href":"https:\/\/www.visit-ulcinj.com\/blog\/wp-json\/wp\/v2\/comments?post=81814"}],"version-history":[{"count":5,"href":"https:\/\/www.visit-ulcinj.com\/blog\/wp-json\/wp\/v2\/posts\/81814\/revisions"}],"predecessor-version":[{"id":81823,"href":"https:\/\/www.visit-ulcinj.com\/blog\/wp-json\/wp\/v2\/posts\/81814\/revisions\/81823"}],"wp:attachment":[{"href":"https:\/\/www.visit-ulcinj.com\/blog\/wp-json\/wp\/v2\/media?parent=81814"}],"wp:term":[{"taxonomy":"category","embeddable":true,"href":"https:\/\/www.visit-ulcinj.com\/blog\/wp-json\/wp\/v2\/categories?post=81814"},{"taxonomy":"post_tag","embeddable":true,"href":"https:\/\/www.visit-ulcinj.com\/blog\/wp-json\/wp\/v2\/tags?post=81814"}],"curies":[{"name":"wp","href":"https:\/\/api.w.org\/{rel}","templated":true}]}}