{"id":81824,"date":"2014-04-23T18:27:25","date_gmt":"2014-04-23T17:27:25","guid":{"rendered":"http:\/\/www.visit-ulcinj.com\/blog\/?p=81824"},"modified":"2014-04-23T18:27:25","modified_gmt":"2014-04-23T17:27:25","slug":"arrestohet-princ-vali-corleone","status":"publish","type":"post","link":"https:\/\/www.visit-ulcinj.com\/blog\/2014\/04\/23\/arrestohet-princ-vali-corleone\/","title":{"rendered":"Arrestohet Princ Vali Corleone"},"content":{"rendered":"<p><strong> <a href=\"http:\/\/www.visit-ulcinj.com\/blog\/wp-content\/uploads\/2014\/04\/Vali-Corleone.jpg\"><img loading=\"lazy\" class=\"alignleft  wp-image-81825\" alt=\"Vali Corleone\" src=\"http:\/\/www.visit-ulcinj.com\/blog\/wp-content\/uploads\/2014\/04\/Vali-Corleone.jpg\" width=\"508\" height=\"347\" \/><\/a>Policia e Gjilanit ka arrestuar t\u00eb m\u00ebrkur\u00ebn Princ Vali Corleone i dyshuar p\u00ebr arm\u00ebmbajtje pa leje dhe shkaktim t\u00eb rrezikut t\u00eb p\u00ebrgjithsh\u00ebm. Atij i \u00ebsht\u00eb caktuar paraburgimi prej 48 or\u00ebsh me vendim t\u00eb prokurorit Arben Kadriu.<\/strong><\/p>\n<p>I k\u00ebrkuar p\u00ebr nj\u00eb koh\u00eb t\u00eb gjat\u00eb t\u00eb m\u00ebrkur\u00ebn policia ka arritur ta prangos Princ Vali Corleone (Valdrin Sylejmani). Ai sipas komandantit t\u00eb policis\u00eb n\u00eb Gjilan dyshohet p\u00ebr vepr\u00ebn penale &#8220;Shkaktim i Rrezikut t\u00eb p\u00ebrgjithsh\u00ebm\u201d dhe \u201carm\u00ebmbajtje pa leje\u201d.<\/p>\n<p>Sipas njoftimit t\u00eb policis\u00eb n\u00eb Gjilan Corleone dyshohet se ka shtytur Genc Qamilin nga Pograxha q\u00eb m\u00eb 28 korrik 2013 rreth or\u00ebs 22 :30 h n\u00eb magjistralen Gjilan &#8211; Kamenic\u00eb, gjegj\u00ebsisht n\u00eb tualetin e diskotek\u00ebs \u201cStop\u201d n\u00eb Gjilan, t\u00eb vendos nj\u00eb mjet shp\u00ebrthyes t\u00eb llojit Granat dore, raporton rajonipress.<\/p>\n<p>Pas nj\u00eb pune t\u00eb vazhdueshme hetuesit nga stacioni policor n\u00eb Gjilan m\u00eb 17 prill 2014 arrijn\u00eb t\u00eb identifikojn\u00eb dhe nj\u00ebherit t\u00eb arrestojn\u00eb personin e dyshuar p\u00ebr vendosjen e granat\u00ebs s\u00eb dor\u00ebs ndaj t\u00eb cilit Prokuroria Themelore ne Gjilan kishte l\u00ebshuar vendimin mbi ndalim e m\u00eb von\u00eb pas procedimit t\u00eb l\u00ebnd\u00ebs Gjykata themelore n\u00eb Gjilan kishte shqiptuar mas\u00ebn e paraburgimit, i dyshuari Genc Qamili nga Pograxha mashkull shqiptar i mosh\u00ebs 22 vje\u00e7are nga komuna e Gjilanit dhe njeherit hetuesit arrijn\u00eb deri te informatat p\u00ebr personin e dyt\u00eb t\u00eb dyshuar q\u00eb kishte qen i involvuar n\u00eb vendosjen e granat\u00ebs s\u00eb dor\u00ebs.<\/p>\n<p>Sot m\u00eb 23 prill 2014 arrestohet edhe personi i dyt\u00eb , Princ Vali Corleone mashkull shqiptar i mosh\u00ebs 31 vje\u00e7are nga Gjilani i cili me vendim t\u00eb prokuroris\u00eb themelore n\u00eb Gjilan ndalohet p\u00ebr 48 or\u00eb.<\/p>\n<p>Hetime nga policia n\u00eb bashk\u00ebpunim me prokurorin\u00eb themelore n\u00eb Gjilan jan\u00eb n\u00eb vazhdim e sip\u00ebr thuhet n\u00eb njoftimin e policis\u00eb t\u00eb n\u00ebnshkruar nga komandanti Remzi Azemi.\/rajonipress\/<\/p>\n<p><strong>Gazeta Express<\/strong><\/p>\n","protected":false},"excerpt":{"rendered":"<p>Policia e Gjilanit ka arrestuar t\u00eb m\u00ebrkur\u00ebn Princ Vali Corleone i dyshuar p\u00ebr arm\u00ebmbajtje pa leje dhe shkaktim t\u00eb rrezikut t\u00eb p\u00ebrgjithsh\u00ebm. Atij i \u00ebsht\u00eb caktuar paraburgimi prej 48 or\u00ebsh me vendim t\u00eb prokurorit Arben Kadriu. I k\u00ebrkuar p\u00ebr nj\u00eb koh\u00eb t\u00eb gjat\u00eb t\u00eb m\u00ebrkur\u00ebn policia ka arritur ta prangos Princ Vali Corleone (Valdrin Sylejmani). [&hellip;]<\/p>\n","protected":false},"author":1,"featured_media":0,"comment_status":"closed","ping_status":"closed","sticky":false,"template":"","format":"standard","meta":{"spay_email":"","jetpack_publicize_message":"","jetpack_is_tweetstorm":false,"jetpack_publicize_feature_enabled":true},"categories":[1],"tags":[],"jetpack_publicize_connections":[],"yoast_head":"<!-- This site is optimized with the Yoast SEO plugin v19.1 - https:\/\/yoast.com\/wordpress\/plugins\/seo\/ -->\n<title>Arrestohet Princ Vali Corleone - Lajme nga Ulqini<\/title>\n<meta name=\"description\" content=\"Policia e Gjilanit ka arrestuar t\u00eb m\u00ebrkur\u00ebn Princ Vali Corleone i dyshuar p\u00ebr arm\u00ebmbajtje pa leje dhe shkaktim t\u00eb rrezikut t\u00eb p\u00ebrgjithsh\u00ebm. Atij i \u00ebsht\u00eb\" \/>\n<meta name=\"robots\" content=\"index, follow, max-snippet:-1, max-image-preview:large, max-video-preview:-1\" \/>\n<link rel=\"canonical\" href=\"https:\/\/www.visit-ulcinj.com\/blog\/2014\/04\/23\/arrestohet-princ-vali-corleone\/\" \/>\n<meta property=\"og:locale\" content=\"en_US\" \/>\n<meta property=\"og:type\" content=\"article\" \/>\n<meta property=\"og:title\" content=\"Arrestohet Princ Vali Corleone - Lajme nga Ulqini\" \/>\n<meta property=\"og:description\" content=\"Policia e Gjilanit ka arrestuar t\u00eb m\u00ebrkur\u00ebn Princ Vali Corleone i dyshuar p\u00ebr arm\u00ebmbajtje pa leje dhe shkaktim t\u00eb rrezikut t\u00eb p\u00ebrgjithsh\u00ebm. Atij i \u00ebsht\u00eb\" \/>\n<meta property=\"og:url\" content=\"https:\/\/www.visit-ulcinj.com\/blog\/2014\/04\/23\/arrestohet-princ-vali-corleone\/\" \/>\n<meta property=\"og:site_name\" content=\"Lajme nga Ulqini\" \/>\n<meta property=\"article:published_time\" content=\"2014-04-23T17:27:25+00:00\" \/>\n<meta property=\"og:image\" content=\"http:\/\/www.visit-ulcinj.com\/blog\/wp-content\/uploads\/2014\/04\/Vali-Corleone.jpg\" \/>\n<meta name=\"twitter:label1\" content=\"Written by\" \/>\n\t<meta name=\"twitter:data1\" content=\"ulqini\" \/>\n\t<meta name=\"twitter:label2\" content=\"Est. reading time\" \/>\n\t<meta name=\"twitter:data2\" content=\"2 minutes\" \/>\n<script type=\"application\/ld+json\" class=\"yoast-schema-graph\">{\"@context\":\"https:\/\/schema.org\",\"@graph\":[{\"@type\":\"WebSite\",\"@id\":\"https:\/\/www.visit-ulcinj.com\/blog\/#website\",\"url\":\"https:\/\/www.visit-ulcinj.com\/blog\/\",\"name\":\"Lajme nga Ulqini\",\"description\":\"Lajme,Vijesti,Ulqini,Ulqin,Crna Gora,Mali i Zi\",\"potentialAction\":[{\"@type\":\"SearchAction\",\"target\":{\"@type\":\"EntryPoint\",\"urlTemplate\":\"https:\/\/www.visit-ulcinj.com\/blog\/?s={search_term_string}\"},\"query-input\":\"required name=search_term_string\"}],\"inLanguage\":\"en-US\"},{\"@type\":\"ImageObject\",\"inLanguage\":\"en-US\",\"@id\":\"https:\/\/www.visit-ulcinj.com\/blog\/2014\/04\/23\/arrestohet-princ-vali-corleone\/#primaryimage\",\"url\":\"http:\/\/www.visit-ulcinj.com\/blog\/wp-content\/uploads\/2014\/04\/Vali-Corleone.jpg\",\"contentUrl\":\"http:\/\/www.visit-ulcinj.com\/blog\/wp-content\/uploads\/2014\/04\/Vali-Corleone.jpg\"},{\"@type\":\"WebPage\",\"@id\":\"https:\/\/www.visit-ulcinj.com\/blog\/2014\/04\/23\/arrestohet-princ-vali-corleone\/#webpage\",\"url\":\"https:\/\/www.visit-ulcinj.com\/blog\/2014\/04\/23\/arrestohet-princ-vali-corleone\/\",\"name\":\"Arrestohet Princ Vali Corleone - Lajme nga Ulqini\",\"isPartOf\":{\"@id\":\"https:\/\/www.visit-ulcinj.com\/blog\/#website\"},\"primaryImageOfPage\":{\"@id\":\"https:\/\/www.visit-ulcinj.com\/blog\/2014\/04\/23\/arrestohet-princ-vali-corleone\/#primaryimage\"},\"datePublished\":\"2014-04-23T17:27:25+00:00\",\"dateModified\":\"2014-04-23T17:27:25+00:00\",\"author\":{\"@id\":\"https:\/\/www.visit-ulcinj.com\/blog\/#\/schema\/person\/dcab619c614d3038751c63bc2aadc06d\"},\"description\":\"Policia e Gjilanit ka arrestuar t\u00eb m\u00ebrkur\u00ebn Princ Vali Corleone i dyshuar p\u00ebr arm\u00ebmbajtje pa leje dhe shkaktim t\u00eb rrezikut t\u00eb p\u00ebrgjithsh\u00ebm. Atij i \u00ebsht\u00eb\",\"breadcrumb\":{\"@id\":\"https:\/\/www.visit-ulcinj.com\/blog\/2014\/04\/23\/arrestohet-princ-vali-corleone\/#breadcrumb\"},\"inLanguage\":\"en-US\",\"potentialAction\":[{\"@type\":\"ReadAction\",\"target\":[\"https:\/\/www.visit-ulcinj.com\/blog\/2014\/04\/23\/arrestohet-princ-vali-corleone\/\"]}]},{\"@type\":\"BreadcrumbList\",\"@id\":\"https:\/\/www.visit-ulcinj.com\/blog\/2014\/04\/23\/arrestohet-princ-vali-corleone\/#breadcrumb\",\"itemListElement\":[{\"@type\":\"ListItem\",\"position\":1,\"name\":\"Arrestohet Princ Vali Corleone\"}]},{\"@type\":\"Person\",\"@id\":\"https:\/\/www.visit-ulcinj.com\/blog\/#\/schema\/person\/dcab619c614d3038751c63bc2aadc06d\",\"name\":\"ulqini\",\"sameAs\":[\"http:\/\/www.visit-ulcinj.com\"],\"url\":\"https:\/\/www.visit-ulcinj.com\/blog\/author\/admin\/\"}]}<\/script>\n<!-- \/ Yoast SEO plugin. -->","yoast_head_json":{"title":"Arrestohet Princ Vali Corleone - Lajme nga Ulqini","description":"Policia e Gjilanit ka arrestuar t\u00eb m\u00ebrkur\u00ebn Princ Vali Corleone i dyshuar p\u00ebr arm\u00ebmbajtje pa leje dhe shkaktim t\u00eb rrezikut t\u00eb p\u00ebrgjithsh\u00ebm. Atij i \u00ebsht\u00eb","robots":{"index":"index","follow":"follow","max-snippet":"max-snippet:-1","max-image-preview":"max-image-preview:large","max-video-preview":"max-video-preview:-1"},"canonical":"https:\/\/www.visit-ulcinj.com\/blog\/2014\/04\/23\/arrestohet-princ-vali-corleone\/","og_locale":"en_US","og_type":"article","og_title":"Arrestohet Princ Vali Corleone - Lajme nga Ulqini","og_description":"Policia e Gjilanit ka arrestuar t\u00eb m\u00ebrkur\u00ebn Princ Vali Corleone i dyshuar p\u00ebr arm\u00ebmbajtje pa leje dhe shkaktim t\u00eb rrezikut t\u00eb p\u00ebrgjithsh\u00ebm. Atij i \u00ebsht\u00eb","og_url":"https:\/\/www.visit-ulcinj.com\/blog\/2014\/04\/23\/arrestohet-princ-vali-corleone\/","og_site_name":"Lajme nga Ulqini","article_published_time":"2014-04-23T17:27:25+00:00","og_image":[{"url":"http:\/\/www.visit-ulcinj.com\/blog\/wp-content\/uploads\/2014\/04\/Vali-Corleone.jpg"}],"twitter_misc":{"Written by":"ulqini","Est. reading time":"2 minutes"},"schema":{"@context":"https:\/\/schema.org","@graph":[{"@type":"WebSite","@id":"https:\/\/www.visit-ulcinj.com\/blog\/#website","url":"https:\/\/www.visit-ulcinj.com\/blog\/","name":"Lajme nga Ulqini","description":"Lajme,Vijesti,Ulqini,Ulqin,Crna Gora,Mali i Zi","potentialAction":[{"@type":"SearchAction","target":{"@type":"EntryPoint","urlTemplate":"https:\/\/www.visit-ulcinj.com\/blog\/?s={search_term_string}"},"query-input":"required name=search_term_string"}],"inLanguage":"en-US"},{"@type":"ImageObject","inLanguage":"en-US","@id":"https:\/\/www.visit-ulcinj.com\/blog\/2014\/04\/23\/arrestohet-princ-vali-corleone\/#primaryimage","url":"http:\/\/www.visit-ulcinj.com\/blog\/wp-content\/uploads\/2014\/04\/Vali-Corleone.jpg","contentUrl":"http:\/\/www.visit-ulcinj.com\/blog\/wp-content\/uploads\/2014\/04\/Vali-Corleone.jpg"},{"@type":"WebPage","@id":"https:\/\/www.visit-ulcinj.com\/blog\/2014\/04\/23\/arrestohet-princ-vali-corleone\/#webpage","url":"https:\/\/www.visit-ulcinj.com\/blog\/2014\/04\/23\/arrestohet-princ-vali-corleone\/","name":"Arrestohet Princ Vali Corleone - Lajme nga Ulqini","isPartOf":{"@id":"https:\/\/www.visit-ulcinj.com\/blog\/#website"},"primaryImageOfPage":{"@id":"https:\/\/www.visit-ulcinj.com\/blog\/2014\/04\/23\/arrestohet-princ-vali-corleone\/#primaryimage"},"datePublished":"2014-04-23T17:27:25+00:00","dateModified":"2014-04-23T17:27:25+00:00","author":{"@id":"https:\/\/www.visit-ulcinj.com\/blog\/#\/schema\/person\/dcab619c614d3038751c63bc2aadc06d"},"description":"Policia e Gjilanit ka arrestuar t\u00eb m\u00ebrkur\u00ebn Princ Vali Corleone i dyshuar p\u00ebr arm\u00ebmbajtje pa leje dhe shkaktim t\u00eb rrezikut t\u00eb p\u00ebrgjithsh\u00ebm. Atij i \u00ebsht\u00eb","breadcrumb":{"@id":"https:\/\/www.visit-ulcinj.com\/blog\/2014\/04\/23\/arrestohet-princ-vali-corleone\/#breadcrumb"},"inLanguage":"en-US","potentialAction":[{"@type":"ReadAction","target":["https:\/\/www.visit-ulcinj.com\/blog\/2014\/04\/23\/arrestohet-princ-vali-corleone\/"]}]},{"@type":"BreadcrumbList","@id":"https:\/\/www.visit-ulcinj.com\/blog\/2014\/04\/23\/arrestohet-princ-vali-corleone\/#breadcrumb","itemListElement":[{"@type":"ListItem","position":1,"name":"Arrestohet Princ Vali Corleone"}]},{"@type":"Person","@id":"https:\/\/www.visit-ulcinj.com\/blog\/#\/schema\/person\/dcab619c614d3038751c63bc2aadc06d","name":"ulqini","sameAs":["http:\/\/www.visit-ulcinj.com"],"url":"https:\/\/www.visit-ulcinj.com\/blog\/author\/admin\/"}]}},"jetpack_featured_media_url":"","jetpack_sharing_enabled":true,"jetpack_shortlink":"https:\/\/wp.me\/pe6lTn-lhK","_links":{"self":[{"href":"https:\/\/www.visit-ulcinj.com\/blog\/wp-json\/wp\/v2\/posts\/81824"}],"collection":[{"href":"https:\/\/www.visit-ulcinj.com\/blog\/wp-json\/wp\/v2\/posts"}],"about":[{"href":"https:\/\/www.visit-ulcinj.com\/blog\/wp-json\/wp\/v2\/types\/post"}],"author":[{"embeddable":true,"href":"https:\/\/www.visit-ulcinj.com\/blog\/wp-json\/wp\/v2\/users\/1"}],"replies":[{"embeddable":true,"href":"https:\/\/www.visit-ulcinj.com\/blog\/wp-json\/wp\/v2\/comments?post=81824"}],"version-history":[{"count":1,"href":"https:\/\/www.visit-ulcinj.com\/blog\/wp-json\/wp\/v2\/posts\/81824\/revisions"}],"predecessor-version":[{"id":81826,"href":"https:\/\/www.visit-ulcinj.com\/blog\/wp-json\/wp\/v2\/posts\/81824\/revisions\/81826"}],"wp:attachment":[{"href":"https:\/\/www.visit-ulcinj.com\/blog\/wp-json\/wp\/v2\/media?parent=81824"}],"wp:term":[{"taxonomy":"category","embeddable":true,"href":"https:\/\/www.visit-ulcinj.com\/blog\/wp-json\/wp\/v2\/categories?post=81824"},{"taxonomy":"post_tag","embeddable":true,"href":"https:\/\/www.visit-ulcinj.com\/blog\/wp-json\/wp\/v2\/tags?post=81824"}],"curies":[{"name":"wp","href":"https:\/\/api.w.org\/{rel}","templated":true}]}}