{"id":8183,"date":"2009-01-07T20:31:24","date_gmt":"2009-01-07T19:31:24","guid":{"rendered":"http:\/\/www.visit-ulcinj.com\/blog\/?p=8183"},"modified":"2009-01-07T20:31:24","modified_gmt":"2009-01-07T19:31:24","slug":"se-shpejti-do-te-nenshkruhet-marreveshja-e-bashkepunimit-kulturor","status":"publish","type":"post","link":"https:\/\/www.visit-ulcinj.com\/blog\/2009\/01\/07\/se-shpejti-do-te-nenshkruhet-marreveshja-e-bashkepunimit-kulturor\/","title":{"rendered":"S\u00eb shpejti do t\u00eb n\u00ebnshkruhet Marr\u00ebveshja e Bashk\u00ebpunimit kulturor"},"content":{"rendered":"<p><img loading=\"lazy\" class=\"alignleft size-full wp-image-8184\" title=\"ylli-pango_miqunovic_hajdinaga\" src=\"http:\/\/www.visit-ulcinj.com\/blog\/wp-content\/uploads\/2009\/01\/ylli-pango_miqunovic_hajdinaga.jpg\" alt=\"ylli-pango_miqunovic_hajdinaga\" width=\"371\" height=\"181\" \/>Podgoric\u00eb\/Ulqin &#8211; Ministri i Kultur\u00ebs, Sportit dhe Medias i Malit t\u00eb Zi, Branisllav Miqunoviq, priti t\u00eb shtun\u00ebn n\u00eb Podgoric\u00eb ministrin shqiptar t\u00eb Turizmit, Kultur\u00ebs, Rinis\u00eb dhe Sporteve, prof. dr. Ylli Pango.<br \/>\nQ\u00ebllimi i vizit\u00ebs ishte hartimi i nj\u00eb projekt marr\u00ebveshjeje bashk\u00ebpunimi n\u00eb fush\u00ebn e kultur\u00ebs e cila pritet t\u00eb n\u00ebnshkruhet s\u00eb shpejti nga dy ministrat.<br \/>\n&#8220;Ne kemi hartuar nj\u00eb projekt marr\u00ebveshje bashk\u00ebpunimi nd\u00ebrmjet Malit t\u00eb Zi dhe Shqip\u00ebris\u00eb t\u00eb cil\u00ebn shpresoj ta n\u00ebnshkruajm\u00eb n\u00eb dy muajt e ardhsh\u00ebm n\u00eb Tiran\u00eb&#8221;, tha Miqunoviq.<br \/>\nMinistri Pango theksoi se kjo marr\u00ebveshje paraqet avancimin dhe zgjerimin e nj\u00eb marr\u00ebveshjeje t\u00eb m\u00ebparshme q\u00eb daton nga viti 2001.<br \/>\n&#8220;Marr\u00ebveshja jon\u00eb \u00ebsht\u00eb shum\u00eb e gjer\u00eb dhe parashikon bashk\u00ebpunimin n\u00eb fush\u00ebn e artit dhe kultur\u00ebs, n\u00eb kuad\u00ebr t\u00eb t\u00eb cilit do t\u00eb hapen ekspozita t\u00eb piktor\u00ebve, do t\u00eb jepen shfaqje, pjes\u00eb t\u00eb ndryshme operistike dhe baleti, do t\u00eb organizohen aktivitete t\u00eb ndryshme q\u00eb kan\u00eb t\u00eb b\u00ebjn\u00eb me librin. Dua t\u00eb rikujtoj po ashtu se Panairi i sivjetsh\u00ebm i Librit n\u00eb Tiran\u00eb ishte m\u00eb i madhi q\u00eb \u00eb \u00ebsht\u00eb organizuar deri tani dhe shpresoj se n\u00eb t\u00eb ardhmen do t\u00eb organizojm\u00eb panair t\u00eb p\u00ebrbashk\u00ebt t\u00eb librit&#8221;, tha ai.<br \/>\nDy ministrat vizituan t\u00eb diel\u00ebn Ulqinin ku u prit\u00ebn nga kryetari i Komun\u00ebs G\u00ebzim Hajdinaga.<br \/>\nKryetari i Komun\u00ebs s\u00eb Ulqinit tha pas takimit se &#8220;edhe kjo vizit\u00eb e k\u00ebtij niveli \u00ebsht\u00eb d\u00ebshmi e nj\u00eb bashk\u00ebpunimi t\u00eb mir\u00eb nd\u00ebrmjet dy shteteve, Malit t\u00eb Zi dhe Shqip\u00ebris\u00eb, si dhe d\u00ebshmi se Ulqini \u00ebsht\u00eb adres\u00eb e cila bashkon dhe qytet q\u00eb \u00ebsht\u00eb ur\u00eb bashk\u00ebpunimi n\u00eb k\u00ebto komunikime&#8221;.<br \/>\n&#8220;Kemi konfirmuar faktin se kultura me misionin e saj tregon se \u00ebsht\u00eb ura m\u00eb e madhe e bashk\u00ebpunimit nd\u00ebrmjet njer\u00ebzve, kombeve, kulturave, religjioneve dhe dy shteteve&#8221;, tha Hajdinaga.<br \/>\nMinistri Miqunoviq tha se nj\u00eb pjes\u00eb e Marr\u00ebveshjes s\u00eb Bashk\u00ebpunimit q\u00eb do t\u00eb n\u00ebnshkruhet ka t\u00eb b\u00ebj\u00eb pik\u00ebrisht me Ulqinin.<br \/>\n&#8220;Ulqini do t\u00eb jet\u00eb nj\u00ebra prej adresave t\u00eb r\u00ebnd\u00ebsishme ku do t\u00eb realizojm\u00eb nj\u00eb pjes\u00eb t\u00eb mir\u00eb t\u00eb programit ton\u00eb&#8221;, tha ministri malazez i Kultur\u00ebs, Sportit dhe Mediave.<br \/>\nMinistri Ylli Pango n\u00ebnvizoi se Marr\u00ebveshja parashikon bashk\u00ebpunim edhe n\u00eb fush\u00ebn e trash\u00ebgimis\u00eb kulturore, ku sipas tij, Shqip\u00ebria ka arritur viteve t\u00eb fundit rezultate t\u00eb \u00e7mueshme.<br \/>\nAi p\u00ebrkujtoi se para disa kohe n\u00ebn mbrojtjen e UNESCO-s \u00ebsht\u00eb futur edhe qyteti i Beratit, duke e \u00e7uar n\u00eb kat\u00ebr numrin e monumenteve kulturore t\u00eb Republik\u00ebs s\u00eb Shqip\u00ebris\u00eb n\u00ebn mbrojtjen e UNESCO-s, ku m\u00eb par\u00eb ve\u00e7 b\u00ebnin pjes\u00eb Gjirokastra, Butrinti dhe iso-polifonia.<br \/>\nN\u00eb k\u00ebt\u00eb takim mor\u00ebn pjes\u00eb edhe ministri p\u00ebr Mbrojtjen e t\u00eb Drejtave t\u00eb Njeriut dhe Pakicave, Fuad Nimani, si dhe ambasadori i Republik\u00ebs s\u00eb Shqip\u00ebris\u00eb n\u00eb Mal t\u00eb Zi, Tonin Beci.<br \/>\n<strong>I.Kallaba<br \/>\nKoha Javore<\/strong><\/p>\n","protected":false},"excerpt":{"rendered":"<p>Podgoric\u00eb\/Ulqin &#8211; Ministri i Kultur\u00ebs, Sportit dhe Medias i Malit t\u00eb Zi, Branisllav Miqunoviq, priti t\u00eb shtun\u00ebn n\u00eb Podgoric\u00eb ministrin shqiptar t\u00eb Turizmit, Kultur\u00ebs, Rinis\u00eb dhe Sporteve, prof. dr. Ylli Pango. Q\u00ebllimi i vizit\u00ebs ishte hartimi i nj\u00eb projekt marr\u00ebveshjeje bashk\u00ebpunimi n\u00eb fush\u00ebn e kultur\u00ebs e cila pritet t\u00eb n\u00ebnshkruhet s\u00eb shpejti nga dy ministrat. [&hellip;]<\/p>\n","protected":false},"author":1,"featured_media":0,"comment_status":"open","ping_status":"closed","sticky":false,"template":"","format":"standard","meta":{"spay_email":"","jetpack_publicize_message":"","jetpack_is_tweetstorm":false,"jetpack_publicize_feature_enabled":true},"categories":[4],"tags":[5599,106,2611,5600,5384],"jetpack_publicize_connections":[],"yoast_head":"<!-- This site is optimized with the Yoast SEO plugin v19.1 - https:\/\/yoast.com\/wordpress\/plugins\/seo\/ -->\n<title>S\u00eb shpejti do t\u00eb n\u00ebnshkruhet Marr\u00ebveshja e Bashk\u00ebpunimit kulturor - Lajme nga Ulqini<\/title>\n<meta name=\"description\" content=\"Podgoric\u00eb\/Ulqin - Ministri i Kultur\u00ebs, Sportit dhe Medias i Malit t\u00eb Zi, Branisllav Miqunoviq, priti t\u00eb shtun\u00ebn n\u00eb Podgoric\u00eb ministrin shqiptar t\u00eb\" \/>\n<meta name=\"robots\" content=\"index, follow, max-snippet:-1, max-image-preview:large, max-video-preview:-1\" \/>\n<link rel=\"canonical\" href=\"https:\/\/www.visit-ulcinj.com\/blog\/2009\/01\/07\/se-shpejti-do-te-nenshkruhet-marreveshja-e-bashkepunimit-kulturor\/\" \/>\n<meta property=\"og:locale\" content=\"en_US\" \/>\n<meta property=\"og:type\" content=\"article\" \/>\n<meta property=\"og:title\" content=\"S\u00eb shpejti do t\u00eb n\u00ebnshkruhet Marr\u00ebveshja e Bashk\u00ebpunimit kulturor - Lajme nga Ulqini\" \/>\n<meta property=\"og:description\" content=\"Podgoric\u00eb\/Ulqin - Ministri i Kultur\u00ebs, Sportit dhe Medias i Malit t\u00eb Zi, Branisllav Miqunoviq, priti t\u00eb shtun\u00ebn n\u00eb Podgoric\u00eb ministrin shqiptar t\u00eb\" \/>\n<meta property=\"og:url\" content=\"https:\/\/www.visit-ulcinj.com\/blog\/2009\/01\/07\/se-shpejti-do-te-nenshkruhet-marreveshja-e-bashkepunimit-kulturor\/\" \/>\n<meta property=\"og:site_name\" content=\"Lajme nga Ulqini\" \/>\n<meta property=\"article:published_time\" content=\"2009-01-07T19:31:24+00:00\" \/>\n<meta property=\"og:image\" content=\"http:\/\/www.visit-ulcinj.com\/blog\/wp-content\/uploads\/2009\/01\/ylli-pango_miqunovic_hajdinaga.jpg\" \/>\n<meta name=\"twitter:label1\" content=\"Written by\" \/>\n\t<meta name=\"twitter:data1\" content=\"ulqini\" \/>\n\t<meta name=\"twitter:label2\" content=\"Est. reading time\" \/>\n\t<meta name=\"twitter:data2\" content=\"3 minutes\" \/>\n<script type=\"application\/ld+json\" class=\"yoast-schema-graph\">{\"@context\":\"https:\/\/schema.org\",\"@graph\":[{\"@type\":\"WebSite\",\"@id\":\"https:\/\/www.visit-ulcinj.com\/blog\/#website\",\"url\":\"https:\/\/www.visit-ulcinj.com\/blog\/\",\"name\":\"Lajme nga Ulqini\",\"description\":\"Lajme,Vijesti,Ulqini,Ulqin,Crna Gora,Mali i Zi\",\"potentialAction\":[{\"@type\":\"SearchAction\",\"target\":{\"@type\":\"EntryPoint\",\"urlTemplate\":\"https:\/\/www.visit-ulcinj.com\/blog\/?s={search_term_string}\"},\"query-input\":\"required name=search_term_string\"}],\"inLanguage\":\"en-US\"},{\"@type\":\"ImageObject\",\"inLanguage\":\"en-US\",\"@id\":\"https:\/\/www.visit-ulcinj.com\/blog\/2009\/01\/07\/se-shpejti-do-te-nenshkruhet-marreveshja-e-bashkepunimit-kulturor\/#primaryimage\",\"url\":\"https:\/\/www.visit-ulcinj.com\/blog\/wp-content\/uploads\/2009\/01\/ylli-pango_miqunovic_hajdinaga.jpg\",\"contentUrl\":\"https:\/\/www.visit-ulcinj.com\/blog\/wp-content\/uploads\/2009\/01\/ylli-pango_miqunovic_hajdinaga.jpg\",\"width\":\"300\",\"height\":\"124\"},{\"@type\":\"WebPage\",\"@id\":\"https:\/\/www.visit-ulcinj.com\/blog\/2009\/01\/07\/se-shpejti-do-te-nenshkruhet-marreveshja-e-bashkepunimit-kulturor\/#webpage\",\"url\":\"https:\/\/www.visit-ulcinj.com\/blog\/2009\/01\/07\/se-shpejti-do-te-nenshkruhet-marreveshja-e-bashkepunimit-kulturor\/\",\"name\":\"S\u00eb shpejti do t\u00eb n\u00ebnshkruhet Marr\u00ebveshja e Bashk\u00ebpunimit kulturor - Lajme nga Ulqini\",\"isPartOf\":{\"@id\":\"https:\/\/www.visit-ulcinj.com\/blog\/#website\"},\"primaryImageOfPage\":{\"@id\":\"https:\/\/www.visit-ulcinj.com\/blog\/2009\/01\/07\/se-shpejti-do-te-nenshkruhet-marreveshja-e-bashkepunimit-kulturor\/#primaryimage\"},\"datePublished\":\"2009-01-07T19:31:24+00:00\",\"dateModified\":\"2009-01-07T19:31:24+00:00\",\"author\":{\"@id\":\"https:\/\/www.visit-ulcinj.com\/blog\/#\/schema\/person\/dcab619c614d3038751c63bc2aadc06d\"},\"description\":\"Podgoric\u00eb\/Ulqin - Ministri i Kultur\u00ebs, Sportit dhe Medias i Malit t\u00eb Zi, Branisllav Miqunoviq, priti t\u00eb shtun\u00ebn n\u00eb Podgoric\u00eb ministrin shqiptar t\u00eb\",\"breadcrumb\":{\"@id\":\"https:\/\/www.visit-ulcinj.com\/blog\/2009\/01\/07\/se-shpejti-do-te-nenshkruhet-marreveshja-e-bashkepunimit-kulturor\/#breadcrumb\"},\"inLanguage\":\"en-US\",\"potentialAction\":[{\"@type\":\"ReadAction\",\"target\":[\"https:\/\/www.visit-ulcinj.com\/blog\/2009\/01\/07\/se-shpejti-do-te-nenshkruhet-marreveshja-e-bashkepunimit-kulturor\/\"]}]},{\"@type\":\"BreadcrumbList\",\"@id\":\"https:\/\/www.visit-ulcinj.com\/blog\/2009\/01\/07\/se-shpejti-do-te-nenshkruhet-marreveshja-e-bashkepunimit-kulturor\/#breadcrumb\",\"itemListElement\":[{\"@type\":\"ListItem\",\"position\":1,\"name\":\"S\u00eb shpejti do t\u00eb n\u00ebnshkruhet Marr\u00ebveshja e Bashk\u00ebpunimit kulturor\"}]},{\"@type\":\"Person\",\"@id\":\"https:\/\/www.visit-ulcinj.com\/blog\/#\/schema\/person\/dcab619c614d3038751c63bc2aadc06d\",\"name\":\"ulqini\",\"sameAs\":[\"http:\/\/www.visit-ulcinj.com\"],\"url\":\"https:\/\/www.visit-ulcinj.com\/blog\/author\/admin\/\"}]}<\/script>\n<!-- \/ Yoast SEO plugin. -->","yoast_head_json":{"title":"S\u00eb shpejti do t\u00eb n\u00ebnshkruhet Marr\u00ebveshja e Bashk\u00ebpunimit kulturor - Lajme nga Ulqini","description":"Podgoric\u00eb\/Ulqin - Ministri i Kultur\u00ebs, Sportit dhe Medias i Malit t\u00eb Zi, Branisllav Miqunoviq, priti t\u00eb shtun\u00ebn n\u00eb Podgoric\u00eb ministrin shqiptar t\u00eb","robots":{"index":"index","follow":"follow","max-snippet":"max-snippet:-1","max-image-preview":"max-image-preview:large","max-video-preview":"max-video-preview:-1"},"canonical":"https:\/\/www.visit-ulcinj.com\/blog\/2009\/01\/07\/se-shpejti-do-te-nenshkruhet-marreveshja-e-bashkepunimit-kulturor\/","og_locale":"en_US","og_type":"article","og_title":"S\u00eb shpejti do t\u00eb n\u00ebnshkruhet Marr\u00ebveshja e Bashk\u00ebpunimit kulturor - Lajme nga Ulqini","og_description":"Podgoric\u00eb\/Ulqin - Ministri i Kultur\u00ebs, Sportit dhe Medias i Malit t\u00eb Zi, Branisllav Miqunoviq, priti t\u00eb shtun\u00ebn n\u00eb Podgoric\u00eb ministrin shqiptar t\u00eb","og_url":"https:\/\/www.visit-ulcinj.com\/blog\/2009\/01\/07\/se-shpejti-do-te-nenshkruhet-marreveshja-e-bashkepunimit-kulturor\/","og_site_name":"Lajme nga Ulqini","article_published_time":"2009-01-07T19:31:24+00:00","og_image":[{"url":"http:\/\/www.visit-ulcinj.com\/blog\/wp-content\/uploads\/2009\/01\/ylli-pango_miqunovic_hajdinaga.jpg"}],"twitter_misc":{"Written by":"ulqini","Est. reading time":"3 minutes"},"schema":{"@context":"https:\/\/schema.org","@graph":[{"@type":"WebSite","@id":"https:\/\/www.visit-ulcinj.com\/blog\/#website","url":"https:\/\/www.visit-ulcinj.com\/blog\/","name":"Lajme nga Ulqini","description":"Lajme,Vijesti,Ulqini,Ulqin,Crna Gora,Mali i Zi","potentialAction":[{"@type":"SearchAction","target":{"@type":"EntryPoint","urlTemplate":"https:\/\/www.visit-ulcinj.com\/blog\/?s={search_term_string}"},"query-input":"required name=search_term_string"}],"inLanguage":"en-US"},{"@type":"ImageObject","inLanguage":"en-US","@id":"https:\/\/www.visit-ulcinj.com\/blog\/2009\/01\/07\/se-shpejti-do-te-nenshkruhet-marreveshja-e-bashkepunimit-kulturor\/#primaryimage","url":"https:\/\/www.visit-ulcinj.com\/blog\/wp-content\/uploads\/2009\/01\/ylli-pango_miqunovic_hajdinaga.jpg","contentUrl":"https:\/\/www.visit-ulcinj.com\/blog\/wp-content\/uploads\/2009\/01\/ylli-pango_miqunovic_hajdinaga.jpg","width":"300","height":"124"},{"@type":"WebPage","@id":"https:\/\/www.visit-ulcinj.com\/blog\/2009\/01\/07\/se-shpejti-do-te-nenshkruhet-marreveshja-e-bashkepunimit-kulturor\/#webpage","url":"https:\/\/www.visit-ulcinj.com\/blog\/2009\/01\/07\/se-shpejti-do-te-nenshkruhet-marreveshja-e-bashkepunimit-kulturor\/","name":"S\u00eb shpejti do t\u00eb n\u00ebnshkruhet Marr\u00ebveshja e Bashk\u00ebpunimit kulturor - Lajme nga Ulqini","isPartOf":{"@id":"https:\/\/www.visit-ulcinj.com\/blog\/#website"},"primaryImageOfPage":{"@id":"https:\/\/www.visit-ulcinj.com\/blog\/2009\/01\/07\/se-shpejti-do-te-nenshkruhet-marreveshja-e-bashkepunimit-kulturor\/#primaryimage"},"datePublished":"2009-01-07T19:31:24+00:00","dateModified":"2009-01-07T19:31:24+00:00","author":{"@id":"https:\/\/www.visit-ulcinj.com\/blog\/#\/schema\/person\/dcab619c614d3038751c63bc2aadc06d"},"description":"Podgoric\u00eb\/Ulqin - Ministri i Kultur\u00ebs, Sportit dhe Medias i Malit t\u00eb Zi, Branisllav Miqunoviq, priti t\u00eb shtun\u00ebn n\u00eb Podgoric\u00eb ministrin shqiptar t\u00eb","breadcrumb":{"@id":"https:\/\/www.visit-ulcinj.com\/blog\/2009\/01\/07\/se-shpejti-do-te-nenshkruhet-marreveshja-e-bashkepunimit-kulturor\/#breadcrumb"},"inLanguage":"en-US","potentialAction":[{"@type":"ReadAction","target":["https:\/\/www.visit-ulcinj.com\/blog\/2009\/01\/07\/se-shpejti-do-te-nenshkruhet-marreveshja-e-bashkepunimit-kulturor\/"]}]},{"@type":"BreadcrumbList","@id":"https:\/\/www.visit-ulcinj.com\/blog\/2009\/01\/07\/se-shpejti-do-te-nenshkruhet-marreveshja-e-bashkepunimit-kulturor\/#breadcrumb","itemListElement":[{"@type":"ListItem","position":1,"name":"S\u00eb shpejti do t\u00eb n\u00ebnshkruhet Marr\u00ebveshja e Bashk\u00ebpunimit kulturor"}]},{"@type":"Person","@id":"https:\/\/www.visit-ulcinj.com\/blog\/#\/schema\/person\/dcab619c614d3038751c63bc2aadc06d","name":"ulqini","sameAs":["http:\/\/www.visit-ulcinj.com"],"url":"https:\/\/www.visit-ulcinj.com\/blog\/author\/admin\/"}]}},"jetpack_featured_media_url":"","jetpack_sharing_enabled":true,"jetpack_shortlink":"https:\/\/wp.me\/pe6lTn-27Z","_links":{"self":[{"href":"https:\/\/www.visit-ulcinj.com\/blog\/wp-json\/wp\/v2\/posts\/8183"}],"collection":[{"href":"https:\/\/www.visit-ulcinj.com\/blog\/wp-json\/wp\/v2\/posts"}],"about":[{"href":"https:\/\/www.visit-ulcinj.com\/blog\/wp-json\/wp\/v2\/types\/post"}],"author":[{"embeddable":true,"href":"https:\/\/www.visit-ulcinj.com\/blog\/wp-json\/wp\/v2\/users\/1"}],"replies":[{"embeddable":true,"href":"https:\/\/www.visit-ulcinj.com\/blog\/wp-json\/wp\/v2\/comments?post=8183"}],"version-history":[{"count":0,"href":"https:\/\/www.visit-ulcinj.com\/blog\/wp-json\/wp\/v2\/posts\/8183\/revisions"}],"wp:attachment":[{"href":"https:\/\/www.visit-ulcinj.com\/blog\/wp-json\/wp\/v2\/media?parent=8183"}],"wp:term":[{"taxonomy":"category","embeddable":true,"href":"https:\/\/www.visit-ulcinj.com\/blog\/wp-json\/wp\/v2\/categories?post=8183"},{"taxonomy":"post_tag","embeddable":true,"href":"https:\/\/www.visit-ulcinj.com\/blog\/wp-json\/wp\/v2\/tags?post=8183"}],"curies":[{"name":"wp","href":"https:\/\/api.w.org\/{rel}","templated":true}]}}