{"id":81831,"date":"2014-04-23T18:51:15","date_gmt":"2014-04-23T17:51:15","guid":{"rendered":"http:\/\/www.visit-ulcinj.com\/blog\/?p=81831"},"modified":"2014-04-23T18:54:06","modified_gmt":"2014-04-23T17:54:06","slug":"ulqini-gati-perpushuesit-kosovare-oferta-speciale-per-1-maj","status":"publish","type":"post","link":"https:\/\/www.visit-ulcinj.com\/blog\/2014\/04\/23\/ulqini-gati-perpushuesit-kosovare-oferta-speciale-per-1-maj\/","title":{"rendered":"Ulqini, gati p\u00ebr pushuesit kosovar\u00eb, oferta speciale p\u00ebr 1 Maj"},"content":{"rendered":"<p><strong><a href=\"http:\/\/www.visit-ulcinj.com\/blog\/wp-content\/uploads\/2012\/07\/Copakabana-plaza-ulcinj.jpg\"><img loading=\"lazy\" class=\"alignleft  wp-image-62298\" alt=\"Copakabana plaza ulcinj\" src=\"http:\/\/www.visit-ulcinj.com\/blog\/wp-content\/uploads\/2012\/07\/Copakabana-plaza-ulcinj.jpg\" width=\"508\" height=\"360\" \/><\/a>Ulqini tashm\u00eb ka b\u00ebr\u00eb t\u00eb gjitha p\u00ebrgatitjet p\u00ebr ata q\u00eb preferojn\u00eb t\u2019i kalojn\u00eb pushimet n\u00eb k\u00ebt\u00eb bregdet. Madje, Ulqini k\u00ebsaj vere ka oferta speciale p\u00ebr pushuesit kosovar\u00eb, t\u00eb cil\u00ebt preferojn\u00eb q\u00eb edhe fest\u00ebn e 1 majit ta kalojn\u00eb atje.<\/strong><\/p>\n<p>E drejtues t\u00eb k\u00ebsaj komune jan\u00eb t\u00eb bindur se kosovaret edhe k\u00ebt\u00eb ver\u00eb do ta vizitojn\u00eb Ulqinin i cili sipas tyre ofron kushte t\u00eb mira p\u00ebr turist\u00ebt q\u00eb e zgjedhin k\u00ebt\u00eb bregdet p\u00ebr t\u2019i kaluar dit\u00ebt e nxehta. Ata k\u00ebto dit\u00eb po shpalosin ofertat turistike n\u00eb Kosov\u00eb, pasiq\u00eb kosovaret p\u00ebrb\u00ebjn\u00eb 70 p\u00ebr qind t\u00eb pushuesve n\u00eb bregdetin e tyre.<\/p>\n<p>Kryetari i komun\u00ebs s\u00eb Ulqinit, Fatmir Gjeka ka th\u00ebn\u00eb p\u00ebr KosovaPress se kan\u00eb b\u00ebr\u00eb t\u00eb gjitha p\u00ebrgatitjet p\u00ebr k\u00ebt\u00eb sezon dhe se oferta e qytetit t\u00eb bukur t\u00eb Ulqinit edhe k\u00ebt\u00eb vit \u00ebsht\u00eb shum\u00eb atraktive.<\/p>\n<p>\u201cSa i p\u00ebrket risis\u00eb q\u00eb\u00ebsht\u00eb e r\u00ebnd\u00ebsishme p\u00ebr pritjen e nj\u00eb numri t\u00eb madh t\u00eb turist\u00ebve, \u00ebsht\u00eb se mysafireve q\u00eb e frekuentojn\u00eb Ulqinin gjat\u00eb sezonit turistik, komuna me institucionet e saj ka b\u00ebr\u00eb p\u00ebrgatitjet dhe besoj se jemi t\u00eb gatsh\u00ebm t\u00ebpresim fluksin e madh q\u00eb do ta kemi gjat\u00eb sezonit veror\u00eb, qoft\u00eb p\u00ebr furnizim me uj\u00eb, qoft\u00eb p\u00ebr past\u00ebrti, qoft\u00eb p\u00ebr siguri, qoft\u00eb p\u00ebr t\u00eb gjitha ato \u00e7ka jan\u00eb pjes\u00eb p\u00ebrcjell\u00ebse e sezonit turistik\u201d, tha ai.<\/p>\n<p>Nd\u00ebrsa, thot\u00eb se Ulqini vazhdon t\u00eb jet\u00eb i pakonkurrenc\u00eb, pasiq\u00eb vendet bregdetare p\u00ebrreth tij ende jan\u00eb shum\u00eb larg po t\u00eb krahasohen me Ulqinin sa i p\u00ebrket p\u00ebrgatitjeve dhe at\u00eb se \u00e7ka ofron p\u00ebr turist\u00ebt. Madje thot\u00eb se nuk e ndjejn\u00eb konkurrenc\u00ebn as nga bregdeti i Shqip\u00ebris\u00eb.<\/p>\n<p>Ai shtoi se \u00e7mimet q\u00eb ata ofrojn\u00eb p\u00ebr turist\u00ebt jan\u00eb shum\u00eb t\u00eb volitshme dhe me t\u00eb ul\u00ebta se sa vendet e regjionit.<\/p>\n<p>\u201cUlqini dhe Kosova kan\u00eb nj\u00eb lidhje shum\u00eb t\u00eb gjat\u00eb. \u00cbsht\u00eb nj\u00eb lidhje q\u00eb\u00ebsht\u00eb dhe shpirt\u00ebrore nd\u00ebr vete. Dihet se jan\u00eb disa dekada q\u00eb Ulqini \u00ebsht\u00eb i lidhur me Kosov\u00ebn dhe Ko sova \u00ebsht\u00eb e lidhur me t\u00eb. Dhe mund t\u00eb them se ardhja e kosovareve n\u00eb Ulqin \u00ebsht\u00eb si ardhja n\u00eb qytet e tyre. P\u00ebrpos lidhjeve shpirt\u00ebrore q\u00eb ka Ulqini me Kosov\u00ebn, ne p\u00ebrgatitemi dhe b\u00ebjm\u00eb edhe q\u00eb t\u00eb jemi dhe konkurrent. Nuk duhet l\u00ebn\u00eb vet\u00ebm n\u00eb at\u00eb lidhje shpirt\u00ebrore duke e ditur se \u00ebsht\u00eb e v\u00ebrtet q\u00eb shumica e kosovareve kan\u00eb si pik\u00eb frekuentimi p\u00ebr sezonin turistik Ulqinin. Por duhet t\u00eb b\u00ebjm\u00eb dhe at\u00eb q\u00eb konkurrojm\u00eb&#8230;t\u00eb krahasohemi me qytete tjera bregdetare qoft\u00eb n\u00eb Shqip\u00ebri apo Mal t\u00eb Zi. Mendoj q\u00eb Ulqini ende kryeson shum\u00eb larg\u201d, tha ai.<\/p>\n<p>Nd\u00ebrsa, p\u00ebr kosovaret q\u00eb preferojn\u00eb festen e 1 majit ta kalojn\u00eb n\u00eb Ulqin, ata i presin oferta speciale dhe zbritje e \u00e7mimeve n\u00eb shum\u00eb hotele.<\/p>\n<p>\u201cSi zakonisht jemi t\u00eb bindur se kosovaret edhe k\u00ebt\u00eb vit do t\u00eb zgjedhin si destinacion t\u00eb tyre t\u00eb preferuar Ulqinin. Sa i p\u00ebrket festes s\u00eb 1 Majit ne kemi p\u00ebrgatitur oferta speciale. Dhe shum\u00eb hotele kan\u00eb b\u00ebr\u00eb zbritje t\u00eb \u00e7mimeve dhe paketa. N\u00eb disa hotele si\u00e7 \u00ebsht\u00eb Ada, n\u00eb\u00e7oft\u00ebse paguani dy net\u00eb , t\u00eb treten e keni gratis dhe k\u00ebshtu me radh\u00eb. Jemi t\u00eb bindur se t\u00eb gjitha hotelet kan\u00eb b\u00ebr\u00eb l\u00ebshime n\u00eb nj\u00ebr\u00ebn an\u00eb, kurse, n\u00eb an\u00ebn tjet\u00ebr ne si Komun\u00eb, si organizat\u00eb turistike, jemi munduar q\u00eb t\u00eb ngrisim ofert\u00ebn turistike t\u00eb Ulqinit, me organizimin e manifestimeve dhe evenimenteve t\u00eb ndryshme. Pra,kremtimi i festes s\u00eb 1 majit p\u00ebr \u00e7ka dhe i ftoj gjith\u00eb q\u00eb edhe k\u00ebt\u00eb vit t\u00eb vijn\u00eb n\u00eb Ulqin dhe t\u2019i kalojn\u00eb pushimet e tyre t\u00eb b\u00ebhet kremtimi n\u00eb disa lokacione t\u00eb ndryshme\u201d, tha ai.<\/p>\n<p>Karamanaga thekson se me nd\u00ebrtimin e autostrad\u00ebs Kosov\u00eb-Shqip\u00ebri, \u00ebsht\u00eb rritur duksh\u00ebm numri i turist\u00ebve kosovar\u00eb q\u00eb vikendin preferojn\u00eb ta kalojn\u00eb n\u00eb Ulqin.<\/p>\n<p>Ndryshe, q\u00eb nga 1 maji, qyteti i Ulqinit do t\u00eb ofroj\u00eb evenimente atraktive p\u00ebr turist\u00ebt, duke filluar nga manifestimi \u201c T\u00eb gjith\u00eb p\u00ebr turiz\u00ebm\u201d, ku do t\u00eb b\u00ebhet hapja e panaireve t\u00eb ndryshme, si dhe ndarja e 500 litrave ven\u00eb, 500 litrave birr\u00eb dhe 500 kg peshk gratis, p\u00ebr t\u00eb gjith\u00eb mysafir\u00ebt t\u00eb cil\u00ebt do t\u00eb jen\u00eb prezent n\u00eb Ulqin me 1 maj. Po ashtu, do t\u00eb ket\u00eb nj\u00eb program t\u00eb begatsh\u00ebm kulturo- artistik, ku do t\u00ebp\u00ebrformojn\u00ebDj t\u00eb njohur, si dhe aktivitete t\u00eb ndryshme sportive.<\/p>\n<p><strong>Gazeta Express<br \/>\n<!--YouTube Error: bad URL entered--><br \/>\n<\/strong><\/p>\n","protected":false},"excerpt":{"rendered":"<p>Ulqini tashm\u00eb ka b\u00ebr\u00eb t\u00eb gjitha p\u00ebrgatitjet p\u00ebr ata q\u00eb preferojn\u00eb t\u2019i kalojn\u00eb pushimet n\u00eb k\u00ebt\u00eb bregdet. Madje, Ulqini k\u00ebsaj vere ka oferta speciale p\u00ebr pushuesit kosovar\u00eb, t\u00eb cil\u00ebt preferojn\u00eb q\u00eb edhe fest\u00ebn e 1 majit ta kalojn\u00eb atje. E drejtues t\u00eb k\u00ebsaj komune jan\u00eb t\u00eb bindur se kosovaret edhe k\u00ebt\u00eb ver\u00eb do ta vizitojn\u00eb [&hellip;]<\/p>\n","protected":false},"author":1,"featured_media":0,"comment_status":"closed","ping_status":"closed","sticky":false,"template":"","format":"standard","meta":{"spay_email":"","jetpack_publicize_message":"","jetpack_is_tweetstorm":false,"jetpack_publicize_feature_enabled":true},"categories":[10],"tags":[],"jetpack_publicize_connections":[],"yoast_head":"<!-- This site is optimized with the Yoast SEO plugin v19.1 - https:\/\/yoast.com\/wordpress\/plugins\/seo\/ -->\n<title>Ulqini, gati p\u00ebr pushuesit kosovar\u00eb, oferta speciale p\u00ebr 1 Maj - Lajme nga Ulqini<\/title>\n<meta name=\"description\" content=\"Ulqini tashm\u00eb ka b\u00ebr\u00eb t\u00eb gjitha p\u00ebrgatitjet p\u00ebr ata q\u00eb preferojn\u00eb t\u2019i kalojn\u00eb pushimet n\u00eb k\u00ebt\u00eb bregdet. Madje, Ulqini k\u00ebsaj vere ka oferta speciale p\u00ebr\" \/>\n<meta name=\"robots\" content=\"index, follow, max-snippet:-1, max-image-preview:large, max-video-preview:-1\" \/>\n<link rel=\"canonical\" href=\"https:\/\/www.visit-ulcinj.com\/blog\/2014\/04\/23\/ulqini-gati-perpushuesit-kosovare-oferta-speciale-per-1-maj\/\" \/>\n<meta property=\"og:locale\" content=\"en_US\" \/>\n<meta property=\"og:type\" content=\"article\" \/>\n<meta property=\"og:title\" content=\"Ulqini, gati p\u00ebr pushuesit kosovar\u00eb, oferta speciale p\u00ebr 1 Maj - Lajme nga Ulqini\" \/>\n<meta property=\"og:description\" content=\"Ulqini tashm\u00eb ka b\u00ebr\u00eb t\u00eb gjitha p\u00ebrgatitjet p\u00ebr ata q\u00eb preferojn\u00eb t\u2019i kalojn\u00eb pushimet n\u00eb k\u00ebt\u00eb bregdet. Madje, Ulqini k\u00ebsaj vere ka oferta speciale p\u00ebr\" \/>\n<meta property=\"og:url\" content=\"https:\/\/www.visit-ulcinj.com\/blog\/2014\/04\/23\/ulqini-gati-perpushuesit-kosovare-oferta-speciale-per-1-maj\/\" \/>\n<meta property=\"og:site_name\" content=\"Lajme nga Ulqini\" \/>\n<meta property=\"article:published_time\" content=\"2014-04-23T17:51:15+00:00\" \/>\n<meta property=\"article:modified_time\" content=\"2014-04-23T17:54:06+00:00\" \/>\n<meta property=\"og:image\" content=\"http:\/\/www.visit-ulcinj.com\/blog\/wp-content\/uploads\/2012\/07\/Copakabana-plaza-ulcinj.jpg\" \/>\n<meta name=\"twitter:label1\" content=\"Written by\" \/>\n\t<meta name=\"twitter:data1\" content=\"ulqini\" \/>\n\t<meta name=\"twitter:label2\" content=\"Est. reading time\" \/>\n\t<meta name=\"twitter:data2\" content=\"4 minutes\" \/>\n<script type=\"application\/ld+json\" class=\"yoast-schema-graph\">{\"@context\":\"https:\/\/schema.org\",\"@graph\":[{\"@type\":\"WebSite\",\"@id\":\"https:\/\/www.visit-ulcinj.com\/blog\/#website\",\"url\":\"https:\/\/www.visit-ulcinj.com\/blog\/\",\"name\":\"Lajme nga Ulqini\",\"description\":\"Lajme,Vijesti,Ulqini,Ulqin,Crna Gora,Mali i Zi\",\"potentialAction\":[{\"@type\":\"SearchAction\",\"target\":{\"@type\":\"EntryPoint\",\"urlTemplate\":\"https:\/\/www.visit-ulcinj.com\/blog\/?s={search_term_string}\"},\"query-input\":\"required name=search_term_string\"}],\"inLanguage\":\"en-US\"},{\"@type\":\"ImageObject\",\"inLanguage\":\"en-US\",\"@id\":\"https:\/\/www.visit-ulcinj.com\/blog\/2014\/04\/23\/ulqini-gati-perpushuesit-kosovare-oferta-speciale-per-1-maj\/#primaryimage\",\"url\":\"https:\/\/www.visit-ulcinj.com\/blog\/wp-content\/uploads\/2012\/07\/Copakabana-plaza-ulcinj.jpg\",\"contentUrl\":\"https:\/\/www.visit-ulcinj.com\/blog\/wp-content\/uploads\/2012\/07\/Copakabana-plaza-ulcinj.jpg\",\"width\":\"2048\",\"height\":\"1536\"},{\"@type\":\"WebPage\",\"@id\":\"https:\/\/www.visit-ulcinj.com\/blog\/2014\/04\/23\/ulqini-gati-perpushuesit-kosovare-oferta-speciale-per-1-maj\/#webpage\",\"url\":\"https:\/\/www.visit-ulcinj.com\/blog\/2014\/04\/23\/ulqini-gati-perpushuesit-kosovare-oferta-speciale-per-1-maj\/\",\"name\":\"Ulqini, gati p\u00ebr pushuesit kosovar\u00eb, oferta speciale p\u00ebr 1 Maj - Lajme nga Ulqini\",\"isPartOf\":{\"@id\":\"https:\/\/www.visit-ulcinj.com\/blog\/#website\"},\"primaryImageOfPage\":{\"@id\":\"https:\/\/www.visit-ulcinj.com\/blog\/2014\/04\/23\/ulqini-gati-perpushuesit-kosovare-oferta-speciale-per-1-maj\/#primaryimage\"},\"datePublished\":\"2014-04-23T17:51:15+00:00\",\"dateModified\":\"2014-04-23T17:54:06+00:00\",\"author\":{\"@id\":\"https:\/\/www.visit-ulcinj.com\/blog\/#\/schema\/person\/dcab619c614d3038751c63bc2aadc06d\"},\"description\":\"Ulqini tashm\u00eb ka b\u00ebr\u00eb t\u00eb gjitha p\u00ebrgatitjet p\u00ebr ata q\u00eb preferojn\u00eb t\u2019i kalojn\u00eb pushimet n\u00eb k\u00ebt\u00eb bregdet. Madje, Ulqini k\u00ebsaj vere ka oferta speciale p\u00ebr\",\"breadcrumb\":{\"@id\":\"https:\/\/www.visit-ulcinj.com\/blog\/2014\/04\/23\/ulqini-gati-perpushuesit-kosovare-oferta-speciale-per-1-maj\/#breadcrumb\"},\"inLanguage\":\"en-US\",\"potentialAction\":[{\"@type\":\"ReadAction\",\"target\":[\"https:\/\/www.visit-ulcinj.com\/blog\/2014\/04\/23\/ulqini-gati-perpushuesit-kosovare-oferta-speciale-per-1-maj\/\"]}]},{\"@type\":\"BreadcrumbList\",\"@id\":\"https:\/\/www.visit-ulcinj.com\/blog\/2014\/04\/23\/ulqini-gati-perpushuesit-kosovare-oferta-speciale-per-1-maj\/#breadcrumb\",\"itemListElement\":[{\"@type\":\"ListItem\",\"position\":1,\"name\":\"Ulqini, gati p\u00ebr pushuesit kosovar\u00eb, oferta speciale p\u00ebr 1 Maj\"}]},{\"@type\":\"Person\",\"@id\":\"https:\/\/www.visit-ulcinj.com\/blog\/#\/schema\/person\/dcab619c614d3038751c63bc2aadc06d\",\"name\":\"ulqini\",\"sameAs\":[\"http:\/\/www.visit-ulcinj.com\"],\"url\":\"https:\/\/www.visit-ulcinj.com\/blog\/author\/admin\/\"}]}<\/script>\n<!-- \/ Yoast SEO plugin. -->","yoast_head_json":{"title":"Ulqini, gati p\u00ebr pushuesit kosovar\u00eb, oferta speciale p\u00ebr 1 Maj - Lajme nga Ulqini","description":"Ulqini tashm\u00eb ka b\u00ebr\u00eb t\u00eb gjitha p\u00ebrgatitjet p\u00ebr ata q\u00eb preferojn\u00eb t\u2019i kalojn\u00eb pushimet n\u00eb k\u00ebt\u00eb bregdet. Madje, Ulqini k\u00ebsaj vere ka oferta speciale p\u00ebr","robots":{"index":"index","follow":"follow","max-snippet":"max-snippet:-1","max-image-preview":"max-image-preview:large","max-video-preview":"max-video-preview:-1"},"canonical":"https:\/\/www.visit-ulcinj.com\/blog\/2014\/04\/23\/ulqini-gati-perpushuesit-kosovare-oferta-speciale-per-1-maj\/","og_locale":"en_US","og_type":"article","og_title":"Ulqini, gati p\u00ebr pushuesit kosovar\u00eb, oferta speciale p\u00ebr 1 Maj - Lajme nga Ulqini","og_description":"Ulqini tashm\u00eb ka b\u00ebr\u00eb t\u00eb gjitha p\u00ebrgatitjet p\u00ebr ata q\u00eb preferojn\u00eb t\u2019i kalojn\u00eb pushimet n\u00eb k\u00ebt\u00eb bregdet. Madje, Ulqini k\u00ebsaj vere ka oferta speciale p\u00ebr","og_url":"https:\/\/www.visit-ulcinj.com\/blog\/2014\/04\/23\/ulqini-gati-perpushuesit-kosovare-oferta-speciale-per-1-maj\/","og_site_name":"Lajme nga Ulqini","article_published_time":"2014-04-23T17:51:15+00:00","article_modified_time":"2014-04-23T17:54:06+00:00","og_image":[{"url":"http:\/\/www.visit-ulcinj.com\/blog\/wp-content\/uploads\/2012\/07\/Copakabana-plaza-ulcinj.jpg"}],"twitter_misc":{"Written by":"ulqini","Est. reading time":"4 minutes"},"schema":{"@context":"https:\/\/schema.org","@graph":[{"@type":"WebSite","@id":"https:\/\/www.visit-ulcinj.com\/blog\/#website","url":"https:\/\/www.visit-ulcinj.com\/blog\/","name":"Lajme nga Ulqini","description":"Lajme,Vijesti,Ulqini,Ulqin,Crna Gora,Mali i Zi","potentialAction":[{"@type":"SearchAction","target":{"@type":"EntryPoint","urlTemplate":"https:\/\/www.visit-ulcinj.com\/blog\/?s={search_term_string}"},"query-input":"required name=search_term_string"}],"inLanguage":"en-US"},{"@type":"ImageObject","inLanguage":"en-US","@id":"https:\/\/www.visit-ulcinj.com\/blog\/2014\/04\/23\/ulqini-gati-perpushuesit-kosovare-oferta-speciale-per-1-maj\/#primaryimage","url":"https:\/\/www.visit-ulcinj.com\/blog\/wp-content\/uploads\/2012\/07\/Copakabana-plaza-ulcinj.jpg","contentUrl":"https:\/\/www.visit-ulcinj.com\/blog\/wp-content\/uploads\/2012\/07\/Copakabana-plaza-ulcinj.jpg","width":"2048","height":"1536"},{"@type":"WebPage","@id":"https:\/\/www.visit-ulcinj.com\/blog\/2014\/04\/23\/ulqini-gati-perpushuesit-kosovare-oferta-speciale-per-1-maj\/#webpage","url":"https:\/\/www.visit-ulcinj.com\/blog\/2014\/04\/23\/ulqini-gati-perpushuesit-kosovare-oferta-speciale-per-1-maj\/","name":"Ulqini, gati p\u00ebr pushuesit kosovar\u00eb, oferta speciale p\u00ebr 1 Maj - Lajme nga Ulqini","isPartOf":{"@id":"https:\/\/www.visit-ulcinj.com\/blog\/#website"},"primaryImageOfPage":{"@id":"https:\/\/www.visit-ulcinj.com\/blog\/2014\/04\/23\/ulqini-gati-perpushuesit-kosovare-oferta-speciale-per-1-maj\/#primaryimage"},"datePublished":"2014-04-23T17:51:15+00:00","dateModified":"2014-04-23T17:54:06+00:00","author":{"@id":"https:\/\/www.visit-ulcinj.com\/blog\/#\/schema\/person\/dcab619c614d3038751c63bc2aadc06d"},"description":"Ulqini tashm\u00eb ka b\u00ebr\u00eb t\u00eb gjitha p\u00ebrgatitjet p\u00ebr ata q\u00eb preferojn\u00eb t\u2019i kalojn\u00eb pushimet n\u00eb k\u00ebt\u00eb bregdet. Madje, Ulqini k\u00ebsaj vere ka oferta speciale p\u00ebr","breadcrumb":{"@id":"https:\/\/www.visit-ulcinj.com\/blog\/2014\/04\/23\/ulqini-gati-perpushuesit-kosovare-oferta-speciale-per-1-maj\/#breadcrumb"},"inLanguage":"en-US","potentialAction":[{"@type":"ReadAction","target":["https:\/\/www.visit-ulcinj.com\/blog\/2014\/04\/23\/ulqini-gati-perpushuesit-kosovare-oferta-speciale-per-1-maj\/"]}]},{"@type":"BreadcrumbList","@id":"https:\/\/www.visit-ulcinj.com\/blog\/2014\/04\/23\/ulqini-gati-perpushuesit-kosovare-oferta-speciale-per-1-maj\/#breadcrumb","itemListElement":[{"@type":"ListItem","position":1,"name":"Ulqini, gati p\u00ebr pushuesit kosovar\u00eb, oferta speciale p\u00ebr 1 Maj"}]},{"@type":"Person","@id":"https:\/\/www.visit-ulcinj.com\/blog\/#\/schema\/person\/dcab619c614d3038751c63bc2aadc06d","name":"ulqini","sameAs":["http:\/\/www.visit-ulcinj.com"],"url":"https:\/\/www.visit-ulcinj.com\/blog\/author\/admin\/"}]}},"jetpack_featured_media_url":"","jetpack_sharing_enabled":true,"jetpack_shortlink":"https:\/\/wp.me\/pe6lTn-lhR","_links":{"self":[{"href":"https:\/\/www.visit-ulcinj.com\/blog\/wp-json\/wp\/v2\/posts\/81831"}],"collection":[{"href":"https:\/\/www.visit-ulcinj.com\/blog\/wp-json\/wp\/v2\/posts"}],"about":[{"href":"https:\/\/www.visit-ulcinj.com\/blog\/wp-json\/wp\/v2\/types\/post"}],"author":[{"embeddable":true,"href":"https:\/\/www.visit-ulcinj.com\/blog\/wp-json\/wp\/v2\/users\/1"}],"replies":[{"embeddable":true,"href":"https:\/\/www.visit-ulcinj.com\/blog\/wp-json\/wp\/v2\/comments?post=81831"}],"version-history":[{"count":3,"href":"https:\/\/www.visit-ulcinj.com\/blog\/wp-json\/wp\/v2\/posts\/81831\/revisions"}],"predecessor-version":[{"id":81834,"href":"https:\/\/www.visit-ulcinj.com\/blog\/wp-json\/wp\/v2\/posts\/81831\/revisions\/81834"}],"wp:attachment":[{"href":"https:\/\/www.visit-ulcinj.com\/blog\/wp-json\/wp\/v2\/media?parent=81831"}],"wp:term":[{"taxonomy":"category","embeddable":true,"href":"https:\/\/www.visit-ulcinj.com\/blog\/wp-json\/wp\/v2\/categories?post=81831"},{"taxonomy":"post_tag","embeddable":true,"href":"https:\/\/www.visit-ulcinj.com\/blog\/wp-json\/wp\/v2\/tags?post=81831"}],"curies":[{"name":"wp","href":"https:\/\/api.w.org\/{rel}","templated":true}]}}