{"id":81839,"date":"2014-04-24T08:47:12","date_gmt":"2014-04-24T07:47:12","guid":{"rendered":"http:\/\/www.visit-ulcinj.com\/blog\/?p=81839"},"modified":"2014-04-24T08:47:12","modified_gmt":"2014-04-24T07:47:12","slug":"dritan-abazovic-nikad-necemo-podrzati-dps","status":"publish","type":"post","link":"https:\/\/www.visit-ulcinj.com\/blog\/2014\/04\/24\/dritan-abazovic-nikad-necemo-podrzati-dps\/","title":{"rendered":"Dritan Abazovi\u0107: Nikad ne\u0107emo podr\u017eati DPS"},"content":{"rendered":"<p><a href=\"http:\/\/www.visit-ulcinj.com\/blog\/wp-content\/uploads\/2014\/04\/Dritan-Abazovic.jpg\"><img loading=\"lazy\" class=\"alignleft  wp-image-81840\" alt=\"Dritan-Abazovic\" src=\"http:\/\/www.visit-ulcinj.com\/blog\/wp-content\/uploads\/2014\/04\/Dritan-Abazovic.jpg\" width=\"508\" height=\"360\" \/><\/a>Poslanik Pozitivne Crne Gore Dritan Abazovi\u0107 kazao je da je njegova partija osnovana da bi dovela do demokratske smjene vlasti i da nikada ne\u0107e podr\u017eati politiku DPS-a.<\/p>\n<p>\u201eMi smo partija koja ima vrlo jasan otklon prema svemu \u0161to je personifikacija jedne korumpirane vladavine DPS-a. Logi\u010dno je da nikada ne\u0107emo podr\u017eati takvu politiku. S druge strane, mi smo partija gra\u0111anske profilacije, koja se striktno zala\u017ee za po\u0161tovanje Ustava ove zemlje. Onakav kakav jeste i svako ko to derogira logi\u010dno je da ima problema da bude na\u0161 sagovornik\u201c, kazao je Abazovi\u0107, gostuju\u0107i na NTV Montena.<\/p>\n<p>Raspravljaju\u0107i o politi\u010dkoj ponudi koalicije u Podgorici, Abazovi\u0107 je kazao da, prema njegovom mi\u0161ljenju, \u201estvari treba da budu kristalno jasne\u201c.<\/p>\n<p>\u201eSDP, ukoliko \u017eeli da ostane na \u201eTitaniku\u201c, koji personifikuje sada\u0161nja vlast u Crnoj Gori, slobodno mo\u017ee svojom voljom tamo da ostane. Na\u0161e je da im pru\u017eimo ruku da se iskrcaju na obalu i mi se nadamo da \u0107e to oni u\u010diniti. Vi\u0161e je bilo vjerovati da \u0107e to oni u\u010diniti i da poku\u0161amo napraviti ovaj koalicioni model u Podgorici. Da poku\u0161amo mo\u017eda sjutra i na dr\u017eavnom nivou\u201d, kazao je poslanik Pozitivne.<\/p>\n<p>Naglasio je da \u201eukoliko \u017eele da ovo bude jo\u0161 jedan njihov politi\u010dki trik i da to bude uvla\u010denje bilo koga u koaliciju i pravljenje \u0161tete\u00a0 gra\u0111anima, to im mo\u017ee donijeti kratkoro\u010dnu korist, ali dugoro\u010dno \u0107e im donijeti veliku politi\u010dku \u0161tetu\u201c.<\/p>\n<p>Razlika izme\u0111u Pozitivne i SDP-a, po Abazovi\u0107u, prili\u010dno je velika, ali nije nepremostiva.<\/p>\n<p>\u201eOni su vlast protiv koje se bori Pozitivna Crna Gora. Mislim da su oni zalutali \u0161to se ti\u010de ideologije i ne\u0107u da ih u\u010dim, ali smo mi zaista protiv neoliberalnog koncepta. Mi nijesmo u\u010destvovali u privatizacijama koje su bile \u0161tetne u ovoj zemlji. Privatizacije treba preispitati\u201c, kazao je Abazovi\u0107.<\/p>\n<p>On je kazao da ne bi isklju\u010divao nikoga kao saveznika i poru\u010dio da je \u201eDemokratski front, kao jedan od opozicionih konstituenata, vi\u0161e nego dobro do\u0161ao kao sagovornik za budu\u0107e djelovanje\u201d.<\/p>\n<p>Poslanik Pozitivne je kazao \u201eda su otvoreni za saradnju sa DF-om, jer nijesu neko ko je autisti\u010dan\u201d, a za konstataciju lidera DF-a, Miodraga Leki\u0107a da se bori za promjenu vlasti, da bi se zaustavila sumorna situacija, Abazovi\u0107 ka\u017ee da bi Leki\u0107 \u201etu svoju re\u010denicu trebalo da podijeli sa svojim partijskim drugovima\u201d.<\/p>\n<p><strong>Izvor: RTCG<\/strong><\/p>\n","protected":false},"excerpt":{"rendered":"<p>Poslanik Pozitivne Crne Gore Dritan Abazovi\u0107 kazao je da je njegova partija osnovana da bi dovela do demokratske smjene vlasti i da nikada ne\u0107e podr\u017eati politiku DPS-a. \u201eMi smo partija koja ima vrlo jasan otklon prema svemu \u0161to je personifikacija jedne korumpirane vladavine DPS-a. Logi\u010dno je da nikada ne\u0107emo podr\u017eati takvu politiku. S druge strane, [&hellip;]<\/p>\n","protected":false},"author":1,"featured_media":0,"comment_status":"closed","ping_status":"closed","sticky":false,"template":"","format":"standard","meta":{"spay_email":"","jetpack_publicize_message":"","jetpack_is_tweetstorm":false,"jetpack_publicize_feature_enabled":true},"categories":[8337],"tags":[],"jetpack_publicize_connections":[],"yoast_head":"<!-- This site is optimized with the Yoast SEO plugin v19.1 - https:\/\/yoast.com\/wordpress\/plugins\/seo\/ -->\n<title>Dritan Abazovi\u0107: Nikad ne\u0107emo podr\u017eati DPS - Lajme nga Ulqini<\/title>\n<meta name=\"description\" content=\"Poslanik Pozitivne Crne Gore Dritan Abazovi\u0107 kazao je da je njegova partija osnovana da bi dovela do demokratske smjene vlasti i da nikada ne\u0107e podr\u017eati\" \/>\n<meta name=\"robots\" content=\"index, follow, max-snippet:-1, max-image-preview:large, max-video-preview:-1\" \/>\n<link rel=\"canonical\" href=\"https:\/\/www.visit-ulcinj.com\/blog\/2014\/04\/24\/dritan-abazovic-nikad-necemo-podrzati-dps\/\" \/>\n<meta property=\"og:locale\" content=\"en_US\" \/>\n<meta property=\"og:type\" content=\"article\" \/>\n<meta property=\"og:title\" content=\"Dritan Abazovi\u0107: Nikad ne\u0107emo podr\u017eati DPS - Lajme nga Ulqini\" \/>\n<meta property=\"og:description\" content=\"Poslanik Pozitivne Crne Gore Dritan Abazovi\u0107 kazao je da je njegova partija osnovana da bi dovela do demokratske smjene vlasti i da nikada ne\u0107e podr\u017eati\" \/>\n<meta property=\"og:url\" content=\"https:\/\/www.visit-ulcinj.com\/blog\/2014\/04\/24\/dritan-abazovic-nikad-necemo-podrzati-dps\/\" \/>\n<meta property=\"og:site_name\" content=\"Lajme nga Ulqini\" \/>\n<meta property=\"article:published_time\" content=\"2014-04-24T07:47:12+00:00\" \/>\n<meta property=\"og:image\" content=\"http:\/\/www.visit-ulcinj.com\/blog\/wp-content\/uploads\/2014\/04\/Dritan-Abazovic.jpg\" \/>\n<meta name=\"twitter:label1\" content=\"Written by\" \/>\n\t<meta name=\"twitter:data1\" content=\"ulqini\" \/>\n\t<meta name=\"twitter:label2\" content=\"Est. reading time\" \/>\n\t<meta name=\"twitter:data2\" content=\"2 minutes\" \/>\n<script type=\"application\/ld+json\" class=\"yoast-schema-graph\">{\"@context\":\"https:\/\/schema.org\",\"@graph\":[{\"@type\":\"WebSite\",\"@id\":\"https:\/\/www.visit-ulcinj.com\/blog\/#website\",\"url\":\"https:\/\/www.visit-ulcinj.com\/blog\/\",\"name\":\"Lajme nga Ulqini\",\"description\":\"Lajme,Vijesti,Ulqini,Ulqin,Crna Gora,Mali i Zi\",\"potentialAction\":[{\"@type\":\"SearchAction\",\"target\":{\"@type\":\"EntryPoint\",\"urlTemplate\":\"https:\/\/www.visit-ulcinj.com\/blog\/?s={search_term_string}\"},\"query-input\":\"required name=search_term_string\"}],\"inLanguage\":\"en-US\"},{\"@type\":\"ImageObject\",\"inLanguage\":\"en-US\",\"@id\":\"https:\/\/www.visit-ulcinj.com\/blog\/2014\/04\/24\/dritan-abazovic-nikad-necemo-podrzati-dps\/#primaryimage\",\"url\":\"https:\/\/www.visit-ulcinj.com\/blog\/wp-content\/uploads\/2014\/04\/Dritan-Abazovic.jpg\",\"contentUrl\":\"https:\/\/www.visit-ulcinj.com\/blog\/wp-content\/uploads\/2014\/04\/Dritan-Abazovic.jpg\",\"width\":646,\"height\":480},{\"@type\":\"WebPage\",\"@id\":\"https:\/\/www.visit-ulcinj.com\/blog\/2014\/04\/24\/dritan-abazovic-nikad-necemo-podrzati-dps\/#webpage\",\"url\":\"https:\/\/www.visit-ulcinj.com\/blog\/2014\/04\/24\/dritan-abazovic-nikad-necemo-podrzati-dps\/\",\"name\":\"Dritan Abazovi\u0107: Nikad ne\u0107emo podr\u017eati DPS - Lajme nga Ulqini\",\"isPartOf\":{\"@id\":\"https:\/\/www.visit-ulcinj.com\/blog\/#website\"},\"primaryImageOfPage\":{\"@id\":\"https:\/\/www.visit-ulcinj.com\/blog\/2014\/04\/24\/dritan-abazovic-nikad-necemo-podrzati-dps\/#primaryimage\"},\"datePublished\":\"2014-04-24T07:47:12+00:00\",\"dateModified\":\"2014-04-24T07:47:12+00:00\",\"author\":{\"@id\":\"https:\/\/www.visit-ulcinj.com\/blog\/#\/schema\/person\/dcab619c614d3038751c63bc2aadc06d\"},\"description\":\"Poslanik Pozitivne Crne Gore Dritan Abazovi\u0107 kazao je da je njegova partija osnovana da bi dovela do demokratske smjene vlasti i da nikada ne\u0107e podr\u017eati\",\"breadcrumb\":{\"@id\":\"https:\/\/www.visit-ulcinj.com\/blog\/2014\/04\/24\/dritan-abazovic-nikad-necemo-podrzati-dps\/#breadcrumb\"},\"inLanguage\":\"en-US\",\"potentialAction\":[{\"@type\":\"ReadAction\",\"target\":[\"https:\/\/www.visit-ulcinj.com\/blog\/2014\/04\/24\/dritan-abazovic-nikad-necemo-podrzati-dps\/\"]}]},{\"@type\":\"BreadcrumbList\",\"@id\":\"https:\/\/www.visit-ulcinj.com\/blog\/2014\/04\/24\/dritan-abazovic-nikad-necemo-podrzati-dps\/#breadcrumb\",\"itemListElement\":[{\"@type\":\"ListItem\",\"position\":1,\"name\":\"Dritan Abazovi\u0107: Nikad ne\u0107emo podr\u017eati DPS\"}]},{\"@type\":\"Person\",\"@id\":\"https:\/\/www.visit-ulcinj.com\/blog\/#\/schema\/person\/dcab619c614d3038751c63bc2aadc06d\",\"name\":\"ulqini\",\"sameAs\":[\"http:\/\/www.visit-ulcinj.com\"],\"url\":\"https:\/\/www.visit-ulcinj.com\/blog\/author\/admin\/\"}]}<\/script>\n<!-- \/ Yoast SEO plugin. -->","yoast_head_json":{"title":"Dritan Abazovi\u0107: Nikad ne\u0107emo podr\u017eati DPS - Lajme nga Ulqini","description":"Poslanik Pozitivne Crne Gore Dritan Abazovi\u0107 kazao je da je njegova partija osnovana da bi dovela do demokratske smjene vlasti i da nikada ne\u0107e podr\u017eati","robots":{"index":"index","follow":"follow","max-snippet":"max-snippet:-1","max-image-preview":"max-image-preview:large","max-video-preview":"max-video-preview:-1"},"canonical":"https:\/\/www.visit-ulcinj.com\/blog\/2014\/04\/24\/dritan-abazovic-nikad-necemo-podrzati-dps\/","og_locale":"en_US","og_type":"article","og_title":"Dritan Abazovi\u0107: Nikad ne\u0107emo podr\u017eati DPS - Lajme nga Ulqini","og_description":"Poslanik Pozitivne Crne Gore Dritan Abazovi\u0107 kazao je da je njegova partija osnovana da bi dovela do demokratske smjene vlasti i da nikada ne\u0107e podr\u017eati","og_url":"https:\/\/www.visit-ulcinj.com\/blog\/2014\/04\/24\/dritan-abazovic-nikad-necemo-podrzati-dps\/","og_site_name":"Lajme nga Ulqini","article_published_time":"2014-04-24T07:47:12+00:00","og_image":[{"url":"http:\/\/www.visit-ulcinj.com\/blog\/wp-content\/uploads\/2014\/04\/Dritan-Abazovic.jpg"}],"twitter_misc":{"Written by":"ulqini","Est. reading time":"2 minutes"},"schema":{"@context":"https:\/\/schema.org","@graph":[{"@type":"WebSite","@id":"https:\/\/www.visit-ulcinj.com\/blog\/#website","url":"https:\/\/www.visit-ulcinj.com\/blog\/","name":"Lajme nga Ulqini","description":"Lajme,Vijesti,Ulqini,Ulqin,Crna Gora,Mali i Zi","potentialAction":[{"@type":"SearchAction","target":{"@type":"EntryPoint","urlTemplate":"https:\/\/www.visit-ulcinj.com\/blog\/?s={search_term_string}"},"query-input":"required name=search_term_string"}],"inLanguage":"en-US"},{"@type":"ImageObject","inLanguage":"en-US","@id":"https:\/\/www.visit-ulcinj.com\/blog\/2014\/04\/24\/dritan-abazovic-nikad-necemo-podrzati-dps\/#primaryimage","url":"https:\/\/www.visit-ulcinj.com\/blog\/wp-content\/uploads\/2014\/04\/Dritan-Abazovic.jpg","contentUrl":"https:\/\/www.visit-ulcinj.com\/blog\/wp-content\/uploads\/2014\/04\/Dritan-Abazovic.jpg","width":646,"height":480},{"@type":"WebPage","@id":"https:\/\/www.visit-ulcinj.com\/blog\/2014\/04\/24\/dritan-abazovic-nikad-necemo-podrzati-dps\/#webpage","url":"https:\/\/www.visit-ulcinj.com\/blog\/2014\/04\/24\/dritan-abazovic-nikad-necemo-podrzati-dps\/","name":"Dritan Abazovi\u0107: Nikad ne\u0107emo podr\u017eati DPS - Lajme nga Ulqini","isPartOf":{"@id":"https:\/\/www.visit-ulcinj.com\/blog\/#website"},"primaryImageOfPage":{"@id":"https:\/\/www.visit-ulcinj.com\/blog\/2014\/04\/24\/dritan-abazovic-nikad-necemo-podrzati-dps\/#primaryimage"},"datePublished":"2014-04-24T07:47:12+00:00","dateModified":"2014-04-24T07:47:12+00:00","author":{"@id":"https:\/\/www.visit-ulcinj.com\/blog\/#\/schema\/person\/dcab619c614d3038751c63bc2aadc06d"},"description":"Poslanik Pozitivne Crne Gore Dritan Abazovi\u0107 kazao je da je njegova partija osnovana da bi dovela do demokratske smjene vlasti i da nikada ne\u0107e podr\u017eati","breadcrumb":{"@id":"https:\/\/www.visit-ulcinj.com\/blog\/2014\/04\/24\/dritan-abazovic-nikad-necemo-podrzati-dps\/#breadcrumb"},"inLanguage":"en-US","potentialAction":[{"@type":"ReadAction","target":["https:\/\/www.visit-ulcinj.com\/blog\/2014\/04\/24\/dritan-abazovic-nikad-necemo-podrzati-dps\/"]}]},{"@type":"BreadcrumbList","@id":"https:\/\/www.visit-ulcinj.com\/blog\/2014\/04\/24\/dritan-abazovic-nikad-necemo-podrzati-dps\/#breadcrumb","itemListElement":[{"@type":"ListItem","position":1,"name":"Dritan Abazovi\u0107: Nikad ne\u0107emo podr\u017eati DPS"}]},{"@type":"Person","@id":"https:\/\/www.visit-ulcinj.com\/blog\/#\/schema\/person\/dcab619c614d3038751c63bc2aadc06d","name":"ulqini","sameAs":["http:\/\/www.visit-ulcinj.com"],"url":"https:\/\/www.visit-ulcinj.com\/blog\/author\/admin\/"}]}},"jetpack_featured_media_url":"","jetpack_sharing_enabled":true,"jetpack_shortlink":"https:\/\/wp.me\/pe6lTn-lhZ","_links":{"self":[{"href":"https:\/\/www.visit-ulcinj.com\/blog\/wp-json\/wp\/v2\/posts\/81839"}],"collection":[{"href":"https:\/\/www.visit-ulcinj.com\/blog\/wp-json\/wp\/v2\/posts"}],"about":[{"href":"https:\/\/www.visit-ulcinj.com\/blog\/wp-json\/wp\/v2\/types\/post"}],"author":[{"embeddable":true,"href":"https:\/\/www.visit-ulcinj.com\/blog\/wp-json\/wp\/v2\/users\/1"}],"replies":[{"embeddable":true,"href":"https:\/\/www.visit-ulcinj.com\/blog\/wp-json\/wp\/v2\/comments?post=81839"}],"version-history":[{"count":1,"href":"https:\/\/www.visit-ulcinj.com\/blog\/wp-json\/wp\/v2\/posts\/81839\/revisions"}],"predecessor-version":[{"id":81841,"href":"https:\/\/www.visit-ulcinj.com\/blog\/wp-json\/wp\/v2\/posts\/81839\/revisions\/81841"}],"wp:attachment":[{"href":"https:\/\/www.visit-ulcinj.com\/blog\/wp-json\/wp\/v2\/media?parent=81839"}],"wp:term":[{"taxonomy":"category","embeddable":true,"href":"https:\/\/www.visit-ulcinj.com\/blog\/wp-json\/wp\/v2\/categories?post=81839"},{"taxonomy":"post_tag","embeddable":true,"href":"https:\/\/www.visit-ulcinj.com\/blog\/wp-json\/wp\/v2\/tags?post=81839"}],"curies":[{"name":"wp","href":"https:\/\/api.w.org\/{rel}","templated":true}]}}