{"id":81847,"date":"2014-04-24T09:34:18","date_gmt":"2014-04-24T08:34:18","guid":{"rendered":"http:\/\/www.visit-ulcinj.com\/blog\/?p=81847"},"modified":"2014-04-24T09:34:18","modified_gmt":"2014-04-24T08:34:18","slug":"premiera-e-drames-servantes-dhe-dulcinea-ne-ulqin-me-1-maj-video","status":"publish","type":"post","link":"https:\/\/www.visit-ulcinj.com\/blog\/2014\/04\/24\/premiera-e-drames-servantes-dhe-dulcinea-ne-ulqin-me-1-maj-video\/","title":{"rendered":"Premiera e dram\u00ebs \u201cServantes dhe Dulcinea\u201d n\u00eb Ulqin m\u00eb 1 maj &#8211; Video"},"content":{"rendered":"<p><a href=\"http:\/\/www.visit-ulcinj.com\/blog\/wp-content\/uploads\/2014\/04\/Koreodrama-Kalendari.jpg\"><img loading=\"lazy\" class=\"alignleft  wp-image-81848\" alt=\"Koreodrama-Kalendari\" src=\"http:\/\/www.visit-ulcinj.com\/blog\/wp-content\/uploads\/2014\/04\/Koreodrama-Kalendari.jpg\" width=\"508\" height=\"360\" \/><\/a>Drama n\u00ebn udh\u00ebheqjen e Munib Abazit, e cila tash dy muaj t\u00eb t\u00ebra po punon shfaqjen teatrale \u201cServantes dhe Dulcinea\u201d, ka lajm\u00ebruar q\u00eb premiera duhet t\u00eb jet\u00eb gati p\u00ebr festat e nj\u00eb majit.<\/p>\n<p>Trupa e Dram\u00ebs \u201cServantes dhe Dulcinea\u201d, m\u00eb 1 maj do ta servoi publikun me premier\u00ebn e par\u00eb p\u00ebr k\u00ebt\u00eb vit. Performanca e inspiruar nga nj\u00eb episod i romanit t\u00eb famsh\u00ebm t\u00eb Miguel de Servantes (q\u00eb besohet t\u00eb jet\u00eb se u shkruar n\u00eb Ulqin kur ai u burgos nga pirat\u00ebt).<\/p>\n<p>Munib Abazi thot\u00eb se me shfaqjen e dram\u00ebs \u201cServantes dhe Dulcinea\u201d, do t\u00eb ken\u00eb mund\u00ebsi t\u00eb k\u00ebnaqen jo vet\u00ebm Ulqinak\u00ebt, por edhe mysafir\u00ebt tan\u00eb t\u00eb cil\u00ebt i presim q\u00eb t\u00eb na bashkangjiten me 1 maj.<\/p>\n<p>Projektin e ka ndihmuar Ministria e kultur\u00ebs e Malit t\u00eb Zi, nd\u00ebrsa p\u00ebrkrahja pritet edhe nga organet dhe institucionet lokale t\u00eb Ulqinit.<\/p>\n<!--YouTube Error: bad URL entered-->\n","protected":false},"excerpt":{"rendered":"<p>Drama n\u00ebn udh\u00ebheqjen e Munib Abazit, e cila tash dy muaj t\u00eb t\u00ebra po punon shfaqjen teatrale \u201cServantes dhe Dulcinea\u201d, ka lajm\u00ebruar q\u00eb premiera duhet t\u00eb jet\u00eb gati p\u00ebr festat e nj\u00eb majit. Trupa e Dram\u00ebs \u201cServantes dhe Dulcinea\u201d, m\u00eb 1 maj do ta servoi publikun me premier\u00ebn e par\u00eb p\u00ebr k\u00ebt\u00eb vit. Performanca e [&hellip;]<\/p>\n","protected":false},"author":1,"featured_media":0,"comment_status":"closed","ping_status":"closed","sticky":false,"template":"","format":"standard","meta":{"spay_email":"","jetpack_publicize_message":"","jetpack_is_tweetstorm":false,"jetpack_publicize_feature_enabled":true},"categories":[4],"tags":[],"jetpack_publicize_connections":[],"yoast_head":"<!-- This site is optimized with the Yoast SEO plugin v19.1 - https:\/\/yoast.com\/wordpress\/plugins\/seo\/ -->\n<title>Premiera e dram\u00ebs \u201cServantes dhe Dulcinea\u201d n\u00eb Ulqin m\u00eb 1 maj - Video - Lajme nga Ulqini<\/title>\n<meta name=\"description\" content=\"Drama n\u00ebn udh\u00ebheqjen e Munib Abazit, e cila tash dy muaj t\u00eb t\u00ebra po punon shfaqjen teatrale \u201cServantes dhe Dulcinea\u201d, ka lajm\u00ebruar q\u00eb premiera duhet t\u00eb\" \/>\n<meta name=\"robots\" content=\"index, follow, max-snippet:-1, max-image-preview:large, max-video-preview:-1\" \/>\n<link rel=\"canonical\" href=\"https:\/\/www.visit-ulcinj.com\/blog\/2014\/04\/24\/premiera-e-drames-servantes-dhe-dulcinea-ne-ulqin-me-1-maj-video\/\" \/>\n<meta property=\"og:locale\" content=\"en_US\" \/>\n<meta property=\"og:type\" content=\"article\" \/>\n<meta property=\"og:title\" content=\"Premiera e dram\u00ebs \u201cServantes dhe Dulcinea\u201d n\u00eb Ulqin m\u00eb 1 maj - Video - Lajme nga Ulqini\" \/>\n<meta property=\"og:description\" content=\"Drama n\u00ebn udh\u00ebheqjen e Munib Abazit, e cila tash dy muaj t\u00eb t\u00ebra po punon shfaqjen teatrale \u201cServantes dhe Dulcinea\u201d, ka lajm\u00ebruar q\u00eb premiera duhet t\u00eb\" \/>\n<meta property=\"og:url\" content=\"https:\/\/www.visit-ulcinj.com\/blog\/2014\/04\/24\/premiera-e-drames-servantes-dhe-dulcinea-ne-ulqin-me-1-maj-video\/\" \/>\n<meta property=\"og:site_name\" content=\"Lajme nga Ulqini\" \/>\n<meta property=\"article:published_time\" content=\"2014-04-24T08:34:18+00:00\" \/>\n<meta property=\"og:image\" content=\"http:\/\/www.visit-ulcinj.com\/blog\/wp-content\/uploads\/2014\/04\/Koreodrama-Kalendari.jpg\" \/>\n<meta name=\"twitter:label1\" content=\"Written by\" \/>\n\t<meta name=\"twitter:data1\" content=\"ulqini\" \/>\n\t<meta name=\"twitter:label2\" content=\"Est. reading time\" \/>\n\t<meta name=\"twitter:data2\" content=\"1 minute\" \/>\n<script type=\"application\/ld+json\" class=\"yoast-schema-graph\">{\"@context\":\"https:\/\/schema.org\",\"@graph\":[{\"@type\":\"WebSite\",\"@id\":\"https:\/\/www.visit-ulcinj.com\/blog\/#website\",\"url\":\"https:\/\/www.visit-ulcinj.com\/blog\/\",\"name\":\"Lajme nga Ulqini\",\"description\":\"Lajme,Vijesti,Ulqini,Ulqin,Crna Gora,Mali i Zi\",\"potentialAction\":[{\"@type\":\"SearchAction\",\"target\":{\"@type\":\"EntryPoint\",\"urlTemplate\":\"https:\/\/www.visit-ulcinj.com\/blog\/?s={search_term_string}\"},\"query-input\":\"required name=search_term_string\"}],\"inLanguage\":\"en-US\"},{\"@type\":\"ImageObject\",\"inLanguage\":\"en-US\",\"@id\":\"https:\/\/www.visit-ulcinj.com\/blog\/2014\/04\/24\/premiera-e-drames-servantes-dhe-dulcinea-ne-ulqin-me-1-maj-video\/#primaryimage\",\"url\":\"https:\/\/www.visit-ulcinj.com\/blog\/wp-content\/uploads\/2014\/04\/Koreodrama-Kalendari.jpg\",\"contentUrl\":\"https:\/\/www.visit-ulcinj.com\/blog\/wp-content\/uploads\/2014\/04\/Koreodrama-Kalendari.jpg\",\"width\":960,\"height\":720},{\"@type\":\"WebPage\",\"@id\":\"https:\/\/www.visit-ulcinj.com\/blog\/2014\/04\/24\/premiera-e-drames-servantes-dhe-dulcinea-ne-ulqin-me-1-maj-video\/#webpage\",\"url\":\"https:\/\/www.visit-ulcinj.com\/blog\/2014\/04\/24\/premiera-e-drames-servantes-dhe-dulcinea-ne-ulqin-me-1-maj-video\/\",\"name\":\"Premiera e dram\u00ebs \u201cServantes dhe Dulcinea\u201d n\u00eb Ulqin m\u00eb 1 maj - Video - Lajme nga Ulqini\",\"isPartOf\":{\"@id\":\"https:\/\/www.visit-ulcinj.com\/blog\/#website\"},\"primaryImageOfPage\":{\"@id\":\"https:\/\/www.visit-ulcinj.com\/blog\/2014\/04\/24\/premiera-e-drames-servantes-dhe-dulcinea-ne-ulqin-me-1-maj-video\/#primaryimage\"},\"datePublished\":\"2014-04-24T08:34:18+00:00\",\"dateModified\":\"2014-04-24T08:34:18+00:00\",\"author\":{\"@id\":\"https:\/\/www.visit-ulcinj.com\/blog\/#\/schema\/person\/dcab619c614d3038751c63bc2aadc06d\"},\"description\":\"Drama n\u00ebn udh\u00ebheqjen e Munib Abazit, e cila tash dy muaj t\u00eb t\u00ebra po punon shfaqjen teatrale \u201cServantes dhe Dulcinea\u201d, ka lajm\u00ebruar q\u00eb premiera duhet t\u00eb\",\"breadcrumb\":{\"@id\":\"https:\/\/www.visit-ulcinj.com\/blog\/2014\/04\/24\/premiera-e-drames-servantes-dhe-dulcinea-ne-ulqin-me-1-maj-video\/#breadcrumb\"},\"inLanguage\":\"en-US\",\"potentialAction\":[{\"@type\":\"ReadAction\",\"target\":[\"https:\/\/www.visit-ulcinj.com\/blog\/2014\/04\/24\/premiera-e-drames-servantes-dhe-dulcinea-ne-ulqin-me-1-maj-video\/\"]}]},{\"@type\":\"BreadcrumbList\",\"@id\":\"https:\/\/www.visit-ulcinj.com\/blog\/2014\/04\/24\/premiera-e-drames-servantes-dhe-dulcinea-ne-ulqin-me-1-maj-video\/#breadcrumb\",\"itemListElement\":[{\"@type\":\"ListItem\",\"position\":1,\"name\":\"Premiera e dram\u00ebs \u201cServantes dhe Dulcinea\u201d n\u00eb Ulqin m\u00eb 1 maj &#8211; Video\"}]},{\"@type\":\"Person\",\"@id\":\"https:\/\/www.visit-ulcinj.com\/blog\/#\/schema\/person\/dcab619c614d3038751c63bc2aadc06d\",\"name\":\"ulqini\",\"sameAs\":[\"http:\/\/www.visit-ulcinj.com\"],\"url\":\"https:\/\/www.visit-ulcinj.com\/blog\/author\/admin\/\"}]}<\/script>\n<!-- \/ Yoast SEO plugin. -->","yoast_head_json":{"title":"Premiera e dram\u00ebs \u201cServantes dhe Dulcinea\u201d n\u00eb Ulqin m\u00eb 1 maj - Video - Lajme nga Ulqini","description":"Drama n\u00ebn udh\u00ebheqjen e Munib Abazit, e cila tash dy muaj t\u00eb t\u00ebra po punon shfaqjen teatrale \u201cServantes dhe Dulcinea\u201d, ka lajm\u00ebruar q\u00eb premiera duhet t\u00eb","robots":{"index":"index","follow":"follow","max-snippet":"max-snippet:-1","max-image-preview":"max-image-preview:large","max-video-preview":"max-video-preview:-1"},"canonical":"https:\/\/www.visit-ulcinj.com\/blog\/2014\/04\/24\/premiera-e-drames-servantes-dhe-dulcinea-ne-ulqin-me-1-maj-video\/","og_locale":"en_US","og_type":"article","og_title":"Premiera e dram\u00ebs \u201cServantes dhe Dulcinea\u201d n\u00eb Ulqin m\u00eb 1 maj - Video - Lajme nga Ulqini","og_description":"Drama n\u00ebn udh\u00ebheqjen e Munib Abazit, e cila tash dy muaj t\u00eb t\u00ebra po punon shfaqjen teatrale \u201cServantes dhe Dulcinea\u201d, ka lajm\u00ebruar q\u00eb premiera duhet t\u00eb","og_url":"https:\/\/www.visit-ulcinj.com\/blog\/2014\/04\/24\/premiera-e-drames-servantes-dhe-dulcinea-ne-ulqin-me-1-maj-video\/","og_site_name":"Lajme nga Ulqini","article_published_time":"2014-04-24T08:34:18+00:00","og_image":[{"url":"http:\/\/www.visit-ulcinj.com\/blog\/wp-content\/uploads\/2014\/04\/Koreodrama-Kalendari.jpg"}],"twitter_misc":{"Written by":"ulqini","Est. reading time":"1 minute"},"schema":{"@context":"https:\/\/schema.org","@graph":[{"@type":"WebSite","@id":"https:\/\/www.visit-ulcinj.com\/blog\/#website","url":"https:\/\/www.visit-ulcinj.com\/blog\/","name":"Lajme nga Ulqini","description":"Lajme,Vijesti,Ulqini,Ulqin,Crna Gora,Mali i Zi","potentialAction":[{"@type":"SearchAction","target":{"@type":"EntryPoint","urlTemplate":"https:\/\/www.visit-ulcinj.com\/blog\/?s={search_term_string}"},"query-input":"required name=search_term_string"}],"inLanguage":"en-US"},{"@type":"ImageObject","inLanguage":"en-US","@id":"https:\/\/www.visit-ulcinj.com\/blog\/2014\/04\/24\/premiera-e-drames-servantes-dhe-dulcinea-ne-ulqin-me-1-maj-video\/#primaryimage","url":"https:\/\/www.visit-ulcinj.com\/blog\/wp-content\/uploads\/2014\/04\/Koreodrama-Kalendari.jpg","contentUrl":"https:\/\/www.visit-ulcinj.com\/blog\/wp-content\/uploads\/2014\/04\/Koreodrama-Kalendari.jpg","width":960,"height":720},{"@type":"WebPage","@id":"https:\/\/www.visit-ulcinj.com\/blog\/2014\/04\/24\/premiera-e-drames-servantes-dhe-dulcinea-ne-ulqin-me-1-maj-video\/#webpage","url":"https:\/\/www.visit-ulcinj.com\/blog\/2014\/04\/24\/premiera-e-drames-servantes-dhe-dulcinea-ne-ulqin-me-1-maj-video\/","name":"Premiera e dram\u00ebs \u201cServantes dhe Dulcinea\u201d n\u00eb Ulqin m\u00eb 1 maj - Video - Lajme nga Ulqini","isPartOf":{"@id":"https:\/\/www.visit-ulcinj.com\/blog\/#website"},"primaryImageOfPage":{"@id":"https:\/\/www.visit-ulcinj.com\/blog\/2014\/04\/24\/premiera-e-drames-servantes-dhe-dulcinea-ne-ulqin-me-1-maj-video\/#primaryimage"},"datePublished":"2014-04-24T08:34:18+00:00","dateModified":"2014-04-24T08:34:18+00:00","author":{"@id":"https:\/\/www.visit-ulcinj.com\/blog\/#\/schema\/person\/dcab619c614d3038751c63bc2aadc06d"},"description":"Drama n\u00ebn udh\u00ebheqjen e Munib Abazit, e cila tash dy muaj t\u00eb t\u00ebra po punon shfaqjen teatrale \u201cServantes dhe Dulcinea\u201d, ka lajm\u00ebruar q\u00eb premiera duhet t\u00eb","breadcrumb":{"@id":"https:\/\/www.visit-ulcinj.com\/blog\/2014\/04\/24\/premiera-e-drames-servantes-dhe-dulcinea-ne-ulqin-me-1-maj-video\/#breadcrumb"},"inLanguage":"en-US","potentialAction":[{"@type":"ReadAction","target":["https:\/\/www.visit-ulcinj.com\/blog\/2014\/04\/24\/premiera-e-drames-servantes-dhe-dulcinea-ne-ulqin-me-1-maj-video\/"]}]},{"@type":"BreadcrumbList","@id":"https:\/\/www.visit-ulcinj.com\/blog\/2014\/04\/24\/premiera-e-drames-servantes-dhe-dulcinea-ne-ulqin-me-1-maj-video\/#breadcrumb","itemListElement":[{"@type":"ListItem","position":1,"name":"Premiera e dram\u00ebs \u201cServantes dhe Dulcinea\u201d n\u00eb Ulqin m\u00eb 1 maj &#8211; Video"}]},{"@type":"Person","@id":"https:\/\/www.visit-ulcinj.com\/blog\/#\/schema\/person\/dcab619c614d3038751c63bc2aadc06d","name":"ulqini","sameAs":["http:\/\/www.visit-ulcinj.com"],"url":"https:\/\/www.visit-ulcinj.com\/blog\/author\/admin\/"}]}},"jetpack_featured_media_url":"","jetpack_sharing_enabled":true,"jetpack_shortlink":"https:\/\/wp.me\/pe6lTn-li7","_links":{"self":[{"href":"https:\/\/www.visit-ulcinj.com\/blog\/wp-json\/wp\/v2\/posts\/81847"}],"collection":[{"href":"https:\/\/www.visit-ulcinj.com\/blog\/wp-json\/wp\/v2\/posts"}],"about":[{"href":"https:\/\/www.visit-ulcinj.com\/blog\/wp-json\/wp\/v2\/types\/post"}],"author":[{"embeddable":true,"href":"https:\/\/www.visit-ulcinj.com\/blog\/wp-json\/wp\/v2\/users\/1"}],"replies":[{"embeddable":true,"href":"https:\/\/www.visit-ulcinj.com\/blog\/wp-json\/wp\/v2\/comments?post=81847"}],"version-history":[{"count":1,"href":"https:\/\/www.visit-ulcinj.com\/blog\/wp-json\/wp\/v2\/posts\/81847\/revisions"}],"predecessor-version":[{"id":81849,"href":"https:\/\/www.visit-ulcinj.com\/blog\/wp-json\/wp\/v2\/posts\/81847\/revisions\/81849"}],"wp:attachment":[{"href":"https:\/\/www.visit-ulcinj.com\/blog\/wp-json\/wp\/v2\/media?parent=81847"}],"wp:term":[{"taxonomy":"category","embeddable":true,"href":"https:\/\/www.visit-ulcinj.com\/blog\/wp-json\/wp\/v2\/categories?post=81847"},{"taxonomy":"post_tag","embeddable":true,"href":"https:\/\/www.visit-ulcinj.com\/blog\/wp-json\/wp\/v2\/tags?post=81847"}],"curies":[{"name":"wp","href":"https:\/\/api.w.org\/{rel}","templated":true}]}}