{"id":81857,"date":"2014-04-24T10:40:37","date_gmt":"2014-04-24T09:40:37","guid":{"rendered":"http:\/\/www.visit-ulcinj.com\/blog\/?p=81857"},"modified":"2014-04-24T10:40:37","modified_gmt":"2014-04-24T09:40:37","slug":"tri-dite-aktivitete-te-gjithe-per-turizem-ne-ulqin","status":"publish","type":"post","link":"https:\/\/www.visit-ulcinj.com\/blog\/2014\/04\/24\/tri-dite-aktivitete-te-gjithe-per-turizem-ne-ulqin\/","title":{"rendered":"Tri dit\u00eb aktivitete me \u201cT\u00eb gjith\u00eb p\u00ebr turiz\u00ebm\u201d n\u00eb Ulqin"},"content":{"rendered":"<p><strong><a href=\"http:\/\/www.visit-ulcinj.com\/blog\/wp-content\/uploads\/2014\/04\/Fatmir-Gjeka-Ardijan-Mavriq-Safet-Beci-Minir-Karamanaga.jpg\"><img loading=\"lazy\" class=\"alignleft  wp-image-81858\" alt=\"Fatmir Gjeka-Ardijan Mavriq-Safet Beci-Minir-Karamanaga\" src=\"http:\/\/www.visit-ulcinj.com\/blog\/wp-content\/uploads\/2014\/04\/Fatmir-Gjeka-Ardijan-Mavriq-Safet-Beci-Minir-Karamanaga.jpg\" width=\"508\" height=\"360\" \/><\/a>Prishtin\u00eb, 23 prill &#8211; Panaire, programe p\u00ebr f\u00ebmij\u00eb, animacione, festivale folklorike, koncerte e skulptura n\u00eb r\u00ebr\u00eb. T\u00eb gjitha jan\u00eb pjes\u00eb e ofert\u00ebs s\u00eb nj\u00eb evenimenti treditor q\u00eb do t\u00eb organizohet n\u00eb qytetin bregdetar t\u00eb Malit t\u00eb Zi.<\/strong><\/p>\n<p>Evenimentit \u201cT\u00eb gjith\u00eb p\u00ebr turiz\u00ebm 2014\u201d n\u00eb Ulqin do t\u2019i paraprij\u00eb festa e 1 Majit. Edhe artist\u00eb nga Kosova e Shqip\u00ebria jan\u00eb n\u00eb repertor.<\/p>\n<p>P\u00ebr ta sjell\u00eb m\u00eb af\u00ebr kosovar\u00ebve ofert\u00ebn p\u00ebr 1 Maj dhe at\u00eb q\u00eb p\u00ebrfshin \u201cT\u00eb gjith\u00eb p\u00ebr turiz\u00ebm\u201d, n\u00eb Prishtin\u00eb, me gazetar\u00eb jan\u00eb takuar kryetari i Komun\u00ebs s\u00eb Ulqinit, Fatmir Gjeka, bashk\u00eb me dy n\u00ebnkryetar\u00ebt Ardijan Mavriq e Safet Beci dhe drejtori i Organizat\u00ebs Turistike t\u00eb Ulqinit, Minir Karamanaga, skruan sot m\u00eb gjer\u00ebsisht Koha Ditore.<\/p>\n<p><strong>Koha Net<\/strong><\/p>\n","protected":false},"excerpt":{"rendered":"<p>Prishtin\u00eb, 23 prill &#8211; Panaire, programe p\u00ebr f\u00ebmij\u00eb, animacione, festivale folklorike, koncerte e skulptura n\u00eb r\u00ebr\u00eb. T\u00eb gjitha jan\u00eb pjes\u00eb e ofert\u00ebs s\u00eb nj\u00eb evenimenti treditor q\u00eb do t\u00eb organizohet n\u00eb qytetin bregdetar t\u00eb Malit t\u00eb Zi. Evenimentit \u201cT\u00eb gjith\u00eb p\u00ebr turiz\u00ebm 2014\u201d n\u00eb Ulqin do t\u2019i paraprij\u00eb festa e 1 Majit. Edhe artist\u00eb nga [&hellip;]<\/p>\n","protected":false},"author":1,"featured_media":0,"comment_status":"closed","ping_status":"closed","sticky":false,"template":"","format":"standard","meta":{"spay_email":"","jetpack_publicize_message":"","jetpack_is_tweetstorm":false,"jetpack_publicize_feature_enabled":true},"categories":[6950],"tags":[],"jetpack_publicize_connections":[],"yoast_head":"<!-- This site is optimized with the Yoast SEO plugin v19.1 - https:\/\/yoast.com\/wordpress\/plugins\/seo\/ -->\n<title>Tri dit\u00eb aktivitete me \u201cT\u00eb gjith\u00eb p\u00ebr turiz\u00ebm\u201d n\u00eb Ulqin - Lajme nga Ulqini<\/title>\n<meta name=\"description\" content=\"Prishtin\u00eb, 23 prill - Panaire, programe p\u00ebr f\u00ebmij\u00eb, animacione, festivale folklorike, koncerte e skulptura n\u00eb r\u00ebr\u00eb. T\u00eb gjitha jan\u00eb pjes\u00eb e ofert\u00ebs s\u00eb nj\u00eb\" \/>\n<meta name=\"robots\" content=\"index, follow, max-snippet:-1, max-image-preview:large, max-video-preview:-1\" \/>\n<link rel=\"canonical\" href=\"https:\/\/www.visit-ulcinj.com\/blog\/2014\/04\/24\/tri-dite-aktivitete-te-gjithe-per-turizem-ne-ulqin\/\" \/>\n<meta property=\"og:locale\" content=\"en_US\" \/>\n<meta property=\"og:type\" content=\"article\" \/>\n<meta property=\"og:title\" content=\"Tri dit\u00eb aktivitete me \u201cT\u00eb gjith\u00eb p\u00ebr turiz\u00ebm\u201d n\u00eb Ulqin - Lajme nga Ulqini\" \/>\n<meta property=\"og:description\" content=\"Prishtin\u00eb, 23 prill - Panaire, programe p\u00ebr f\u00ebmij\u00eb, animacione, festivale folklorike, koncerte e skulptura n\u00eb r\u00ebr\u00eb. T\u00eb gjitha jan\u00eb pjes\u00eb e ofert\u00ebs s\u00eb nj\u00eb\" \/>\n<meta property=\"og:url\" content=\"https:\/\/www.visit-ulcinj.com\/blog\/2014\/04\/24\/tri-dite-aktivitete-te-gjithe-per-turizem-ne-ulqin\/\" \/>\n<meta property=\"og:site_name\" content=\"Lajme nga Ulqini\" \/>\n<meta property=\"article:published_time\" content=\"2014-04-24T09:40:37+00:00\" \/>\n<meta property=\"og:image\" content=\"http:\/\/www.visit-ulcinj.com\/blog\/wp-content\/uploads\/2014\/04\/Fatmir-Gjeka-Ardijan-Mavriq-Safet-Beci-Minir-Karamanaga.jpg\" \/>\n<meta name=\"twitter:label1\" content=\"Written by\" \/>\n\t<meta name=\"twitter:data1\" content=\"ulqini\" \/>\n\t<meta name=\"twitter:label2\" content=\"Est. reading time\" \/>\n\t<meta name=\"twitter:data2\" content=\"1 minute\" \/>\n<script type=\"application\/ld+json\" class=\"yoast-schema-graph\">{\"@context\":\"https:\/\/schema.org\",\"@graph\":[{\"@type\":\"WebSite\",\"@id\":\"https:\/\/www.visit-ulcinj.com\/blog\/#website\",\"url\":\"https:\/\/www.visit-ulcinj.com\/blog\/\",\"name\":\"Lajme nga Ulqini\",\"description\":\"Lajme,Vijesti,Ulqini,Ulqin,Crna Gora,Mali i Zi\",\"potentialAction\":[{\"@type\":\"SearchAction\",\"target\":{\"@type\":\"EntryPoint\",\"urlTemplate\":\"https:\/\/www.visit-ulcinj.com\/blog\/?s={search_term_string}\"},\"query-input\":\"required name=search_term_string\"}],\"inLanguage\":\"en-US\"},{\"@type\":\"ImageObject\",\"inLanguage\":\"en-US\",\"@id\":\"https:\/\/www.visit-ulcinj.com\/blog\/2014\/04\/24\/tri-dite-aktivitete-te-gjithe-per-turizem-ne-ulqin\/#primaryimage\",\"url\":\"https:\/\/www.visit-ulcinj.com\/blog\/wp-content\/uploads\/2014\/04\/Fatmir-Gjeka-Ardijan-Mavriq-Safet-Beci-Minir-Karamanaga.jpg\",\"contentUrl\":\"https:\/\/www.visit-ulcinj.com\/blog\/wp-content\/uploads\/2014\/04\/Fatmir-Gjeka-Ardijan-Mavriq-Safet-Beci-Minir-Karamanaga.jpg\",\"width\":646,\"height\":375},{\"@type\":\"WebPage\",\"@id\":\"https:\/\/www.visit-ulcinj.com\/blog\/2014\/04\/24\/tri-dite-aktivitete-te-gjithe-per-turizem-ne-ulqin\/#webpage\",\"url\":\"https:\/\/www.visit-ulcinj.com\/blog\/2014\/04\/24\/tri-dite-aktivitete-te-gjithe-per-turizem-ne-ulqin\/\",\"name\":\"Tri dit\u00eb aktivitete me \u201cT\u00eb gjith\u00eb p\u00ebr turiz\u00ebm\u201d n\u00eb Ulqin - Lajme nga Ulqini\",\"isPartOf\":{\"@id\":\"https:\/\/www.visit-ulcinj.com\/blog\/#website\"},\"primaryImageOfPage\":{\"@id\":\"https:\/\/www.visit-ulcinj.com\/blog\/2014\/04\/24\/tri-dite-aktivitete-te-gjithe-per-turizem-ne-ulqin\/#primaryimage\"},\"datePublished\":\"2014-04-24T09:40:37+00:00\",\"dateModified\":\"2014-04-24T09:40:37+00:00\",\"author\":{\"@id\":\"https:\/\/www.visit-ulcinj.com\/blog\/#\/schema\/person\/dcab619c614d3038751c63bc2aadc06d\"},\"description\":\"Prishtin\u00eb, 23 prill - Panaire, programe p\u00ebr f\u00ebmij\u00eb, animacione, festivale folklorike, koncerte e skulptura n\u00eb r\u00ebr\u00eb. T\u00eb gjitha jan\u00eb pjes\u00eb e ofert\u00ebs s\u00eb nj\u00eb\",\"breadcrumb\":{\"@id\":\"https:\/\/www.visit-ulcinj.com\/blog\/2014\/04\/24\/tri-dite-aktivitete-te-gjithe-per-turizem-ne-ulqin\/#breadcrumb\"},\"inLanguage\":\"en-US\",\"potentialAction\":[{\"@type\":\"ReadAction\",\"target\":[\"https:\/\/www.visit-ulcinj.com\/blog\/2014\/04\/24\/tri-dite-aktivitete-te-gjithe-per-turizem-ne-ulqin\/\"]}]},{\"@type\":\"BreadcrumbList\",\"@id\":\"https:\/\/www.visit-ulcinj.com\/blog\/2014\/04\/24\/tri-dite-aktivitete-te-gjithe-per-turizem-ne-ulqin\/#breadcrumb\",\"itemListElement\":[{\"@type\":\"ListItem\",\"position\":1,\"name\":\"Tri dit\u00eb aktivitete me \u201cT\u00eb gjith\u00eb p\u00ebr turiz\u00ebm\u201d n\u00eb Ulqin\"}]},{\"@type\":\"Person\",\"@id\":\"https:\/\/www.visit-ulcinj.com\/blog\/#\/schema\/person\/dcab619c614d3038751c63bc2aadc06d\",\"name\":\"ulqini\",\"sameAs\":[\"http:\/\/www.visit-ulcinj.com\"],\"url\":\"https:\/\/www.visit-ulcinj.com\/blog\/author\/admin\/\"}]}<\/script>\n<!-- \/ Yoast SEO plugin. -->","yoast_head_json":{"title":"Tri dit\u00eb aktivitete me \u201cT\u00eb gjith\u00eb p\u00ebr turiz\u00ebm\u201d n\u00eb Ulqin - Lajme nga Ulqini","description":"Prishtin\u00eb, 23 prill - Panaire, programe p\u00ebr f\u00ebmij\u00eb, animacione, festivale folklorike, koncerte e skulptura n\u00eb r\u00ebr\u00eb. T\u00eb gjitha jan\u00eb pjes\u00eb e ofert\u00ebs s\u00eb nj\u00eb","robots":{"index":"index","follow":"follow","max-snippet":"max-snippet:-1","max-image-preview":"max-image-preview:large","max-video-preview":"max-video-preview:-1"},"canonical":"https:\/\/www.visit-ulcinj.com\/blog\/2014\/04\/24\/tri-dite-aktivitete-te-gjithe-per-turizem-ne-ulqin\/","og_locale":"en_US","og_type":"article","og_title":"Tri dit\u00eb aktivitete me \u201cT\u00eb gjith\u00eb p\u00ebr turiz\u00ebm\u201d n\u00eb Ulqin - Lajme nga Ulqini","og_description":"Prishtin\u00eb, 23 prill - Panaire, programe p\u00ebr f\u00ebmij\u00eb, animacione, festivale folklorike, koncerte e skulptura n\u00eb r\u00ebr\u00eb. T\u00eb gjitha jan\u00eb pjes\u00eb e ofert\u00ebs s\u00eb nj\u00eb","og_url":"https:\/\/www.visit-ulcinj.com\/blog\/2014\/04\/24\/tri-dite-aktivitete-te-gjithe-per-turizem-ne-ulqin\/","og_site_name":"Lajme nga Ulqini","article_published_time":"2014-04-24T09:40:37+00:00","og_image":[{"url":"http:\/\/www.visit-ulcinj.com\/blog\/wp-content\/uploads\/2014\/04\/Fatmir-Gjeka-Ardijan-Mavriq-Safet-Beci-Minir-Karamanaga.jpg"}],"twitter_misc":{"Written by":"ulqini","Est. reading time":"1 minute"},"schema":{"@context":"https:\/\/schema.org","@graph":[{"@type":"WebSite","@id":"https:\/\/www.visit-ulcinj.com\/blog\/#website","url":"https:\/\/www.visit-ulcinj.com\/blog\/","name":"Lajme nga Ulqini","description":"Lajme,Vijesti,Ulqini,Ulqin,Crna Gora,Mali i Zi","potentialAction":[{"@type":"SearchAction","target":{"@type":"EntryPoint","urlTemplate":"https:\/\/www.visit-ulcinj.com\/blog\/?s={search_term_string}"},"query-input":"required name=search_term_string"}],"inLanguage":"en-US"},{"@type":"ImageObject","inLanguage":"en-US","@id":"https:\/\/www.visit-ulcinj.com\/blog\/2014\/04\/24\/tri-dite-aktivitete-te-gjithe-per-turizem-ne-ulqin\/#primaryimage","url":"https:\/\/www.visit-ulcinj.com\/blog\/wp-content\/uploads\/2014\/04\/Fatmir-Gjeka-Ardijan-Mavriq-Safet-Beci-Minir-Karamanaga.jpg","contentUrl":"https:\/\/www.visit-ulcinj.com\/blog\/wp-content\/uploads\/2014\/04\/Fatmir-Gjeka-Ardijan-Mavriq-Safet-Beci-Minir-Karamanaga.jpg","width":646,"height":375},{"@type":"WebPage","@id":"https:\/\/www.visit-ulcinj.com\/blog\/2014\/04\/24\/tri-dite-aktivitete-te-gjithe-per-turizem-ne-ulqin\/#webpage","url":"https:\/\/www.visit-ulcinj.com\/blog\/2014\/04\/24\/tri-dite-aktivitete-te-gjithe-per-turizem-ne-ulqin\/","name":"Tri dit\u00eb aktivitete me \u201cT\u00eb gjith\u00eb p\u00ebr turiz\u00ebm\u201d n\u00eb Ulqin - Lajme nga Ulqini","isPartOf":{"@id":"https:\/\/www.visit-ulcinj.com\/blog\/#website"},"primaryImageOfPage":{"@id":"https:\/\/www.visit-ulcinj.com\/blog\/2014\/04\/24\/tri-dite-aktivitete-te-gjithe-per-turizem-ne-ulqin\/#primaryimage"},"datePublished":"2014-04-24T09:40:37+00:00","dateModified":"2014-04-24T09:40:37+00:00","author":{"@id":"https:\/\/www.visit-ulcinj.com\/blog\/#\/schema\/person\/dcab619c614d3038751c63bc2aadc06d"},"description":"Prishtin\u00eb, 23 prill - Panaire, programe p\u00ebr f\u00ebmij\u00eb, animacione, festivale folklorike, koncerte e skulptura n\u00eb r\u00ebr\u00eb. T\u00eb gjitha jan\u00eb pjes\u00eb e ofert\u00ebs s\u00eb nj\u00eb","breadcrumb":{"@id":"https:\/\/www.visit-ulcinj.com\/blog\/2014\/04\/24\/tri-dite-aktivitete-te-gjithe-per-turizem-ne-ulqin\/#breadcrumb"},"inLanguage":"en-US","potentialAction":[{"@type":"ReadAction","target":["https:\/\/www.visit-ulcinj.com\/blog\/2014\/04\/24\/tri-dite-aktivitete-te-gjithe-per-turizem-ne-ulqin\/"]}]},{"@type":"BreadcrumbList","@id":"https:\/\/www.visit-ulcinj.com\/blog\/2014\/04\/24\/tri-dite-aktivitete-te-gjithe-per-turizem-ne-ulqin\/#breadcrumb","itemListElement":[{"@type":"ListItem","position":1,"name":"Tri dit\u00eb aktivitete me \u201cT\u00eb gjith\u00eb p\u00ebr turiz\u00ebm\u201d n\u00eb Ulqin"}]},{"@type":"Person","@id":"https:\/\/www.visit-ulcinj.com\/blog\/#\/schema\/person\/dcab619c614d3038751c63bc2aadc06d","name":"ulqini","sameAs":["http:\/\/www.visit-ulcinj.com"],"url":"https:\/\/www.visit-ulcinj.com\/blog\/author\/admin\/"}]}},"jetpack_featured_media_url":"","jetpack_sharing_enabled":true,"jetpack_shortlink":"https:\/\/wp.me\/pe6lTn-lih","_links":{"self":[{"href":"https:\/\/www.visit-ulcinj.com\/blog\/wp-json\/wp\/v2\/posts\/81857"}],"collection":[{"href":"https:\/\/www.visit-ulcinj.com\/blog\/wp-json\/wp\/v2\/posts"}],"about":[{"href":"https:\/\/www.visit-ulcinj.com\/blog\/wp-json\/wp\/v2\/types\/post"}],"author":[{"embeddable":true,"href":"https:\/\/www.visit-ulcinj.com\/blog\/wp-json\/wp\/v2\/users\/1"}],"replies":[{"embeddable":true,"href":"https:\/\/www.visit-ulcinj.com\/blog\/wp-json\/wp\/v2\/comments?post=81857"}],"version-history":[{"count":1,"href":"https:\/\/www.visit-ulcinj.com\/blog\/wp-json\/wp\/v2\/posts\/81857\/revisions"}],"predecessor-version":[{"id":81859,"href":"https:\/\/www.visit-ulcinj.com\/blog\/wp-json\/wp\/v2\/posts\/81857\/revisions\/81859"}],"wp:attachment":[{"href":"https:\/\/www.visit-ulcinj.com\/blog\/wp-json\/wp\/v2\/media?parent=81857"}],"wp:term":[{"taxonomy":"category","embeddable":true,"href":"https:\/\/www.visit-ulcinj.com\/blog\/wp-json\/wp\/v2\/categories?post=81857"},{"taxonomy":"post_tag","embeddable":true,"href":"https:\/\/www.visit-ulcinj.com\/blog\/wp-json\/wp\/v2\/tags?post=81857"}],"curies":[{"name":"wp","href":"https:\/\/api.w.org\/{rel}","templated":true}]}}