{"id":8187,"date":"2009-01-07T20:44:10","date_gmt":"2009-01-07T19:44:10","guid":{"rendered":"http:\/\/www.visit-ulcinj.com\/blog\/?p=8187"},"modified":"2009-03-01T19:48:42","modified_gmt":"2009-03-01T18:48:42","slug":"ministri-branisllav-gvozdenoviq-u-takua-me-perfaqesuesit-e-ulqin-biznes-asociacionit","status":"publish","type":"post","link":"https:\/\/www.visit-ulcinj.com\/blog\/2009\/01\/07\/ministri-branisllav-gvozdenoviq-u-takua-me-perfaqesuesit-e-ulqin-biznes-asociacionit\/","title":{"rendered":"Ministri Branisllav Gvozdenoviq u takua me p\u00ebrfaq\u00ebsuesit e Ulqin Biznes Asociacionit"},"content":{"rendered":"<p><strong><a href=\"http:\/\/www.visit-ulcinj.com\/blog\/wp-content\/uploads\/2009\/01\/branimir-gvozdenoviq.jpg\" target=\"_blank\"><img loading=\"lazy\" class=\"alignleft size-full wp-image-8188\" title=\"branimir-gvozdenoviq\" src=\"http:\/\/www.visit-ulcinj.com\/blog\/wp-content\/uploads\/2009\/01\/branimir-gvozdenoviq.jpg\" alt=\"branimir-gvozdenoviq\" width=\"331\" height=\"169\" srcset=\"https:\/\/www.visit-ulcinj.com\/blog\/wp-content\/uploads\/2009\/01\/branimir-gvozdenoviq.jpg 488w, https:\/\/www.visit-ulcinj.com\/blog\/wp-content\/uploads\/2009\/01\/branimir-gvozdenoviq-300x153.jpg 300w\" sizes=\"(max-width: 331px) 100vw, 331px\" \/><\/a>T\u00eb bashk\u00ebpunohet p\u00ebr tejkalimin e kriz\u00ebs<\/strong><br \/>\nUlqin &#8211; Ministri p\u00ebr Zhvillim Ekonomik Branimir Gvozdenoviq me bashk\u00ebpun\u00ebtor\u00eb u takua t\u00eb m\u00ebrkur\u00ebn e kaluar me p\u00ebrfaq\u00ebsuesit e Ulqin Biznes Asociacionit.<br \/>\nMinistri Gvozdenoviq ishte pjes\u00eb e delegacionit qeveritar t\u00eb kryesuar nga kryeministri Millo Gjukanoviq, i cili zhvilloi nj\u00eb vizit\u00eb pune n\u00eb Ulqin.<br \/>\nKryetari i UBA-s Ibrahim Milla i ka prezantuar ministrit Gvozdenoviq struktur\u00ebn e re organizative t\u00eb k\u00ebtij asociacioni q\u00eb, sipas tij, ka p\u00ebr q\u00ebllim rritjen e cil\u00ebsis\u00eb s\u00eb sh\u00ebrbimeve t\u00eb an\u00ebtar\u00ebve t\u00eb vet dhe rritjen e efektivitetit t\u00eb pun\u00ebs n\u00eb sektor\u00eb.<br \/>\n&#8220;Po ashtu \u00ebsht\u00eb p\u00ebrs\u00ebritur iniciativa lidhur me Pilot projektin p\u00ebr p\u00ebrmir\u00ebsimin e akomodimit privat, i prezantuar edhe para dy vjet\u00ebve e q\u00eb \u00ebsht\u00eb po aq i r\u00ebnd\u00ebsish\u00ebm p\u00ebr t`u realizuar edhe tani&#8221;, thuhet n\u00eb kumtes\u00ebn p\u00ebr opinion t\u00eb UBA-s.<br \/>\nP\u00ebrfaq\u00ebsuesit e UBA-s kan\u00eb v\u00ebn\u00eb n\u00eb dukje problemet me t\u00eb cilat ndeshen sip\u00ebrmarr\u00ebsit n\u00eb komun\u00ebn e Ulqinit si\u00e7 \u00ebsht\u00eb mosekzistimi i planeve strategjike t\u00eb zhvillimit, hartat e planeve, lart\u00ebsia e taksave lokale dhe kompensimeve, administrata lokale, mosfunksionimi i organizat\u00ebs turistike lokale, si dhe mosp\u00ebrdorimi n\u00eb nivelin e duhur i resurseve bujq\u00ebsore n\u00eb Ulqin.<br \/>\nNd\u00ebrkaq ministri Gvozdenoviq ka p\u00ebrsh\u00ebndetur bashk\u00ebpunimin nd\u00ebrmjet Qeveris\u00eb dhe p\u00ebrfaq\u00ebsuesve t\u00eb pun\u00ebdh\u00ebn\u00ebsve si dhe ka potencuar potencialin e madh zhvillimor t\u00eb Ulqinit.<br \/>\nAi ka paralajm\u00ebruar hartimin e projekteve dhe planeve p\u00ebr komun\u00ebn e Ulqinit, p\u00ebr \u00e7`gj\u00eb sipas tij, Qeveria do t\u00eb ndaj\u00eb sasi t\u00eb konsiderueshme t\u00eb mjeteve financiare.<br \/>\nGvozdenoviq ka prezantuar edhe masat q\u00eb ka nd\u00ebrmarr\u00eb Qeveria p\u00ebr t\u00eb ndihmuar biznesin p\u00ebr tejkalimin e kriz\u00ebs ekonomike, si zvog\u00eblimi i tatimit mbi fitimin p\u00ebr 10 p\u00ebr qind, zvog\u00eblimi i \u00e7mimit t\u00eb energjis\u00eb elektrike, heqja e taksave p\u00ebr sip\u00ebrfaqet publike p\u00ebr nd\u00ebrtim, etj.<br \/>\nT\u00eb dy pal\u00ebt kan\u00eb konkluduar se \u00ebsht\u00eb i domosdosh\u00ebm bashk\u00ebpunimi dhe partneriteti nd\u00ebrmjet Qeveris\u00eb, vet\u00ebqeverisjes lokale dhe komunitetit t\u00eb biznesit n\u00eb m\u00ebnyr\u00eb q\u00eb t\u00eb tejkalohet kriza ekonomike, si dhe shfryt\u00ebzimi i potencialeve t\u00eb m\u00ebdha t\u00eb Ulqinit n\u00eb m\u00ebnyr\u00eb q\u00eb t\u00eb krijohet nj\u00eb prodhim cil\u00ebsor i q\u00ebndruesh\u00ebm turistik.<br \/>\n<strong>Kohapress<\/strong><\/p>\n<p><!--YouTube Error: bad URL entered--><strong><br \/>\n<\/strong><\/p>\n","protected":false},"excerpt":{"rendered":"<p>T\u00eb bashk\u00ebpunohet p\u00ebr tejkalimin e kriz\u00ebs Ulqin &#8211; Ministri p\u00ebr Zhvillim Ekonomik Branimir Gvozdenoviq me bashk\u00ebpun\u00ebtor\u00eb u takua t\u00eb m\u00ebrkur\u00ebn e kaluar me p\u00ebrfaq\u00ebsuesit e Ulqin Biznes Asociacionit. Ministri Gvozdenoviq ishte pjes\u00eb e delegacionit qeveritar t\u00eb kryesuar nga kryeministri Millo Gjukanoviq, i cili zhvilloi nj\u00eb vizit\u00eb pune n\u00eb Ulqin. Kryetari i UBA-s Ibrahim Milla i [&hellip;]<\/p>\n","protected":false},"author":1,"featured_media":0,"comment_status":"open","ping_status":"closed","sticky":false,"template":"","format":"standard","meta":{"spay_email":"","jetpack_publicize_message":"","jetpack_is_tweetstorm":false,"jetpack_publicize_feature_enabled":true},"categories":[10],"tags":[5601,95,5602,2219,200,18],"jetpack_publicize_connections":[],"yoast_head":"<!-- This site is optimized with the Yoast SEO plugin v19.1 - https:\/\/yoast.com\/wordpress\/plugins\/seo\/ -->\n<title>Ministri Branisllav Gvozdenoviq u takua me p\u00ebrfaq\u00ebsuesit e Ulqin Biznes Asociacionit - Lajme nga Ulqini<\/title>\n<meta name=\"description\" content=\"T\u00eb bashk\u00ebpunohet p\u00ebr tejkalimin e kriz\u00ebs Ulqin - Ministri p\u00ebr Zhvillim Ekonomik Branimir Gvozdenoviq me bashk\u00ebpun\u00ebtor\u00eb u takua t\u00eb m\u00ebrkur\u00ebn e kaluar me\" \/>\n<meta name=\"robots\" content=\"index, follow, max-snippet:-1, max-image-preview:large, max-video-preview:-1\" \/>\n<link rel=\"canonical\" href=\"https:\/\/www.visit-ulcinj.com\/blog\/2009\/01\/07\/ministri-branisllav-gvozdenoviq-u-takua-me-perfaqesuesit-e-ulqin-biznes-asociacionit\/\" \/>\n<meta property=\"og:locale\" content=\"en_US\" \/>\n<meta property=\"og:type\" content=\"article\" \/>\n<meta property=\"og:title\" content=\"Ministri Branisllav Gvozdenoviq u takua me p\u00ebrfaq\u00ebsuesit e Ulqin Biznes Asociacionit - Lajme nga Ulqini\" \/>\n<meta property=\"og:description\" content=\"T\u00eb bashk\u00ebpunohet p\u00ebr tejkalimin e kriz\u00ebs Ulqin - Ministri p\u00ebr Zhvillim Ekonomik Branimir Gvozdenoviq me bashk\u00ebpun\u00ebtor\u00eb u takua t\u00eb m\u00ebrkur\u00ebn e kaluar me\" \/>\n<meta property=\"og:url\" content=\"https:\/\/www.visit-ulcinj.com\/blog\/2009\/01\/07\/ministri-branisllav-gvozdenoviq-u-takua-me-perfaqesuesit-e-ulqin-biznes-asociacionit\/\" \/>\n<meta property=\"og:site_name\" content=\"Lajme nga Ulqini\" \/>\n<meta property=\"article:published_time\" content=\"2009-01-07T19:44:10+00:00\" \/>\n<meta property=\"article:modified_time\" content=\"2009-03-01T18:48:42+00:00\" \/>\n<meta property=\"og:image\" content=\"http:\/\/www.visit-ulcinj.com\/blog\/wp-content\/uploads\/2009\/01\/branimir-gvozdenoviq.jpg\" \/>\n<meta name=\"twitter:label1\" content=\"Written by\" \/>\n\t<meta name=\"twitter:data1\" content=\"ulqini\" \/>\n\t<meta name=\"twitter:label2\" content=\"Est. reading time\" \/>\n\t<meta name=\"twitter:data2\" content=\"2 minutes\" \/>\n<script type=\"application\/ld+json\" class=\"yoast-schema-graph\">{\"@context\":\"https:\/\/schema.org\",\"@graph\":[{\"@type\":\"WebSite\",\"@id\":\"https:\/\/www.visit-ulcinj.com\/blog\/#website\",\"url\":\"https:\/\/www.visit-ulcinj.com\/blog\/\",\"name\":\"Lajme nga Ulqini\",\"description\":\"Lajme,Vijesti,Ulqini,Ulqin,Crna Gora,Mali i Zi\",\"potentialAction\":[{\"@type\":\"SearchAction\",\"target\":{\"@type\":\"EntryPoint\",\"urlTemplate\":\"https:\/\/www.visit-ulcinj.com\/blog\/?s={search_term_string}\"},\"query-input\":\"required name=search_term_string\"}],\"inLanguage\":\"en-US\"},{\"@type\":\"ImageObject\",\"inLanguage\":\"en-US\",\"@id\":\"https:\/\/www.visit-ulcinj.com\/blog\/2009\/01\/07\/ministri-branisllav-gvozdenoviq-u-takua-me-perfaqesuesit-e-ulqin-biznes-asociacionit\/#primaryimage\",\"url\":\"https:\/\/www.visit-ulcinj.com\/blog\/wp-content\/uploads\/2009\/01\/branimir-gvozdenoviq.jpg\",\"contentUrl\":\"https:\/\/www.visit-ulcinj.com\/blog\/wp-content\/uploads\/2009\/01\/branimir-gvozdenoviq.jpg\",\"width\":\"488\",\"height\":\"250\"},{\"@type\":\"WebPage\",\"@id\":\"https:\/\/www.visit-ulcinj.com\/blog\/2009\/01\/07\/ministri-branisllav-gvozdenoviq-u-takua-me-perfaqesuesit-e-ulqin-biznes-asociacionit\/#webpage\",\"url\":\"https:\/\/www.visit-ulcinj.com\/blog\/2009\/01\/07\/ministri-branisllav-gvozdenoviq-u-takua-me-perfaqesuesit-e-ulqin-biznes-asociacionit\/\",\"name\":\"Ministri Branisllav Gvozdenoviq u takua me p\u00ebrfaq\u00ebsuesit e Ulqin Biznes Asociacionit - Lajme nga Ulqini\",\"isPartOf\":{\"@id\":\"https:\/\/www.visit-ulcinj.com\/blog\/#website\"},\"primaryImageOfPage\":{\"@id\":\"https:\/\/www.visit-ulcinj.com\/blog\/2009\/01\/07\/ministri-branisllav-gvozdenoviq-u-takua-me-perfaqesuesit-e-ulqin-biznes-asociacionit\/#primaryimage\"},\"datePublished\":\"2009-01-07T19:44:10+00:00\",\"dateModified\":\"2009-03-01T18:48:42+00:00\",\"author\":{\"@id\":\"https:\/\/www.visit-ulcinj.com\/blog\/#\/schema\/person\/dcab619c614d3038751c63bc2aadc06d\"},\"description\":\"T\u00eb bashk\u00ebpunohet p\u00ebr tejkalimin e kriz\u00ebs Ulqin - Ministri p\u00ebr Zhvillim Ekonomik Branimir Gvozdenoviq me bashk\u00ebpun\u00ebtor\u00eb u takua t\u00eb m\u00ebrkur\u00ebn e kaluar me\",\"breadcrumb\":{\"@id\":\"https:\/\/www.visit-ulcinj.com\/blog\/2009\/01\/07\/ministri-branisllav-gvozdenoviq-u-takua-me-perfaqesuesit-e-ulqin-biznes-asociacionit\/#breadcrumb\"},\"inLanguage\":\"en-US\",\"potentialAction\":[{\"@type\":\"ReadAction\",\"target\":[\"https:\/\/www.visit-ulcinj.com\/blog\/2009\/01\/07\/ministri-branisllav-gvozdenoviq-u-takua-me-perfaqesuesit-e-ulqin-biznes-asociacionit\/\"]}]},{\"@type\":\"BreadcrumbList\",\"@id\":\"https:\/\/www.visit-ulcinj.com\/blog\/2009\/01\/07\/ministri-branisllav-gvozdenoviq-u-takua-me-perfaqesuesit-e-ulqin-biznes-asociacionit\/#breadcrumb\",\"itemListElement\":[{\"@type\":\"ListItem\",\"position\":1,\"name\":\"Ministri Branisllav Gvozdenoviq u takua me p\u00ebrfaq\u00ebsuesit e Ulqin Biznes Asociacionit\"}]},{\"@type\":\"Person\",\"@id\":\"https:\/\/www.visit-ulcinj.com\/blog\/#\/schema\/person\/dcab619c614d3038751c63bc2aadc06d\",\"name\":\"ulqini\",\"sameAs\":[\"http:\/\/www.visit-ulcinj.com\"],\"url\":\"https:\/\/www.visit-ulcinj.com\/blog\/author\/admin\/\"}]}<\/script>\n<!-- \/ Yoast SEO plugin. -->","yoast_head_json":{"title":"Ministri Branisllav Gvozdenoviq u takua me p\u00ebrfaq\u00ebsuesit e Ulqin Biznes Asociacionit - Lajme nga Ulqini","description":"T\u00eb bashk\u00ebpunohet p\u00ebr tejkalimin e kriz\u00ebs Ulqin - Ministri p\u00ebr Zhvillim Ekonomik Branimir Gvozdenoviq me bashk\u00ebpun\u00ebtor\u00eb u takua t\u00eb m\u00ebrkur\u00ebn e kaluar me","robots":{"index":"index","follow":"follow","max-snippet":"max-snippet:-1","max-image-preview":"max-image-preview:large","max-video-preview":"max-video-preview:-1"},"canonical":"https:\/\/www.visit-ulcinj.com\/blog\/2009\/01\/07\/ministri-branisllav-gvozdenoviq-u-takua-me-perfaqesuesit-e-ulqin-biznes-asociacionit\/","og_locale":"en_US","og_type":"article","og_title":"Ministri Branisllav Gvozdenoviq u takua me p\u00ebrfaq\u00ebsuesit e Ulqin Biznes Asociacionit - Lajme nga Ulqini","og_description":"T\u00eb bashk\u00ebpunohet p\u00ebr tejkalimin e kriz\u00ebs Ulqin - Ministri p\u00ebr Zhvillim Ekonomik Branimir Gvozdenoviq me bashk\u00ebpun\u00ebtor\u00eb u takua t\u00eb m\u00ebrkur\u00ebn e kaluar me","og_url":"https:\/\/www.visit-ulcinj.com\/blog\/2009\/01\/07\/ministri-branisllav-gvozdenoviq-u-takua-me-perfaqesuesit-e-ulqin-biznes-asociacionit\/","og_site_name":"Lajme nga Ulqini","article_published_time":"2009-01-07T19:44:10+00:00","article_modified_time":"2009-03-01T18:48:42+00:00","og_image":[{"url":"http:\/\/www.visit-ulcinj.com\/blog\/wp-content\/uploads\/2009\/01\/branimir-gvozdenoviq.jpg"}],"twitter_misc":{"Written by":"ulqini","Est. reading time":"2 minutes"},"schema":{"@context":"https:\/\/schema.org","@graph":[{"@type":"WebSite","@id":"https:\/\/www.visit-ulcinj.com\/blog\/#website","url":"https:\/\/www.visit-ulcinj.com\/blog\/","name":"Lajme nga Ulqini","description":"Lajme,Vijesti,Ulqini,Ulqin,Crna Gora,Mali i Zi","potentialAction":[{"@type":"SearchAction","target":{"@type":"EntryPoint","urlTemplate":"https:\/\/www.visit-ulcinj.com\/blog\/?s={search_term_string}"},"query-input":"required name=search_term_string"}],"inLanguage":"en-US"},{"@type":"ImageObject","inLanguage":"en-US","@id":"https:\/\/www.visit-ulcinj.com\/blog\/2009\/01\/07\/ministri-branisllav-gvozdenoviq-u-takua-me-perfaqesuesit-e-ulqin-biznes-asociacionit\/#primaryimage","url":"https:\/\/www.visit-ulcinj.com\/blog\/wp-content\/uploads\/2009\/01\/branimir-gvozdenoviq.jpg","contentUrl":"https:\/\/www.visit-ulcinj.com\/blog\/wp-content\/uploads\/2009\/01\/branimir-gvozdenoviq.jpg","width":"488","height":"250"},{"@type":"WebPage","@id":"https:\/\/www.visit-ulcinj.com\/blog\/2009\/01\/07\/ministri-branisllav-gvozdenoviq-u-takua-me-perfaqesuesit-e-ulqin-biznes-asociacionit\/#webpage","url":"https:\/\/www.visit-ulcinj.com\/blog\/2009\/01\/07\/ministri-branisllav-gvozdenoviq-u-takua-me-perfaqesuesit-e-ulqin-biznes-asociacionit\/","name":"Ministri Branisllav Gvozdenoviq u takua me p\u00ebrfaq\u00ebsuesit e Ulqin Biznes Asociacionit - Lajme nga Ulqini","isPartOf":{"@id":"https:\/\/www.visit-ulcinj.com\/blog\/#website"},"primaryImageOfPage":{"@id":"https:\/\/www.visit-ulcinj.com\/blog\/2009\/01\/07\/ministri-branisllav-gvozdenoviq-u-takua-me-perfaqesuesit-e-ulqin-biznes-asociacionit\/#primaryimage"},"datePublished":"2009-01-07T19:44:10+00:00","dateModified":"2009-03-01T18:48:42+00:00","author":{"@id":"https:\/\/www.visit-ulcinj.com\/blog\/#\/schema\/person\/dcab619c614d3038751c63bc2aadc06d"},"description":"T\u00eb bashk\u00ebpunohet p\u00ebr tejkalimin e kriz\u00ebs Ulqin - Ministri p\u00ebr Zhvillim Ekonomik Branimir Gvozdenoviq me bashk\u00ebpun\u00ebtor\u00eb u takua t\u00eb m\u00ebrkur\u00ebn e kaluar me","breadcrumb":{"@id":"https:\/\/www.visit-ulcinj.com\/blog\/2009\/01\/07\/ministri-branisllav-gvozdenoviq-u-takua-me-perfaqesuesit-e-ulqin-biznes-asociacionit\/#breadcrumb"},"inLanguage":"en-US","potentialAction":[{"@type":"ReadAction","target":["https:\/\/www.visit-ulcinj.com\/blog\/2009\/01\/07\/ministri-branisllav-gvozdenoviq-u-takua-me-perfaqesuesit-e-ulqin-biznes-asociacionit\/"]}]},{"@type":"BreadcrumbList","@id":"https:\/\/www.visit-ulcinj.com\/blog\/2009\/01\/07\/ministri-branisllav-gvozdenoviq-u-takua-me-perfaqesuesit-e-ulqin-biznes-asociacionit\/#breadcrumb","itemListElement":[{"@type":"ListItem","position":1,"name":"Ministri Branisllav Gvozdenoviq u takua me p\u00ebrfaq\u00ebsuesit e Ulqin Biznes Asociacionit"}]},{"@type":"Person","@id":"https:\/\/www.visit-ulcinj.com\/blog\/#\/schema\/person\/dcab619c614d3038751c63bc2aadc06d","name":"ulqini","sameAs":["http:\/\/www.visit-ulcinj.com"],"url":"https:\/\/www.visit-ulcinj.com\/blog\/author\/admin\/"}]}},"jetpack_featured_media_url":"","jetpack_sharing_enabled":true,"jetpack_shortlink":"https:\/\/wp.me\/pe6lTn-283","_links":{"self":[{"href":"https:\/\/www.visit-ulcinj.com\/blog\/wp-json\/wp\/v2\/posts\/8187"}],"collection":[{"href":"https:\/\/www.visit-ulcinj.com\/blog\/wp-json\/wp\/v2\/posts"}],"about":[{"href":"https:\/\/www.visit-ulcinj.com\/blog\/wp-json\/wp\/v2\/types\/post"}],"author":[{"embeddable":true,"href":"https:\/\/www.visit-ulcinj.com\/blog\/wp-json\/wp\/v2\/users\/1"}],"replies":[{"embeddable":true,"href":"https:\/\/www.visit-ulcinj.com\/blog\/wp-json\/wp\/v2\/comments?post=8187"}],"version-history":[{"count":0,"href":"https:\/\/www.visit-ulcinj.com\/blog\/wp-json\/wp\/v2\/posts\/8187\/revisions"}],"wp:attachment":[{"href":"https:\/\/www.visit-ulcinj.com\/blog\/wp-json\/wp\/v2\/media?parent=8187"}],"wp:term":[{"taxonomy":"category","embeddable":true,"href":"https:\/\/www.visit-ulcinj.com\/blog\/wp-json\/wp\/v2\/categories?post=8187"},{"taxonomy":"post_tag","embeddable":true,"href":"https:\/\/www.visit-ulcinj.com\/blog\/wp-json\/wp\/v2\/tags?post=8187"}],"curies":[{"name":"wp","href":"https:\/\/api.w.org\/{rel}","templated":true}]}}