{"id":81875,"date":"2014-04-24T19:22:34","date_gmt":"2014-04-24T18:22:34","guid":{"rendered":"http:\/\/www.visit-ulcinj.com\/blog\/?p=81875"},"modified":"2014-04-27T18:50:59","modified_gmt":"2014-04-27T17:50:59","slug":"zeneli-mali-zi-integrimet-europiane-dhe-protestat-e-shqiptareve","status":"publish","type":"post","link":"https:\/\/www.visit-ulcinj.com\/blog\/2014\/04\/24\/zeneli-mali-zi-integrimet-europiane-dhe-protestat-e-shqiptareve\/","title":{"rendered":"Zeneli: Mali i Zi, integrimet europiane dhe protestat e shqiptar\u00ebve"},"content":{"rendered":"<p><a href=\"http:\/\/www.visit-ulcinj.com\/blog\/wp-content\/uploads\/2014\/04\/xheladin-zeneli-protesta.jpg\"><img loading=\"lazy\" class=\"alignleft  wp-image-81347\" alt=\"xheladin-zeneli-protesta\" src=\"http:\/\/www.visit-ulcinj.com\/blog\/wp-content\/uploads\/2014\/04\/xheladin-zeneli-protesta.jpg\" width=\"508\" height=\"360\" \/><\/a>Pothuajse gjith\u00eb faktor\u00ebt relevant ahqiptar,si politik dhe jo politik, jan\u00eb n\u00eb pajtueshm\u00ebri t\u00eb plot\u00eb me faktin se pozita e shqiptar\u00ebve n\u00eb Mal t\u00eb Zi vazhdon gjith\u00ebnj\u00eb t\u00eb jet\u00eb e pavolitshme.Mjafton vet\u00ebm q\u00eb t&#8217;ju hidhet nj\u00eb sy programeve t\u00eb subjekteve politike shqiptare dhe t\u00eb v\u00ebrtetoheni n\u00eb list\u00ebn e tyre t\u00eb gjat\u00eb t\u00eb k\u00ebrkesave dhe \u00e7\u00ebshtjeve t\u00eb pazgjidhura t\u00eb shqiptar\u00ebve.<\/p>\n<p>Gjithashtu,gjat\u00eb 23-vje\u00e7arit t\u00eb fundit jemi d\u00ebshmitar\u00eb t\u00eb bashk\u00ebqeverisjes dhe marr\u00ebveshjeve t\u00eb shumta n\u00eb mes subjekteve t\u00eb caktuara politike shqiptare dhe partis\u00eb q\u00eb udh\u00ebheq me pushtetin qendror, por pa rezulltate apo me rrezulltate t\u00eb kufizuara.Nj\u00ebkoh\u00ebsisht jemi d\u00ebshmitar\u00eb t\u00eb premtimeve t\u00eb vazhdueshme ,nga ana e qeveris\u00eb s\u00eb Malit t\u00eb Zi dhe kryeministrit Gjukanoviq kur jan\u00eb n\u00eb pyetje realizimi i t\u00eb drejtave t\u00eb shqiptar\u00ebve,premtime k\u00ebto q\u00eb kan\u00eb mbetur t\u00eb zbrazta. Gjat\u00eb gjith\u00eb k\u00ebsaj kohe, ka pasur projekte ,elaborate t\u00eb ndryshme, reagime,propozime t\u00eb amandamenteve ligjore nga ana e p\u00ebrfaq\u00ebsuesve shqiptar n\u00eb parlamentin e Malit t\u00eb Zi, por pa nj\u00eb sukses t\u00eb konsideruesh\u00ebm.<\/p>\n<p>Duke u nisur nga k\u00ebto parametra, si dhe nga shqet\u00ebsimi i diaspor\u00ebs shqiptare p\u00ebr pozit\u00ebn e p\u00ebrkeq\u00ebsusar t\u00eb bashk\u00ebkombasve t\u00eb tyre n\u00eb vendlindje, organizatat shqiptare me prejardhje nga trojet etnike n\u00eb Mal t\u00eb Zi q\u00eb veprojn\u00eb n\u00eb SHBA ,organizuan demonstrat\u00ebn paq\u00ebsore n\u00eb Washington me 8 Prill 2014, n\u00eb t\u00eb nj\u00ebjt\u00ebn dit\u00eb kur kryeministri malazez, Gjukanoviq u takua me z\/presidentin amerikan,Biden,n\u00eb Sht\u00ebpin\u00eb e Bardh\u00eb .Kjo demonstrat\u00eb pati p\u00ebrkrahjen e shum\u00eb organizatave tjera shqiptare n\u00eb SHBA dhe pati nj\u00eb jehon\u00eb t\u00eb madhe n\u00eb mediumet dhe n\u00eb hap\u00ebsir\u00ebn shqiptare. Gazeta shqiptaro &#8211; amerikane &#8221; Illyria&#8221;\u00a0 e p\u00ebrshkruan k\u00ebt\u00eb demonstrat\u00eb si &#8220;Protesta m\u00eb e madhe shqiptare e dekad\u00ebs n\u00eb Washington&#8221;,kurse Albanian News Agency ( AlbPress) shkruan:&#8221;Kjo demonstrat\u00eb konsiderohet si nj\u00eb nd\u00ebr m\u00eb t\u00eb organizuarat pas luft\u00ebrave n\u00eb Kosov\u00eb dhe Maqedoni&#8221;.Si rrezulltat i k\u00ebsaj demonstrate ,an\u00ebtari i Komitetit p\u00ebr marr\u00ebdh\u00ebnie t\u00eb jashtme i Kongresit Amerikan, z. Eliot Engel,menj\u00ebher\u00eb pas p\u00ebrfundimit t\u00eb demonstrat\u00ebs,ftoi n\u00eb zyr\u00ebn e tij t\u00eb Kongresit,p\u00ebrfaq\u00ebsuesit e disa shoqatave shqiptare dhe disa aktivist\u00eb t\u00eb tjer\u00eb t\u00eb komunitetit me n\u00eb krye an\u00ebtarin e Asambles\u00eb s\u00eb New York-ut, z. Mark Gjonaj,ku u parashtruan k\u00ebrkesat kryesore t\u00eb shqiptar\u00ebve n\u00eb Mal t\u00eb Zi.<\/p>\n<p>N\u00eb t\u00eb nj\u00ebjt\u00ebn dit\u00eb,pra me 8 Prill 2014 dhe n\u00eb koordinim me shoqatat shqiptare n\u00eb SHBA, u mbajt n\u00eb Plav\u00eb protesta paq\u00ebsore me moton &#8221; K\u00ebrkojm\u00eb t\u00eb drejtat tona&#8221;, e organizuar nga\u00a0 Unioni i pavarur i student\u00ebve shqiptar n\u00eb Mal t\u00eb Zi (Dega Plav\u00eb -Guci). K\u00ebto djem dhe vajza meritojn\u00eb mir\u00ebnjohje t\u00eb ve\u00e7ant\u00eb p\u00ebr vendosm\u00ebrin\u00eb dhe kurajon e tyre q\u00eb treguan me rastin e realizimit t\u00eb k\u00ebsaj proteste. Kurse,dy dit\u00eb m\u00eb par\u00eb me 6 Prill, n\u00eb Tuz t\u00eb Mal\u00ebsis\u00eb u mbajt ,gjithashtu protest\u00eb kund\u00ebr politik\u00ebs diskriminuese t\u00eb pushtetit malazez ndaj shqiptar\u00ebve,\u00a0\u00a0 e organizuar\u00a0 nga Forumi Demokratik p\u00ebr Integrim (FDI) dhe e p\u00ebrkrahur nga Lidhja Demokratike n\u00eb Mal t\u00eb Zi \u2013 Dega e Mal\u00ebsis\u00eb si i vetmi subjekt politik i cili i ka dh\u00ebn\u00eb p\u00ebrkrahje paraprake protestave t\u00eb shqiptar\u00ebve.<\/p>\n<p>Pyetjeve q\u00eb nuk mund ti shmangemi dot \u00ebsht\u00eb se p\u00ebrse protestat paq\u00ebsore nuk pat\u00ebn p\u00ebrkrahjen e duhur t\u00eb subjekteve t\u00eb tjera politike shqiptare ? P\u00ebrse nuk u p\u00ebrkrahen protestat e student\u00ebve shqiptar n\u00eb Plav\u00eb t\u00eb cil\u00ebt dual\u00ebn n\u00eb rrug\u00eb pa kurrfar\u00eb interesave politike por thjesht\u00eb q\u00eb t\u00eb ngrisin z\u00ebrin e tyre ndaj padrejt\u00ebsive q\u00eb iu b\u00ebhen shqiptar\u00ebve ? Gjithashtu,p\u00ebrse nuk u p\u00ebrkrah demonstrata e diaspor\u00ebs shqiptare n\u00eb Washington ?. K\u00ebto jan\u00eb vet\u00ebm disa pyetje,p\u00ebrgjegj\u00ebn e t\u00eb cil\u00ebve e dijn\u00eb vet\u00ebm subjektet politike shqiptare.<\/p>\n<p>Nj\u00eb nd\u00ebr arsyet e organizimit t\u00eb protestave n\u00eb fjal\u00eb ishte edhe ajo,se ky vit \u00ebsht\u00eb vit i vendimtar p\u00ebr Malin e Zi n\u00eb aspektin e p\u00ebrmbushjes s\u00eb kushteve dhe kriteriumeve lidhur me an\u00ebtar\u00ebsimin e tij n\u00eb NATO dhe n\u00eb BE. Prandaj,ky \u00ebsht\u00eb\u00a0 moment i r\u00ebnd\u00ebsish\u00ebm q\u00eb shqiptar\u00ebt t\u00eb riaktualizojn\u00eb \u00e7\u00ebshtjen e tyre duke sfiduar integrimin europian t\u00eb Malit\u00a0 t\u00eb Zi n\u00eb aspektin e mos realizimit t\u00eb t\u00eb drejtave t\u00eb plota t\u00eb shqiptar\u00ebve sipas standardeve t\u00eb vet\u00eb asaj bashk\u00ebsie ,pjes\u00eb e s\u00eb cil\u00ebs Mali i Zi pretendon t\u00eb b\u00ebhet,pra pjes\u00eb e\u00a0 BE. \u00cbsht\u00eb\u00a0 i papranuesh\u00ebm fakti q\u00eb Podgorica zyrtare,\u00a0 n\u00eb nj\u00ebr\u00ebn an\u00eb aspiron t\u00eb jet\u00eb an\u00ebtare e NATO-s dhe e BE, kurse n\u00eb an\u00ebn tjet\u00ebr iu mohon t\u00eb drejtat elementare t\u00eb shqiptar\u00ebve.Prandaj edhe nj\u00eb nd\u00ebr parrullat e protestuesve shqiptar\u00eb n\u00eb Washington ishte\u00a0 &#8220;Nuk ka integrim n\u00eb NATO p\u00ebr Malin e Zi pa t\u00eb drejtat e shqiptar\u00ebve !&#8221;<\/p>\n<p>&nbsp;<\/p>\n<p>Kur\u00a0 dialogu dhe rruga institucionale nuk jep rrezulltate t\u00eb pritura t\u00eb zgjidhjes s\u00eb problemeve,at\u00ebher\u00eb protestat paq\u00ebsore duhen t\u00eb kuptohen si vazhdim\u00ebsi e nj\u00eb proceci demokratik dhe si mekaniz\u00ebm mbrojt\u00ebs ndaj padrejt\u00ebsive evidente t\u00eb pushtetit malazez dhe si element plot\u00ebsues i aplikimit t\u00eb trysnis\u00eb ndaj k\u00ebtij pushteti.<\/p>\n<p>Duke u nisur nga kjo premis\u00eb, at\u00ebher\u00eb p\u00ebrse pjesa d\u00ebrmuese e faktorit politik shqiptar n\u00eb Mal t\u00eb Zi ngurrojn\u00eb apo hezitojn\u00eb q\u00eb t\u00eb shprehin pak\u00ebnaq\u00ebsin\u00eb e tyre p\u00ebrmes protestave paq\u00ebsore? T\u00eb drejt\u00ebn p\u00ebr t\u00eb protestuar iu mund\u00ebson edhe kushtetuta e Malit t\u00eb Zi ( neni 52). Derisa n\u00eb t\u00eb kaluar\u00ebn ka pasur protesta t\u00eb shqiptar\u00ebve n\u00eb Mal t\u00eb Zi me karakter lokal,deri m\u00eb sot nuk ka pasur asnj\u00eb protest\u00eb masive t\u00eb tyre.Nj\u00eb protest\u00eb masive eventuale e gjith\u00eb faktorit politik shqiptar bashk\u00eb me organizatat joqeveritare shqiptare,para institucioneve ku legjitimohet diskriminimi i shqiptar\u00ebve si\u00e7 \u00ebsht\u00eb parlamenti dhe\u00a0 qeveria n\u00eb Podgoric\u00eb, do t\u00eb d\u00ebshmonte unitet t\u00eb pashembullt, dhe do ishte nj\u00eb mesazh i fort\u00eb i vendosm\u00ebris\u00eb s\u00eb tyre\u00a0 n\u00eb zgjidhjen e problemeve q\u00eb preokupojn\u00eb shqiptar\u00ebt si dhe do t\u00eb t\u00ebrhiqte v\u00ebmendjen e faktorit nd\u00ebrkomb\u00ebtar.<\/p>\n<p>Nj\u00eb dukuri tjet\u00ebr ,q\u00eb pak a shum\u00eb dominon n\u00eb opinion shqiptar e posa\u00e7\u00ebrisht dominon n\u00eb retorik\u00ebn e struktur\u00ebs udh\u00ebheq\u00ebse t\u00eb partis\u00eb s\u00eb Gjukanoviqit ( PDS), \u00ebsht\u00eb logjika sipas t\u00eb cil\u00ebs &#8220;nuk b\u00ebn q\u00eb t\u00eb kund\u00ebrshtohet di\u00e7ka q\u00eb p\u00ebrputhet me kund\u00ebrshtimet e serb\u00ebve n\u00eb Mal t\u00eb Zi &#8220;!? N\u00ebse serb\u00ebt n\u00eb Mal t\u00eb Zi kund\u00ebrshtojn\u00eb an\u00ebtar\u00ebsimin e Malit t\u00eb Zi n\u00eb NATO, k\u00ebt\u00eb ate e b\u00ebjn\u00eb\u00a0 p\u00ebr arsyet e tyre, kurse shqiptar\u00ebt e b\u00ebjn\u00eb p\u00ebr shkaqe t\u00eb tjera. Serb\u00ebt e kund\u00ebrshtojn\u00eb an\u00ebtar\u00ebsimin e Mali t\u00eb Zi n\u00eb NATO sepse e urrejn\u00eb NATO-n ,kurse ato shqiptar\u00eb q\u00eb kund\u00ebrshtojn\u00eb an\u00ebtar\u00ebsimin e Malin e Zi n\u00eb NATO, e adhurojn\u00eb aleanc\u00ebn ushtarake t\u00eb P\u00ebrendimit, por njikoh\u00ebsisht k\u00ebrkojn\u00eb q\u00eb Mali i Zi ti respektojn\u00eb t\u00eb drejtat e tyre ,si an\u00ebtare e mundshme e NATO-s.<\/p>\n<p>Me vite t\u00eb t\u00ebra, nj\u00eb nd\u00ebr strategjit\u00eb\u00a0 e pushtetit malazez ka qen\u00eb edhe ajo se\u00a0 shum\u00eb prej k\u00ebrkesave t\u00eb tyre jan\u00eb kategorizuar si k\u00ebrkesa t\u00eb cilat &#8220;\u00e7ojn\u00eb uj\u00eb n\u00eb mullirin e pakic\u00ebs serbe&#8221; (!?). Shembulli m\u00eb i mir\u00eb i k\u00ebsaj \u00ebsht\u00eb k\u00ebrkesa p\u00ebr statusin e komun\u00ebs s\u00eb pavarur dhe t\u00eb plot\u00eb t\u00eb Tuzit ( Mal\u00ebsis\u00eb). Qeveria e Malit t\u00eb Zi dhe partia udh\u00ebheq\u00ebse e saj ( PDS) e arsyeton mos realizimin e komun\u00ebs s\u00eb plot\u00eb t\u00eb Tuzit ( Mal\u00ebsis\u00eb) me preteks se me shk\u00ebputjen eventuale t\u00eb Tuzit si komun\u00eb n\u00eb vehte mund t\u00eb ndikoj\u00eb n\u00eb ate q\u00eb \u00a0udh\u00ebheqja politike e Podgoric\u00ebs t\u00eb &#8220;kaloj\u00eb n\u00eb duart e opozit\u00ebs serbe&#8221;, arsyetim ky i cili mund t\u00eb merret edhe si lloj\u00eb k\u00ebrcnimi. Si rrjedhim i k\u00ebsaj kemi t\u00eb drejt\u00eb t\u00eb pyesim se p\u00ebrse shumica shqiptare e Mal\u00ebsis\u00eb duhet t\u00eb vazhdoj\u00eb q\u00eb t\u00eb sakrifikohet apo t\u00eb p\u00ebrdoret p\u00ebr interesat politike t\u00eb partis\u00eb n\u00eb pushtet ( PDS) ? Deri kur shumica shqiptare e Mal\u00ebsis\u00eb do t\u00eb mbahet peng e llogaritjeve politike t\u00eb partis\u00eb s\u00eb Millo Gjukanoviqit e cila ka p\u00ebr q\u00ebllim vet\u00ebm vazhdim\u00ebsin\u00eb e mbajtjes s\u00eb pushtetit , dhe jo plot\u00ebsimin e mir\u00ebfillt\u00eb t\u00eb k\u00ebrkesave t\u00eb shqiptar\u00ebve ?.<\/p>\n<p>Deri tani,p\u00ebrkrahja q\u00eb shqiptar\u00ebt i kan\u00eb dh\u00ebn\u00eb\u00a0 partis\u00eb n\u00eb pushtet dhe Malit t\u00eb Zi,ka qen\u00eb m\u00eb e madhe se asnj\u00eb popull tjet\u00ebr pakic\u00eb n\u00eb k\u00ebt\u00eb shtet. Gjukanoviq dhe partia e tij kan\u00eb p\u00ebrfituar m\u00eb shum\u00eb ndaj p\u00ebrkrahjes s\u00eb shqiptar\u00ebve se sa shqiptar\u00ebt kan\u00eb p\u00ebrfituar nga politika e tij. N\u00eb t\u00eb v\u00ebrtet\u00eb p\u00ebrkrahja dhe lojalizmi i tyre asnj\u00ebher\u00eb nuk iu \u00ebsht\u00eb kthyer.<\/p>\n<p>Prandaj,p\u00ebr dallim nga e kaluara, tani \u00ebsht\u00eb koha q\u00eb shqiptar\u00ebt t\u00eb mendojn\u00eb p\u00ebr vet\u00ebveten dhe interesat e tyre .Ata nuk duhen t\u00eb brengosen shum\u00eb me faktin se a do t\u00eb an\u00ebtar\u00ebsohet Mali i Zi n\u00eb NATO apo BE, por duhet t\u00eb mendojn\u00eb se cili do t\u00eb jet\u00eb statusi i tyre n\u00eb nj\u00eb Mal t\u00eb Zi europian.Vendimi p\u00ebr an\u00ebtar\u00ebsimin e Malit t\u00eb Zi do t\u00eb merret n\u00eb\u00a0 qendrat vendim-marr\u00ebse si\u00e7 \u00ebsht\u00eb Washington-i dhe Brukseli dhe shqiptar\u00ebt nuk kan\u00eb nevoj\u00eb t\u00eb jen\u00eb avokat\u00eb i integrimit t\u00eb Malit t\u00eb Zi n\u00eb strukturat euro-atlantike. Shqiptar\u00ebt,n\u00eb rend t\u00eb par\u00eb duhen t\u00eb jen\u00eb avokat t\u00eb vet\u00ebvehtes\u00a0 sepse askush tjet\u00ebr nuk do t&#8217;a b\u00ebj\u00eb k\u00ebt\u00eb,n\u00ebse\u00a0 ata vet\u00eb nuk angazhohen p\u00ebr \u00e7\u00ebshtjen e tyre.<\/p>\n<p>&nbsp;<\/p>\n<p><strong>Xheladin Zeneli<\/strong><\/p>\n<p><strong>24 Prill 2014<\/strong><\/p>\n","protected":false},"excerpt":{"rendered":"<p>Pothuajse gjith\u00eb faktor\u00ebt relevant ahqiptar,si politik dhe jo politik, jan\u00eb n\u00eb pajtueshm\u00ebri t\u00eb plot\u00eb me faktin se pozita e shqiptar\u00ebve n\u00eb Mal t\u00eb Zi vazhdon gjith\u00ebnj\u00eb t\u00eb jet\u00eb e pavolitshme.Mjafton vet\u00ebm q\u00eb t&#8217;ju hidhet nj\u00eb sy programeve t\u00eb subjekteve politike shqiptare dhe t\u00eb v\u00ebrtetoheni n\u00eb list\u00ebn e tyre t\u00eb gjat\u00eb t\u00eb k\u00ebrkesave dhe \u00e7\u00ebshtjeve t\u00eb [&hellip;]<\/p>\n","protected":false},"author":1,"featured_media":0,"comment_status":"closed","ping_status":"closed","sticky":false,"template":"","format":"standard","meta":{"spay_email":"","jetpack_publicize_message":"","jetpack_is_tweetstorm":false,"jetpack_publicize_feature_enabled":true},"categories":[11],"tags":[],"jetpack_publicize_connections":[],"yoast_head":"<!-- This site is optimized with the Yoast SEO plugin v19.1 - https:\/\/yoast.com\/wordpress\/plugins\/seo\/ -->\n<title>Zeneli: Mali i Zi, integrimet europiane dhe protestat e shqiptar\u00ebve - Lajme nga Ulqini<\/title>\n<meta name=\"description\" content=\"Pothuajse gjith\u00eb faktor\u00ebt relevant ahqiptar,si politik dhe jo politik, jan\u00eb n\u00eb pajtueshm\u00ebri t\u00eb plot\u00eb me faktin se pozita e shqiptar\u00ebve n\u00eb Mal t\u00eb Zi\" \/>\n<meta name=\"robots\" content=\"index, follow, max-snippet:-1, max-image-preview:large, max-video-preview:-1\" \/>\n<link rel=\"canonical\" href=\"https:\/\/www.visit-ulcinj.com\/blog\/2014\/04\/24\/zeneli-mali-zi-integrimet-europiane-dhe-protestat-e-shqiptareve\/\" \/>\n<meta property=\"og:locale\" content=\"en_US\" \/>\n<meta property=\"og:type\" content=\"article\" \/>\n<meta property=\"og:title\" content=\"Zeneli: Mali i Zi, integrimet europiane dhe protestat e shqiptar\u00ebve - Lajme nga Ulqini\" \/>\n<meta property=\"og:description\" content=\"Pothuajse gjith\u00eb faktor\u00ebt relevant ahqiptar,si politik dhe jo politik, jan\u00eb n\u00eb pajtueshm\u00ebri t\u00eb plot\u00eb me faktin se pozita e shqiptar\u00ebve n\u00eb Mal t\u00eb Zi\" \/>\n<meta property=\"og:url\" content=\"https:\/\/www.visit-ulcinj.com\/blog\/2014\/04\/24\/zeneli-mali-zi-integrimet-europiane-dhe-protestat-e-shqiptareve\/\" \/>\n<meta property=\"og:site_name\" content=\"Lajme nga Ulqini\" \/>\n<meta property=\"article:published_time\" content=\"2014-04-24T18:22:34+00:00\" \/>\n<meta property=\"article:modified_time\" content=\"2014-04-27T17:50:59+00:00\" \/>\n<meta property=\"og:image\" content=\"http:\/\/www.visit-ulcinj.com\/blog\/wp-content\/uploads\/2014\/04\/xheladin-zeneli-protesta.jpg\" \/>\n<meta name=\"twitter:label1\" content=\"Written by\" \/>\n\t<meta name=\"twitter:data1\" content=\"ulqini\" \/>\n\t<meta name=\"twitter:label2\" content=\"Est. reading time\" \/>\n\t<meta name=\"twitter:data2\" content=\"8 minutes\" \/>\n<script type=\"application\/ld+json\" class=\"yoast-schema-graph\">{\"@context\":\"https:\/\/schema.org\",\"@graph\":[{\"@type\":\"WebSite\",\"@id\":\"https:\/\/www.visit-ulcinj.com\/blog\/#website\",\"url\":\"https:\/\/www.visit-ulcinj.com\/blog\/\",\"name\":\"Lajme nga Ulqini\",\"description\":\"Lajme,Vijesti,Ulqini,Ulqin,Crna Gora,Mali i Zi\",\"potentialAction\":[{\"@type\":\"SearchAction\",\"target\":{\"@type\":\"EntryPoint\",\"urlTemplate\":\"https:\/\/www.visit-ulcinj.com\/blog\/?s={search_term_string}\"},\"query-input\":\"required name=search_term_string\"}],\"inLanguage\":\"en-US\"},{\"@type\":\"ImageObject\",\"inLanguage\":\"en-US\",\"@id\":\"https:\/\/www.visit-ulcinj.com\/blog\/2014\/04\/24\/zeneli-mali-zi-integrimet-europiane-dhe-protestat-e-shqiptareve\/#primaryimage\",\"url\":\"https:\/\/www.visit-ulcinj.com\/blog\/wp-content\/uploads\/2014\/04\/xheladin-zeneli-protesta.jpg\",\"contentUrl\":\"https:\/\/www.visit-ulcinj.com\/blog\/wp-content\/uploads\/2014\/04\/xheladin-zeneli-protesta.jpg\",\"width\":800,\"height\":533},{\"@type\":\"WebPage\",\"@id\":\"https:\/\/www.visit-ulcinj.com\/blog\/2014\/04\/24\/zeneli-mali-zi-integrimet-europiane-dhe-protestat-e-shqiptareve\/#webpage\",\"url\":\"https:\/\/www.visit-ulcinj.com\/blog\/2014\/04\/24\/zeneli-mali-zi-integrimet-europiane-dhe-protestat-e-shqiptareve\/\",\"name\":\"Zeneli: Mali i Zi, integrimet europiane dhe protestat e shqiptar\u00ebve - Lajme nga Ulqini\",\"isPartOf\":{\"@id\":\"https:\/\/www.visit-ulcinj.com\/blog\/#website\"},\"primaryImageOfPage\":{\"@id\":\"https:\/\/www.visit-ulcinj.com\/blog\/2014\/04\/24\/zeneli-mali-zi-integrimet-europiane-dhe-protestat-e-shqiptareve\/#primaryimage\"},\"datePublished\":\"2014-04-24T18:22:34+00:00\",\"dateModified\":\"2014-04-27T17:50:59+00:00\",\"author\":{\"@id\":\"https:\/\/www.visit-ulcinj.com\/blog\/#\/schema\/person\/dcab619c614d3038751c63bc2aadc06d\"},\"description\":\"Pothuajse gjith\u00eb faktor\u00ebt relevant ahqiptar,si politik dhe jo politik, jan\u00eb n\u00eb pajtueshm\u00ebri t\u00eb plot\u00eb me faktin se pozita e shqiptar\u00ebve n\u00eb Mal t\u00eb Zi\",\"breadcrumb\":{\"@id\":\"https:\/\/www.visit-ulcinj.com\/blog\/2014\/04\/24\/zeneli-mali-zi-integrimet-europiane-dhe-protestat-e-shqiptareve\/#breadcrumb\"},\"inLanguage\":\"en-US\",\"potentialAction\":[{\"@type\":\"ReadAction\",\"target\":[\"https:\/\/www.visit-ulcinj.com\/blog\/2014\/04\/24\/zeneli-mali-zi-integrimet-europiane-dhe-protestat-e-shqiptareve\/\"]}]},{\"@type\":\"BreadcrumbList\",\"@id\":\"https:\/\/www.visit-ulcinj.com\/blog\/2014\/04\/24\/zeneli-mali-zi-integrimet-europiane-dhe-protestat-e-shqiptareve\/#breadcrumb\",\"itemListElement\":[{\"@type\":\"ListItem\",\"position\":1,\"name\":\"Zeneli: Mali i Zi, integrimet europiane dhe protestat e shqiptar\u00ebve\"}]},{\"@type\":\"Person\",\"@id\":\"https:\/\/www.visit-ulcinj.com\/blog\/#\/schema\/person\/dcab619c614d3038751c63bc2aadc06d\",\"name\":\"ulqini\",\"sameAs\":[\"http:\/\/www.visit-ulcinj.com\"],\"url\":\"https:\/\/www.visit-ulcinj.com\/blog\/author\/admin\/\"}]}<\/script>\n<!-- \/ Yoast SEO plugin. -->","yoast_head_json":{"title":"Zeneli: Mali i Zi, integrimet europiane dhe protestat e shqiptar\u00ebve - Lajme nga Ulqini","description":"Pothuajse gjith\u00eb faktor\u00ebt relevant ahqiptar,si politik dhe jo politik, jan\u00eb n\u00eb pajtueshm\u00ebri t\u00eb plot\u00eb me faktin se pozita e shqiptar\u00ebve n\u00eb Mal t\u00eb Zi","robots":{"index":"index","follow":"follow","max-snippet":"max-snippet:-1","max-image-preview":"max-image-preview:large","max-video-preview":"max-video-preview:-1"},"canonical":"https:\/\/www.visit-ulcinj.com\/blog\/2014\/04\/24\/zeneli-mali-zi-integrimet-europiane-dhe-protestat-e-shqiptareve\/","og_locale":"en_US","og_type":"article","og_title":"Zeneli: Mali i Zi, integrimet europiane dhe protestat e shqiptar\u00ebve - Lajme nga Ulqini","og_description":"Pothuajse gjith\u00eb faktor\u00ebt relevant ahqiptar,si politik dhe jo politik, jan\u00eb n\u00eb pajtueshm\u00ebri t\u00eb plot\u00eb me faktin se pozita e shqiptar\u00ebve n\u00eb Mal t\u00eb Zi","og_url":"https:\/\/www.visit-ulcinj.com\/blog\/2014\/04\/24\/zeneli-mali-zi-integrimet-europiane-dhe-protestat-e-shqiptareve\/","og_site_name":"Lajme nga Ulqini","article_published_time":"2014-04-24T18:22:34+00:00","article_modified_time":"2014-04-27T17:50:59+00:00","og_image":[{"url":"http:\/\/www.visit-ulcinj.com\/blog\/wp-content\/uploads\/2014\/04\/xheladin-zeneli-protesta.jpg"}],"twitter_misc":{"Written by":"ulqini","Est. reading time":"8 minutes"},"schema":{"@context":"https:\/\/schema.org","@graph":[{"@type":"WebSite","@id":"https:\/\/www.visit-ulcinj.com\/blog\/#website","url":"https:\/\/www.visit-ulcinj.com\/blog\/","name":"Lajme nga Ulqini","description":"Lajme,Vijesti,Ulqini,Ulqin,Crna Gora,Mali i Zi","potentialAction":[{"@type":"SearchAction","target":{"@type":"EntryPoint","urlTemplate":"https:\/\/www.visit-ulcinj.com\/blog\/?s={search_term_string}"},"query-input":"required name=search_term_string"}],"inLanguage":"en-US"},{"@type":"ImageObject","inLanguage":"en-US","@id":"https:\/\/www.visit-ulcinj.com\/blog\/2014\/04\/24\/zeneli-mali-zi-integrimet-europiane-dhe-protestat-e-shqiptareve\/#primaryimage","url":"https:\/\/www.visit-ulcinj.com\/blog\/wp-content\/uploads\/2014\/04\/xheladin-zeneli-protesta.jpg","contentUrl":"https:\/\/www.visit-ulcinj.com\/blog\/wp-content\/uploads\/2014\/04\/xheladin-zeneli-protesta.jpg","width":800,"height":533},{"@type":"WebPage","@id":"https:\/\/www.visit-ulcinj.com\/blog\/2014\/04\/24\/zeneli-mali-zi-integrimet-europiane-dhe-protestat-e-shqiptareve\/#webpage","url":"https:\/\/www.visit-ulcinj.com\/blog\/2014\/04\/24\/zeneli-mali-zi-integrimet-europiane-dhe-protestat-e-shqiptareve\/","name":"Zeneli: Mali i Zi, integrimet europiane dhe protestat e shqiptar\u00ebve - Lajme nga Ulqini","isPartOf":{"@id":"https:\/\/www.visit-ulcinj.com\/blog\/#website"},"primaryImageOfPage":{"@id":"https:\/\/www.visit-ulcinj.com\/blog\/2014\/04\/24\/zeneli-mali-zi-integrimet-europiane-dhe-protestat-e-shqiptareve\/#primaryimage"},"datePublished":"2014-04-24T18:22:34+00:00","dateModified":"2014-04-27T17:50:59+00:00","author":{"@id":"https:\/\/www.visit-ulcinj.com\/blog\/#\/schema\/person\/dcab619c614d3038751c63bc2aadc06d"},"description":"Pothuajse gjith\u00eb faktor\u00ebt relevant ahqiptar,si politik dhe jo politik, jan\u00eb n\u00eb pajtueshm\u00ebri t\u00eb plot\u00eb me faktin se pozita e shqiptar\u00ebve n\u00eb Mal t\u00eb Zi","breadcrumb":{"@id":"https:\/\/www.visit-ulcinj.com\/blog\/2014\/04\/24\/zeneli-mali-zi-integrimet-europiane-dhe-protestat-e-shqiptareve\/#breadcrumb"},"inLanguage":"en-US","potentialAction":[{"@type":"ReadAction","target":["https:\/\/www.visit-ulcinj.com\/blog\/2014\/04\/24\/zeneli-mali-zi-integrimet-europiane-dhe-protestat-e-shqiptareve\/"]}]},{"@type":"BreadcrumbList","@id":"https:\/\/www.visit-ulcinj.com\/blog\/2014\/04\/24\/zeneli-mali-zi-integrimet-europiane-dhe-protestat-e-shqiptareve\/#breadcrumb","itemListElement":[{"@type":"ListItem","position":1,"name":"Zeneli: Mali i Zi, integrimet europiane dhe protestat e shqiptar\u00ebve"}]},{"@type":"Person","@id":"https:\/\/www.visit-ulcinj.com\/blog\/#\/schema\/person\/dcab619c614d3038751c63bc2aadc06d","name":"ulqini","sameAs":["http:\/\/www.visit-ulcinj.com"],"url":"https:\/\/www.visit-ulcinj.com\/blog\/author\/admin\/"}]}},"jetpack_featured_media_url":"","jetpack_sharing_enabled":true,"jetpack_shortlink":"https:\/\/wp.me\/pe6lTn-liz","_links":{"self":[{"href":"https:\/\/www.visit-ulcinj.com\/blog\/wp-json\/wp\/v2\/posts\/81875"}],"collection":[{"href":"https:\/\/www.visit-ulcinj.com\/blog\/wp-json\/wp\/v2\/posts"}],"about":[{"href":"https:\/\/www.visit-ulcinj.com\/blog\/wp-json\/wp\/v2\/types\/post"}],"author":[{"embeddable":true,"href":"https:\/\/www.visit-ulcinj.com\/blog\/wp-json\/wp\/v2\/users\/1"}],"replies":[{"embeddable":true,"href":"https:\/\/www.visit-ulcinj.com\/blog\/wp-json\/wp\/v2\/comments?post=81875"}],"version-history":[{"count":1,"href":"https:\/\/www.visit-ulcinj.com\/blog\/wp-json\/wp\/v2\/posts\/81875\/revisions"}],"predecessor-version":[{"id":81876,"href":"https:\/\/www.visit-ulcinj.com\/blog\/wp-json\/wp\/v2\/posts\/81875\/revisions\/81876"}],"wp:attachment":[{"href":"https:\/\/www.visit-ulcinj.com\/blog\/wp-json\/wp\/v2\/media?parent=81875"}],"wp:term":[{"taxonomy":"category","embeddable":true,"href":"https:\/\/www.visit-ulcinj.com\/blog\/wp-json\/wp\/v2\/categories?post=81875"},{"taxonomy":"post_tag","embeddable":true,"href":"https:\/\/www.visit-ulcinj.com\/blog\/wp-json\/wp\/v2\/tags?post=81875"}],"curies":[{"name":"wp","href":"https:\/\/api.w.org\/{rel}","templated":true}]}}