{"id":81877,"date":"2014-04-25T16:44:23","date_gmt":"2014-04-25T15:44:23","guid":{"rendered":"http:\/\/www.visit-ulcinj.com\/blog\/?p=81877"},"modified":"2014-04-25T16:45:03","modified_gmt":"2014-04-25T15:45:03","slug":"na-obali-saskog-jezera-odrzana-strucna-radionica","status":"publish","type":"post","link":"https:\/\/www.visit-ulcinj.com\/blog\/2014\/04\/25\/na-obali-saskog-jezera-odrzana-strucna-radionica\/","title":{"rendered":"Na obali \u0160askog jezera odr\u017eana stru\u010dna radionica"},"content":{"rendered":"<p><a href=\"http:\/\/www.visit-ulcinj.com\/blog\/wp-content\/uploads\/2014\/04\/sasko-jezero.jpg\"><img loading=\"lazy\" class=\"alignleft  wp-image-81878\" alt=\"sasko-jezero\" src=\"http:\/\/www.visit-ulcinj.com\/blog\/wp-content\/uploads\/2014\/04\/sasko-jezero.jpg\" width=\"508\" height=\"360\" \/><\/a>UL\u00adCINj \u2013 U okvi\u00adru pro\u00adjek\u00adta \u201ePo\u00addr\u00ad\u0161ka lo\u00adkal\u00adnim za\u00adjed\u00adni\u00adca\u00adma u im\u00adple\u00admen\u00adta\u00adci\u00adji tu\u00adri\u00adsti\u010d\u00adkih prak\u00adsi za\u00adsno\u00adva\u00adnih na pri\u00adrod\u00adnim bo\u00adgat\u00adstvi\u00adma u oko\u00adli\u00adni \u0160a\u00adskog je\u00adza\u00adra\u201d odr\u00ad\u017ea\u00adna je ra\u00addi\u00ado\u00adni\u00adca \u201ePo\u00adve\u00adzi\u00adva\u00adnje za\u00ad\u0161ti\u00adte \u017ei\u00advot\u00adne sre\u00addi\u00adne u tu\u00adri\u00adsti\u010d\u00adkih prak\u00adsi\u201d u re\u00adsto\u00adra\u00adnu \u201e\u0160a\u00adsi\u201d na oba\u00adla\u00adma je\u00adze\u00adra.<br \/>\nRa\u00addi\u00ado\u00adni\u00adca je jed\u00adna u ni\u00adzu ak\u00adtiv\u00adno\u00adsti ko\u00adje \u0107e bi\u00adti im\u00adple\u00admen\u00adti\u00adra\u00adne sa ci\u00adljem ja\u00ad\u010da\u00adnja lo\u00adkal\u00adne za\u00adjed\u00adni\u00adce u prav\u00adcu raz\u00advo\u00adja odr\u00ad\u017ei\u00adve i od\u00adgo\u00advor\u00adne tu\u00adri\u00adsti\u010d\u00adke de\u00adsti\u00adna\u00adci\u00adje. Osim pred\u00adstav\u00adni\u00adka lo\u00adkal\u00adne za\u00adjed\u00adni\u00adce, ra\u00addi\u00ado\u00adni\u00adci su pri\u00adsu\u00adstvo\u00adva\u00adli pred\u00adstav\u00adni\u00adci lo\u00adkal\u00adne sa\u00admo\u00adu\u00adpra\u00adve, tu\u00adri\u00adsti\u010d\u00adke or\u00adga\u00adni\u00adza\u00adci\u00adje Ul\u00adcinj i NVO, a pred\u00adsta\u00advlje\u00adni su im do\u00adsa\u00adda\u00ad\u0161nji re\u00adzul\u00adta\u00adti pro\u00adjek\u00adta, ali i pla\u00adni\u00adra\u00adne ak\u00adtiv\u00adno\u00adsti u na\u00adred\u00adnom pe\u00adri\u00ado\u00addu.<\/p>\n<p><a href=\"http:\/\/www.visit-ulcinj.com\/blog\/wp-content\/uploads\/2014\/04\/sasko-jezero-1.jpg\"><img loading=\"lazy\" class=\"alignleft  wp-image-81879\" alt=\"sasko-jezero-1\" src=\"http:\/\/www.visit-ulcinj.com\/blog\/wp-content\/uploads\/2014\/04\/sasko-jezero-1.jpg\" width=\"508\" height=\"360\" \/><\/a><br \/>\nLo\u00adkal\u00adno sta\u00adnov\u00adni\u00ad\u0161tvo ko\u00adje je po\u00adka\u00adza\u00adlo in\u00adte\u00adres da uzme u\u010de\u00ad\u0161\u0107e u pro\u00adjekt\u00adnim ak\u00adtiv\u00adno\u00adsti\u00adma ve\u0107 se ba\u00advi ne\u00adkom vr\u00adstom pro\u00adiz\u00advod\u00adnje ko\u00adja mo\u00ad\u017ee bi\u00adti dio tu\u00adri\u00adsti\u010d\u00adkog pro\u00adiz\u00advo\u00adda ka\u00adkav \u017ee\u00adli\u00admo pro\u00admo\u00advi\u00adsa\u00adti i raz\u00advi\u00adja\u00adti. S tim u ve\u00adzi, ra\u00addi\u00ado\u00adni\u00adca je bi\u00adla fo\u00adku\u00adsi\u00adra\u00adna na kre\u00adi\u00adra\u00adnje tu\u00adri\u00adsti\u010d\u00adkih pro\u00adiz\u00advo\u00adda u pod\u00adru\u010d\u00adji\u00adma od ve\u00adli\u00adkog bi\u00ado\u00addi\u00adver\u00adzi\u00adtet\u00adskog zna\u00ad\u010da\u00adja, kao \u0161to je \u0160a\u00adsko je\u00adze\u00adro, nji\u00adho\u00advu pro\u00admo\u00adci\u00adju, ali i va\u00ad\u017enost umre\u00ad\u017ea\u00adva\u00adnja ka\u00adko bi se upot\u00adpu\u00adnio sa\u00addr\u00ad\u017eaj i do\u00adbi\u00adla kva\u00adli\u00adtet\u00adni\u00adja po\u00adnu\u00adda. Pri\u00admje\u00adri do\u00adbrih prak\u00adsi iz re\u00adgi\u00ado\u00adna (Slo\u00adve\u00adni\u00adje i Hr\u00advat\u00adske) sa ko\u00adji\u00adma ima\u00admo ja\u00adko pu\u00adno sli\u010d\u00adno\u00adsti, a ko\u00adji su re\u00adle\u00advant\u00adni za ovo pod\u00adru\u010d\u00adje, pre\u00adzen\u00adto\u00adva\u00adni su i raz\u00adma\u00adtra\u00adne su mo\u00adgu\u0107\u00adno\u00adsti raz\u00advo\u00adja sli\u010d\u00adnih prak\u00adsi u oko\u00adli\u00adni \u0160a\u00adskog je\u00adze\u00adra.<br \/>\n\u2013 Po\u00adten\u00adci\u00adja\u00adli ovog je\u00adze\u00adra za raz\u00advoj odr\u00ad\u017ei\u00advih tu\u00adri\u00adsti\u010d\u00adkih prak\u00adsi su ve\u00adli\u00adki, ali je po\u00adtreb\u00adno is\u00adko\u00adri\u00adsti\u00adti ih mu\u00addro i na na\u00ad\u010din ko\u00adji ne ugro\u00ad\u017ea\u00adva \u017ei\u00advot\u00adnu sre\u00addi\u00adnu. Ta\u00adko su u\u010de\u00adsni\u00adci upo\u00adzna\u00adti i sa sa\u00addr\u00ad\u017ea\u00adjem pro\u00adcje\u00adne uti\u00adca\u00adja ak\u00adtiv\u00adno\u00adsti ko\u00adje pro\u00admo\u00advi\u00ad\u0161e\u00admo, u pr\u00advom re\u00addu sport\u00adski ri\u00adbo\u00adlov i po\u00adsma\u00adtra\u00adnje pti\u00adca, na \u017ei\u00advot\u00adnu sre\u00addi\u00adnu i mje\u00adra\u00adma ko\u00adje je po\u00adtreb\u00adno pred\u00adu\u00adze\u00adti ka\u00adko bi se obez\u00adbi\u00adje\u00addi\u00adlo odr\u00ad\u017ei\u00advo ko\u00adri\u00ad\u0161\u0107e\u00adnje re\u00adsur\u00adsa ovog je\u00adze\u00adra \u2013 sa\u00adop\u00ad\u0161ti\u00adla je ko\u00ador\u00addi\u00adna\u00adtor pro\u00adjek\u00adta NVO Grin Ho\u00adma Azra Vu\u00adko\u00advi\u0107.<br \/>\nPro\u00adje\u00adkat je fi\u00adnan\u00adsi\u00adrao Part\u00adner\u00adski fond za za\u00ad\u0161ti\u00adtu eko\u00adsi\u00adste\u00adma (Cri\u00adti\u00adcal Ecosystem Part\u00adner\u00adship Fund, CEPF).<br \/>\nD.S.<\/p>\n<p><strong>Izvor: DAN<\/strong><\/p>\n","protected":false},"excerpt":{"rendered":"<p>UL\u00adCINj \u2013 U okvi\u00adru pro\u00adjek\u00adta \u201ePo\u00addr\u00ad\u0161ka lo\u00adkal\u00adnim za\u00adjed\u00adni\u00adca\u00adma u im\u00adple\u00admen\u00adta\u00adci\u00adji tu\u00adri\u00adsti\u010d\u00adkih prak\u00adsi za\u00adsno\u00adva\u00adnih na pri\u00adrod\u00adnim bo\u00adgat\u00adstvi\u00adma u oko\u00adli\u00adni \u0160a\u00adskog je\u00adza\u00adra\u201d odr\u00ad\u017ea\u00adna je ra\u00addi\u00ado\u00adni\u00adca \u201ePo\u00adve\u00adzi\u00adva\u00adnje za\u00ad\u0161ti\u00adte \u017ei\u00advot\u00adne sre\u00addi\u00adne u tu\u00adri\u00adsti\u010d\u00adkih prak\u00adsi\u201d u re\u00adsto\u00adra\u00adnu \u201e\u0160a\u00adsi\u201d na oba\u00adla\u00adma je\u00adze\u00adra. Ra\u00addi\u00ado\u00adni\u00adca je jed\u00adna u ni\u00adzu ak\u00adtiv\u00adno\u00adsti ko\u00adje \u0107e bi\u00adti im\u00adple\u00admen\u00adti\u00adra\u00adne sa ci\u00adljem ja\u00ad\u010da\u00adnja lo\u00adkal\u00adne za\u00adjed\u00adni\u00adce u prav\u00adcu raz\u00advo\u00adja odr\u00ad\u017ei\u00adve [&hellip;]<\/p>\n","protected":false},"author":1,"featured_media":0,"comment_status":"closed","ping_status":"closed","sticky":false,"template":"","format":"standard","meta":{"spay_email":"","jetpack_publicize_message":"","jetpack_is_tweetstorm":false,"jetpack_publicize_feature_enabled":true},"categories":[8337],"tags":[],"jetpack_publicize_connections":[],"yoast_head":"<!-- This site is optimized with the Yoast SEO plugin v19.1 - https:\/\/yoast.com\/wordpress\/plugins\/seo\/ -->\n<title>Na obali \u0160askog jezera odr\u017eana stru\u010dna radionica - Lajme nga Ulqini<\/title>\n<meta name=\"description\" content=\"UL\u00adCINj \u2013 U okvi\u00adru pro\u00adjek\u00adta \u201ePo\u00addr\u00ad\u0161ka lo\u00adkal\u00adnim za\u00adjed\u00adni\u00adca\u00adma u im\u00adple\u00admen\u00adta\u00adci\u00adji tu\u00adri\u00adsti\u010d\u00adkih prak\u00adsi za\u00adsno\u00adva\u00adnih na pri\u00adrod\u00adnim\" \/>\n<meta name=\"robots\" content=\"index, follow, max-snippet:-1, max-image-preview:large, max-video-preview:-1\" \/>\n<link rel=\"canonical\" href=\"https:\/\/www.visit-ulcinj.com\/blog\/2014\/04\/25\/na-obali-saskog-jezera-odrzana-strucna-radionica\/\" \/>\n<meta property=\"og:locale\" content=\"en_US\" \/>\n<meta property=\"og:type\" content=\"article\" \/>\n<meta property=\"og:title\" content=\"Na obali \u0160askog jezera odr\u017eana stru\u010dna radionica - Lajme nga Ulqini\" \/>\n<meta property=\"og:description\" content=\"UL\u00adCINj \u2013 U okvi\u00adru pro\u00adjek\u00adta \u201ePo\u00addr\u00ad\u0161ka lo\u00adkal\u00adnim za\u00adjed\u00adni\u00adca\u00adma u im\u00adple\u00admen\u00adta\u00adci\u00adji tu\u00adri\u00adsti\u010d\u00adkih prak\u00adsi za\u00adsno\u00adva\u00adnih na pri\u00adrod\u00adnim\" \/>\n<meta property=\"og:url\" content=\"https:\/\/www.visit-ulcinj.com\/blog\/2014\/04\/25\/na-obali-saskog-jezera-odrzana-strucna-radionica\/\" \/>\n<meta property=\"og:site_name\" content=\"Lajme nga Ulqini\" \/>\n<meta property=\"article:published_time\" content=\"2014-04-25T15:44:23+00:00\" \/>\n<meta property=\"article:modified_time\" content=\"2014-04-25T15:45:03+00:00\" \/>\n<meta property=\"og:image\" content=\"http:\/\/www.visit-ulcinj.com\/blog\/wp-content\/uploads\/2014\/04\/sasko-jezero.jpg\" \/>\n<meta name=\"twitter:label1\" content=\"Written by\" \/>\n\t<meta name=\"twitter:data1\" content=\"ulqini\" \/>\n\t<meta name=\"twitter:label2\" content=\"Est. reading time\" \/>\n\t<meta name=\"twitter:data2\" content=\"3 minutes\" \/>\n<script type=\"application\/ld+json\" class=\"yoast-schema-graph\">{\"@context\":\"https:\/\/schema.org\",\"@graph\":[{\"@type\":\"WebSite\",\"@id\":\"https:\/\/www.visit-ulcinj.com\/blog\/#website\",\"url\":\"https:\/\/www.visit-ulcinj.com\/blog\/\",\"name\":\"Lajme nga Ulqini\",\"description\":\"Lajme,Vijesti,Ulqini,Ulqin,Crna Gora,Mali i Zi\",\"potentialAction\":[{\"@type\":\"SearchAction\",\"target\":{\"@type\":\"EntryPoint\",\"urlTemplate\":\"https:\/\/www.visit-ulcinj.com\/blog\/?s={search_term_string}\"},\"query-input\":\"required name=search_term_string\"}],\"inLanguage\":\"en-US\"},{\"@type\":\"ImageObject\",\"inLanguage\":\"en-US\",\"@id\":\"https:\/\/www.visit-ulcinj.com\/blog\/2014\/04\/25\/na-obali-saskog-jezera-odrzana-strucna-radionica\/#primaryimage\",\"url\":\"https:\/\/www.visit-ulcinj.com\/blog\/wp-content\/uploads\/2014\/04\/sasko-jezero.jpg\",\"contentUrl\":\"https:\/\/www.visit-ulcinj.com\/blog\/wp-content\/uploads\/2014\/04\/sasko-jezero.jpg\",\"width\":960,\"height\":720},{\"@type\":\"WebPage\",\"@id\":\"https:\/\/www.visit-ulcinj.com\/blog\/2014\/04\/25\/na-obali-saskog-jezera-odrzana-strucna-radionica\/#webpage\",\"url\":\"https:\/\/www.visit-ulcinj.com\/blog\/2014\/04\/25\/na-obali-saskog-jezera-odrzana-strucna-radionica\/\",\"name\":\"Na obali \u0160askog jezera odr\u017eana stru\u010dna radionica - Lajme nga Ulqini\",\"isPartOf\":{\"@id\":\"https:\/\/www.visit-ulcinj.com\/blog\/#website\"},\"primaryImageOfPage\":{\"@id\":\"https:\/\/www.visit-ulcinj.com\/blog\/2014\/04\/25\/na-obali-saskog-jezera-odrzana-strucna-radionica\/#primaryimage\"},\"datePublished\":\"2014-04-25T15:44:23+00:00\",\"dateModified\":\"2014-04-25T15:45:03+00:00\",\"author\":{\"@id\":\"https:\/\/www.visit-ulcinj.com\/blog\/#\/schema\/person\/dcab619c614d3038751c63bc2aadc06d\"},\"description\":\"UL\u00adCINj \u2013 U okvi\u00adru pro\u00adjek\u00adta \u201ePo\u00addr\u00ad\u0161ka lo\u00adkal\u00adnim za\u00adjed\u00adni\u00adca\u00adma u im\u00adple\u00admen\u00adta\u00adci\u00adji tu\u00adri\u00adsti\u010d\u00adkih prak\u00adsi za\u00adsno\u00adva\u00adnih na pri\u00adrod\u00adnim\",\"breadcrumb\":{\"@id\":\"https:\/\/www.visit-ulcinj.com\/blog\/2014\/04\/25\/na-obali-saskog-jezera-odrzana-strucna-radionica\/#breadcrumb\"},\"inLanguage\":\"en-US\",\"potentialAction\":[{\"@type\":\"ReadAction\",\"target\":[\"https:\/\/www.visit-ulcinj.com\/blog\/2014\/04\/25\/na-obali-saskog-jezera-odrzana-strucna-radionica\/\"]}]},{\"@type\":\"BreadcrumbList\",\"@id\":\"https:\/\/www.visit-ulcinj.com\/blog\/2014\/04\/25\/na-obali-saskog-jezera-odrzana-strucna-radionica\/#breadcrumb\",\"itemListElement\":[{\"@type\":\"ListItem\",\"position\":1,\"name\":\"Na obali \u0160askog jezera odr\u017eana stru\u010dna radionica\"}]},{\"@type\":\"Person\",\"@id\":\"https:\/\/www.visit-ulcinj.com\/blog\/#\/schema\/person\/dcab619c614d3038751c63bc2aadc06d\",\"name\":\"ulqini\",\"sameAs\":[\"http:\/\/www.visit-ulcinj.com\"],\"url\":\"https:\/\/www.visit-ulcinj.com\/blog\/author\/admin\/\"}]}<\/script>\n<!-- \/ Yoast SEO plugin. -->","yoast_head_json":{"title":"Na obali \u0160askog jezera odr\u017eana stru\u010dna radionica - Lajme nga Ulqini","description":"UL\u00adCINj \u2013 U okvi\u00adru pro\u00adjek\u00adta \u201ePo\u00addr\u00ad\u0161ka lo\u00adkal\u00adnim za\u00adjed\u00adni\u00adca\u00adma u im\u00adple\u00admen\u00adta\u00adci\u00adji tu\u00adri\u00adsti\u010d\u00adkih prak\u00adsi za\u00adsno\u00adva\u00adnih na pri\u00adrod\u00adnim","robots":{"index":"index","follow":"follow","max-snippet":"max-snippet:-1","max-image-preview":"max-image-preview:large","max-video-preview":"max-video-preview:-1"},"canonical":"https:\/\/www.visit-ulcinj.com\/blog\/2014\/04\/25\/na-obali-saskog-jezera-odrzana-strucna-radionica\/","og_locale":"en_US","og_type":"article","og_title":"Na obali \u0160askog jezera odr\u017eana stru\u010dna radionica - Lajme nga Ulqini","og_description":"UL\u00adCINj \u2013 U okvi\u00adru pro\u00adjek\u00adta \u201ePo\u00addr\u00ad\u0161ka lo\u00adkal\u00adnim za\u00adjed\u00adni\u00adca\u00adma u im\u00adple\u00admen\u00adta\u00adci\u00adji tu\u00adri\u00adsti\u010d\u00adkih prak\u00adsi za\u00adsno\u00adva\u00adnih na pri\u00adrod\u00adnim","og_url":"https:\/\/www.visit-ulcinj.com\/blog\/2014\/04\/25\/na-obali-saskog-jezera-odrzana-strucna-radionica\/","og_site_name":"Lajme nga Ulqini","article_published_time":"2014-04-25T15:44:23+00:00","article_modified_time":"2014-04-25T15:45:03+00:00","og_image":[{"url":"http:\/\/www.visit-ulcinj.com\/blog\/wp-content\/uploads\/2014\/04\/sasko-jezero.jpg"}],"twitter_misc":{"Written by":"ulqini","Est. reading time":"3 minutes"},"schema":{"@context":"https:\/\/schema.org","@graph":[{"@type":"WebSite","@id":"https:\/\/www.visit-ulcinj.com\/blog\/#website","url":"https:\/\/www.visit-ulcinj.com\/blog\/","name":"Lajme nga Ulqini","description":"Lajme,Vijesti,Ulqini,Ulqin,Crna Gora,Mali i Zi","potentialAction":[{"@type":"SearchAction","target":{"@type":"EntryPoint","urlTemplate":"https:\/\/www.visit-ulcinj.com\/blog\/?s={search_term_string}"},"query-input":"required name=search_term_string"}],"inLanguage":"en-US"},{"@type":"ImageObject","inLanguage":"en-US","@id":"https:\/\/www.visit-ulcinj.com\/blog\/2014\/04\/25\/na-obali-saskog-jezera-odrzana-strucna-radionica\/#primaryimage","url":"https:\/\/www.visit-ulcinj.com\/blog\/wp-content\/uploads\/2014\/04\/sasko-jezero.jpg","contentUrl":"https:\/\/www.visit-ulcinj.com\/blog\/wp-content\/uploads\/2014\/04\/sasko-jezero.jpg","width":960,"height":720},{"@type":"WebPage","@id":"https:\/\/www.visit-ulcinj.com\/blog\/2014\/04\/25\/na-obali-saskog-jezera-odrzana-strucna-radionica\/#webpage","url":"https:\/\/www.visit-ulcinj.com\/blog\/2014\/04\/25\/na-obali-saskog-jezera-odrzana-strucna-radionica\/","name":"Na obali \u0160askog jezera odr\u017eana stru\u010dna radionica - Lajme nga Ulqini","isPartOf":{"@id":"https:\/\/www.visit-ulcinj.com\/blog\/#website"},"primaryImageOfPage":{"@id":"https:\/\/www.visit-ulcinj.com\/blog\/2014\/04\/25\/na-obali-saskog-jezera-odrzana-strucna-radionica\/#primaryimage"},"datePublished":"2014-04-25T15:44:23+00:00","dateModified":"2014-04-25T15:45:03+00:00","author":{"@id":"https:\/\/www.visit-ulcinj.com\/blog\/#\/schema\/person\/dcab619c614d3038751c63bc2aadc06d"},"description":"UL\u00adCINj \u2013 U okvi\u00adru pro\u00adjek\u00adta \u201ePo\u00addr\u00ad\u0161ka lo\u00adkal\u00adnim za\u00adjed\u00adni\u00adca\u00adma u im\u00adple\u00admen\u00adta\u00adci\u00adji tu\u00adri\u00adsti\u010d\u00adkih prak\u00adsi za\u00adsno\u00adva\u00adnih na pri\u00adrod\u00adnim","breadcrumb":{"@id":"https:\/\/www.visit-ulcinj.com\/blog\/2014\/04\/25\/na-obali-saskog-jezera-odrzana-strucna-radionica\/#breadcrumb"},"inLanguage":"en-US","potentialAction":[{"@type":"ReadAction","target":["https:\/\/www.visit-ulcinj.com\/blog\/2014\/04\/25\/na-obali-saskog-jezera-odrzana-strucna-radionica\/"]}]},{"@type":"BreadcrumbList","@id":"https:\/\/www.visit-ulcinj.com\/blog\/2014\/04\/25\/na-obali-saskog-jezera-odrzana-strucna-radionica\/#breadcrumb","itemListElement":[{"@type":"ListItem","position":1,"name":"Na obali \u0160askog jezera odr\u017eana stru\u010dna radionica"}]},{"@type":"Person","@id":"https:\/\/www.visit-ulcinj.com\/blog\/#\/schema\/person\/dcab619c614d3038751c63bc2aadc06d","name":"ulqini","sameAs":["http:\/\/www.visit-ulcinj.com"],"url":"https:\/\/www.visit-ulcinj.com\/blog\/author\/admin\/"}]}},"jetpack_featured_media_url":"","jetpack_sharing_enabled":true,"jetpack_shortlink":"https:\/\/wp.me\/pe6lTn-liB","_links":{"self":[{"href":"https:\/\/www.visit-ulcinj.com\/blog\/wp-json\/wp\/v2\/posts\/81877"}],"collection":[{"href":"https:\/\/www.visit-ulcinj.com\/blog\/wp-json\/wp\/v2\/posts"}],"about":[{"href":"https:\/\/www.visit-ulcinj.com\/blog\/wp-json\/wp\/v2\/types\/post"}],"author":[{"embeddable":true,"href":"https:\/\/www.visit-ulcinj.com\/blog\/wp-json\/wp\/v2\/users\/1"}],"replies":[{"embeddable":true,"href":"https:\/\/www.visit-ulcinj.com\/blog\/wp-json\/wp\/v2\/comments?post=81877"}],"version-history":[{"count":2,"href":"https:\/\/www.visit-ulcinj.com\/blog\/wp-json\/wp\/v2\/posts\/81877\/revisions"}],"predecessor-version":[{"id":81881,"href":"https:\/\/www.visit-ulcinj.com\/blog\/wp-json\/wp\/v2\/posts\/81877\/revisions\/81881"}],"wp:attachment":[{"href":"https:\/\/www.visit-ulcinj.com\/blog\/wp-json\/wp\/v2\/media?parent=81877"}],"wp:term":[{"taxonomy":"category","embeddable":true,"href":"https:\/\/www.visit-ulcinj.com\/blog\/wp-json\/wp\/v2\/categories?post=81877"},{"taxonomy":"post_tag","embeddable":true,"href":"https:\/\/www.visit-ulcinj.com\/blog\/wp-json\/wp\/v2\/tags?post=81877"}],"curies":[{"name":"wp","href":"https:\/\/api.w.org\/{rel}","templated":true}]}}